{"id":1026,"date":"2021-05-17T12:15:00","date_gmt":"2021-05-17T10:15:00","guid":{"rendered":"https:\/\/behappy8.org\/?p=1026"},"modified":"2024-06-12T14:35:01","modified_gmt":"2024-06-12T12:35:01","slug":"les-8-entretiens-4eme-partie-du-2eme-entretien","status":"publish","type":"post","link":"https:\/\/behappy8.org\/?p=1026","title":{"rendered":"Les 8 Entretiens (4\u00e8me Partie\u00a0du\u00a02\u00e8me Entretien)"},"content":{"rendered":"\n<div style=\"height:35px\" aria-hidden=\"true\" class=\"wp-block-spacer\"><\/div>\n\n\n\n\n\n\n\n<div style=\"height:60px\" aria-hidden=\"true\" class=\"wp-block-spacer\"><\/div>\n\n\n\n<figure class=\"wp-block-audio\"><audio controls src=\"https:\/\/behappy8.org\/wp-content\/uploads\/2024\/06\/Les-8-Entretiens-4eme-Partie-du-2eme-Entretien.m4a\"><\/audio><\/figure>\n\n\n\n<div style=\"height:50px\" aria-hidden=\"true\" class=\"wp-block-spacer\"><\/div>\n\n\n\n<p>Ce qui va se passer, si nous pensons \u00ab&nbsp;\u00ab\u00a0\u00e7a\u00a0\u00bb, ce n\u2019est pas Dieu&nbsp;!&nbsp;\u00bb, c\u2019est que nous allons revenir vers ce&nbsp;\u00ab&nbsp;\u00e7a&nbsp;\u00bb, de fa\u00e7on obsessionnelle, de fa\u00e7on intense, jusqu\u2019\u00e0 ce que nous reconnaissions que c\u2019est Dieu&nbsp;Lui-m\u00eame\u2026<\/p>\n\n\n\n<p>Parce qu\u2019il y a quelque chose en nous, probablement \u00ab&nbsp;l&rsquo;\u00c2me&nbsp;\u00bb en nous&nbsp;dans tous&nbsp;ses&nbsp;aspects, qui ne peut pas envisager que \u00ab&nbsp;\u00e7a&nbsp;\u00bb, ce ne soit pas Dieu.&nbsp;<\/p>\n\n\n\n<p>Notre mental encore ombreux,&nbsp;lui, il&nbsp;a pu imaginer \u00e7a\u2026 mais notre \u00c2me, Elle, Elle ne le peut pas&nbsp;: Elle ne conna\u00eet que Dieu en tant que Tout, puisqu\u2019Elle est une parcelle de Dieu Lui-m\u00eame en nous&nbsp;!&nbsp;<\/p>\n\n\n\n<p>Et donc, nous allons revenir, et revenir encore et encore,&nbsp;sur cet aspect de l\u2019existence&nbsp;que&nbsp;nous&nbsp;avions&nbsp;pr\u00e9tendu&nbsp;s\u00e9par\u00e9&nbsp;du&nbsp;Tout&nbsp;! Et&nbsp;ceci,&nbsp;jusqu\u2019\u00e0 ce que notre conscience s\u2019ouvre et que nous osions voir la Lumi\u00e8re l\u00e0 o\u00f9 nous ne l\u2019avions pas reconnu, c\u2019est \u00e0 dire dans cet aspect particulier. C\u2019est tout&nbsp;!<\/p>\n\n\n\n<p>Et apr\u00e8s&nbsp;? Apr\u00e8s, nous passons \u00e0 autre chose&nbsp;! \u00c9videmment, puisque c\u2019est l\u2019Infini\u2026<\/p>\n\n\n\n<p>&nbsp;&nbsp;<\/p>\n\n\n\n<p class=\"has-text-align-right\"><em>\u00c9volution spiral\u00e9e<\/em><\/p>\n\n\n\n<p>\u25cf<\/p>\n\n\n\n<p>Oui&nbsp;! Il n\u2019y a pas de soucis, pour moi, c\u2019est compl\u00e8tement coh\u00e9rent.<\/p>\n\n\n\n<p>C\u2019est r\u00e9volutionnaire&nbsp;!<\/p>\n\n\n\n<p>\u25a0<\/p>\n\n\n\n<p>C\u2019est r\u00e9volutionnaire par rapport \u00e0 l\u2019ombre&nbsp;!&nbsp;<\/p>\n\n\n\n<p>Mais, ce n\u2019est pas r\u00e9volutionnaire par rapport \u00e0 la Lumi\u00e8re&nbsp;!<\/p>\n\n\n\n<p>\u25cf<\/p>\n\n\n\n<p>Non, non&nbsp;! Mais je veux dire comme m\u00e9canisme de vie.&nbsp;<\/p>\n\n\n\n<p>C\u2019est une approche qui peut vraiment aider. C\u2019est une autre perception du quotidien de tout un chacun, par rapport \u00e0 nos habitudes pass\u00e9es\u2026<\/p>\n\n\n\n<p>\u25a0<\/p>\n\n\n\n<p>Bien s\u00fbr, c\u2019est vrai&nbsp;!<\/p>\n\n\n\n<p>\u25cf<\/p>\n\n\n\n<p>C\u2019est comme si \u00e7a me donnait un b\u00e2ton pour marcher\u2026 C\u2019est une autre fa\u00e7on\u2026&nbsp;<\/p>\n\n\n\n<p>Parce que c\u2019\u00e9tait exactement ma probl\u00e9matique. En ce moment, je cherchais \u00e0 me resituer dans tout \u00e7a\u2026 dans ce quotidien.<\/p>\n\n\n\n<p>Avec les changements qu\u2019il y a eu du fait du confinement&nbsp;de la Covid&nbsp;19, j\u2019ai \u00e9t\u00e9 renvoy\u00e9e \u00e0 un autre quotidien que ce que j\u2019avais v\u00e9cu jusqu\u2019\u00e0 l\u00e0.<\/p>\n\n\n\n<p>Mais du coup, je me suis dit&nbsp;: \u00ab&nbsp;Il faut vivre&nbsp;!&nbsp;\u00bb C\u2019\u00e9tait un quotidien qui m\u2019\u00e9tait assez \u00ab&nbsp;antith\u00e9tique&nbsp;\u00bb (Je ne sais pas si \u00e7a se dit&nbsp;?), par rapport \u00e0 tout ce que j\u2019avais v\u00e9cu jusqu&rsquo;\u00e0 l\u00e0, avec toutes mes activit\u00e9s habituelles\u2026 et l\u00e0, c\u2019\u00e9tait un peu diff\u00e9rent&nbsp;!<\/p>\n\n\n\n<p>Je n\u2019avais plus, j\u2019allais dire, les armes pour vivre\u2026&nbsp;<\/p>\n\n\n\n<p>\u25a0<\/p>\n\n\n\n<p>Oui&nbsp;! Tu veux dire les outils, les habitudes pour g\u00e9rer ce genre de situation nouvelle que le confinement nous proposait.<\/p>\n\n\n\n<p>\u25cf<\/p>\n\n\n\n<p>Oui&nbsp;! Et j\u2019\u00e9tais, avec tout ce que je faisais, dans une situation de critique vis \u00e0 vis de ce que je faisais&nbsp;: ce n\u2019\u00e9tait pas assez grand, pas assez valable\u2026 Et cela, tout en sachant que ce qui est petit fait bien s\u00fbr partie de la vie\u2026<\/p>\n\n\n\n<p>\u25a0<\/p>\n\n\n\n<p>\u00ab&nbsp;Je ne suis pas assez libre pour reconna\u00eetre le Divin dans \u00ab\u00a0\u00e7a\u00a0\u00bb \u00bb par exemple&nbsp;?<\/p>\n\n\n\n<p>\u25cf<\/p>\n\n\n\n<p>Voil\u00e0&nbsp;! C\u2019est exactement \u00e7a&nbsp;!<\/p>\n\n\n\n<p>\u25a0<\/p>\n\n\n\n<p>\u00ab&nbsp;Pour reconna\u00eetre le Divin, il faudrait que je puisse aller o\u00f9 je veux, quand je veux&nbsp;\u00bb \u2026 par exemple, ou quelque chose de ce genre&nbsp;?<\/p>\n\n\n\n<p>\u25cf<\/p>\n\n\n\n<p>Oui, ou bien que je fasse des choses tr\u00e8s int\u00e9ressantes, tr\u00e8s coop\u00e9ratives, parce qu\u2019il faut donner&nbsp;pour rendre service\u2026 et que me donner \u00ab\u00a0\u00e0 moi\u00a0\u00bb, cela ne compte pas&nbsp;!&nbsp;<\/p>\n\n\n\n<p>Je sais ! C\u2019est plein de contradictions\u2026<\/p>\n\n\n\n<p>&nbsp;&nbsp;<\/p>\n\n\n\n<p class=\"has-text-align-right\"><em>Transcendance naturelle<\/em><\/p>\n\n\n\n<p>\u25a0<\/p>\n\n\n\n<p>Cette situation d&rsquo;isolement \u00e9tait une invitation \u00e0 un changement de paradigme\u2026 C\u2019\u00e9tait une crise de transcendance&nbsp;! Une belle crise, bien s\u00fbr\u2026<\/p>\n\n\n\n<p>\u25cf<\/p>\n\n\n\n<p>Oui, oui&nbsp;! C\u2019est pour cela que je n\u2019arrivais pas trop \u00e0 critiquer, non plus\u2026 parce que je me suis dit&nbsp;: \u00ab&nbsp;C\u2019est nouveau\u2026 c\u2019est autre chose\u2026 c\u2019est parce que tu ne sais pas faire&nbsp;!&nbsp;\u00bb \u2026 et donc je cherchais, je cherchais&nbsp;!<\/p>\n\n\n\n<p>\u25a0<\/p>\n\n\n\n<p>Tu veux dire&nbsp;: C\u2019est parce que tu ne \u00ab&nbsp;savais&nbsp;\u00bb pas faire.<\/p>\n\n\n\n<p>\u25cf<\/p>\n\n\n\n<p>Oui, tu as raison&nbsp;: parce que je ne \u00ab&nbsp;savais&nbsp;\u00bb pas faire.<\/p>\n\n\n\n<p>\u25a0<\/p>\n\n\n\n<p>Oui, c\u2019est important et vrai&nbsp;! Parce que \u00e0 partir du moment o\u00f9 tu oses penser que \u00ab&nbsp;tu sais&nbsp;\u00bb le faire\u2026 \u00e7a va se faire&nbsp;! Ce n\u2019est m\u00eame pas que \u00e7a va se faire, c\u2019est que c\u2019est fait&nbsp;: \u00ab&nbsp;C\u2019est fait&nbsp;!&nbsp;\u00bb<\/p>\n\n\n\n<p>&nbsp;&nbsp;<\/p>\n\n\n\n<p class=\"has-text-align-right\"><em>Pens\u00e9e Naturelle<\/em><\/p>\n\n\n\n<p>Il faut vraiment que nos pens\u00e9es retrouvent leur place r\u00e9elle\u2026 Il faut que l\u2019on progresse \u00e0 propos de l\u2019usage de cet aspect de nous qu\u2019est la Pens\u00e9e (qui n\u2019est pas un outil) \u2026 et que cette Pens\u00e9e (que nous sommes) nourrisse les faits, le Corps, que nous sommes \u00e0 partir de l\u2019\u00c2me que nous sommes.<\/p>\n\n\n\n<p>\u25cf<\/p>\n\n\n\n<p>Oui, c\u2019est vrai&nbsp;!<\/p>\n\n\n\n<p>\u25a0<\/p>\n\n\n\n<p>Notre Pens\u00e9e est le \u00ab\u00a0lien\u00a0\u00bb naturel, obligatoire, entre l\u2019\u00c2me et le Corps et non pas un mur imaginaire entre l\u2019\u00c2me et le Corps&nbsp;!<\/p>\n\n\n\n<p>Mais, l\u00e0, m\u00eame le mot \u00ab\u00a0lien\u00a0\u00bb n&rsquo;est pas le mot vraiment juste pour d\u00e9crire l&rsquo;unit\u00e9 de la Pens\u00e9e avec l&rsquo;\u00c2me et le Corps.<\/p>\n\n\n\n<p>La simple R\u00e9alit\u00e9, c&rsquo;est que l&rsquo;\u00c2me, le Corps et la Pens\u00e9e, c&rsquo;est un seul et m\u00eame \u00catre&#8230;<\/p>\n\n\n\n<p>Parce que, trop souvent, notre Pens\u00e9e a \u00e9t\u00e9 envisag\u00e9e, et c\u2019est l\u00e0 le fait de notre ombre, comme un obstacle entre l\u2019\u00c2me et le Corps.&nbsp;<\/p>\n\n\n\n<p>L\u2019ombre (qui, rappelons-le ici, est simplement la perte de conscience de la Lumi\u00e8re \u00c9ternelle) a mis en place une illusion de s\u00e9paration de l\u2019\u00c2me et du Corps\u2026 et donc une perte de conscience de l\u2019\u00c2me et un dysfonctionnement du Corps.<\/p>\n\n\n\n<p>Il faut que notre Pens\u00e9e soit l&rsquo;expression toujours plus pr\u00e9cise de l\u2019\u00c2me pour nourrir le Corps, c\u2019est \u00e0 dire pour alimenter les faits.<\/p>\n\n\n\n<p>\u25cf<\/p>\n\n\n\n<p>En fait, ce que je voulais dire tout \u00e0 l\u2019heure, par rapport \u00e0 l\u2019humilit\u00e9, \u00e7a concernait l\u2019humilit\u00e9 de la Pens\u00e9e. Il n\u2019y a qu\u2019elle qui permet cette sensation de g\u00e9rer, de commander, de combler\u2026&nbsp;<\/p>\n\n\n\n<p>&nbsp;&nbsp;<\/p>\n\n\n\n<p class=\"has-text-align-right\"><em>Pens\u00e9e Parfaite\u2026 et son usage<\/em><\/p>\n\n\n\n<p>\u25a0<\/p>\n\n\n\n<p>Oui, \u00e7a c\u2019est une description de la pens\u00e9e ombreuse\u2026 mais, ce n\u2019est pas la \u00ab&nbsp;Pens\u00e9e&nbsp;\u00bb \u2026 parce que la Pens\u00e9e, elle, elle est Parfaite, c\u2019est le Don de Dieu Lui-m\u00eame\u2026&nbsp;<\/p>\n\n\n\n<p>C\u2019est la perte de conscience de Dieu dans la Pens\u00e9e qui nous a pos\u00e9 un probl\u00e8me.<\/p>\n\n\n\n<p>\u25cf<\/p>\n\n\n\n<p>Ah oui&nbsp;! Je vais faire attention \u00e0 ne pas, non plus, g\u00e9n\u00e9raliser ma Pens\u00e9e en y mettant des choses qui effectivement ne sont que le r\u00e9sultat de son utilisation.<\/p>\n\n\n\n<p>\u25a0<\/p>\n\n\n\n<p>Oui&nbsp;! La Pens\u00e9e, c\u2019est Dieu qui l\u2019a cr\u00e9\u00e9e, qui l\u2019a donn\u00e9e\u2026 donc, elle ne peut \u00eatre que Parfaite&nbsp;!<\/p>\n\n\n\n<p>\u25cf<\/p>\n\n\n\n<p>Oui, bien s\u00fbr, je suis d&rsquo;accord.<\/p>\n\n\n\n<p>\u25a0<\/p>\n\n\n\n<p>Le processus de pens\u00e9e, \u00ab&nbsp;la Pens\u00e9e&nbsp;\u00bb, c\u2019est comme l\u2019\u00c2me, c\u2019est comme le Corps, c&rsquo;est comme l&rsquo;\u00catre qui, Lui, est ces trois aspects en un&#8230; C\u2019est \u00c9ternellement Parfait&nbsp;!<\/p>\n\n\n\n<p>C&rsquo;est l\u2019usage erron\u00e9 que nous avons fait de cette merveille depuis le presque d\u00e9but de l&rsquo;humanit\u00e9 qui a \u00e9t\u00e9 le probl\u00e8me&nbsp;!<\/p>\n\n\n\n<p>Nous avons simplement fait un mesusage de \u00ab&nbsp;la Pens\u00e9e&nbsp;\u00bb, qui a la base est cr\u00e9\u00e9e par Dieu pour prendre conscience de son union avec l\u2019\u00c2me et le Corps, et ainsi vivre le Paradis sur la terre\u2026 (ou quelque chose comme \u00e7a, car on a eu plein d\u2019images diff\u00e9rentes pour exprimer \u00e7a&nbsp;!) \u2026&nbsp;<\/p>\n\n\n\n<p>\u00c0 un moment nous avons, donc, fait un mesusage de la merveilleuse Pens\u00e9e pour imaginer une s\u00e9paration de l\u2019\u00c2me, du Corps et de la Pens\u00e9e\u2026 pour nous donner \u00ab&nbsp;l\u2019illusion&nbsp;\u00bb d\u2019une s\u00e9paration entre ces trois aspects de notre \u00catre\u2026<\/p>\n\n\n\n<p>&nbsp;&nbsp;<\/p>\n\n\n\n<p class=\"has-text-align-right\"><em>Rien ne peut s\u00e9parer ce que Dieu a Uni<\/em><\/p>\n\n\n\n<p>Nous disons&nbsp;: \u00ab&nbsp;illusion&nbsp;\u00bb d\u2019une s\u00e9paration\u2026 Car rien ne peut s\u00e9parer ce que Dieu a uni\u2026&nbsp;<\/p>\n\n\n\n<p>Et donc rien ne peut s\u00e9parer l\u2019\u00c2me, la Pens\u00e9e et le Corps\u2026 que Dieu Lui-m\u00eame a cr\u00e9\u00e9 \u00ab&nbsp;Un&nbsp;\u00bb avec Lui-m\u00eame.<\/p>\n\n\n\n<p>Mais, l\u00e0, avec cette illusion de s\u00e9paration, nous avions invent\u00e9 l\u2019ombre\u2026 qui \u00e9tait simplement \u00ab&nbsp;cette perte de conscience de l\u2019Unit\u00e9 \u00c9ternelle de Dieu&nbsp;\u00bb, avec son corollaire \u00ab&nbsp;l\u2019inconscience du Fait \u00c9ternel que Dieu est Tout&nbsp;\u00bb.<\/p>\n\n\n\n<p>Et l\u00e0, d\u00e8s que cette illusion a \u00e9t\u00e9 mise en place, tout s\u2019est compliqu\u00e9&nbsp;: il y a eu le bon et le mauvais qui se combattaient, il y avait le noir et le blanc qui s\u2019opposaient, le haut devenait l\u2019ennemi du bas, la droite \u00e9tait mieux que la gauche etc. etc.<\/p>\n\n\n\n<p>\u25cf<\/p>\n\n\n\n<p>C\u2019est tellement basique&nbsp;! On se demande comment on a pu arriver \u00e0 faire une telle s\u00e9paration.<\/p>\n\n\n\n<p>&nbsp;&nbsp;<\/p>\n\n\n\n<p class=\"has-text-align-right\"><em>L\u2019illusion de la s\u00e9paration<\/em><\/p>\n\n\n\n<p>\u25a0<\/p>\n\n\n\n<p>Tu veux dire&nbsp;: comment avons-nous pu \u00ab&nbsp;imaginer&nbsp;\u00bb une telle illusion de s\u00e9paration&nbsp;?<\/p>\n\n\n\n<p>Eh bien&nbsp;! \u00c7a c\u2019est toute l\u2019astuce de l\u2019ombre&nbsp;: \u00ab&nbsp;<em>L\u2019ombre sait se faire belle<\/em>&nbsp;\u00bb&nbsp;! Et, par notre choix, nous nous sommes tromp\u00e9s avec elle pendant des dizaines de milliers d\u2019ann\u00e9es, depuis son origine sur la terre, c\u2019est \u00e0 dire depuis le presque d\u00e9but de l\u2019humanit\u00e9\u2026&nbsp;<\/p>\n\n\n\n<p>Et puis, ensuite, pendant ces mill\u00e9naires, quand nous regardions l\u2019ombre, nous la regardions avec de l\u2019ombre d\u00e9j\u00e0&nbsp;install\u00e9e dans notre regard\u2026 et donc, \u00ab&nbsp;Ombre plus ombre a donn\u00e9 plus d\u2019ombre&nbsp;\u00bb&nbsp;!&nbsp;<\/p>\n\n\n\n<p>\u25cf<\/p>\n\n\n\n<p>C\u2019est la caverne&nbsp;de Platon&nbsp;!<\/p>\n\n\n\n<p>\u25a0<\/p>\n\n\n\n<p>Et, l\u00e0, tous les m\u00e9canismes de pens\u00e9e ont \u00e9t\u00e9 pervertis\u2026 Et ceci jusqu&rsquo;\u00e0 aujourd&rsquo;hui&nbsp;!<\/p>\n\n\n\n<p>Et donc, tous nos raisonnements ont \u00e9t\u00e9 tordus, et retordus, et encore retordus&nbsp;! Et cela a rendu le pi\u00e8ge de l\u2019ombre magnifique, tr\u00e8s attirant, tr\u00e8s efficace\u2026 Et l\u2019ombre a rempli nos habitudes\u2026 et nos m\u00e9moires.<\/p>\n\n\n\n<p>Et l\u2019humanit\u00e9 a essay\u00e9 sans cesse de solutionner l\u2019ombre avec de l\u2019ombre\u2026 presque seulement avec de l\u2019ombre&nbsp;!<\/p>\n\n\n\n<p>\u00c9videmment, ombre plus ombre, \u00e7a n\u2019a jamais fait de la lumi\u00e8re\u2026 mais cela a bien cach\u00e9 la Lumi\u00e8re \u00e0 notre conscience un peu plus efficacement.<\/p>\n\n\n\n<p>&nbsp;&nbsp;<\/p>\n\n\n\n<p class=\"has-text-align-right\"><em>Une simple perte de conscience de la Lumi\u00e8re<\/em><\/p>\n\n\n\n<p>La Lumi\u00e8re, Elle, existe \u00e9ternellement, et il ne nous faut que reprendre conscience d\u2019Elle, en tout&nbsp;!&nbsp;<\/p>\n\n\n\n<p>\u2026 Et donc, il nous faut \u00e9galement reprendre conscience de la Lumi\u00e8re \u00ab&nbsp;dans l\u2019ombre&nbsp;\u00bb qui l\u2019a voil\u00e9e depuis si longtemps, et si efficacement\u2026<\/p>\n\n\n\n<p>Regardons l\u2019ombre du pass\u00e9\u2026 regardons-l\u00e0 si bien, si profond\u00e9ment, avec toujours plus d\u2019amour, jusqu\u2019\u00e0 ce que nous reprenions conscience de la Lumi\u00e8re \u00ab\u00a0en\u00a0\u00bb elle\u2026&nbsp;<\/p>\n\n\n\n<p>L\u2019ombre n\u2019\u00e9tait que \u00ab&nbsp;notre&nbsp;\u00bb perte de conscience de la Lumi\u00e8re qui, Elle, Existe en Tout, \u00c9ternellement&#8230;<\/p>\n\n\n\n<p>Tout ce que mes sens me montrent, tout ce que mes pens\u00e9es pensent et, bien s\u00fbr, tout ce qu\u2019est mon \u00c2me, n\u2019est-ce pas la Lumi\u00e8re \u00c9ternelle&nbsp;?<\/p>\n\n\n\n<p>Mais, reprendre conscience de la Lumi\u00e8re a toujours \u00e9t\u00e9 interdit par l\u2019ombre&#8230; Et cela depuis son tout d\u00e9but&nbsp;!&nbsp;<\/p>\n\n\n\n<p>Oui, en effet, l\u2019ombre a eu un d\u00e9but\u2026 et elle aura une fin.<\/p>\n\n\n\n<p>\u25cf<\/p>\n\n\n\n<p>Donc, nous retrouvons ce que tu disais tout \u00e0 l\u2019heure&nbsp;: \u00ab&nbsp;Nous sommes li\u00e9s aux choses que nous n\u2019aimons pas\u2026 par l\u2019Amour\u2026&nbsp;\u00bb<\/p>\n\n\n\n<p>\u25a0<\/p>\n\n\n\n<p>Oui&nbsp;! \u00ab&nbsp;Nous avons \u00e9t\u00e9 li\u00e9s aux choses que nous avons \u00ab\u00a0pr\u00e9tendu\u00a0\u00bb ne pas aimer par l\u2019Amour Inconditionnel\u2026&nbsp;\u00bb&nbsp;<\/p>\n\n\n\n<p>Ne pas aimer a toujours \u00e9t\u00e9 \u00ab&nbsp;une pr\u00e9tention&nbsp;\u00bb.<\/p>\n\n\n\n<p>Nous ne pouvons pas \u00ab&nbsp;ne pas aimer&nbsp;\u00bb, c\u2019est impossible&nbsp;!<\/p>\n\n\n\n<p>On est cr\u00e9\u00e9s comme \u00e7a. C\u2019est comme si on disait&nbsp;: \u00ab&nbsp;Je vis sans respirer&nbsp;\u00bb, ou \u00ab&nbsp;je vis sans corps&nbsp;\u00bb \u2026 Non&nbsp;! Nous respirons, nous sommes un corps par D\u00e9cret Divin\u2026<\/p>\n\n\n\n<p>Eh bien, c\u2019est pareil&nbsp;: nous sommes heureux, nous sommes la joie, nous aimons, par Cr\u00e9ation Divine&nbsp;! Et l\u00e0, nous ne pouvons rien y changer&nbsp;!<\/p>\n\n\n\n<p>La seule chose que l\u2019on a pu choisir, gr\u00e2ce \u00e0 notre \u00ab\u00a0libre arbitre\u00a0\u00bb, c\u2019est la conscience ou l\u2019inconscience que l\u2019on a eu de cette Cr\u00e9ation Divine Parfaite que nous sommes.<\/p>\n\n\n\n<p>&nbsp;&nbsp;<\/p>\n\n\n\n<p class=\"has-text-align-right\"><em>Tout est une conscience en \u00e9volution<\/em><\/p>\n\n\n\n<p>Nous sommes donc des consciences en \u00e9volution&nbsp;: toi, tu es une conscience en \u00e9volution\u2026 moi, je suis une autre conscience en \u00e9volution\u2026&nbsp;<\/p>\n\n\n\n<p>Tout est une conscience de Dieu en \u00e9volution\u2026<\/p>\n\n\n\n<p>M\u00eame ces objets, ce bureau, ce stylo, ce sont des consciences de Dieu en \u00e9volution.<\/p>\n\n\n\n<p>Si \u00e7a existe, c\u2019est une conscience de Dieu&nbsp;!<\/p>\n\n\n\n<p>Si je peux le nommer, alors c\u2019est une conscience de Dieu\u2026 et m\u00eame si je ne peux pas encore le nommer, c\u2019est une conscience de Dieu.<\/p>\n\n\n\n<p>Cet air qui est l\u00e0, c\u2019est aussi une conscience de Dieu, une conscience diff\u00e9rente de celle qu&rsquo;est le loup, mais c\u2019est une conscience du Divin\u2026 en \u00e9volution.<\/p>\n\n\n\n<p>Et encore, j\u2019ai dit \u00ab&nbsp;diff\u00e9rente&nbsp;\u00bb, mais nous verrons&nbsp;! Car nous avons une connaissance de l\u2019air tr\u00e8s limit\u00e9e\u2026 Nous avons une connaissance du loup tr\u00e8s limit\u00e9e. <\/p>\n\n\n\n<p>Finalement que connaissons-nous&nbsp;? Tr\u00e8s, tr\u00e8s peu de chose\u2026 Seulement ce que l\u2019on en conna\u00eet \u00ab&nbsp;pour l\u2019instant&nbsp;\u00bb \u2026<\/p>\n\n\n\n<p>Mais, comme l\u2019objet de notre conscience, c\u2019est la Lumi\u00e8re \u00c9ternelle et Infinie, nous aurons une conscience toujours plus grande de cette Lumi\u00e8re en tout\u2026 et donc, dans l\u2019air, dans le bureau\u2026 dans le Corps, dans la Pens\u00e9e et bien s\u00fbr dans l\u2019\u00c2me.<\/p>\n\n\n\n<p>&nbsp;&nbsp;<\/p>\n\n\n\n<p class=\"has-text-align-right\"><em>Nul ne sait ce que peut le corps<\/em><\/p>\n\n\n\n<p>Spinoza a dit&nbsp;: \u00ab&nbsp;<em>Nul ne sait ce que peut le corps<\/em>&nbsp;\u00bb.&nbsp;<\/p>\n\n\n\n<p>J\u2019adh\u00e8re \u00e0 100%&#8230; On ne sait pas ce qu\u2019est un corps humain. Nous n\u2019avons que des pr\u00e9jug\u00e9s sur ceci, sur cela, sur nos possibilit\u00e9s\u2026<\/p>\n\n\n\n<p>La m\u00e9moire&nbsp;? Nous ne savons pas ce que c\u2019est&nbsp;! Notre conscience \u00e9volue sans cesse \u00e0 propos de la m\u00e9moire\u2026 Et il en est de m\u00eame pour tout\u2026&nbsp;<\/p>\n\n\n\n<p>Nous sommes toujours au d\u00e9but de nos connaissances, au tout d\u00e9but de la conscience que l\u2019on a de Tout\u2026 Et ce sera toujours le cas\u2026 En effet, comment arriver au bout de l\u2019Infini&nbsp;?<\/p>\n\n\n\n<p>Nous ne savons pas comment le Tout a voulu que tout cela fonctionne\u2026 Mais  cependant, notre connaissance augmente chaque jour\u2026&nbsp;<\/p>\n\n\n\n<p>Si nous regardons le pass\u00e9, c\u2019est bien ce que nous voyons&nbsp;: une \u00e9volution de la conscience, associ\u00e9 \u00e0 une \u00e9volution du corps pour permettre cette conscience et associ\u00e9 \u00e0 une \u00e9volution de l\u2019\u00c2me qui en est l\u2019origine naturelle en nous.<\/p>\n\n\n\n<p>Mais, l\u00e0, nous voyons comment les choses ont fonctionn\u00e9 quand nous avons perdu conscience du Divin\u2026 L\u00e0, nous avons pr\u00e9tendu y voir un dysfonctionnement, une pathologie&nbsp;! Mais nous ne connaissons toujours pas le vrai fonctionnement du corps, ni son vrai \u00ab&nbsp;dysfonctionnement&nbsp;\u00bb \u2026<\/p>\n\n\n\n<p>Comment fonctionnerait notre Corps, si depuis l\u2019origine de l\u2019humanit\u00e9, l\u2019\u00c2me avait \u00e9t\u00e9 la seule source de la Pens\u00e9e humaine&nbsp;? Dans quel \u00e9tat la terre serait-elle&nbsp;?<\/p>\n\n\n\n<p>Non&nbsp;! Nous ne connaissons que tr\u00e8s peu de chose du v\u00e9ritable fonctionnement de la Vie&nbsp;!<\/p>\n\n\n\n<p>&nbsp;&nbsp;<\/p>\n\n\n\n<p class=\"has-text-align-right\"><em>Une saine ignorance<\/em><\/p>\n\n\n\n<p>\u25cf<\/p>\n\n\n\n<p>C\u2019est vrai que nous sommes ignorants, malgr\u00e9 tout ce que nous savons&nbsp;!<\/p>\n\n\n\n<p>\u25a0<\/p>\n\n\n\n<p>Mais, cela n\u2019a pas \u00e9t\u00e9 grave, car ce dysfonctionnement, nous revenons sans cesse vers lui, dans le but d\u2019en comprendre le fonctionnement\u2026 C\u2019est \u00e0 dire que nous avons toujours cherch\u00e9 \u00e0 comprendre le v\u00e9ritable fonctionnement du dysfonctionnement&nbsp;!<\/p>\n\n\n\n<p>Si nous regardons le pass\u00e9, nous pouvons voir que, sans cesse, nous sommes revenus vers l\u2019ombre\u2026 <\/p>\n\n\n\n<p>\u25cf<\/p>\n\n\n\n<p>Mais, pourquoi cela&nbsp;? <\/p>\n\n\n\n<p>\u25a0<\/p>\n\n\n\n<p>Mais, simplement pour y reconna\u00eetre la Lumi\u00e8re \u00c9ternelle qui, toujours, a \u00e9t\u00e9 l\u00e0\u2026&nbsp;voil\u00e9e en elle.<\/p>\n\n\n\n<p>Cette Parfaite Lumi\u00e8re n\u2019a pas chang\u00e9 lorsque nous en avons perdu conscience, imaginant ainsi l\u2019ombre&nbsp;!&nbsp;<\/p>\n\n\n\n<p>L\u2019ombre n\u2019a jamais eu de consistance, elle n&rsquo;a \u00e9t\u00e9 qu&rsquo;une imagination de s\u00e9paration de ce qui est \u00c9ternellement \u00ab\u00a0Un\u00a0\u00bb. <\/p>\n\n\n\n<p>L&rsquo;ombre n\u2019a jamais exist\u00e9 en dehors de la Lumi\u00e8re\u2026<\/p>\n\n\n\n<p>L\u2019imagination de l\u2019ombre, par perte de conscience de la Lumi\u00e8re, n\u2019a pas fait perdre \u00e0 la Lumi\u00e8re Sa R\u00e9elle Existence \u00c9ternelle.<\/p>\n\n\n\n<p>\u25cf<\/p>\n\n\n\n<p>On avait imagin\u00e9 l\u2019ombre. C\u2019est vrai&nbsp;!<\/p>\n\n\n\n<p>&nbsp;&nbsp;<\/p>\n\n\n\n<p class=\"has-text-align-right\"><em>L\u2019ombre imagin\u00e9e<\/em><\/p>\n\n\n\n<p>\u25a0<\/p>\n\n\n\n<p>Oui, l\u2019ombre, c\u2019est une imagination\u2026Mais c\u2019est une imagination pervertie, parce que d\u00e8s l\u2019instant o\u00f9 nous avons perdu conscience de la Lumi\u00e8re, tout ce que nous avons pu imaginer a \u00e9t\u00e9 ombreux&#8230; au moins en partie.<\/p>\n\n\n\n<p>\u25cf<\/p>\n\n\n\n<p>Oui, bien s\u00fbr&nbsp;! Tout \u00e0 fait.<\/p>\n\n\n\n<p>\u25a0<\/p>\n\n\n\n<p>Et donc, chacun de nous a \u00e9t\u00e9 une des origines de l\u2019ombre\u2026 Et nous avons bien vu le r\u00e9sultat. Nous avons bien vu comment cela a fonctionn\u00e9&#8230; et dysfonctionn\u00e9&#8230; et l\u2019impact que cela a eu sur la mati\u00e8re\u2026&nbsp;<\/p>\n\n\n\n<p>La moindre particule chimique sur la terre a \u00e9t\u00e9 impact\u00e9e par la perte de conscience de la Lumi\u00e8re par l\u2019humanit\u00e9.<\/p>\n\n\n\n<p>Tout&nbsp;! Tout&nbsp;! L\u00e0-bas dans l\u2019oc\u00e9an, \u00e0 des milliers de kilom\u00e8tres, tel plancton a souffert de notre perte de conscience de la Lumi\u00e8re.<\/p>\n\n\n\n<p>\u25cf<\/p>\n\n\n\n<p>Et c\u2019est l\u00e0 que nous nous posons la question&nbsp;: \u00c0 quel moment&nbsp;? Quel a \u00e9t\u00e9 le micro-micro-mouvement qui a commenc\u00e9 toute cette ombre imagin\u00e9e&nbsp;?<\/p>\n\n\n\n<p>\u25a0<\/p>\n\n\n\n<p>Eh bien, nous avons appel\u00e9 cela Ca\u00efn, pour l\u2019instant\u2026 Ca\u00efn, tel que nous l\u2019avons imagin\u00e9 avec notre propre perte de conscience de la Lumi\u00e8re \u00e0 nous\u2026<\/p>\n\n\n\n<p>\u25cf<\/p>\n\n\n\n<p>Tout \u00e0 fait&nbsp;!&nbsp;Parce que cela m\u2019a toujours perturb\u00e9\u2026<\/p>\n\n\n\n<p>&nbsp;&nbsp;<\/p>\n\n\n\n<p class=\"has-text-align-right\"><em>L\u2019ombre Aim\u00e9e<\/em><\/p>\n\n\n\n<p>\u25a0<\/p>\n\n\n\n<p>Ca\u00efn&nbsp;! Il a \u00e9t\u00e9 super-tordu, super d\u00e9form\u00e9, y compris par notre propre perte de conscience, en nous, de la Lumi\u00e8re.<\/p>\n\n\n\n<p>Mais nous, nous pouvons nous poser par exemple la question toute simple&nbsp;: \u00ab&nbsp;Est-ce que le Christ Aime Ca\u00efn&nbsp;?&nbsp;\u00bb<\/p>\n\n\n\n<p><em>Silence\u2026<\/em><\/p>\n\n\n\n<p>Pour moi, cela ne fait aucun doute.<\/p>\n\n\n\n<p>\u25cf<\/p>\n\n\n\n<p>Oui, bien s\u00fbr&nbsp;! Ce n\u2019est pas possible autrement&nbsp;! Sinon que voudrait dire par exemple&nbsp;: \u00ab&nbsp;Chaque brebis, m\u00eame jusqu\u2019\u00e0 la derni\u00e8re&nbsp;\u00bb&nbsp;?<\/p>\n\n\n\n<p>\u25a0<\/p>\n\n\n\n<p>Voil\u00e0&nbsp;! Bien s\u00fbr, pour nous, ici, il n\u2019y a pas de probl\u00e8me sur ce fait\u2026 Nous n\u2019avons aucun doute. Ce n\u2019est pas possible autrement&nbsp;! C\u2019est mon avis \u00e9galement\u2026&nbsp;<\/p>\n\n\n\n<p>La Conscience Absolue de la Lumi\u00e8re, c\u2019est la Conscience Absolue de la Lumi\u00e8re&nbsp;!<\/p>\n\n\n\n<p>Mais, nous&nbsp;? Nous avons tellement manqu\u00e9 de courage, pendant des milliers d\u2019ann\u00e9es, \u2026 Nous avons tellement adh\u00e9r\u00e9 \u00e0 l\u2019ombre en la ha\u00efssant\u2026&nbsp;<\/p>\n\n\n\n<p>Nous n\u2019avons pas seulement subi l\u2019ombre\u2026 Mais, nous avons bien particip\u00e9, chacun de nous activement, \u00e0 cette perte de conscience de la Lumi\u00e8re\u2026 Tous nous l\u2019avons ins\u00e9r\u00e9 dans notre quotidien depuis des mill\u00e9naires, en la combattant.<\/p>\n\n\n\n<p>Sans cesse, nous l\u2019avons appris de nos parents multiples et nous l\u2019avons enseign\u00e9 \u00e0 nos enfants multiples\u2026 Et voil\u00e0&nbsp;! Et nous avons cru finalement que c\u2019\u00e9tait la r\u00e9alit\u00e9 et beaucoup de gens l\u2019ont cru encore jusqu\u2019\u00e0 aujourd\u2019hui.<\/p>\n\n\n\n<p>&nbsp;&nbsp;<\/p>\n\n\n\n<p class=\"has-text-align-right\"><em>Le courage<\/em><\/p>\n\n\n\n<p>Mais, non&nbsp;! Et c\u2019est parce que les plus avanc\u00e9s des \u00catres humains ont os\u00e9 commencer, puis continuer, avec courage \u00e0 voir la Lumi\u00e8re dans l\u2019ombre que l\u2019ombre va dispara\u00eetre un jour\u2026&nbsp;<\/p>\n\n\n\n<p>Il a fallu que l&rsquo;Amour de l&rsquo;ombre commence quelque part, d\u00e8s le d\u00e9but de celle-ci&#8230; Et il faut que cela continue\u2026 Il n\u2019y a pas de probl\u00e8me, c\u2019est la seule fa\u00e7on de faire\u2026<\/p>\n\n\n\n<p>Donc, il faut voir \u00e0, comme le dit Gandhi \u00ab&nbsp;<em>Devenir ce que nous voulons que le monde devienne<\/em>&nbsp;\u00bb.<\/p>\n\n\n\n<p>Eh oui, bien s\u00fbr&nbsp;!<\/p>\n\n\n\n<p><em>Silence\u2026<\/em><\/p>\n\n\n\n<p>\u25cf<\/p>\n\n\n\n<p>Au niveau symbolique\u2026 on a l\u2019impression que la premi\u00e8re sensation d\u2019ombre, c\u2019\u00e9tait le fait de se croire autre que la Lumi\u00e8re.<\/p>\n\n\n\n<p>\u25a0<\/p>\n\n\n\n<p>Voil\u00e0&nbsp;! D\u00e8s que nous avons pr\u00e9tendu qu\u2019il existait autre chose que la Lumi\u00e8re, nous avons invent\u00e9 l\u2019ombre.<\/p>\n\n\n\n<p><em>Silence\u2026<\/em><\/p>\n\n\n\n<p>&nbsp;&nbsp;<\/p>\n\n\n\n<p class=\"has-text-align-right\"><em>Le lien de l\u2019Amour Inconditionnel<\/em><\/p>\n\n\n\n<p>\u25cf<\/p>\n\n\n\n<p>Vraiment, \u00e7a me met en travail, cette histoire&nbsp;: \u00ab&nbsp;Que je sois li\u00e9 par l\u2019Amour \u00e0 tout ce que j\u2019ai pr\u00e9tendu ne pas aimer&nbsp;\u00bb.<\/p>\n\n\n\n<p>\u25a0<\/p>\n\n\n\n<p>Oui&nbsp;! Par l\u2019Amour \u00ab\u00a0Inconditionnel\u00a0\u00bb, par la Lumi\u00e8re \u00ab\u00a0Absolue\u00a0\u00bb\u2026 C\u2019est \u00e0 dire que nous avons un appel Absolu \u00e0 une conscience toujours plus grande de cette Lumi\u00e8re\u2026<\/p>\n\n\n\n<p>Et nous n\u2019arrivons pas \u00e0 tricher&nbsp;! Le coup de frein \u00e0 notre ouverture de conscience n\u2019est toujours que momentan\u00e9.<\/p>\n\n\n\n<p>Nous avons essay\u00e9 de tricher, par habitude, par attachement \u00e0 notre perte de conscience etc\u2026 Nous avons essay\u00e9 de passer \u00e0 droite, \u00e0 gauche, au-dessus, en-dessous&nbsp;! Nous avons essay\u00e9 d\u2019\u00e9chapper \u00e0 la conscience\u2026 Mais non&nbsp;! C&rsquo;est impossible&nbsp;!&nbsp;<\/p>\n\n\n\n<p>Nous revenons toujours vers ce que nous n\u2019avons pas aim\u00e9 (ou plut\u00f4t vers ce que nous avons \u00ab\u00a0pr\u00e9tendu\u00a0\u00bb ne pas aimer) pour l\u2019Aimer (ou plut\u00f4t pour reconna\u00eetre que nous l\u2019avons toujours Aim\u00e9) \u2026&nbsp;<\/p>\n\n\n\n<p>Et nous n\u2019arr\u00eaterons pas tant que nous n\u2019aurons pas r\u00e9ussi&nbsp;!<\/p>\n\n\n\n<p>\u25cf<\/p>\n\n\n\n<p>Alors, pour \u00e7a, il faut plusieurs vies&nbsp;!<\/p>\n\n\n\n<p>\u25a0<\/p>\n\n\n\n<p>\u00c7a d\u00e9pend&nbsp;! Cela d\u00e9pend des vitesses\u2026 La vitesse infinie, elle existe aussi\u2026 Cela d\u00e9pend de nos attachements \u00e0 nos pertes de conscience, c\u2019est tout.<\/p>\n\n\n\n<p>Tant que nous sommes attach\u00e9s \u00e0 une perte de conscience, nous la maintenons en place\u2026 Et ceci jusqu\u2019\u00e0 ce que nous puissions reprendre conscience qu\u2019elle n&rsquo;est faite que de Lumi\u00e8re Pure\u2026<\/p>\n\n\n\n<p>\u25cf<\/p>\n\n\n\n<p>C\u2019est fou, ce truc-l\u00e0&nbsp;! \u00c7a me donne une ouverture pour comprendre un peu la pens\u00e9e de Gandhi\u2026 parce que, sinon, ce n\u2019\u00e9tait pas compr\u00e9hensible\u2026 \u00c7a faisait comme un ext\u00e9rieur d\u2019amour, mais en fait, c\u2019est plus simple que \u00e7a\u2026&nbsp;<\/p>\n\n\n\n<p>C\u2019est logique\u2026<\/p>\n\n\n\n<p>\u25a0<\/p>\n\n\n\n<p>Oui, c\u2019est plus simple que \u00e7a&nbsp;! C\u2019est infiniment plus simple que ce que l\u2019ombre que nous avons imagin\u00e9e, nous a enseign\u00e9 depuis des mill\u00e9naires et des mill\u00e9naires\u2026<\/p>\n\n\n\n<p>\u25cf<\/p>\n\n\n\n<p>C\u2019est une logique totale&nbsp;: Nous ne pouvons pas tricher&nbsp;!&nbsp;<\/p>\n\n\n\n<div style=\"height:67px\" aria-hidden=\"true\" class=\"wp-block-spacer\"><\/div>\n\n\n\n\n","protected":false},"excerpt":{"rendered":"<p>Ce qui va se passer, si nous pensons \u00ab&nbsp;\u00ab\u00a0\u00e7a\u00a0\u00bb, ce n\u2019est pas Dieu&nbsp;!&nbsp;\u00bb, c\u2019est que nous allons revenir vers ce&nbsp;\u00ab&nbsp;\u00e7a&nbsp;\u00bb, de fa\u00e7on obsessionnelle, de fa\u00e7on intense, jusqu\u2019\u00e0 ce que nous reconnaissions que c\u2019est Dieu&nbsp;Lui-m\u00eame\u2026 Parce qu\u2019il y a quelque chose en nous, probablement \u00ab&nbsp;l&rsquo;\u00c2me&nbsp;\u00bb en nous&nbsp;dans tous&nbsp;ses&nbsp;aspects, qui ne peut pas envisager que \u00ab&nbsp;\u00e7a&nbsp;\u00bb, ce &hellip; <a href=\"https:\/\/behappy8.org\/?p=1026\" class=\"more-link\">Continuer la lecture<span class=\"screen-reader-text\"> de &laquo;&nbsp;Les 8 Entretiens (4\u00e8me Partie\u00a0du\u00a02\u00e8me Entretien)&nbsp;&raquo;<\/span><\/a><\/p>\n","protected":false},"author":1,"featured_media":0,"comment_status":"open","ping_status":"open","sticky":false,"template":"","format":"chat","meta":{"footnotes":""},"categories":[568],"tags":[170,363,750,428,732,734,755,65,737,169,9,526,381,135,79,736,757,762,155,527,756,763,594,748,475,758,47,752,744,751,746,753,36,163,760,533,731,747,742,236,743,251,739,761,66,740,741,745,215,759,754,735,282,733,749,738,350,764,230],"class_list":["post-1026","post","type-post","status-publish","format-chat","hentry","category-2eme-entretien","tag-ame","tag-cain","tag-caverne-de-platon","tag-christ","tag-coherence","tag-confinement","tag-connaissance","tag-conscience","tag-contradiction","tag-corps","tag-courage","tag-debut","tag-decret-divin","tag-dieu","tag-don","tag-donner","tag-dysfonctionnement","tag-enfants-multiples","tag-evolution","tag-fin","tag-fonctionnement-de-la-vie","tag-frein","tag-humilite","tag-illusion","tag-imagination","tag-impacte","tag-infini","tag-interdit","tag-letre","tag-le-piege-de-lombre","tag-lien","tag-lien-damour","tag-logique","tag-lumiere","tag-manque-de-courage","tag-memoire","tag-mental-ombreux","tag-mesusage","tag-mur-imaginaire","tag-obsession","tag-obstacle","tag-outils","tag-paradigme","tag-parents-multiples","tag-pensee","tag-pensee-naturelle","tag-pensee-ombreuse","tag-pensee-parfaite","tag-perte-de-conscience","tag-plancton","tag-pretention","tag-reconnaitre-le-divin","tag-repetition","tag-revolutionnaire","tag-separation-illusoire","tag-transcendance-naturelle","tag-travail","tag-tricher","tag-unite","post_format-post-format-chat"],"_links":{"self":[{"href":"https:\/\/behappy8.org\/index.php?rest_route=\/wp\/v2\/posts\/1026","targetHints":{"allow":["GET"]}}],"collection":[{"href":"https:\/\/behappy8.org\/index.php?rest_route=\/wp\/v2\/posts"}],"about":[{"href":"https:\/\/behappy8.org\/index.php?rest_route=\/wp\/v2\/types\/post"}],"author":[{"embeddable":true,"href":"https:\/\/behappy8.org\/index.php?rest_route=\/wp\/v2\/users\/1"}],"replies":[{"embeddable":true,"href":"https:\/\/behappy8.org\/index.php?rest_route=%2Fwp%2Fv2%2Fcomments&post=1026"}],"version-history":[{"count":20,"href":"https:\/\/behappy8.org\/index.php?rest_route=\/wp\/v2\/posts\/1026\/revisions"}],"predecessor-version":[{"id":1177,"href":"https:\/\/behappy8.org\/index.php?rest_route=\/wp\/v2\/posts\/1026\/revisions\/1177"}],"wp:attachment":[{"href":"https:\/\/behappy8.org\/index.php?rest_route=%2Fwp%2Fv2%2Fmedia&parent=1026"}],"wp:term":[{"taxonomy":"category","embeddable":true,"href":"https:\/\/behappy8.org\/index.php?rest_route=%2Fwp%2Fv2%2Fcategories&post=1026"},{"taxonomy":"post_tag","embeddable":true,"href":"https:\/\/behappy8.org\/index.php?rest_route=%2Fwp%2Fv2%2Ftags&post=1026"}],"curies":[{"name":"wp","href":"https:\/\/api.w.org\/{rel}","templated":true}]}}