{"id":1201,"date":"2021-05-17T12:10:00","date_gmt":"2021-05-17T10:10:00","guid":{"rendered":"https:\/\/behappy8.org\/?p=1201"},"modified":"2024-07-04T11:15:36","modified_gmt":"2024-07-04T09:15:36","slug":"les-8-entretiens-9eme-partie-du-2eme-entretien","status":"publish","type":"post","link":"https:\/\/behappy8.org\/?p=1201","title":{"rendered":"Les 8 Entretiens (9\u00e8me Partie\u00a0du\u00a02\u00e8me Entretien)"},"content":{"rendered":"\n<div style=\"height:19px\" aria-hidden=\"true\" class=\"wp-block-spacer\"><\/div>\n\n\n\n\n\n\n\n<div style=\"height:33px\" aria-hidden=\"true\" class=\"wp-block-spacer\"><\/div>\n\n\n\n<figure class=\"wp-block-audio\"><audio controls src=\"https:\/\/behappy8.org\/wp-content\/uploads\/2024\/07\/Les-8-Entretiens-9eme-Partie-du-2eme-Entretien.m4a\" loop><\/audio><\/figure>\n\n\n\n<div style=\"height:60px\" aria-hidden=\"true\" class=\"wp-block-spacer\"><\/div>\n\n\n\n<p>\u25a0<\/p>\n\n\n\n<p>Je pense que fondamentalement, l&rsquo;ouverture de la conscience \u00e0 la Lumi\u00e8re, c\u2019est la seule chose qui int\u00e9resse tout le monde. Mais, chacun en a une conscience personnelle et unique\u2026<\/p>\n\n\n\n<p>\u25cf<\/p>\n\n\n\n<p>Du coup, le fait de pouvoir le voir et de pouvoir l\u2019appliquer\u2026 que cette n\u00e9cessit\u00e9, ce besoin vital puisse s\u2019incarner dans tous nos mots, dans toutes nos attitudes, dans tous nos gestes, \u00e7a donne corps \u00e0 notre vie\u2026&nbsp;<\/p>\n\n\n\n<p>Sinon, pour moi, c\u2019\u00e9tait mort&nbsp;!&nbsp;<\/p>\n\n\n\n<p>En fait, c\u2019est \u00e7a, \u00e7a faisait des moments de mort\u2026 et que\u2026 non pas que je perdais la foi, mais que je n\u2019\u00e9tais pas vraiment consciente d\u2019\u00eatre vivante\u2026 Tout ce que je faisais \u00e9tait \u00ab\u00a0comme\u00a0\u00bb mort\u2026<\/p>\n\n\n\n<p>Et l\u00e0\u2026 Maintenant&#8230;<\/p>\n\n\n\n<p>\u25a0<\/p>\n\n\n\n<p>Pourtant&nbsp;: \u00ab&nbsp;c\u2019\u00e9tait vivant&nbsp;\u00bb&nbsp;! Parce que la vie ne peut pas dispara\u00eetre\u2026<\/p>\n\n\n\n<p>La Vraie Vie est \u00c9ternelle.<\/p>\n\n\n\n<p><\/p>\n\n\n\n<p class=\"has-text-align-right\"><em>C\u2019est la conscience qui fait toute la diff\u00e9rence<\/em><\/p>\n\n\n\n<p>\u25cf<\/p>\n\n\n\n<p>La conscience de la vie\u2026 Je n\u2019avais aucune conscience de la vie&nbsp;! C\u2019\u00e9tait, pour moi, le probl\u00e8me de la conscience de la vie&nbsp;!<\/p>\n\n\n\n<p>\u25a0<\/p>\n\n\n\n<p>Pourtant, tu n\u2019es pas plus vivante maintenant que tu l\u2019\u00e9tais il y a 10 ans, ou il y a 1 ans, ou il y a 6 mois\u2026 \u00c7a, ce n\u2019est pas possible&nbsp;!<\/p>\n\n\n\n<p>\u25cf<\/p>\n\n\n\n<p>Non&nbsp;! Pas du tout&nbsp;! Mais, c\u2019est cette conscience, l\u00e0&nbsp;!<\/p>\n\n\n\n<p>\u25a0<\/p>\n\n\n\n<p>Oui, nous sommes vivants, nous sommes \u00ab&nbsp;absolument&nbsp;\u00bb vivants&nbsp;! Mais, c\u2019est la conscience qui, elle, peut changer\u2026&nbsp;<\/p>\n\n\n\n<p><\/p>\n\n\n\n<p class=\"has-text-align-left\">\u00ab&nbsp;<em>C\u2019est la conscience qui fait toute la diff\u00e9rence<\/em>&nbsp;\u00bb.<\/p>\n\n\n\n<p>\u25cf<\/p>\n\n\n\n<p>Oui&nbsp;! Et, du coup, c\u2019est vraiment devenu diff\u00e9rent\u2026<\/p>\n\n\n\n<p>\u25a0<\/p>\n\n\n\n<p>Nous sommes, en effet, des consciences en \u00e9volution.<\/p>\n\n\n\n<p>\u25cf<\/p>\n\n\n\n<p>C\u2019est comme si, jusqu\u2019\u00e0 maintenant, je n\u2019avais pas cette conscience&#8230; Et ceci, bien malgr\u00e9 moi\u2026&nbsp;<\/p>\n\n\n\n<p>Parce, d\u2019un autre c\u00f4t\u00e9, il y avait une \u00e9nergie qui faisait que j\u2019avais conscience de tout \u00e7a\u2026 Tout \u00e9tait devenu intense\u2026&nbsp;<\/p>\n\n\n\n<p>Mais l\u00e0, il fallait que \u00e7a devienne une r\u00e9alit\u00e9, je ne dirais pas une r\u00e9alit\u00e9 individuelle, mais\u2026 une r\u00e9alit\u00e9 \u00ab\u00a0autonome\u00a0\u00bb&nbsp;! Voil\u00e0\u2026 c\u2019est exactement \u00e7a.<\/p>\n\n\n\n<p>\u25a0<\/p>\n\n\n\n<p>Bien s\u00fbr, tu voulais vivre cette ouverture de ta conscience&nbsp;! Nous voulons tous vivre cette exp\u00e9rience. Il y a un app\u00e9tit qui augmente, qui augmente\u2026 Et, \u00e0 un moment donn\u00e9, nous ne pouvons plus refuser \u00ab&nbsp;l\u2019obstacle&nbsp;\u00bb \u2026&nbsp;<\/p>\n\n\n\n<p>Nous ne pouvons plus refuser la conscience de l&rsquo;ombre\u2026&nbsp;L&rsquo;ombre s&rsquo;impose \u00e0 notre conscience.<\/p>\n\n\n\n<p>Et puis, nous ne pouvons plus prendre l\u2019excuse de l\u2019ombre pour ne pas voir la Lumi\u00e8re\u2026 Nous ne le pouvons plus&nbsp;!<\/p>\n\n\n\n<p>L\u2019ombre a \u00e9t\u00e9 l\u00e0. Elle \u00ab&nbsp;existait&nbsp;\u00bb, de son existence limit\u00e9e\u2026 Une fois que nous l&rsquo;avions imagin\u00e9e, cette perte de conscience de la Lumi\u00e8re, qui est l&rsquo;ombre, s\u2019est immisc\u00e9e dans tous les aspects de notre vie\u2026&nbsp;<\/p>\n\n\n\n<p>Et alors, l\u00e0, nous avons pu dire&nbsp;: \u00ab&nbsp;Je ne serais heureux que s\u2019il n\u2019y avait plus d\u2019ombre&nbsp;\u00bb \u2026 <\/p>\n\n\n\n<p>Et badaboum&nbsp;! Nous \u00e9tions pi\u00e9g\u00e9s&nbsp;!&nbsp;<\/p>\n\n\n\n<p>Parce que, il y avait de l\u2019ombre partout, ou pratiquement partout, mais nous avions d\u00e9cid\u00e9 maintenant que nous ne serions heureux que lorsque cette ombre dispara\u00eetrait\u2026 Mais alors, comment pouvions-nous faire \u00ab&nbsp;dispara\u00eetre&nbsp;\u00bb l\u2019ombre&nbsp;? Puisque\u2026<\/p>\n\n\n\n<p>\u25cf<\/p>\n\n\n\n<p>Non&nbsp;! L\u00e0, cela n\u2019aurait jamais \u00e9t\u00e9 possible&nbsp;!<\/p>\n\n\n\n<p>\u25a0<\/p>\n\n\n\n<p>La disparition de l&rsquo;ombre ne pouvait pas \u00eatre une condition du Bonheur qui, lui, est inconditionnel.<\/p>\n\n\n\n<p>Alors, \u00e7a se mordait la queue, l\u00e0&nbsp;! Nous n\u2019en pouvions plus\u2026<\/p>\n\n\n\n<p>Donc, il fallait bien, \u00e0 un moment donn\u00e9, que nous prenions le taureau par les cornes, comme on dit\u2026 et que nous osions faire la seule chose qui soit possible\u2026 Et ce qui est possible, tout de suite&nbsp;: c\u2019est d\u2019aimer&nbsp;!&nbsp;D&rsquo;aimer \u00ab\u00a0sans\u00a0\u00bb condition.<\/p>\n\n\n\n<p>Et l\u00e0, en particulier, d\u2019aimer l\u2019ombre, notre ennemi\u2026 Et donc d\u2019\u00e9clairer l\u2019ombre&nbsp;!<\/p>\n\n\n\n<p>Et ainsi, de faire que, par cet \u00e9clairement, c\u2019est \u00e0 dire \u00e0 dire par cette prise de conscience de la Lumi\u00e8re \u00ab&nbsp;dans&nbsp;\u00bb cette ombre, ce soit, enfin, la fin de cette ombre&nbsp;!<\/p>\n\n\n\n<p>Et l\u00e0, c\u2019est fini&nbsp;! La fin de toute ombre, c\u2019est la Lumi\u00e8re&nbsp;!<\/p>\n\n\n\n<p>C\u2019est tout&nbsp;!<\/p>\n\n\n\n<p>Il n\u2019y a pas d\u2019autre fin pour l\u2019ombre.<\/p>\n\n\n\n<p><\/p>\n\n\n\n<p class=\"has-text-align-right\"><em>Merci l\u2019ombre<\/em><\/p>\n\n\n\n<p>Et, aujourd\u2019hui, et ceci pour probablement encore assez longtemps, pour nous, l\u2019int\u00e9r\u00eat de l\u2019ombre, c\u2019est justement qu&rsquo;elle soit l\u2019occasion de pouvoir retrouver notre capacit\u00e9 naturelle d&rsquo;ouverture de notre conscience \u00e0 la Lumi\u00e8re\u2026<\/p>\n\n\n\n<p>C\u2019est \u00e7a qui est merveilleux dans l\u2019ombre&nbsp;: c\u2019est qu\u2019elle nous a invit\u00e9, en permanence, depuis le d\u00e9but de son existence \u00e9ph\u00e9m\u00e8re, \u00e0 augmenter notre conscience de la Lumi\u00e8re, dans des situations tr\u00e8s tarabiscot\u00e9es\u2026&nbsp;<\/p>\n\n\n\n<p>C\u2019\u00e9tait le labyrinthe de l\u2019ombre&nbsp;! <\/p>\n\n\n\n<p>Et seule la Lumi\u00e8re peut nous lib\u00e9rer de notre labyrinthe.<\/p>\n\n\n\n<p>\u25cf<\/p>\n\n\n\n<p>C\u2019est \u00e7a qui est \u00e9tonnant, parce que c\u2019est comme si tu disais \u00ab\u00a0Ce n&rsquo;est pas moi\u00a0\u00bb quand tu dis&nbsp;: \u00ab&nbsp;C\u2019est moi&nbsp;!&nbsp;\u00bb<\/p>\n\n\n\n<p>\u25a0<\/p>\n\n\n\n<p>Oui, bien s\u00fbr&nbsp;! Quand nous parlons \u00e0 partir de l\u2019\u00c2me, ce n\u2019est plus \u00ab&nbsp;notre&nbsp;\u00bb parole, mais c\u2019est \u00ab&nbsp;La&nbsp;\u00bb Parole\u2026 C\u2019est alors le Divin qui parle en nous, point \u00e0 la ligne&nbsp;! C\u2019est tout&nbsp;! \u00c7a appartient \u00e0 tout le monde, il n\u2019y a pas de soucis&nbsp;!<\/p>\n\n\n\n<p>Tu as raison&nbsp;!<\/p>\n\n\n\n<p>C\u2019est cela, la communication unitaire, c\u2019est \u00e0 dire la communication d\u2019\u00c2me \u00e0 \u00c2me\u2026 Il ne peut pas y avoir de conflit entre une \u00c2me et une autre \u00c2me\u2026&nbsp;<\/p>\n\n\n\n<p>Ton \u00c2me, c\u2019est Dieu en toi et mon \u00c2me, c\u2019est Dieu en moi\u2026 Alors comment peut-il y avoir des chocs, des difficult\u00e9s, des illusions de s\u00e9parations, entre l\u2019\u00c2me et l\u2019\u00c2me&nbsp;? Ce n\u2019est pas possible&nbsp;!<\/p>\n\n\n\n<p>Alors, si toi, ta Pens\u00e9e \u00e9coute ton \u00c2me et traduit ton \u00c2me\u2026 et si moi, ma Pens\u00e9e \u00e9coute mon \u00c2me et traduit mon \u00c2me\u2026 Alors, l\u00e0, nous ne pouvons plus avoir de probl\u00e8mes de pens\u00e9es ensemble&nbsp;!<\/p>\n\n\n\n<p>Et si nous vivons cela, automatiquement, \u00e0 ce m\u00eame instant, au niveau de la mati\u00e8re, il n\u2019y a plus de probl\u00e8mes\u2026 En effet, si les diff\u00e9rents corps sont l\u2019expression pure de l\u2019\u00c2me qui anime chacun de ces corps\u2026 il n\u2019y a plus de probl\u00e8mes de relations mat\u00e9rielles entre ces corps, non plus&nbsp;!<\/p>\n\n\n\n<p>\u25cf<\/p>\n\n\n\n<p>Je sens que c\u2019est comme si \u00e7a donnait un sens\u2026 \u00c7a donne un sens&nbsp;: c\u2019est ce que je cherche&nbsp;!<\/p>\n\n\n\n<p>Et c\u2019est par le sens que tu peux le trouver aussi.<\/p>\n\n\n\n<p>\u25a0<\/p>\n\n\n\n<p>Parce que, je pense que\u2026 Comment dire \u00e7a&nbsp;? &#8230;<\/p>\n\n\n\n<p>L\u2019humanit\u00e9 n\u2019a pu exister qu\u2019avec un minimum de 2 personnes, n&rsquo;est-ce pas&nbsp;?<\/p>\n\n\n\n<p>\u25cf<\/p>\n\n\n\n<p>Oui&nbsp;! Eh bien, oui. Moi j\u2019ai besoin\u2026<\/p>\n\n\n\n<p>\u25a0<\/p>\n\n\n\n<p>Avant, avec 1 personnes, il n\u2019y a pas encore d\u2019humanit\u00e9\u2026 Donc, il a fallu que le Premier Humain, s\u2019incarne, d\u2019accord&nbsp;? Et ensuite, il a fallu que la Premi\u00e8re Humaine s\u2019incarne \u00e9galement\u2026 et l\u00e0, \u00e7a y est, l\u2019humanit\u00e9 appara\u00eet, elle est l\u00e0&nbsp;!<\/p>\n\n\n\n<p>Et c\u2019est en eux qu\u2019appara\u00eet le Libre Arbitre, la Libre Conscience etc&#8230; L\u00e0, l\u2019humanit\u00e9 commence\u2026 Enfants de la Lumi\u00e8re.<\/p>\n\n\n\n<p>Et donc, l\u2019humanit\u00e9 s\u2019est b\u00e2tie sur les 2, donc sur la relation\u2026 et apr\u00e8s, \u00e7a s\u2019est multipli\u00e9\u2026<\/p>\n\n\n\n<p>Originellement, cela devait se multiplier dans une Communication Unitaire permanente, qui \u00e9tait la fille l\u00e9gitime de la Lumi\u00e8re&nbsp;!&nbsp;<\/p>\n\n\n\n<p>\u25cf<\/p>\n\n\n\n<p>Ben oui&nbsp;!&nbsp;<\/p>\n\n\n\n<p>\u25a0<\/p>\n\n\n\n<p>Voil\u00e0&nbsp;! Des \u00catres humains \u00e9lev\u00e9s qui s\u2019enrichissent les uns les autres, qui font des \u00ab\u00a0inventions\u00a0\u00bb \u00e0 partir de la Lumi\u00e8re qu&rsquo;ils sont, qui font une prise de conscience toujours plus grande de l\u2019\u00c9nergie qu\u2019est la Lumi\u00e8re\u2026&nbsp;<\/p>\n\n\n\n<p>Et nous arrivons ainsi \u00e0 des syst\u00e8mes de v\u00e9cus de l\u2019\u00c9nergie Lumineuse qui n\u2019ont rien \u00e0 voir avec ceux dont nous avons eu conscience jusqu\u2019\u00e0 l\u00e0\u2026<\/p>\n\n\n\n<p>Enfin\u2026 Nous commen\u00e7ons de plus en plus\u2026 Il y a des scientifiques qui s\u2019y int\u00e9ressent et qui sont tr\u00e8s int\u00e9ressants\u2026 Je t\u2019ai, peut-\u00eatre, d\u00e9j\u00e0 parl\u00e9 de Nassim Haramein&nbsp;?&nbsp;<\/p>\n\n\n\n<p><\/p>\n\n\n\n<p class=\"has-text-align-right\"><em>La Science Unifi\u00e9e<\/em><\/p>\n\n\n\n<p>Avec ma compagne, on s\u2019est bien enrichis avec Nassim, gr\u00e2ce \u00e0 internet. C\u2019est un scientifique, marginal, int\u00e9ressant&#8230; Tr\u00e8s int\u00e9ressant.<\/p>\n\n\n\n<p>\u25cf<\/p>\n\n\n\n<p>Oui, il a fait quoi&nbsp;? J\u2019ai peut-\u00eatre vu une vid\u00e9o de lui.<\/p>\n\n\n\n<p>\u25a0<\/p>\n\n\n\n<p>Oui, surement, il y en a pleins sur internet. Si tu veux avoir une vision assez compl\u00e8te de son travail en 3h30, c&rsquo;est \u00e0 dire l\u00e0 o\u00f9 il en \u00e9tait en 2016, donc il y a 8 seulement 8 ans, tu peux \u00e9couter la conf\u00e9rence qu\u2019il a fait en fran\u00e7ais, \u00e0 Paris, en 2016. Parce que, autrement il parle plut\u00f4t en anglais\u2026&nbsp;<\/p>\n\n\n\n<p>Tu mets \u00ab&nbsp;Nassim Haramein-Conf\u00e9rence-2016 Paris&nbsp;\u00bb et tu tomberas sur cette conf\u00e9rence qui te permettra d\u00e9j\u00e0 de prendre connaissance d&rsquo;une certaine vision scientifique bien diff\u00e9rente.<\/p>\n\n\n\n<p>Nous avons \u00e9t\u00e9 tr\u00e8s enrichis par l\u2019\u00e9tude, \u00e0 notre niveau, de ce scientifique, parce qu\u2019il a une vision unifiante qu\u2019il appelle d\u2019ailleurs \u00ab&nbsp;la Science Unifi\u00e9e&nbsp;\u00bb.<\/p>\n\n\n\n<p>\u25cf<\/p>\n\n\n\n<p>Je l\u2019ai vu il y a tr\u00e8s longtemps et je pense que cela serait bien, maintenant, de le revoir\u2026<\/p>\n\n\n\n<p>\u25a0<\/p>\n\n\n\n<p>Oui&nbsp;! C\u2019est un scientifique th\u00e9orique et pratique int\u00e9ressant.<\/p>\n\n\n\n<p>Ceci pour dire qu\u2019il y a des gens, car il n\u2019est pas le seul, qui, un peu partout, touchent \u00e7a du doigt, quelque part\u2026 Ils imaginent une autre science, ils ont une fa\u00e7on diff\u00e9rente de travailler\u2026 et donc, ils parlent de l\u2019\u00c9nergie d\u2019une fa\u00e7on diff\u00e9rente, ce que l\u2019on appelle l\u2019\u00e9nergie du champ de Planck\u2026 C&rsquo;est passionnant\u2026&nbsp;<\/p>\n\n\n\n<p>Mais, Spinoza nous a bien dit que \u00ab&nbsp;<em>Nul ne sait ce que peut le corps<\/em>&nbsp;\u00bb. <\/p>\n\n\n\n<p>Et nous pouvons \u00e9galement dire que \u00ab&nbsp;Nul ne sait quoi que ce soit&nbsp;!&nbsp;\u00bb \u2026 C\u2019est \u00e0 dire que l\u2019\u00e9nergie, on ne la conna\u00eet pas\u2026 Nous en sommes encore tout \u00e0 fait ignorants&nbsp;!<\/p>\n\n\n\n<p>\u25cf<\/p>\n\n\n\n<p>Non&nbsp;! Nous sommes en train de d\u00e9couvrir l\u2019\u00e9nergie, mais, il y a peu, nous \u00e9tions encore \u00e0 l\u2019\u00e8re de Newton, alors\u2026 Nous n\u2019avions m\u00eame pas encore appr\u00e9hend\u00e9 la pens\u00e9e d\u2019Einstein&nbsp;! Donc, tout \u00e9tait \u00e0 faire\u2026<\/p>\n\n\n\n<p><\/p>\n\n\n\n<p class=\"has-text-align-right\"><em>Au turbin au bon moment<\/em><\/p>\n\n\n\n<p>\u25a0<\/p>\n\n\n\n<p>Oui, tout est \u00e0 faire&nbsp;! Et c\u2019est chacun de nous qui allons le faire un jour, si nous nous y pr\u00e9parons bien aujourd&rsquo;hui\u2026 <\/p>\n\n\n\n<p>Parce que nous allons nous r\u00e9incarner&nbsp;! Bien s\u00fbr pas trop t\u00f4t, semble-t-il\u2026 Mais nous na\u00eetrons au bon moment, si nous suivons notre joie, donc si nous suivons la Lumi\u00e8re\u2026 et puis voil\u00e0, dans l\u2019avenir, on repartira au turbin&nbsp;!<\/p>\n\n\n\n<p>Les hommes de bonnes volont\u00e9s vont donc travailler tout \u00e7a, dans des domaines tr\u00e8s vari\u00e9s, surement&nbsp;! Tu imagines&nbsp;? En Politique, en sciences, en \u00e9conomie, dans les arts etc\u2026 <\/p>\n\n\n\n<p>D\u00e8s que nous en serons capable, les \u00catres humains, plus libres, devront prendre, tour \u00e0 tour, tous ces r\u00f4les pour initier des mouvements d&rsquo;ouverture de conscience \u00e0 la Lumi\u00e8re vraiment nouveaux dans tous les domaines\u2026<\/p>\n\n\n\n<p>\u25cf<\/p>\n\n\n\n<p>Oui&nbsp;! Pour changer enfin la soci\u00e9t\u00e9\u2026 Pour lui redonner son v\u00e9ritable mouvement\u2026<\/p>\n\n\n\n<p>\u25a0<\/p>\n\n\n\n<p>Mais, pour cela, il faut que nous nous entrainions tous&nbsp;! C\u2019est pour \u00e7a que nous devons \u00eatre tr\u00e8s actifs, d\u00e9s aujourd\u2019hui\u2026 Il faut, tr\u00e8s courageusement, que nous pensions \u00e0 partir de l\u2019\u00c2me, sans arr\u00eat, sans arr\u00eat, sans arr\u00eat&nbsp;!&nbsp;Et cela d\u00e8s aujourd&rsquo;hui, le plus possible !<\/p>\n\n\n\n<p>Il faut que la Lumi\u00e8re devienne, \u00e0 nouveau, la seule source de notre Pens\u00e9e et de nos actions\u2026 Et donc, il nous faut agir.<\/p>\n\n\n\n<p>Il nous faut apprendre.<\/p>\n\n\n\n<p>C\u2019est bien, hein&nbsp;?<\/p>\n\n\n\n<p>\u25cf<\/p>\n\n\n\n<p>Ah, Ouais&nbsp;! C&rsquo;est bien.<\/p>\n\n\n\n<p>Et apprendre, c&rsquo;est r\u00e9p\u00e9ter&nbsp;!<\/p>\n\n\n\n<p>Ce sont des petites choses tr\u00e8s basiques, tr\u00e8s simples, mais qui, pour moi, sont essentielles\u2026 Parce que cela m\u2019aide beaucoup \u00e0 sortir de la conception qui \u00e9tait \u00ab&nbsp;d\u2019arriver \u00e0 un \u00e9tat&nbsp;\u00bb&nbsp;!<\/p>\n\n\n\n<p>\u25a0<\/p>\n\n\n\n<p>Tu veux de tenir tout dans tes mains&nbsp;?<\/p>\n\n\n\n<p>\u25cf<\/p>\n\n\n\n<p>Oui ! Donc, c\u2019est bien.<\/p>\n\n\n\n<p>R\u00e9p\u00e9ter, c\u2019est essentiel&nbsp;: \u00e7a me met dans l\u2019instant, et comme \u00e7a\u2026 je vis&nbsp;!<\/p>\n\n\n\n<p><\/p>\n\n\n\n<p class=\"has-text-align-right\"><em>Allez, encore, r\u00e9p\u00e9tons&nbsp;!<\/em><\/p>\n\n\n\n<p>\u25a0<\/p>\n\n\n\n<p>Oui&nbsp;! N\u2019ayons pas honte de r\u00e9p\u00e9ter\u2026 Nous devons valider la r\u00e9p\u00e9tition\u2026 Il ne faut plus, comme nous l\u2019a appris l\u2019ombre, culpabiliser parce que nous r\u00e9p\u00e9tons&nbsp;!<\/p>\n\n\n\n<p>En effet, dans le syst\u00e8me ombreux, l\u2019\u00e9cole officielle a \u00e9t\u00e9 jusqu\u2019\u00e0 aujourd\u2019hui un exemple typique\u2026 Cette \u00e9cole a \u00e9t\u00e9 un lieu important o\u00f9 l\u2019on nous a beaucoup form\u00e9 \u00e0 la pens\u00e9e ombreuse\u2026 Mais pas seulement, heureusement&nbsp;! Elle a en effet \u00e9galement enseign\u00e9 la Pens\u00e9e Lumineuse\u2026<\/p>\n\n\n\n<p>Dans l\u2019aspect ombreux des enseignements que les enfants recevaient, il \u00e9tait pens\u00e9 que moins nous r\u00e9p\u00e9tions, mieux c\u2019\u00e9tait&nbsp;!<\/p>\n\n\n\n<p>C\u2019est \u00e0 dire, que l\u2019ombre nous a fait croire que celui qui avait le moins besoin de r\u00e9p\u00e9ter pour acqu\u00e9rir une notion \u00e9tait le meilleur\u2026 Or, cela \u00e9tait faux&nbsp;!&nbsp;<\/p>\n\n\n\n<p>\u25cf<\/p>\n\n\n\n<p>Oui, la preuve&nbsp;! Les enfants n\u2019apprennent m\u00eame plus les tables de multiplications\u2026<\/p>\n\n\n\n<p>\u25a0<\/p>\n\n\n\n<p>Eh oui&nbsp;! Nous n\u2019avons pas d\u2019autre syst\u00e8me r\u00e9el d\u2019apprentissage\u2026 La r\u00e9p\u00e9tition doit \u00eatre valid\u00e9e, encourag\u00e9e\u2026 et reconnue comme belle\u2026&nbsp;<\/p>\n\n\n\n<p>Nous devons encourager les gens \u00e0 \u00eatre heureux de r\u00e9p\u00e9ter&nbsp;! Et non pas \u00e0 \u00eatre honteux de r\u00e9p\u00e9ter, honteux d\u2019avoir besoin de r\u00e9p\u00e9ter\u2026 honteux de ne pas avoir compris et appris \u00e0 la troisi\u00e8me r\u00e9p\u00e9tition seulement&nbsp;!<\/p>\n\n\n\n<p>\u25cf<\/p>\n\n\n\n<p>Oui, oui&nbsp;! C\u2019est vrai&nbsp;!<\/p>\n\n\n\n<p>Moi, cela me change la perception du temps m\u00eame&nbsp;! Du temps, et de la confiance en moi\u2026<\/p>\n\n\n\n<div style=\"height:38px\" aria-hidden=\"true\" class=\"wp-block-spacer\"><\/div>\n\n\n\n<p>\u25a0<\/p>\n\n\n\n<p>L\u00e0, en ce moment, je suis en train de traduire un texte de l\u2019anglais qui lui-m\u00eame a \u00e9t\u00e9 traduit du russe. C\u2019est un livre sur \u00ab&nbsp;Le Je\u00fbne Sec&nbsp;\u00bb \u2026<\/p>\n\n\n\n<p>Cela m\u2019int\u00e9resse en tant que th\u00e9rapeute et j\u2019ai donc exp\u00e9riment\u00e9 3 je\u00fbnes secs de 2 jours \u00e0 3 jours, pour l\u2019instant, dans les derniers mois.<\/p>\n\n\n\n<p>\u00ab&nbsp;Je\u00fbne sec&nbsp;\u00bb, \u00e7a veut dire&nbsp;: rien&nbsp;!&nbsp;<\/p>\n\n\n\n<p>\u25cf<\/p>\n\n\n\n<p>Surtout, cela veut dire&nbsp;: pas d\u2019eau&nbsp;?<\/p>\n\n\n\n<p>\u25a0<\/p>\n\n\n\n<p>Oui&nbsp;! Pas de nourriture solide et pas d\u2019eau.<\/p>\n\n\n\n<p>J\u2019ai donc fais cette petite exp\u00e9rience et cela m\u2019a beaucoup int\u00e9ress\u00e9 \u2026 et je traduis ce livre de l&rsquo;anglais, puisqu\u2019il n\u2019existe pas en fran\u00e7ais\u2026 C\u2019est un m\u00e9decin russe qui l\u2019a \u00e9crit\u2026<\/p>\n\n\n\n<p>Et donc, l\u00e0, ce que je voulais dire, c\u2019est que cela me prend du temps. L\u00e0, dans l\u2019imm\u00e9diat, je veux finir ce travail qui va me prendre encore 15 jours, peut \u00eatre un mois\u2026 je ne sais pas exactement.<\/p>\n\n\n\n<p>J\u2019ai bien avanc\u00e9, mais il faudra que je le relise\u2026<\/p>\n\n\n\n<p>Et ensuite, nous allons pouvoir commencer \u00e0 \u00e9crire nos entretiens, \u00e0 les transcrire.<\/p>\n\n\n\n<p>Toi, si tu le d\u00e9sires, tu peux commencer quand tu veux, d\u2019ailleurs&nbsp;! On se partagera le travail, bien s\u00fbr.<\/p>\n\n\n\n<p>\u25cf<\/p>\n\n\n\n<p>Pas de soucis&nbsp;! J\u2019ai du temps, en tout cas pour l\u2019instant&nbsp;!<\/p>\n\n\n\n<p>Mais je reviens sur le je\u00fbne sec&#8230; Il a un effet particulier&nbsp;? Pourquoi le fait de ne pas donner d\u2019eau&nbsp;?<\/p>\n\n\n\n<p>\u25a0<\/p>\n\n\n\n<p>Le je\u00fbne sec est \u00e0 peu pr\u00e8s 3 fois plus performant que le je\u00fbne hydrique au niveau d\u00e9toxination du corps\u2026 C\u2019est \u00e0 dire que en 3 fois moins de temps, tu obtiens les m\u00eames r\u00e9sultats.<\/p>\n\n\n\n<p>\u25cf<\/p>\n\n\n\n<p>Ah, \u00e9coutes, c\u2019est int\u00e9ressant&nbsp;!<\/p>\n\n\n\n<p>\u25a0<\/p>\n\n\n\n<p>Il y a plein d\u2019autres trucs que tu verras un jour, si tu en as le d\u00e9sir.<\/p>\n\n\n\n<p>Moi, \u00e7a m\u2019int\u00e9resse&nbsp;! Et pourtant, ce n\u2019est pas ce qui est le plus int\u00e9ressant\u2026<\/p>\n\n\n\n<p>Mais, dans ce domaine particulier de l&rsquo;alimentation, ce qui m\u2019int\u00e9resse fondamentalement, c\u2019est de pouvoir vivre un jour en me nourrissant de la Lumi\u00e8re, directement par la conscience de la Lumi\u00e8re comme source de la vie&nbsp;! Mais, pour l\u2019instant, je constate que j\u2019en suis bien incapable&nbsp;! Il faut bien que je le reconnaisse\u2026<\/p>\n\n\n\n<p>Et je doute que j\u2019y arrive dans cette vie\u2026 Mais peut-\u00eatre y arriverons-nous dans une autre de nos nombreuses vies \u00e0 venir&nbsp;!<\/p>\n\n\n\n<p>Mais, pour tous, et bien s\u00fbr pour moi, ce qui est vraiment, vraiment, le plus important, c\u2019est d\u2019\u00eatre heureux de suite\u2026 \u00c7a, c\u2019est vraiment le plus important \u00e0 mes yeux\u2026&nbsp;<\/p>\n\n\n\n<p>Ce que je mange, ou ne mange pas, est secondaire, pour l\u2019instant, tr\u00e8s secondaire\u2026 Mais, en parall\u00e8le, je m\u2019amuse tout de m\u00eame \u00e0 faire mes petites exp\u00e9riences&nbsp;! Cela me pla\u00eet.<\/p>\n\n\n\n<p>\u25cf<\/p>\n\n\n\n<p>Ah, carr\u00e9ment&nbsp;!<\/p>\n\n\n\n<p>\u25a0<\/p>\n\n\n\n<p>Oui&nbsp;!<\/p>\n\n\n\n<p>\u25cf<\/p>\n\n\n\n<p>C\u2019est tout \u00e0 fait possible.<\/p>\n\n\n\n<p>\u25a0<\/p>\n\n\n\n<p>Oui, \u00e7a l\u2019est, mais, pour \u00e7a, il y a pour moi tout un gros, un tr\u00e8s gros, travail d&rsquo;ouverture de ma conscience \u00e0 la Lumi\u00e8re \u00e0 accomplir\u2026&nbsp;<\/p>\n\n\n\n<p>Il y a des gens qui ont spontan\u00e9ment cess\u00e9 de manger\u2026 C\u2019est donc possible&nbsp;! Cela \u00e0 \u00e9t\u00e9 d\u00e9j\u00e0 r\u00e9alis\u00e9 par certains, sans m\u00eame qu&rsquo;ils le veuillent&nbsp;! <\/p>\n\n\n\n<p>Il y a des gens qui vivent sans manger mat\u00e9riellement pendant plus ou moins longtemps\u2026 Et il y en a m\u00eame qui vivent toute leur vie sans manger ni boire\u2026 c\u2019est plus rare, mais il y en a\u2026<\/p>\n\n\n\n<p>Je trouve tr\u00e8s int\u00e9ressant que cela existe\u2026 D\u00e9j\u00e0 parce que cela r\u00e9soudrait la quasi-totalit\u00e9 des probl\u00e8mes mat\u00e9riels&nbsp;: tout le monde serait nourri sainement et serait en bonne sant\u00e9, puisque, \u00e0 ce moment-l\u00e0, il n\u2019y aurai rien qui manquerait&nbsp;!<\/p>\n\n\n\n<p>Et la plan\u00e8te pourrait tranquillement continuer \u00e0 nous h\u00e9berger.<\/p>\n\n\n\n<p>\u25cf<\/p>\n\n\n\n<p>Et \u00e7a rejoint le travail sur la mati\u00e8re que l\u2019on ne conna\u00eet pas&nbsp;: le \u00ab&nbsp;<em>Nul ne sait ce que peut le Corps<\/em>&nbsp;\u00bb de Spinoza\u2026<\/p>\n\n\n\n<p>\u25a0&nbsp;&nbsp;<\/p>\n\n\n\n<p>Voil\u00e0&nbsp;! \u00c7a m\u2019int\u00e9resse, marginalement, et j\u2019avance dans cette direction-l\u00e0, \u00e0 mon rythme\u2026 Et l\u00e0, pour l\u2019instant, j\u2019en suis \u00e0 \u00e9tudier, pour un temps, ce je\u00fbne sec qui est, une exp\u00e9rience qui me semble raisonnable pour moi\u2026 Un apprentissage parmi d\u2019autres\u2026<\/p>\n\n\n\n<p>Mais, je trouve stimulant que des gens puissent tomber spontan\u00e9ment dans la situation de pouvoir nourrir leur corps sans passer par la nourriture mat\u00e9riel habituelle\u2026 et m\u00eame de ne plus boire\u2026<\/p>\n\n\n\n<p>On va voir&nbsp;! On en reparlera peut-\u00eatre, un jour&#8230;<\/p>\n\n\n\n<p>\u25cf<\/p>\n\n\n\n<p>Ah oui&nbsp;! \u00c7a, \u00e7a m\u2019int\u00e9resse&nbsp;!<\/p>\n\n\n\n<p>OK&nbsp;!<\/p>\n\n\n\n<p>\u25a0<\/p>\n\n\n\n<p>Mais en tous les cas, pour l&rsquo;instant, et pour toujours : Lumi\u00e8re&nbsp;! Lumi\u00e8re&nbsp;! Lumi\u00e8re !<\/p>\n\n\n\n<p>\u25cf<\/p>\n\n\n\n<p>Lumi\u00e8re&nbsp;! Lumi\u00e8re&nbsp;! Oui&nbsp;! C\u2019est tr\u00e8s, tr\u00e8s, bien\u2026<\/p>\n\n\n\n<p>\u25a0<\/p>\n\n\n\n<p>Super&nbsp;!<\/p>\n\n\n\n<p>Eh bien, je me r\u00e9gale, de toi\u2026 et de tout \u00e7a\u2026&nbsp;<\/p>\n\n\n\n<p>\u25cf<\/p>\n\n\n\n<p>Pour moi, \u00e9coute, c\u2019est vraiment int\u00e9ressant&nbsp;! L\u00e0, je suis tout heureuse, j\u2019ai l\u2019impression de jouer\u2026<\/p>\n\n\n\n<p>\u25a0<\/p>\n\n\n\n<p>Oui, jouons \u00e0 vivre&nbsp;!<\/p>\n\n\n\n<p>Je te remercie beaucoup d\u2019exister, d\u2019\u00eatre ouverte \u00e0 ce dont nous discutons, \u00e0 ce que nous \u00e9changeons et que nous allons pratiquer de notre mieux \u00e0 tout propos\u2026 et qui est aussi un \u00e9l\u00e9ment essentiel de notre bonne sant\u00e9&nbsp;!<\/p>\n\n\n\n<p>\u00catre heureux, simplement, de Tout&nbsp;!<\/p>\n\n\n\n<p>\u2026<\/p>\n\n\n\n<p>Alors, l\u00e0, il faut que j\u2019arr\u00eate l\u2019enregistrement&nbsp;!<\/p>\n\n\n\n<div style=\"height:35px\" aria-hidden=\"true\" class=\"wp-block-spacer\"><\/div>\n\n\n\n<p><em>Couic&nbsp;!<\/em><\/p>\n\n\n\n<p class=\"has-text-align-right\">&#8230; <em>Et c&rsquo;est la fin de l\u2019enregistrement de cet entretien N\u00b02&nbsp;!&nbsp;<\/em><\/p>\n\n\n\n<div style=\"height:22px\" aria-hidden=\"true\" class=\"wp-block-spacer\"><\/div>\n\n\n\n\n","protected":false},"excerpt":{"rendered":"<p>\u25a0 Je pense que fondamentalement, l&rsquo;ouverture de la conscience \u00e0 la Lumi\u00e8re, c\u2019est la seule chose qui int\u00e9resse tout le monde. Mais, chacun en a une conscience personnelle et unique\u2026 \u25cf Du coup, le fait de pouvoir le voir et de pouvoir l\u2019appliquer\u2026 que cette n\u00e9cessit\u00e9, ce besoin vital puisse s\u2019incarner dans tous nos mots, &hellip; <a href=\"https:\/\/behappy8.org\/?p=1201\" class=\"more-link\">Continuer la lecture<span class=\"screen-reader-text\"> de &laquo;&nbsp;Les 8 Entretiens (9\u00e8me Partie\u00a0du\u00a02\u00e8me Entretien)&nbsp;&raquo;<\/span><\/a><\/p>\n","protected":false},"author":1,"featured_media":0,"comment_status":"open","ping_status":"open","sticky":false,"template":"","format":"chat","meta":{"footnotes":""},"categories":[568],"tags":[223,973,969,964,963,987,978,684,998,65,238,1000,974,997,993,989,984,1002,1005,990,994,155,1006,965,979,1003,999,1007,1008,983,768,977,8,708,976,242,985,988,601,1001,970,991,982,972,980,981,390,966,996,200,992,986,1004,995,27],"class_list":["post-1201","post","type-post","status-publish","format-chat","hentry","category-2eme-entretien","tag-aimer-lombre","tag-aimer-notre-ennemi","tag-appetit-de-conscience","tag-attitude","tag-besoin-vital","tag-champ-de-planck","tag-communication-dame-a-ame","tag-communication-unitaire","tag-confiance-en-moi","tag-conscience","tag-difference","tag-eau","tag-eclairer-lombre","tag-ecole","tag-economie","tag-einstein","tag-energie-lumineuse","tag-entretiens","tag-etre-heureux-de-suite","tag-etres-humains","tag-etres-libres","tag-evolution","tag-experiences","tag-geste","tag-illusion-de-separation","tag-jeune-hydrique","tag-jeune-sec","tag-jouer","tag-jouer-a-vivre","tag-lhumanite-apparait","tag-la-fin-de-lombre","tag-le-labyrinthe-de-lombre","tag-libre-arbitre","tag-libre-conscience","tag-merci-lombre","tag-mots","tag-nassim-haramein","tag-newton","tag-ouverture-de-conscience","tag-pas-deau","tag-piege-de-lombre","tag-politique","tag-premier-humains","tag-prendre-le-taureau-par-les-cornes","tag-probleme-de-pensees","tag-problemes-materiels","tag-realite","tag-realite-autonome","tag-repetion-essentielle","tag-sante","tag-science","tag-science-unifiee","tag-se-nourrir-de-la-lumiere","tag-societe","tag-spinoza","post_format-post-format-chat"],"_links":{"self":[{"href":"https:\/\/behappy8.org\/index.php?rest_route=\/wp\/v2\/posts\/1201","targetHints":{"allow":["GET"]}}],"collection":[{"href":"https:\/\/behappy8.org\/index.php?rest_route=\/wp\/v2\/posts"}],"about":[{"href":"https:\/\/behappy8.org\/index.php?rest_route=\/wp\/v2\/types\/post"}],"author":[{"embeddable":true,"href":"https:\/\/behappy8.org\/index.php?rest_route=\/wp\/v2\/users\/1"}],"replies":[{"embeddable":true,"href":"https:\/\/behappy8.org\/index.php?rest_route=%2Fwp%2Fv2%2Fcomments&post=1201"}],"version-history":[{"count":12,"href":"https:\/\/behappy8.org\/index.php?rest_route=\/wp\/v2\/posts\/1201\/revisions"}],"predecessor-version":[{"id":1427,"href":"https:\/\/behappy8.org\/index.php?rest_route=\/wp\/v2\/posts\/1201\/revisions\/1427"}],"wp:attachment":[{"href":"https:\/\/behappy8.org\/index.php?rest_route=%2Fwp%2Fv2%2Fmedia&parent=1201"}],"wp:term":[{"taxonomy":"category","embeddable":true,"href":"https:\/\/behappy8.org\/index.php?rest_route=%2Fwp%2Fv2%2Fcategories&post=1201"},{"taxonomy":"post_tag","embeddable":true,"href":"https:\/\/behappy8.org\/index.php?rest_route=%2Fwp%2Fv2%2Ftags&post=1201"}],"curies":[{"name":"wp","href":"https:\/\/api.w.org\/{rel}","templated":true}]}}