{"id":1430,"date":"2021-05-15T11:28:00","date_gmt":"2021-05-15T09:28:00","guid":{"rendered":"https:\/\/behappy8.org\/?p=1430"},"modified":"2024-07-19T08:58:10","modified_gmt":"2024-07-19T06:58:10","slug":"les-8-entretiens-1ere-partie-du-3eme-entretien","status":"publish","type":"post","link":"https:\/\/behappy8.org\/?p=1430","title":{"rendered":"Les 8 Entretiens (1\u00e8re Partie\u00a0du\u00a03\u00e8me Entretien)"},"content":{"rendered":"\n\n\n\n\n<div style=\"height:34px\" aria-hidden=\"true\" class=\"wp-block-spacer\"><\/div>\n\n\n\n<figure class=\"wp-block-audio\"><audio controls src=\"https:\/\/behappy8.org\/wp-content\/uploads\/2024\/07\/Les-8-Entretiens-1ere-Partie-du-3eme-Entretien.m4a\" loop><\/audio><\/figure>\n\n\n\n<div style=\"height:40px\" aria-hidden=\"true\" class=\"wp-block-spacer\"><\/div>\n\n\n\n<p class=\"has-text-align-right\"><em><strong>28 Juin 2021<\/strong><\/em><\/p>\n\n\n\n<p class=\"has-text-align-center\"><strong>LES 8 ENTRETIENS<\/strong><\/p>\n\n\n\n<p class=\"has-text-align-center\">1\u00e8re PARTIE du<\/p>\n\n\n\n<p class=\"has-text-align-center\"><strong>3<sup>\u00c8ME<\/sup>&nbsp;ENTRETIEN<\/strong> <em>de Deux Petits Artisans de la Lumi\u00e8re parmi d\u2019Autres&nbsp;:&nbsp;<\/em><\/p>\n\n\n\n<p class=\"has-text-align-center\">\u25a0 et \u25cf<\/p>\n\n\n\n<div style=\"height:41px\" aria-hidden=\"true\" class=\"wp-block-spacer\"><\/div>\n\n\n\n<p class=\"has-text-align-right\"><em>L\u2019\u00c2me de toutes les vertus<\/em><\/p>\n\n\n\n<p><em>Click&nbsp;!<\/em><\/p>\n\n\n\n<p>\u25a0<\/p>\n\n\n\n<p>Voil\u00e0, \u00e7a y est, nous enregistrons&nbsp;!<\/p>\n\n\n\n<p>Tr\u00e8s bien&nbsp;! Alors comment vas-tu ? Je vois que tu as presque fini la transcription de notre 1<sup>\u00e8re<\/sup>&nbsp;rencontre\u2026 Bravo et merci&nbsp;: tu as vraiment bien avanc\u00e9&nbsp;!<\/p>\n\n\n\n<p>\u25cf<\/p>\n\n\n\n<p>Oui&nbsp;! Alors, du coup je me suis rendu compte que je m\u2019\u00e9tais concentr\u00e9e sur notre avant-derni\u00e8re conversation\u2026 Et, du coup, je ne me rappelle m\u00eame plus ce que nous avons dit la derni\u00e8re fois&nbsp;!&nbsp;<\/p>\n\n\n\n<p>Et j\u2019ai, par contre, baign\u00e9 donc dans notre 1<sup>\u00e8re<\/sup>&nbsp;rencontre, \u00e0 force de l\u2019\u00e9couter plusieurs fois, d&rsquo;abord pour pouvoir la copier et ensuite pour la relire&nbsp;!&nbsp;<\/p>\n\n\n\n<p>\u25a0<\/p>\n\n\n\n<p>C\u2019est une clef USB que voil\u00e0&nbsp;?<\/p>\n\n\n\n<p>\u25cf<\/p>\n\n\n\n<p>Oui&nbsp;! \u00c7a c\u2019est la clef USB pour tout \u00e0 l\u2019heure\u2026<\/p>\n\n\n\n<p>Et donc, comme je viens de te le dire, j\u2019ai beaucoup \u00e9t\u00e9 dans l\u2019histoire de \u00ab\u00a0Mettre de la Lumi\u00e8re\u00a0\u00bb\u2026 <\/p>\n\n\n\n<p>Non, pardon&nbsp;! Je voulais dire&nbsp;dans l&rsquo;histoire de \u00ab&nbsp;Voir la Lumi\u00e8re dans l\u2019ombre&nbsp;\u00bb \u2026<\/p>\n\n\n\n<p>\u25a0<\/p>\n\n\n\n<p>Bravo&nbsp;! Ta correction montre que tu as entendu l&rsquo;essentiel&nbsp;!<\/p>\n\n\n\n<p>\u25cf<\/p>\n\n\n\n<p>Et puis, j\u2019ai beaucoup r\u00e9fl\u00e9chi sur l\u2019Amour\u2026&nbsp;<\/p>\n\n\n\n<p>C\u2019est tr\u00e8s important pour moi \u00ab&nbsp;cette notion d\u2019Amour&nbsp;\u00bb \u2026 J\u2019ai toujours eu l\u2019impression que je ne savais pas ce que c\u2019\u00e9tait&#8230; Et que j\u2019\u00e9tais incapable d\u2019aimer\u2026&nbsp;<\/p>\n\n\n\n<p>Bien s\u00fbr, j\u2019ai bien entendu ce que nous avons dit ensemble&#8230; Mais\u2026 Ce n\u2019est pas facile&nbsp;!<\/p>\n\n\n\n<p>Mais, ce n\u2019est pas tellement \u00e7a le souci\u2026 Comment dire ? \u2026 J\u2019ai, tout d\u2019un coup, r\u00e9alis\u00e9 que cet Amour, pour l\u2019atteindre, pour le vivre\u2026 Il n\u2019y a que l\u2019\u00c2me qui puisse le vivre&nbsp;!&nbsp;<\/p>\n\n\n\n<p>Et moi j\u2019essayais, toujours avec mon petit \u00ab&nbsp;moi&nbsp;\u00bb, de le vivre. J\u2019ai fait une dissociation entre l&rsquo;\u00c2me et le moi\u2026 C\u2019est comme si j\u2019avais une \u00c2me, mais que ce n\u2019\u00e9tait pas moi&nbsp;!&nbsp;<\/p>\n\n\n\n<p>Et \u00e7a, c\u2019est quelque chose qui n\u2019est pas r\u00e9cent, je le vois bien, et je sais que ce n\u2019est pas juste\u2026 il n\u2019y a pas de souci \u00e0 cela&nbsp;: je le sais&nbsp;! \u2026&nbsp;<\/p>\n\n\n\n<p>Mais, j\u2019ai du mal \u00e0 le vivre, \u00e0 part \u00e0 des petits moments de gr\u00e2ce o\u00f9 il y a effectivement cette exp\u00e9rience de l\u2019Unit\u00e9.&nbsp;<\/p>\n\n\n\n<p>Mais, c\u2019est \u00e9vident que c\u2019est Elle, l\u2019\u00c2me, qui \u00ab&nbsp;est&nbsp;\u00bb cette Amour, qui a ces vertus\u2026 Et il est simplement n\u00e9cessaire de lui laisser la place, de la reconna\u00eetre. C\u2019est tout&nbsp;!&nbsp;<\/p>\n\n\n\n<p>\u00c0 la limite, il me semble, maintenant, que c\u2019est le seul travail \u00e0 accomplir&nbsp;: laisser la place \u00e0 l\u2019\u00c2me en tout&nbsp;!<\/p>\n\n\n\n<p><\/p>\n\n\n\n<p class=\"has-text-align-right\"><em>Nos m\u00e9moires \u00e0 aimer<\/em><\/p>\n\n\n\n<p>\u25a0<\/p>\n\n\n\n<p>Alors, l\u00e0, tu vois, il y a plusieurs choses que tu viens de me dire\u2026 Et, l\u00e0, je les ai not\u00e9es pour ne pas les oublier et que nous puissions, agr\u00e9ablement, nous y adresser.<\/p>\n\n\n\n<p>D\u2019abords, au d\u00e9but, tu as dit&nbsp;: \u00ab&nbsp;Ce n\u2019est pas facile&nbsp;\u00bb&#8230;<\/p>\n\n\n\n<p>Cette difficult\u00e9 ne vient pas de l\u2019\u00c2me. Elle vient de nos m\u00e9moires\u2026 Ce sont, en effet, nos m\u00e9moires, ombreuses, qui reviennent \u00e0 notre conscience et qui nous font penser que \u00ab&nbsp;ce n\u2019est pas facile&nbsp;\u00bb&nbsp;!<\/p>\n\n\n\n<p>On nous a tellement dit, et nous-m\u00eame l&rsquo;avons tellement r\u00e9p\u00e9t\u00e9, que c\u2019\u00e9tait difficile d\u2019\u00eatre heureux, que c&rsquo;\u00e9tait difficile d\u2019atteindre le Paradis etc\u2026 Et m\u00eame, souvent, que ce n&rsquo;\u00e9tait, tout simplement, pas possible&nbsp;!<\/p>\n\n\n\n<p>Du coup, sans m\u00eame s\u2019en rendre compte, nous r\u00e9p\u00e9tons ces m\u00e9moires\u2026 Mais attention&nbsp;! Et l\u00e0, ce que je vais dire est important. <\/p>\n\n\n\n<p>Nous r\u00e9p\u00e9tons ces m\u00e9moires ombreuses dans le but, le plus souvent inconscient, de les aimer&nbsp;!<\/p>\n\n\n\n<p>Nous les r\u00e9p\u00e9tons car nous ne pouvons nous sentir libre, nous ne pouvons nous sentir confortable, qu\u2019avec ce que nous aimons, qu\u2019avec ce dont nous sommes heureux\u2026&nbsp;<\/p>\n\n\n\n<p>Donc, tant que nous ne sommes pas heureux de penser quelque chose, nous allons, n\u00e9cessairement, le r\u00e9p\u00e9ter\u2026 <\/p>\n\n\n\n<p>Pourquoi&nbsp;? Pour arriver, un jour, \u00e0 en \u00eatre heureux et donc \u00e0 en \u00eatre libre&nbsp;!<\/p>\n\n\n\n<p>Nous sommes bien d&rsquo;accord sur ce point essentiel&nbsp;? \u00c7a marche ?<\/p>\n\n\n\n<p>\u25cf<\/p>\n\n\n\n<p>Oui ! \u00c7a marche&nbsp;!<\/p>\n\n\n\n<p>\u25a0<\/p>\n\n\n\n<p>Voil\u00e0&nbsp;! Alors, d&rsquo;o\u00f9 vient cette pens\u00e9e \u00ab&nbsp;ce n\u2019est pas facile&nbsp;\u00bb&nbsp;? \u2026&nbsp;<\/p>\n\n\n\n<p>Eh bien! Posons-nous quelques questions&nbsp;:<\/p>\n\n\n\n<p>\u00ab\u00a0\u00c0 cet instant, cette pens\u00e9e a-t-elle son origine dans notre \u00c2me ou dans nos m\u00e9moires&nbsp;?\u00a0\u00bb<\/p>\n\n\n\n<p>\u00ab\u00a0\u00c0 cet instant, somme-nous plus heureux de penser \u00ab&nbsp;C\u2019est facile&nbsp;\u00bb ou \u00ab&nbsp;Ce n\u2019est pas facile&nbsp;\u00bb&nbsp;?\u00a0\u00bb<\/p>\n\n\n\n<p>\u00ab\u00a0Que nous soyons heureux, n\u2019est-ce pas le plus important&nbsp;?\u00a0\u00bb&nbsp;<\/p>\n\n\n\n<p>\u00ab\u00a0N&rsquo;est-ce pas le plus important pour nous et pour tous les autres \u00catres&nbsp;?\u00a0\u00bb<\/p>\n\n\n\n<p>\u00ab\u00a0Et pouvons-nous \u00eatre heureux en pensant ce que nous ne sommes pas heureux de penser&nbsp;?\u00a0\u00bb&nbsp;<\/p>\n\n\n\n<p>Et puis enfin : \u00ab\u00a0Ne sommes-nous pas libre de penser ce que nous voulons&nbsp;?\u00a0\u00bb<\/p>\n\n\n\n<p>\u25cf<\/p>\n\n\n\n<p>Si&nbsp;! Je suis libre de penser ce que je veux&#8230; <\/p>\n\n\n\n<p>Oui&nbsp;! que je sois heureuse, c&rsquo;est le plus important&#8230; <\/p>\n\n\n\n<p>Et oui \u00e9galement&nbsp;! Je ne peux \u00eatre heureuse qu&rsquo;en pensant ce que je suis la plus heureuse de penser.<\/p>\n\n\n\n<p>\u25a0<\/p>\n\n\n\n<p>Eh bien&nbsp;! Ainsi donc, choisissons de penser maintenant&nbsp;: \u00ab&nbsp;C\u2019est facile&nbsp;\u00bb&nbsp;! Tout simplement parce que c\u2019est, vraiment, ce que nous sommes le plus heureux de penser \u00e0 cet instant\u2026&nbsp;<\/p>\n\n\n\n<p>Et qui d\u2019autres que nous peut choisir notre pens\u00e9e&nbsp;?<\/p>\n\n\n\n<p>\u25cf<\/p>\n\n\n\n<p>Personne, bien s\u00fbr.<\/p>\n\n\n\n<p>\u25a0<\/p>\n\n\n\n<p>C\u2019est, d\u2019ailleurs, ce que les enfants font, naturellement&nbsp;!&nbsp;<\/p>\n\n\n\n<p>Les enfants arrivent \u00e0 penser ce qu&rsquo;ils sont les plus heureux de penser, tant qu\u2019ils ne sont pas encore trop r\u00e9\u00e9duqu\u00e9s&#8230; Et en g\u00e9n\u00e9ral, ils sont heureux\u2026 En tout les cas, le plus souvent, ils sont plus heureux que les adultes qui les entourent&nbsp;!<\/p>\n\n\n\n<p>\u00c9videmment, au fur et \u00e0 mesure du temps qui passe, ils vont recevoir, \u00e0 nouveau, une \u00e9ducation, malheureusement en grande partie ombreuse\u2026<\/p>\n\n\n\n<p>Et en plus, toutes leurs m\u00e9moires de leurs vies ant\u00e9rieures reviennent progressivement\u2026 et vers l\u2019\u00e2ge de sept \u00e0 dix ans elles sont en g\u00e9n\u00e9ral pratiquement toutes r\u00e9cup\u00e9r\u00e9es par leurs corps \u00e9nerg\u00e9tiques\u2026<\/p>\n\n\n\n<p>Donc, jusqu\u2019\u00e0 l\u00e0, ils vont vivre, en g\u00e9n\u00e9ral, plus heureux que les adultes puisque: <\/p>\n\n\n\n<p>D&rsquo;une part, il n\u2019ont pas encore r\u00e9cup\u00e9r\u00e9 toutes leurs m\u00e9moires ant\u00e9rieures qui seront ensuite pr\u00e9sentes dans leurs corps \u00e9nerg\u00e9tiques&#8230; <\/p>\n\n\n\n<p>Et d&rsquo;autre part, qu&rsquo;ils n&rsquo;ont pas encore suffisamment int\u00e9gr\u00e9 les enseignements en grande partie ombreux que les adultes, qui les entourent, leurs dispensent.<\/p>\n\n\n\n<p>\u25cf<\/p>\n\n\n\n<p>Oui, tout \u00e0 fait&nbsp;! \u00c7a, je l&rsquo;entends bien et je suis d&rsquo;accords avec.<\/p>\n\n\n\n<p>\u25a0<\/p>\n\n\n\n<p>Donc, ces enfants vivent, un peu comme les animaux, selon la Loi Divine, mais avec encore peu de conscience\u2026 Et ils pensent facilement ce qu\u2019ils sont les plus heureux de penser, comme, par exemple&nbsp;: \u00ab&nbsp;C\u2019est facile&nbsp;!&nbsp;\u00bb&nbsp;<\/p>\n\n\n\n<p>C\u2019est l\u2019ombre qui nous a appris de vies en vies que&nbsp;: \u00ab&nbsp;C\u2019\u00e9tait difficile&nbsp;\u00bb&nbsp;! Mais, cela, nous n&rsquo;avons jamais, vraiment jamais, \u00e9t\u00e9 heureux de le penser&nbsp;!<\/p>\n\n\n\n<p>Or, d\u00e8s que nous ne sommes pas heureux de penser quelque chose c\u2019est, \u00e9videmment, l\u2019ombre qui pense en nous&nbsp;!&nbsp;<\/p>\n\n\n\n<p>C\u2019est-\u00e0-dire qu\u2019une fois de plus nous venons de perdre conscience de la Lumi\u00e8re\u2026 Et, l\u00e0, ce n\u2019est plus notre \u00c2me qui est \u00e0 l\u2019origine de notre pens\u00e9e.&nbsp;<\/p>\n\n\n\n<p>Voil\u00e0&nbsp;! Je voulais m\u2019adresser \u00e0 \u00e7a en premier\u2026 et redire rapidement ce que nous avons d\u00e9j\u00e0 dit plus longuement les derni\u00e8res fois\u2026 Mais que l\u2019on r\u00e9p\u00e8tera surement de nombreuses autres fois\u2026 Pour l\u2019apprendre de mieux en mieux&nbsp;!<\/p>\n\n\n\n<p>\u25cf<\/p>\n\n\n\n<p>Oui&nbsp;! Je comprends bien&#8230; C&rsquo;est clair.<\/p>\n\n\n\n<p><\/p>\n\n\n\n<p class=\"has-text-align-right\"><em>La sagesse de choisir<\/em><\/p>\n\n\n\n<p>\u25a0<\/p>\n\n\n\n<p>Il faut en effet que nous soyons sages. Et, en particulier, il faut que nous devenions de plus en plus sages dans le choix de nos mots et, surtout, de la conscience que nous choisissons d\u2019y mettre.<\/p>\n\n\n\n<p>Et deuxi\u00e8mement, heu\u2026 Eh bien&nbsp;! L\u00e0, je ne me souviens plus du deuxi\u00e8mement\u2026 et peut \u00eatre qu\u2019il n\u2019y en a pas&nbsp;!<\/p>\n\n\n\n<p>\u25cf<\/p>\n\n\n\n<p>Non, mais j\u2019entends bien&nbsp;! L&rsquo;importance du vocabulaire commence \u00e0 se pr\u00e9ciser en moi.<\/p>\n\n\n\n<p>\u25a0<\/p>\n\n\n\n<p>Oui, osons vraiment \u00ab\u00a0choisir\u00a0\u00bb nos mots\u2026 de fa\u00e7on \u00e0 ce qu\u2019ils expriment l\u2019aspect \u00c2me dans tous les plans de notre \u00catre.&nbsp;<\/p>\n\n\n\n<p>Nos mots, il faut vraiment les choisir, et puis les exprimer, avec notre conscience la plus \u00e9lev\u00e9e.<\/p>\n\n\n\n<p>Mais, attention&nbsp;! Comme nous l\u2019avons dit plusieurs fois&nbsp;: \u00ab&nbsp;<em>C\u2019est la conscience qui fait toute la diff\u00e9rence<\/em>&nbsp;\u00bb \u2026 Ce n\u2019est pas le mot lui-m\u00eame&nbsp;!&nbsp;<\/p>\n\n\n\n<p>Par exemple, lorsque nous choisissons le mot \u00ab&nbsp;Dieu&nbsp;\u00bb, le mot \u00ab&nbsp;Amour&nbsp;\u00bb, le mot \u00ab&nbsp;\u00c2me&nbsp;\u00bb, le mot \u00ab&nbsp;ombre&nbsp;\u00bb \u2026 Tous ces mots, nous allons les utiliser comme nous les avions utilis\u00e9s auparavant&nbsp;: ce sont les m\u00eames mots et nous les pronon\u00e7ons et les \u00e9crivons pareil&#8230;<\/p>\n\n\n\n<p>Cependant, nous allons toujours y mettre plus de conscience de la Lumi\u00e8re\u2026<\/p>\n\n\n\n<p>\u25cf<\/p>\n\n\n\n<p>Mais, \u00e9galement, nous choisissons aussi nos mots, n&rsquo;est-ce pas&nbsp;? Quand m\u00eame, j\u2019aurais pu, par exemple, ne pas dire que c\u2019\u00e9tait \u00ab&nbsp;difficile&nbsp;\u00bb, mais dire que c\u2019\u00e9tait&nbsp;: \u00ab&nbsp;pas facile&nbsp;\u00bb&nbsp;\u2026<\/p>\n\n\n\n<p>\u25a0<\/p>\n\n\n\n<p>C\u2019est vrai&nbsp;! Bien s\u00fbr que nous pouvons choisir d\u2019autres mots, pour exprimer des concepts&#8230; Nous pouvons toujours choisir d&rsquo;autres mots&nbsp;!<\/p>\n\n\n\n<p>Mais, apr\u00e8s avoir dit ce que nous avons dit, nous pouvons cependant tr\u00e8s bien penser, \u00e0 nouveau, \u00ab&nbsp;C\u2019est difficile&nbsp;\u00bb et choisir d\u2019\u00eatre, maintenant, totalement heureux de le penser\u2026 Et l\u00e0, si nous \u00ab\u00a0savons\u00a0\u00bb \u00eatre heureux de le penser, il n\u2019y a plus de probl\u00e8me \u00e0 penser que \u00ab\u00a0C\u2019est difficile\u00a0\u00bb&nbsp;!<\/p>\n\n\n\n<p>\u25cf<\/p>\n\n\n\n<p>Ah&nbsp;!&#8230; Oui&#8230; L\u00e0, je comprends encore mieux.<\/p>\n\n\n\n<p>\u25a0<\/p>\n\n\n\n<p>Et l\u00e0, tout \u00e0 coup, nous venons de transmuter le mot qui exprimait une perte de conscience de la Lumi\u00e8re en ce m\u00eame mot, mais qui, maintenant, exprime une conscience de la Lumi\u00e8re&nbsp;!&nbsp;<\/p>\n\n\n\n<p>C\u2019est-\u00e0-dire que, m\u00eame lorsque nous choisissons de penser&nbsp;: \u00ab&nbsp;C\u2019est difficile&nbsp;\u00bb, la Lumi\u00e8re est l\u00e0&nbsp;! <\/p>\n\n\n\n<p>Et en effet, pour Dieu il n\u2019y a pas de probl\u00e8me&nbsp;! \u00ab&nbsp;Facile&nbsp;\u00bb&nbsp;ou \u00ab&nbsp;Difficile&nbsp;\u00bb, c\u2019est le m\u00eame Divin, c\u2019est la m\u00eame Lumi\u00e8re&#8230; Puisque Dieu Est Tout.<\/p>\n\n\n\n<p>\u00c0 ce moment-l\u00e0, en osant \u00eatre heureux, enfin, de penser un m\u00eame mot avec plus de conscience de la Lumi\u00e8re en lui\u2026 nous lib\u00e9rons l\u2019ombre en l\u2019aimant&nbsp;!<\/p>\n\n\n\n<p><\/p>\n\n\n\n<p class=\"has-text-align-right\"><em>Obs\u00e9d\u00e9s de Lumi\u00e8re<\/em><\/p>\n\n\n\n<p>\u25cf<\/p>\n\n\n\n<p>Quoi que nous disions, en fait, c\u2019est l\u2019obsession de la Lumi\u00e8re\u2026 qui compte&nbsp;!<\/p>\n\n\n\n<p>\u25a0<\/p>\n\n\n\n<p>Oui&nbsp;! C\u2019est notre obsession naturelle de la Lumi\u00e8re&#8230; Mais l\u00e0 nous la reconnaissons&#8230; Et nous choisissons, maintenant, d&rsquo;\u00eatre heureux de cette obsession.&nbsp;<\/p>\n\n\n\n<p>C\u2019est un peu comme la plante qui recherche toujours plus la Lumi\u00e8re&nbsp;: bien s\u00fbr, elle cherche, de fa\u00e7on visible la lumi\u00e8re du soleil \u00e9galement, mais elle cherche, par-dessus tout, une conscience plus grande de la Lumi\u00e8re, du Divin\u2026 Voil\u00e0&nbsp;! Avec sa conscience v\u00e9g\u00e9tale, bien s\u00fbr.<\/p>\n\n\n\n<p>Et sa conscience de la Lumi\u00e8re \u00c9ternelle grandit, sans cesse&#8230; Avec une vitesse v\u00e9g\u00e9tale, bien s\u00fbr&nbsp;!<\/p>\n\n\n\n<p>C\u2019est depuis toujours que nous cherchons la Lumi\u00e8re&nbsp;! Depuis le d\u00e9but de la cr\u00e9ation\u2026 S\u2019il y a un d\u00e9but\u2026 Et en r\u00e9alit\u00e9, plus pr\u00e9cis\u00e9ment, nous ne cherchons pas la Lumi\u00e8re qui, Elle, est Omnipr\u00e9sente&#8230; Mais nous cherchons \u00ab\u00a0la conscience toujours plus grande\u00a0\u00bb de cette Lumi\u00e8re \u00c9ternelle.<\/p>\n\n\n\n<p>Et, par rapport aux plantes, nous avons une conscience de la m\u00eame Lumi\u00e8re, mais plus grande qu&rsquo;elles\u2026 Et elles-m\u00eames ont une conscience de la m\u00eame Lumi\u00e8re, mais plus grande que le min\u00e9ral\u2026<\/p>\n\n\n\n<p>Mais, il n&rsquo;y a pas un seul \u00catre qui soit plus proche de la Lumi\u00e8re qu&rsquo;un autre \u00catre&nbsp;&nbsp;!<\/p>\n\n\n\n<p>Tous les \u00catres, qu&rsquo;ils soit min\u00e9raux, v\u00e9g\u00e9taux, animaux ou humains sont \u00ab\u00a0dans\u00a0\u00bb la Lumi\u00e8re, absolument \u00ab\u00a0dans\u00a0\u00bb la Lumi\u00e8re !<\/p>\n\n\n\n<p>Si la Lumi\u00e8re est Omnipr\u00e9sente, si Elle est Infinie, si Elle est \u00c9ternelle, alors, il n&rsquo;y a pas d&rsquo;autre possibilit\u00e9&#8230;<\/p>\n\n\n\n<p>\u25cf<\/p>\n\n\n\n<p>Oui, je le crois comme cela\u2026<\/p>\n\n\n\n<p><\/p>\n\n\n\n<p class=\"has-text-align-right\"><em>Quel est le probl\u00e8me&nbsp;?<\/em><\/p>\n\n\n\n<p>\u25a0<\/p>\n\n\n\n<p>Mais, chez les \u00catres humains que nous sommes, depuis que nous avons re\u00e7u ce fameux Libre Arbitre, depuis que nous avons cette Libre Conscience propre \u00e0 l\u2019humain, nous avons souvent pu choisir de freiner cette ouverture naturelle et obligatoire de la conscience de la Lumi\u00e8re&#8230; que tous les \u00catre de la cr\u00e9ation connaissent&nbsp;!<\/p>\n\n\n\n<p>Et cela a \u00e9t\u00e9 notre probl\u00e8me \u00e0 nous les \u00eatres humains. C&rsquo;est notre probl\u00e8me \u00e0 nous, mais qui a touch\u00e9 toute notre plan\u00e8te, c&rsquo;est \u00e0 dire : tous les \u00catres animaux, tous les \u00catres v\u00e9g\u00e9taux, tous les \u00catres min\u00e9raux et, bien s\u00fbr, tous les \u00catres humains\u2026<\/p>\n\n\n\n<p>C\u2019est ce probl\u00e8me que nous avons souvent appel\u00e9 \u00ab&nbsp;Notre perte de conscience de la Lumi\u00e8re&nbsp;\u00bb&nbsp;\u2026 Mais, en fait, c\u2019est seulement \u00ab&nbsp;un frein&nbsp;\u00bb, et un ralentissement,&nbsp;\u00e0 notre ouverture naturelle et obligatoire de la conscience de la Lumi\u00e8re Infinie \u2026<\/p>\n\n\n\n<p>Nous n&rsquo;avons jamais perdu la Lumi\u00e8re. Notre probl\u00e8me n\u2019a jamais \u00e9t\u00e9 notre perte de la Lumi\u00e8re, puisque la Lumi\u00e8re est \u00c9ternelle et Omnipr\u00e9sente, mais bien seulement le ralentissement de l&rsquo;ouverture de conscience naturelle de la Lumi\u00e8re par notre usage, maladroit, de notre Libre Arbitre&nbsp;!<\/p>\n\n\n\n<p>Et donc, depuis le presque d\u00e9but de l&rsquo;humanit\u00e9, nous avons pu, trop souvent, choisir de ralentir la prise de conscience de la Lumi\u00e8re Divine.<\/p>\n\n\n\n<p>Et depuis, nous n\u2019avons pas eu le courage ou les vertus n\u00e9cessaires pour ne pas nous engouffrer, \u00e0 fond la caisse, dans le labyrinthe de l\u2019ombre, labyrinthe que nous avons accept\u00e9 de continuer \u00e0 imaginer et cr\u00e9er \u00e0 la suite de Ca\u00efn&nbsp;!&nbsp;<\/p>\n\n\n\n<p><\/p>\n\n\n\n<p class=\"has-text-align-right\"><em>Quelle est la solution&nbsp;?<\/em><\/p>\n\n\n\n<p>Et voil\u00e0&nbsp;! Et pour beaucoup d&rsquo;entre-nous, cela fait peut-\u00eatre 150 000 ans que nous pataugeons dans notre labyrinthe d&rsquo;ombre\u2026 <\/p>\n\n\n\n<p>Et heureusement que les \u00catres les plus beaux viennent et reviennent nous aider \u00e0 reprendre pied pour que nous ne continuions pas \u00e0 nous noyer compl\u00e8tement dans ce \u00ab&nbsp;Ca\u00efnisme&nbsp;\u00bb&nbsp;!<\/p>\n\n\n\n<p>Et il faut qu\u2019il y en ait, parmi nous tous, un nombre suffisant qui arrivent \u00e0 tenir pied face \u00e0 l\u2019ombre, c\u2019est-\u00e0-dire, d\u2019abord face \u00e0 l\u2019ombre en eux-m\u00eames&#8230; <\/p>\n\n\n\n<p>Et ensuite \u00e0 tenir pied face \u00e0 l\u2019ombre chez leurs fr\u00e8res et s\u0153urs\u2026 <\/p>\n\n\n\n<p>Et enfin, \u00e0 tenir pied face \u00e0 l\u2019ombre que nous avons r\u00e9pandue chez tous les autres \u00catres que sont les animaux, les v\u00e9g\u00e9taux et les min\u00e9raux&#8230; Avec toutes les cons\u00e9quences.<\/p>\n\n\n\n<p>Il faut absolument que nous tenions pied, de plus en plus nombreux&nbsp;!&nbsp;<\/p>\n\n\n\n<p>Et nous ne pouvons pas tenir pied si nous nous s\u00e9parons de l\u2019ombre\u2026 Parce que, si nous nous s\u00e9parons d\u2019elle, nous maintenons l&rsquo;illusion d&rsquo;une s\u00e9paration\u2026 qui, justement, est l\u2019ombre elle-m\u00eame&nbsp;!&nbsp;<\/p>\n\n\n\n<p>Et, l\u00e0, c\u2019est repartie pour un tour\u2026 de souffrance&nbsp;!<\/p>\n\n\n\n<p>\u25cf<\/p>\n\n\n\n<p>Oui&nbsp;! Jusqu\u2019\u00e0 l\u00e0, cela a \u00e9t\u00e9 toujours pareil&nbsp;: nous avons, trop souvent, rajout\u00e9 de l\u2019ombre \u00e0 l\u2019ombre&nbsp;!<\/p>\n\n\n\n<p>\u25a0<\/p>\n\n\n\n<p>Oui, tu as raison&nbsp;! \u00c0 ce moment-l\u00e0, nous avons souvent rajout\u00e9 de l\u2019ombre \u00e0 l\u2019ombre. Et, en le faisant, nous nous sommes bien compliqu\u00e9s la vie\u2026 Et nous avons pos\u00e9 de gros probl\u00e8mes \u00e0 tous les \u00catres qui constituent notre Terre.<\/p>\n\n\n\n<p>Nous avons fait des n\u0153uds sur des n\u0153uds. Nous avons augment\u00e9 la complexit\u00e9 de notre labyrinthe\u2026&nbsp;<\/p>\n\n\n\n<p>Si nous ne changeons pas notre attitude vis \u00e0 vis de l\u2019ombre, \u00e0 notre \u00e9chelle, elle restera, momentan\u00e9ment, insoluble&nbsp;!&nbsp;<\/p>\n\n\n\n<p>Alors, la v\u00e9ritable solution, c\u2019est d\u2019aimer les n\u0153uds que nous avons mis en place jusqu\u2019\u00e0 l\u00e0.<\/p>\n\n\n\n<p>Et donc, dans tous ces mots-l\u00e0 que nous utilisons pour exprimer notre conscience et notre inconscience actuelles, il va falloir, les uns apr\u00e8s les autres, y reconna\u00eetre de mieux en mieux la Lumi\u00e8re \u00c9ternelle.<\/p>\n\n\n\n<p>Mais, \u00ab&nbsp;reconna\u00eetre la Lumi\u00e8re dans l\u2019ombre&nbsp;\u00bb, \u00e7a, c\u2019est, exactement, ce que l\u2019ombre nous a interdit depuis le d\u00e9but de son existence imagin\u00e9e&nbsp;!&nbsp;<\/p>\n\n\n\n<p>En effet, \u00ab&nbsp;<em>L\u2019ombre sait se faire belle<\/em>&nbsp;\u00bb&nbsp;! Oui, mais\u2026 Oui, mais\u2026&nbsp;!<\/p>\n\n\n\n<p>\u25cf<\/p>\n\n\n\n<p>La Pens\u00e9e, dans ces cas-l\u00e0\u2026 Elle nous trompe\u2026&nbsp;?<\/p>\n\n\n\n<p>\u25a0<\/p>\n\n\n\n<p>Oui&nbsp;! Quand notre Pens\u00e9e raisonne \u00e0 partir de l\u2019ombre, elle utilise exactement la m\u00eame intelligence que lorsqu\u2019elle raisonne \u00e0 partir de la Lumi\u00e8re\u2026 <\/p>\n\n\n\n<p>Seulement, l\u00e0, gr\u00e2ce \u00e0 cette intelligence, elle va nous faire des raisonnements impeccables, convaincants, qui peuvent m\u00eame para\u00eetre beaux, mais qui sont tous b\u00e2tis sur l\u2019ombre\u2026<\/p>\n\n\n\n<p>Et ces raisonnements, aussi intelligents soient-ils, vont nous tromper&nbsp;! C\u2019est dans ce cas-l\u00e0, probablement, que l\u2019on dit que \u00ab\u00a0l\u2019ombre sait se faire belle\u00a0\u00bb&nbsp;!<\/p>\n\n\n\n<p>Voil\u00e0, \u00e7a, c\u2019est une premi\u00e8re chose dont tu avais parl\u00e9 tout \u00e0 l&rsquo;heure\u2026&nbsp;Et \u00e0 laquelle je voulais r\u00e9agir.<\/p>\n\n\n\n<p><\/p>\n\n\n\n<p class=\"has-text-align-right\"><em>L\u2019Unit\u00e9&nbsp;\u00c2me-Corps-Pens\u00e9e<\/em><\/p>\n\n\n\n<p>Ensuite, tu as parl\u00e9 de \u00ab&nbsp;dissociation \u00c2me\/\/moi&nbsp;\u00bb \u2026&nbsp;<\/p>\n\n\n\n<p>Alors \u00e7a, cette pr\u00e9tendue s\u00e9paration possible entre nous et notre \u00c2me, c\u2019est simplement parce que nous oublions que l\u2019\u00c2me est partout&nbsp;!&nbsp;<\/p>\n\n\n\n<p>C\u2019est-\u00e0-dire, comme nous l\u2019avons d\u00e9j\u00e0 dit, mais nous allons le redire&nbsp;: l\u2019\u00c2me est dans tous les plans de notre \u00catre\u2026 comme, bien s\u00fbr, le sont \u00e9galement le Corps et la Pens\u00e9e&nbsp;!<\/p>\n\n\n\n<p>C\u2019est pour simplifier notre raisonnement que nous parlons&nbsp;soit de l\u2019\u00c2me d\u2019un c\u00f4t\u00e9, soit de la Pens\u00e9es d\u2019un autre c\u00f4t\u00e9, soit du Corps d\u2019un troisi\u00e8me c\u00f4t\u00e9\u2026&nbsp;<\/p>\n\n\n\n<p>Et, l\u00e0, nous avons l\u2019impression d\u2019avoir tout dit en les distinguant comme des aspects, bien distincts, bien s\u00e9par\u00e9s \u2026&nbsp;autonomes les uns par rapport aux autres&#8230;<\/p>\n\n\n\n<p>Mais non&nbsp;! Et c\u2019est tr\u00e8s clair&nbsp;! Le Corps, l&rsquo;\u00c2me et la Pens\u00e9e, sont \u00ab\u00a0un seul \u00catre\u00a0\u00bb&#8230; <\/p>\n\n\n\n<p>Et nous pouvons exprimer cela en disant qu&rsquo;il y a, bien s\u00fbr, l\u2019aspect \u00c2me de l\u2019\u00c2me, mais il y a \u00e9galement l\u2019aspect \u00c2me du Corps et l\u2019aspect \u00c2me de la Pens\u00e9e\u2026 L\u2019\u00c2me est donc \u00ab\u00a0Une\u00a0\u00bb avec tout le reste&nbsp;!<\/p>\n\n\n\n<p>De m\u00eame, il y a bien s\u00fbr l\u2019aspect Corps du Corps, mais il y a \u00e9galement l\u2019aspect Corps de l\u2019\u00c2me et l\u2019aspect Corps de la Pens\u00e9e\u2026 et ainsi de suite\u2026<\/p>\n\n\n\n<p>Donc, l\u2019\u00c2me est partout&nbsp;! Le Corps est partout&nbsp;! Et la Pens\u00e9e est partout\u2026 Et c&rsquo;est ainsi, car ils sont \u00ab\u00a0un seul \u00catre\u00a0\u00bb.<\/p>\n\n\n\n<p>\u25cf<\/p>\n\n\n\n<p>\u00c7a je le sais\u2026 C\u2019est intellectuel&nbsp;! Mais je ne le vis pas&nbsp;!<\/p>\n\n\n\n<p>\u25a0<\/p>\n\n\n\n<p>Si&nbsp;! Tu le vis puisque nous en discutons. Et, \u00e0 mon avis, tu arrives \u00e0 le concevoir quand m\u00eame tr\u00e8s bien&nbsp;!<\/p>\n\n\n\n<p>Mais, c&rsquo;est pour l&rsquo;instant une r\u00e9alit\u00e9 limit\u00e9e, une r\u00e9alit\u00e9 imaginaire, il y a encore, trop souvent, l\u2019aspect ombre en nous, c&rsquo;est \u00e0 dire cette \u00ab&nbsp;perte de conscience de la Lumi\u00e8re en Tout&nbsp;\u00bb&nbsp;\u2026<\/p>\n\n\n\n<p>Et la coquinerie de l\u2019ombre en nous, c\u2019est qu\u2019elle appelle nos m\u00e9moires d\u2019ombre \u00e0 la rescousse&nbsp;! Et alors, nous nous retrouvons en train de faire une ribambelle de petits et grands raisonnements ombreux&nbsp;!&nbsp;<\/p>\n\n\n\n<p>Et l\u00e0, nous avons pu penser&#8230; et dire, par exemple&nbsp;:&nbsp;<\/p>\n\n\n\n<p>\u00ab&nbsp;Je ne peux pas penser \u00e7a&nbsp;!&nbsp;\u00bb&nbsp; <\/p>\n\n\n\n<p>\u00ab&nbsp;Je n\u2019ai pas le droit de penser \u00e7a&nbsp;!&nbsp;\u00bb&nbsp;<\/p>\n\n\n\n<p>\u00ab&nbsp;C\u2019est trop simple de penser ce que je suis le plus heureux de penser&nbsp;!&nbsp;\u00bb&nbsp;<\/p>\n\n\n\n<p>\u00ab&nbsp;Je ne peux pas \u00eatre heureux de penser ce que je pense \u00e0 cent pour cent&nbsp;!&nbsp;\u00bb<\/p>\n\n\n\n<p>\u00ab&nbsp;Il faut bien que je laisse un peu de place \u00e0 l\u2019ombre&nbsp;!&nbsp;\u00bb&nbsp;<\/p>\n\n\n\n<p>\u00ab L&rsquo;ombre existe, c&rsquo;est un fait&#8230; Le mal existera pour toujours.&nbsp;\u00bb<\/p>\n\n\n\n<p>\u00ab&nbsp;Ce n\u2019est pas possible que ce soit aussi simple, aussi pur\u2026 ce n\u2019est pas possible\u2026&nbsp;!&nbsp;\u00bb<\/p>\n\n\n\n<p>Etc\u2026 etc\u2026&nbsp;<\/p>\n\n\n\n<p>C&rsquo;est \u00e0 dire une ribambelle de pens\u00e9es qui se sont construites depuis le presque d\u00e9but de l&rsquo;humanit\u00e9 et que personne, mais vraiment personne, n&rsquo;a jamais \u00e9t\u00e9 heureux de penser !<\/p>\n\n\n\n<p>Mais, en R\u00e9alit\u00e9, bien s\u00fbr que c\u2019est possible&nbsp;! La Lumi\u00e8re existe depuis toujours et pour toujours&nbsp;! La Lumi\u00e8re, c&rsquo;est \u00ab\u00a0la\u00a0\u00bb R\u00e9alit\u00e9 Elle-m\u00eame&nbsp;!&nbsp;&nbsp;C\u2019est comme \u00e7a&nbsp;: La Lumi\u00e8re, c&rsquo;est \u00ab\u00a0le\u00a0\u00bb Fait \u00c9ternel. <\/p>\n\n\n\n<p>Mais, nous l&rsquo;avons voil\u00e9e ce Fait \u00c9ternel qu&rsquo;est la Lumi\u00e8re.<\/p>\n\n\n\n<p>Cela nous semble impossible \u00e0 cause de ce voile d\u2019ombre, donc de ce voile de perte de conscience de la Lumi\u00e8re que nous avons cr\u00e9\u00e9 gr\u00e2ce au \u00ab\u00a0mesusage\u00a0\u00bb de notre Libre Arbitre&#8230; <\/p>\n\n\n\n<p>Un mesusage devenu tr\u00e8s \u00e9pais&#8230; Si \u00e9pais qu&rsquo;il donne m\u00eame l&rsquo;illusion d&rsquo;une omnipr\u00e9sence.<\/p>\n\n\n\n<p>Ce voile d&rsquo;ombre, nous l\u2019avons d\u2019abord imagin\u00e9, invent\u00e9, une premi\u00e8re fois.<\/p>\n\n\n\n<p>Et puis, pendant des mill\u00e9naires et des mill\u00e9naires, nous l\u2019avons argument\u00e9 copieusement\u2026 Nous avons expliqu\u00e9, et r\u00e9-expliqu\u00e9, avec notre merveilleuse intelligence, que c\u2019\u00e9tait la nature de l\u2019homme&#8230; Nous avons expliqu\u00e9, tr\u00e8s intelligemment \u00e9galement, que nous ne pouvions pas \u00e9chapper \u00e0 notre nature ombreuse\u2026 etc.<\/p>\n\n\n\n<p>Et, dans chaque vie successive, nous avons appris cette ombre \u00e0 nos enfants.<\/p>\n\n\n\n<p>Mais, justement, il n\u2019y a aucune dissociation r\u00e9elle entre l\u2019\u00c2me et le moi, aucune\u2026 Il n\u2019y a qu\u2019une dissociation \u00ab\u00a0pens\u00e9e\u00a0\u00bb&nbsp;!<\/p>\n\n\n\n<p>\u25cf<\/p>\n\n\n\n<p>Oui,&nbsp;\u00e7a, j\u2019en suis convaincue, mais je ne le vis pas&nbsp;!<\/p>\n\n\n\n<p>\u25a0<\/p>\n\n\n\n<p>Bien s\u00fbr que tu le vis&nbsp;! Tu ne peux pas faire autrement que de le vivre&nbsp;! <\/p>\n\n\n\n<p>Tu es vivante parce que tu es une \u00c2me incarn\u00e9e dans un Corps\u2026 Sinon tu ne serais pas vivante dans ce corps&nbsp;! Tu sais bien que lorsque l\u2019\u00c2me quitte le Corps, nous mourrons\u2026&nbsp;<\/p>\n\n\n\n<p>Donc, automatiquement, ce que tu appelles \u00ab&nbsp;moi&nbsp;\u00bb, c\u2019est \u00e0 dire \u00ab&nbsp;l\u2019ego&nbsp;\u00bb, te permet de vivre la conscience de l\u2019unit\u00e9 du Corps, de l\u2019\u00c2me et de la Pens\u00e9e en toi&#8230; C&rsquo;est \u00e0 dire en l&rsquo;\u00catre que tu es.<\/p>\n\n\n\n<p>\u25cf<\/p>\n\n\n\n<p>Mais, alors&#8230; Il est o\u00f9, mon choix&nbsp;?<\/p>\n\n\n\n<p><\/p>\n\n\n\n<p class=\"has-text-align-right\"><em>Que peut-on choisir&nbsp;?<\/em><\/p>\n\n\n\n<p>\u25a0<\/p>\n\n\n\n<p>Notre choix le plus important, il est simple :&nbsp;<\/p>\n\n\n\n<p>Soit, nous choisissons de permettre \u00e0 \u00ab&nbsp;la conscience&nbsp;\u00bb de la Lumi\u00e8re \u00c9ternelle d\u2019augmenter, \u00e0 son Rythme Originel, chez l&rsquo;\u00catre humain que nous sommes, comme c\u2019est toujours, encore aujourd&rsquo;hui, le cas pour les \u00catres min\u00e9raux, v\u00e9g\u00e9taux et animaux\u2026<\/p>\n\n\n\n<p>Et l\u00e0, nous vivons l\u2019Harmonie Originelle et nous sommes, tout simplement \u00ab\u00a0heureux\u00a0\u00bb\u2026 Et nous n&rsquo;\u00e9voluons qu&rsquo;heureux.<\/p>\n\n\n\n<p>Soit, nous choisissons de ralentir l\u2019ouverture naturelle de notre \u00ab&nbsp;conscience&nbsp;\u00bb de la Lumi\u00e8re \u00c9ternelle, sans jamais arriver \u00e0 en perdre conscience totalement et encore moins \u00e0 arr\u00eater totalement son ouverture\u2026<\/p>\n\n\n\n<p>Et alors l\u00e0, nous vivons le sentiment de dysharmonie et et nous ressentons la merveilleuse souffrance qui nous signale que nous faisons l\u2019inverse de ce que nous voulons le plus faire de toute \u00e9ternit\u00e9&nbsp;!<\/p>\n\n\n\n<p>Voil\u00e0 notre choix&nbsp;!&nbsp;<\/p>\n\n\n\n<p>La Lumi\u00e8re \u00c9ternelle, Elle-m\u00eame, n\u2019est pas un choix\u2026 c\u2019est LA R\u00e9alit\u00e9 Absolue&nbsp;!<\/p>\n\n\n\n<p>Mais, \u00e0 chaque instant, nous pouvons choisir d\u2019en \u00eatre, encore, plus ou moins conscients\u2026 Et \u00e7a, c\u2019est \u00ab&nbsp;notre&nbsp;\u00bb choix&nbsp;!<\/p>\n\n\n\n<p>Le seul choix que nous ayons, c\u2019est le choix de notre conscience. <\/p>\n\n\n\n<p>La seule libert\u00e9 que personne ne peut nous enlever, c\u2019est notre libert\u00e9 de penser.<\/p>\n\n\n\n<p>Cela \u00e9tant, il y a des tas de choix que nous ne pouvons pas changer \u00e0 cet instant&nbsp;: ces choix nous les avons fait en amont&#8230; Et parfois de nombreux milliards d&rsquo;ann\u00e9es en amont&nbsp;!<\/p>\n\n\n\n<p>Par exemple, dans cette vie, tu es une femme et pendant toute cette vie tu ne peux pas, pour l\u2019instant, choisir d\u2019\u00eatre un homme\u2026&nbsp;Ceci a \u00e9t\u00e9 choisi en amont&#8230; Tu ne pourras le choisir \u00e0 nouveau que pour une vie prochaine&nbsp;!<\/p>\n\n\n\n<p>Pour l\u2019instant, \u00e9galement, comme moi, tu dois vivre avec la pesanteur et tu ne peux pas t&rsquo;en lib\u00e9rer et \u00e9lever ton corps simplement, dans la pi\u00e8ce o\u00f9 tu te trouves, jusqu\u2019au plafond\u2026 Pour l\u2019instant, toi et moi, nous ne le pouvons pas\u2026 <\/p>\n\n\n\n<p>Combien de vies nous faudra-t-il pour pouvoir changer un tel choix qui a \u00e9t\u00e9 fait il y a des milliards et des milliards d&rsquo;ann\u00e9es, au presque d\u00e9but pr\u00e9tendu de cet univers, lorsque les seuls \u00catres, que nous \u00e9tions d\u00e9j\u00e0, \u00e9taient min\u00e9raux&nbsp;?<\/p>\n\n\n\n<p>\u00c9galement, tu es oblig\u00e9e de respirer pour vivre, tu n\u2019as pas le choix de respirer ou pas, tout en restant dans ce corps&nbsp;! L\u00e0, ce sont des choix qui ont \u00e9t\u00e9 faits alors que les \u00catres v\u00e9g\u00e9taux que nous \u00e9tions, \u00e9taient apparus sur notre terre min\u00e9rale, il y a des millions et des millions d&rsquo;ann\u00e9es. <\/p>\n\n\n\n<p>Combien de temps nous faudra-t-il vivre pour que notre conscience puisse continuer \u00e0 s&rsquo;ouvrir sans que notre Corps ait besoin de respirer&nbsp;? Et puis, cela est-il vraiment int\u00e9ressant&nbsp;?<\/p>\n\n\n\n<p>etc. etc.<\/p>\n\n\n\n<p>La conscience, que nous avons pour l\u2019instant, des Lois Divines, fait que notre corps doit se soumettre \u00e0 tout ces choix tr\u00e8s anciens et que nous n\u2019avons pas encore le choix en ce qui concerne ceux-ci&nbsp;! Et que peut-\u00eatre certains, nous ne les aurons jamais parce que cela ne sera jamais int\u00e9ressant pour notre ouverture de conscience.<\/p>\n\n\n\n<p>Nous \u00ab&nbsp;devons&nbsp;\u00bb absorber de l\u2019\u00e9nergie, nous \u00ab&nbsp;devons&nbsp;\u00bb bouger, nous \u00ab&nbsp;devons&nbsp;\u00bb respirer\u2026<\/p>\n\n\n\n<p>Mais, par contre, il y a un choix que nous avons \u00e0 chaque instant&#8230; Et c&rsquo;est bien, de mon point de vue, le plus important&#8230; <\/p>\n\n\n\n<p>Et ce choix fondamental, l&rsquo;ombre n&rsquo;a jamais pu et ne pourra jamais nous l&rsquo;enlever&nbsp;: <\/p>\n\n\n\n<p>Nous avons le choix d\u2019\u00eatre heureux, ou pas, de la situation que nous vivons \u00e0 cet instant&nbsp;?<\/p>\n\n\n\n<p>\u00c7a, c\u2019est bien \u00ab&nbsp;notre&nbsp;\u00bb choix&nbsp;? N\u2019est-ce pas&nbsp;? C&rsquo;est bien notre \u00ab\u00a0libre choix\u00a0\u00bb ?<\/p>\n\n\n\n<p><\/p>\n\n\n\n<p class=\"has-text-align-right\"><em>L\u00e2cher prise<\/em><\/p>\n\n\n\n<p>\u25cf<\/p>\n\n\n\n<p>Oui&nbsp;! Mais, \u00e0 ce moment-l\u00e0, cela me donne la sensation d\u2019un \u00e9norme \u00ab\u00a0l\u00e2cher prise\u00a0\u00bb&nbsp;!<\/p>\n\n\n\n<p>En effet, je suis en train de d\u00e9couvrir que c\u2019est \u00ab&nbsp;ma volont\u00e9 de vouloir g\u00e9rer et de vouloir contr\u00f4ler&nbsp;\u00e0 tout prix\u00bb qui fait que je trouve cela difficile, voire impossible\u2026&nbsp;<\/p>\n\n\n\n<p>Parce que, c\u2019est comme si, \u00e0 ce moment-l\u00e0, il y a une partie de moi qui doit perdre le contr\u00f4le\u2026 Et je crains de perdre le contr\u00f4le&nbsp;!<\/p>\n\n\n\n<p>\u25a0<\/p>\n\n\n\n<p>Mais, tu crains de perdre le contr\u00f4le au profit de quoi ?<\/p>\n\n\n\n<p>\u25cf<\/p>\n\n\n\n<p>Au profit de l\u2019ombre&nbsp;!<\/p>\n\n\n\n<p>\u25a0<\/p>\n\n\n\n<p>Eh bien non&nbsp;! C\u2019est au profit de la Lumi\u00e8re que tu vas perdre le contr\u00f4le&nbsp;! <\/p>\n\n\n\n<p>C\u2019est \u00e0 la Lumi\u00e8re que tu vas enfin \u00ab&nbsp;consciemment&nbsp;\u00bb offrir le contr\u00f4le qu\u2019Elle a de toutes les fa\u00e7ons toujours eu et qu\u2019elle aura toujours&nbsp;!<\/p>\n\n\n\n<p>Croire qu\u2019il y a autre chose que la Lumi\u00e8re qui \u00ab&nbsp;contr\u00f4le&nbsp;\u00bb ma vie, c\u2019est tout simplement perdre conscience de l &lsquo;Omnipr\u00e9sence de la Lumi\u00e8re et donc imaginer l\u2019ombre\u2026 Et, \u00e0 partir de la, nous pouvons vivre selon cette imagination, maintenant ombreuse&nbsp;!<\/p>\n\n\n\n<p>La R\u00e9alit\u00e9, c\u2019est qu\u2019il n\u2019y a \u00ab\u00a0que\u00a0\u00bb la Lumi\u00e8re qui contr\u00f4le ma vie et rien d\u2019autre&nbsp;!<\/p>\n\n\n\n<p>On peut m\u00eame, plus simplement, dire qu\u2019il n\u2019y a que la Lumi\u00e8re Divine qui \u00ab&nbsp;soit&nbsp;\u00bb ma vie.<\/p>\n\n\n\n<p>\u25cf<\/p>\n\n\n\n<p>Ah&nbsp;! Je comprends, \u00e0 cet instant, que c\u2019est pour \u00e7a que j\u2019avais cette impression de dissociation \u00c2me\/\/moi\u2026 Je voulais bien laisser le contr\u00f4le encore un petit peu \u00e0 l\u2019\u00c2me, mais alors, je pensais que ce n\u2019\u00e9tait plus \u00ab&nbsp;moi&nbsp;\u00bb&nbsp;!<\/p>\n\n\n\n<p><\/p>\n\n\n\n<p class=\"has-text-align-right\"><em>Les noms de Dieu<\/em><\/p>\n\n\n\n<p>\u25a0<\/p>\n\n\n\n<p>Oui, c&rsquo;est probablement cela, mais voil\u00e0&nbsp;: l\u2019\u00c2me et toi, c\u2019est \u00ab&nbsp;Un&nbsp;\u00bb&nbsp;!&nbsp;<\/p>\n\n\n\n<p>Et il y a une sorte de l\u00e2cher-prise sur l\u2019ombre qui va effectivement nous permettre, si l&rsquo;on peut dire ainsi, de reconna\u00eetre le pouvoir de la Lumi\u00e8re qui l&rsquo;avait toujours eu, de toutes les fa\u00e7ons&nbsp;: \u00ab&nbsp;<em>Mon P\u00e8re que \u00ab\u00a0Ta\u00a0\u00bb volont\u00e9 soit faite et non la mienne<\/em>&nbsp;\u00bb, c\u2019est tout&nbsp;!<\/p>\n\n\n\n<p>Et \u00e0 partir de l\u00e0, nous vivons selon le P\u00e8re\u2026 Nous acceptons d\u2019exprimer le P\u00e8re&nbsp; et le P\u00e8re seulement&nbsp;! Par notre Corps, par notre Pens\u00e9e, nous exprimons l\u2019\u00c2me en tout&nbsp;!<\/p>\n\n\n\n<p>L\u2019\u00c2me est reconnue dans tous les trois plans de notre \u00catre. L\u2019\u00c2me, le Divin en nous, est omnipr\u00e9sente en nous. Cela ne peut pas \u00eatre autrement&nbsp;!&nbsp;<\/p>\n\n\n\n<p>Mais, c\u2019est vrai, nous pouvons en avoir conscience ou pas\u2026&nbsp;ou plut\u00f4t, nous pouvons en avoir plus ou moins conscience.<\/p>\n\n\n\n<p>Et \u00e7a, c\u2019est \u00ab&nbsp;notre&nbsp;\u00bb choix&nbsp;!<\/p>\n\n\n\n<p>Mais, le Divin ne peut pas \u00eatre pr\u00e9sent, ici, et absent, l\u00e0-bas\u2026&nbsp;<\/p>\n\n\n\n<p>Dieu ne peut pas \u00eatre pr\u00e9sent dans ce que tu as appel\u00e9 tout \u00e0 l\u2019heure \u00ab&nbsp;l\u2019\u00c2me&nbsp;\u00bb et  absent dans ce que tu as appel\u00e9 tout \u00e0 l\u2019heure \u00ab&nbsp;le moi&nbsp;\u00bb\u2026<\/p>\n\n\n\n<p>C\u2019est le m\u00eame Dieu&nbsp;! Il y a un seul Dieu et il est Omnipr\u00e9sent&nbsp;! Donc, Il est autant pr\u00e9sent dans ce que tu appelles ton \u00ab&nbsp;moi&nbsp;\u00bb, ton \u00ab&nbsp;\u00c2me&nbsp;\u00bb, ton \u00ab&nbsp;Corps&nbsp;\u00bb, ou dans ce que nous appelons \u00ab&nbsp;l\u2019autre&nbsp;\u00bb \u2026&nbsp;etc.<\/p>\n\n\n\n<p>Quelque que soit le mot que tu utilises, que nous allons utiliser, ce sera un des noms de Dieu&nbsp;!<\/p>\n\n\n\n<p>Nous n\u2019avons pas d\u2019autres options. Mais, c\u2019est vrai que nous n\u2019avons pas eu, pour l&rsquo;instant, l\u2019habitude de cette conscience-l\u00e0\u2026 Aveugl\u00e9s que nous \u00e9tions par l&rsquo;ombre.<\/p>\n\n\n\n<p><\/p>\n\n\n\n<p class=\"has-text-align-right\"><em>Une dr\u00f4le de d\u00e9cision<\/em><\/p>\n\n\n\n<p>\u25cf<\/p>\n\n\n\n<p>C\u2019est quand m\u00eame bizarre&nbsp;!&nbsp;<\/p>\n\n\n\n<p>C\u2019est comme si je devais prendre une d\u00e9cision par rapport \u00e0 quelque chose qui est d\u00e9j\u00e0 l\u00e0 et dont, de toute fa\u00e7on, je ne peux pas faire autrement que ce soit&nbsp;!<\/p>\n\n\n\n<p>\u25a0<\/p>\n\n\n\n<p>Eh oui&nbsp;! Eh oui&nbsp;! Et pourtant, depuis que nous sommes humains, nous avons ce \u00ab\u00a0Libre Arbitre\u00a0\u00bb&#8230; Et nous en avons m\u00e9sus\u00e9 pendant longtemps. Et de ce fait nous avons mis en place des masses de m\u00e9moires tr\u00e8s importantes&nbsp;: semble-t-il environ 100.000 \u00e0 150.000 ann\u00e9es de m\u00e9moires humaines pour chacun de nous&#8230; et pour tous&nbsp;!<\/p>\n\n\n\n<p>Et ces m\u00e9moires, elles sont toujours actives&#8230; Et elles demandent \u00e0 \u00eatre aim\u00e9es et \u00e0 \u00eatre ainsi r\u00e9int\u00e9gr\u00e9es dans la conscience de l\u2019Unit\u00e9.&nbsp;<\/p>\n\n\n\n<p>Or, nous avons d&rsquo;abord, un jour, il y a bien longtemps pour la plupart d&rsquo;entre nous imagin\u00e9 l&rsquo;ombre.<\/p>\n\n\n\n<p>D\u00e8s cet instant, nous avions toujours oppos\u00e9 l\u2019ombre \u00e0 la Lumi\u00e8re\u2026<\/p>\n\n\n\n<p>Et puis enseign\u00e9 par l&rsquo;ombre elle-m\u00eame, nous avons, trop souvent, combattu l\u2019ombre que nous avions imagin\u00e9e\u2026<\/p>\n\n\n\n<p> Et, donc, nous avons combattu l\u2019ombre avec plus d\u2019ombre.<\/p>\n\n\n\n<p>Et l\u00e0, tu vois, tu avais imagin\u00e9 une dissociation \u00ab&nbsp;\u00c2me \/\/ moi&nbsp;\u00bb, comme tu dis\u2026 Quelque part, tu avais pr\u00e9tendu qu\u2019il y avait une s\u00e9paration entre \u00ab\u00a0la Lumi\u00e8re\u00a0\u00bb et \u00ab\u00a0toi\u00a0\u00bb<\/p>\n\n\n\n<p>Mais, il n\u2019y a pas de s\u00e9paration&nbsp;! Il n&rsquo;y a jamais eu de s\u00e9paration possible&#8230; Et il n&rsquo;y en aura jamais.<\/p>\n\n\n\n<p>Il ne peut pas y avoir de s\u00e9paration entre la Lumi\u00e8re Omnipr\u00e9sente et la Lumi\u00e8re Omnipr\u00e9sente&nbsp;! <\/p>\n\n\n\n<p>Ce n\u2019est pas possible autrement que dans notre imagination qui a \u00ab&nbsp;imagin\u00e9&nbsp;\u00bb perdre conscience de l\u2019Omnipr\u00e9sence de la Lumi\u00e8re\u2026 <\/p>\n\n\n\n<p>Alors qu&rsquo;en r\u00e9alit\u00e9 l&rsquo;ombre n&rsquo;a imagin\u00e9 seulement qu&rsquo;un ralentissement de l&rsquo;ouverture naturelle de la conscience, ouverture \u00e0 la Lumi\u00e8re qui est \u00e9ternellement obligatoire.<\/p>\n\n\n\n<div style=\"height:61px\" aria-hidden=\"true\" class=\"wp-block-spacer\"><\/div>\n\n\n\n\n","protected":false},"excerpt":{"rendered":"<p>28 Juin 2021 LES 8 ENTRETIENS 1\u00e8re PARTIE du 3\u00c8ME&nbsp;ENTRETIEN de Deux Petits Artisans de la Lumi\u00e8re parmi d\u2019Autres&nbsp;:&nbsp; \u25a0 et \u25cf L\u2019\u00c2me de toutes les vertus Click&nbsp;! \u25a0 Voil\u00e0, \u00e7a y est, nous enregistrons&nbsp;! Tr\u00e8s bien&nbsp;! Alors comment vas-tu ? Je vois que tu as presque fini la transcription de notre 1\u00e8re&nbsp;rencontre\u2026 Bravo et &hellip; <a href=\"https:\/\/behappy8.org\/?p=1430\" class=\"more-link\">Continuer la lecture<span class=\"screen-reader-text\"> de &laquo;&nbsp;Les 8 Entretiens (1\u00e8re Partie\u00a0du\u00a03\u00e8me Entretien)&nbsp;&raquo;<\/span><\/a><\/p>\n","protected":false},"author":1,"featured_media":0,"comment_status":"open","ping_status":"open","sticky":false,"template":"","format":"chat","meta":{"footnotes":""},"categories":[569],"tags":[170,160,327,1060,363,591,1052,389,1074,1084,65,1049,1072,810,1054,1081,1083,720,345,23,1051,1062,1064,103,475,1050,1070,744,1069,1058,1079,112,1065,1082,604,8,555,163,141,320,656,325,1047,242,1067,1068,236,136,49,226,1080,1077,1063,1055,1075,1056,255,1078,658,221,655,1059,1066,1071,1048,1061,230,326,1076,419,1073],"class_list":["post-1430","post","type-post","status-publish","format-chat","hentry","category-3eme-entretien-8","tag-ame","tag-amour","tag-animal","tag-aspect-ame","tag-cain","tag-cainisme","tag-ce-nest-pas-facile","tag-choix","tag-choix-de-notre-conscience","tag-combattre-lombre","tag-conscience","tag-conversation","tag-coquinerie-de-lombre","tag-corps-ame-pensee","tag-difficile","tag-dissociation-ame-moi","tag-drole-de-decision","tag-ego","tag-enfants","tag-etre-heureux","tag-experience-de-lunite","tag-facile","tag-freiner","tag-heureux","tag-imagination","tag-incapable-daimer","tag-lame-est-partout","tag-letre","tag-lombre-sait-se-faire-belle","tag-lorigine-de-la-pensee","tag-lacher-prise","tag-le-plus-important","tag-les-etres-les-plus-beaux","tag-les-noms-de-dieu","tag-libre","tag-libre-arbitre","tag-loi-divine","tag-lumiere","tag-lumiere-dans-lombre","tag-memoires","tag-merveilleuse-souffrance","tag-mineral","tag-moi","tag-mots","tag-noeuds","tag-noeuds-sur-noeuds","tag-obsession","tag-ombre","tag-omnipresence","tag-paradis","tag-perdre-controle","tag-pesanteur","tag-plantes","tag-possible-ou-impossible","tag-realite-abolue","tag-reeduque","tag-repeter","tag-respirer","tag-rythme-originel","tag-separation","tag-souffrance","tag-soyons-sages","tag-tenir-pied","tag-tout-est-un","tag-transcription","tag-transmuter","tag-unite","tag-vegetal","tag-vie-prochaine","tag-vocabulaire","tag-voile","post_format-post-format-chat"],"_links":{"self":[{"href":"https:\/\/behappy8.org\/index.php?rest_route=\/wp\/v2\/posts\/1430","targetHints":{"allow":["GET"]}}],"collection":[{"href":"https:\/\/behappy8.org\/index.php?rest_route=\/wp\/v2\/posts"}],"about":[{"href":"https:\/\/behappy8.org\/index.php?rest_route=\/wp\/v2\/types\/post"}],"author":[{"embeddable":true,"href":"https:\/\/behappy8.org\/index.php?rest_route=\/wp\/v2\/users\/1"}],"replies":[{"embeddable":true,"href":"https:\/\/behappy8.org\/index.php?rest_route=%2Fwp%2Fv2%2Fcomments&post=1430"}],"version-history":[{"count":26,"href":"https:\/\/behappy8.org\/index.php?rest_route=\/wp\/v2\/posts\/1430\/revisions"}],"predecessor-version":[{"id":1544,"href":"https:\/\/behappy8.org\/index.php?rest_route=\/wp\/v2\/posts\/1430\/revisions\/1544"}],"wp:attachment":[{"href":"https:\/\/behappy8.org\/index.php?rest_route=%2Fwp%2Fv2%2Fmedia&parent=1430"}],"wp:term":[{"taxonomy":"category","embeddable":true,"href":"https:\/\/behappy8.org\/index.php?rest_route=%2Fwp%2Fv2%2Fcategories&post=1430"},{"taxonomy":"post_tag","embeddable":true,"href":"https:\/\/behappy8.org\/index.php?rest_route=%2Fwp%2Fv2%2Ftags&post=1430"}],"curies":[{"name":"wp","href":"https:\/\/api.w.org\/{rel}","templated":true}]}}