{"id":1441,"date":"2024-07-08T15:50:05","date_gmt":"2024-07-08T13:50:05","guid":{"rendered":"https:\/\/behappy8.org\/?p=1441"},"modified":"2024-09-13T11:41:05","modified_gmt":"2024-09-13T09:41:05","slug":"26-present-passe-avenir-etc","status":"publish","type":"post","link":"https:\/\/behappy8.org\/?p=1441","title":{"rendered":"26 \u2022 Pr\u00e9sent, Pass\u00e9, Avenir&#8230; etc&#8230;\u00a0"},"content":{"rendered":"\n\n\n\n\n<div style=\"height:69px\" aria-hidden=\"true\" class=\"wp-block-spacer\"><\/div>\n\n\n\n<figure class=\"wp-block-audio\"><audio controls src=\"https:\/\/behappy8.org\/wp-content\/uploads\/2024\/07\/26-\u2022-Present-Passe-Avenir.-etc.-.m4a\" loop><\/audio><\/figure>\n\n\n\n<div style=\"height:70px\" aria-hidden=\"true\" class=\"wp-block-spacer\"><\/div>\n\n\n\n<p>Voici la copie du commentaire qu&rsquo;un ami, dont le pseudonymes est \u00ab\u00a0\u00catreSoi\u00a0\u00bb, a fait sur ce site&#8230; Et ma r\u00e9action, amicale, \u00e0 ce commentaire qui m&rsquo;a beaucoup int\u00e9ress\u00e9.<\/p>\n\n\n\n<p>Voici ce commentaire :<\/p>\n\n\n\n<p><em><strong><mark style=\"background-color:rgba(0, 0, 0, 0)\" class=\"has-inline-color has-dark-red-color\">\u00a0\u00bb&nbsp;Accepter la pens\u00e9e que l\u2019on n\u2019est pas heureux de penser, c\u2019est \u00e0 dire ne pas lutter contre elle, est essentiel. C\u2019est d\u00e9j\u00e0 \u00eatre heureux\u2026\u00a0\u00bb<\/mark><\/strong><\/em><\/p>\n\n\n\n<p>Comme je me suis pris au jeu de la pens\u00e9e en y r\u00e9fl\u00e9chissant, mon commentaire s&rsquo;est fait assez long, beaucoup plus long que ce que je pensais au d\u00e9part&#8230; <\/p>\n\n\n\n<p>Et finalement, je me suis d\u00e9cid\u00e9 \u00e0 ce qu&rsquo;il sorte d&rsquo;un simple commentaire et qu&rsquo;il soit publi\u00e9 comme un article de ce \u00ab\u00a0Blog\u00a0\u00bb.<\/p>\n\n\n\n<p>Voici donc ce qu&rsquo;est devenue ma r\u00e9ponse qui a consist\u00e9, finalement, simplement \u00e0 jouer au BeHappy, ce jeu de la pens\u00e9e auquel j&rsquo;ai jou\u00e9 plus longtemps que ce que j&rsquo;avais pr\u00e9vu au d\u00e9part&#8230; <\/p>\n\n\n\n<p>Mais, ceci n&rsquo;est-il pas le propos de ce site BeHappy8&nbsp;?<\/p>\n\n\n\n<div style=\"height:18px\" aria-hidden=\"true\" class=\"wp-block-spacer\"><\/div>\n\n\n\n<hr class=\"wp-block-separator has-text-color has-dark-gray-color has-alpha-channel-opacity has-dark-gray-background-color has-background\"\/>\n\n\n\n<div style=\"height:18px\" aria-hidden=\"true\" class=\"wp-block-spacer\"><\/div>\n\n\n\n<p>\u00a0\u00bb&nbsp;Coucou, mon ami ! Et merci beaucoup pour ton commentaire\u2026 Celui-ci, semble-t-il, m&rsquo;a beaucoup stimul\u00e9&#8230; J&rsquo;y r\u00e9agis avec plaisir ici, et bien plus longuement que ce que je le pensais au d\u00e9part :<\/p>\n\n\n\n<p>Mais, revoyons, d&rsquo;abord quelques bases du jeu auquel nous avons d\u00e9cid\u00e9 de jouer ensemble sur ce site BeHappy8 :<\/p>\n\n\n\n<p>Rappelons-nous, d&rsquo;abord, \u00ab\u00a0qu&rsquo;\u00eatre heureux nous-m\u00eames, \u00catres humains que nous sommes, c&rsquo;est le plus important pour nous et pour tous les autres \u00catres.\u00a0\u00bb<\/p>\n\n\n\n<p>Rappelons-nous \u00e9galement que \u00ab\u00a0nous ne pouvons avoir conscience de la Joie que nous sommes, et donc \u00ab\u00a0\u00catre heureux\u00a0\u00bb, qu&rsquo;en pensant ce que nous sommes les plus heureux de penser.<\/p>\n\n\n\n<p>Rappelons aussi que la Joie (ou la Lumi\u00e8re, ou le Divin&#8230; etc.) dont nous sommes l&rsquo;Expression \u00c9ternelle, ne varie pas en fonction de ce que nous pensons. <\/p>\n\n\n\n<p>Par exemple, son Omnipr\u00e9sence ne diminue pas lorsque nous pensons des pens\u00e9es que nous ne sommes pas heureux de penser&#8230; Ni d&rsquo;ailleurs si nous pensons les pens\u00e9es que nous sommes les plus heureux de penser&nbsp;!<\/p>\n\n\n\n<p>Ce qui varie, avec nos diff\u00e9rentes pens\u00e9es, c&rsquo;est notre conscience. <\/p>\n\n\n\n<p>Ou, plus pr\u00e9cis\u00e9ment, ce qui varie, c&rsquo;est la vitesse d&rsquo;ouverture de notre conscience \u00e0 la Joie, \u00e0 la Lumi\u00e8re, c&rsquo;est \u00e0 dire \u00e0 Dieu&#8230;<\/p>\n\n\n\n<p>C&rsquo;est finalement la qualit\u00e9 de la pens\u00e9e, que nous choisissons \u00e0 chaque instant, gr\u00e2ce au Libre Arbitre dont nous les \u00catres humains sommes dot\u00e9s, qui d\u00e9cide de la vitesse d&rsquo;ouverture de notre conscience&nbsp;:<\/p>\n\n\n\n<p>Ainsi, ce que j&rsquo;aime penser, pour l&rsquo;instant, c&rsquo;est que notre ouverture de conscience \u00e0 la Lumi\u00e8re s&rsquo;acc\u00e9l\u00e8re chaque fois que nous pensons la pens\u00e9e que nous sommes les plus heureux de penser \u00e0 cet instant.<\/p>\n\n\n\n<p>Mais, ce que je suis, \u00e9galement, heureux de penser, c&rsquo;est que notre ouverture de conscience \u00e0 la Lumi\u00e8re se ralentie chaque fois que nous pensons une pens\u00e9e qui n&rsquo;est pas celle que nous sommes les plus heureux de penser \u00e0 cet instant.<\/p>\n\n\n\n<p>Par contre, et c&rsquo;est pour moi tr\u00e8s important, \u00e0 aucun moment l&rsquo;ouverture de la conscience de tous les \u00catres, qu&rsquo;ils soient humains, animaux, v\u00e9g\u00e9taux ou min\u00e9raux, ne peut cesser totalement&#8230; Et encore moins r\u00e9gresser.<\/p>\n\n\n\n<p>Nous, les \u00catres humains, ne pouvons donc qu&rsquo;acc\u00e9l\u00e9rer ou ralentir&nbsp;l&rsquo;ouverture Naturelle, Originelle et obligatoire de notre conscience.<\/p>\n\n\n\n<p>C&rsquo;est l\u00e0, vraiment, ce que je suis le plus heureux de penser \u00e0 cet instant et cela depuis un bon moment&nbsp;!<\/p>\n\n\n\n<p>Cette ouverture de la conscience de \u00ab\u00a0tous\u00a0\u00bb les \u00catres, quels qu&rsquo;ils soient, ne peut qu&rsquo;\u00eatre active en chacun de nous, depuis toujours et pour toujours&#8230;<\/p>\n\n\n\n<p>Seules les vitesses d&rsquo;ouverture de leurs consciences peuvent varier et donc \u00eatre diff\u00e9rentes selon les moments d&rsquo;une vie et donc, en cons\u00e9quence, selon les diff\u00e9rentes vies v\u00e9cues par chacun des \u00catres que nous sommes tous.<\/p>\n\n\n\n<p>Et, de ceci, il r\u00e9sulte que chaque \u00catre existe, \u00e0 cet instant, exactement comme il est.<\/p>\n\n\n\n<p>Pour faire un raccourci, je peux dire que : \u00ab\u00a0l&rsquo;ombre\u00a0\u00bb ou \u00ab\u00a0le mal\u00a0\u00bb n&rsquo;est que la perte de conscience de la Lumi\u00e8re.<\/p>\n\n\n\n<p>Mais, si je veux m&rsquo;amuser \u00e0 \u00eatre plus pr\u00e9cis, je peux alors dire que l&rsquo;ombre, n&rsquo;est que \u00ab\u00a0la diminution de la vitesse d&rsquo;ouverture de la conscience de la Lumi\u00e8re\u00a0\u00bb par rapport \u00e0 sa vitesse d&rsquo;ouverture Originelle.<\/p>\n\n\n\n<p>Et ceci a, au m\u00eame instant, des cons\u00e9quences sur l&rsquo;\u00c2me, la Pens\u00e9e et le Corps qui sont ins\u00e9parables,&nbsp;qui&nbsp;sont&nbsp;consubstantiels<\/p>\n\n\n\n<div style=\"height:15px\" aria-hidden=\"true\" class=\"wp-block-spacer\"><\/div>\n\n\n\n<hr class=\"wp-block-separator has-text-color has-dark-gray-color has-alpha-channel-opacity has-dark-gray-background-color has-background\"\/>\n\n\n\n<div style=\"height:15px\" aria-hidden=\"true\" class=\"wp-block-spacer\"><\/div>\n\n\n\n<p>Maintenant, voici quelques autres pens\u00e9es que j&rsquo;ai \u00e9t\u00e9 heureux de penser&nbsp;&nbsp;:<\/p>\n\n\n\n<p>J&rsquo;ai, en effet, plaisir \u00e0 remarquer que cela simplifie grandement notre r\u00e9flexion, et nos communications, lorsque nous utilisons les temps de la conjugaison des verbes qui tentent de d\u00e9crire le mieux possible la R\u00e9alit\u00e9 :<\/p>\n\n\n\n<p>C&rsquo;est \u00e0 dire, que&nbsp;nous&nbsp;utilisons, le temps de conjugaison du pass\u00e9 pour parler, librement, du pass\u00e9, dont nous nous rappelons au pr\u00e9sent.<\/p>\n\n\n\n<p>Ensuite,&nbsp;nous&nbsp;utilisons le temps de conjugaison du futur pour parler, librement l\u00e0 aussi, de l&rsquo;avenir que nous choisissons d&rsquo;envisager, \u00e0 cet instant pr\u00e9sent \u00e9galement\u2026<\/p>\n\n\n\n<p>Et, bien s\u00fbr, ce qui est encore plus \u00e9vident, utilisons le temps de conjugaison du pr\u00e9sent pour exprimer notre Libre Arbitre qui, lui, ne peut s&rsquo;exercer qu&rsquo;\u00e0&nbsp;cet&nbsp;instant.<\/p>\n\n\n\n<p>Sur ce sujet, ce que j&rsquo;aime \u00e0 penser actuellement, c&rsquo;est que ce sont probablement les \u00catres humains, les plus beaux parmi tous, qui dans certaines de leurs incarnations pass\u00e9es, probablement assez anciennes, ont invent\u00e9 les \u00ab\u00a0conjugaisons\u00a0\u00bbdes&nbsp;verbes pour mieux exprimer leurs r\u00e9flexions et mieux les communiquer aux autres \u00catres humains qui y \u00e9taient sensibles.<\/p>\n\n\n\n<p>En tous les cas, dans ma vie actuelle, j&rsquo;ai remarqu\u00e9 que cela \u00e9tait bien pratique d&rsquo;utiliser ces conjugaisons \u00e0 bon escient pour r\u00e9fl\u00e9chir moi-m\u00eame plus agr\u00e9ablement et pour transmettre plus efficacement le r\u00e9sultat de mes r\u00e9flexions \u00e0 ceux qui y \u00e9taient int\u00e9ress\u00e9s.<\/p>\n\n\n\n<p>Alors, c&rsquo;est pourquoi j&rsquo;apprends, toujours mieux, \u00e0 respecter les temps de conjugaison pour exprimer, toujours plus&nbsp;pr\u00e9cis\u00e9ment, ma pens\u00e9e&#8230; et aussi la relier avec plus d&rsquo;efficacit\u00e9 \u00e0 d&rsquo;autres pens\u00e9es.<\/p>\n\n\n\n<p>Et cela demande de l&rsquo;attention&nbsp;! En&nbsp;effet,&nbsp;il&nbsp;y&nbsp;a&nbsp;eu&nbsp;de nombreuses torsions mise&nbsp;en&nbsp;place&nbsp;dans l&rsquo;usages des temps de conjugaison&nbsp;des&nbsp;verbes&#8230;&nbsp;Nous avons pris l&rsquo;habitude de les&nbsp;mettre en place sous la pression de l&rsquo;ombre, en nous et chez les autres.<\/p>\n\n\n\n<p>Ainsi, ceci&nbsp;\u00e9tant&nbsp;dit,&nbsp;si l&rsquo;on reprend ton commentaire que je relis&nbsp;:<\/p>\n\n\n\n<p><mark style=\"background-color:rgba(0, 0, 0, 0)\" class=\"has-inline-color has-dark-gray-color\"><em>\u00a0\u00bb&nbsp;Accepter la pens\u00e9e que l\u2019on n\u2019<strong>est<\/strong> pas heureux de penser, c\u2019est \u00e0 dire ne pas lutter contre elle, est essentiel. C\u2019est d\u00e9j\u00e0 \u00eatre heureux\u2026\u00a0\u00bb<\/em><\/mark><\/p>\n\n\n\n<p>Eh bien, prenons conscience que nous ne pensons qu&rsquo;une pens\u00e9e \u00e0 la fois, m\u00eame si la succession des pens\u00e9es, parfois tr\u00e8s rapide, peut nous donner la fausse impression que l&rsquo;on pense plusieurs pens\u00e9es \u00e0 la fois.<\/p>\n\n\n\n<p>Si, par exemple, j&rsquo;h\u00e9site entre r\u00e9pondre \u00ab\u00a0oui\u00a0\u00bb ou \u00ab\u00a0non\u00a0\u00bb \u00e0 une question tr\u00e8s importante pour moi, cela ne veut pas dire que je pense \u00ab\u00a0oui\u00a0\u00bb et \u00ab\u00a0non\u00a0\u00bb en m\u00eame temps, mais simplement que je pense alternativement \u00ab\u00a0oui\u00a0\u00bb, puis \u00ab\u00a0non\u00a0\u00bb, puis \u00ab\u00a0oui\u00a0\u00bb, puis \u00ab\u00a0non\u00a0\u00bb, puis \u00ab\u00a0oui\u00a0\u00bb, puis \u00ab\u00a0non\u00a0\u00bb etc&#8230;<\/p>\n\n\n\n<p>D&rsquo;ailleurs, si ce type d&rsquo;h\u00e9sitation est trop intense, s&rsquo;il dure trop longtemps et que la personne le vit trop douloureusement, cela se manifeste finalement dans l&rsquo;aspect Corps de cette \u00catre humain comme un \u00ab\u00a0tremblement\u00a0\u00bb, un tremblement physique&nbsp;: c&rsquo;est ce que l&rsquo;on a appel\u00e9 la maladie de Parkinson.<\/p>\n\n\n\n<p>Mais revenons, l\u00e0, \u00e0 ton commentaire&#8230; Dans la r\u00e9alit\u00e9, nous ne pouvons vivre donc que le pr\u00e9sent&#8230; Et donc, au pr\u00e9sent, nous ne pouvons \u00ab\u00a0qu&rsquo;observer\u00a0\u00bb le pass\u00e9,&nbsp;mais&nbsp;pas&nbsp;le&nbsp;vivre.<\/p>\n\n\n\n<p>Donc, je crois que ce que tu voulais vraiment exprimer, c&rsquo;est ceci:<\/p>\n\n\n\n<p>\u00ab\u00a0Accepter la pens\u00e9e que l&rsquo;on <strong>n&rsquo;a pas \u00e9t\u00e9<\/strong> heureux de penser, c&rsquo;est \u00e0 dire ne plus lutter contre elle est essentiel. C&rsquo;est \u00eatre heureux.\u00a0\u00bb<\/p>\n\n\n\n<p>Ou, pour donner plus de d\u00e9tails&nbsp;:<\/p>\n\n\n\n<p>\u00ab\u00a0Accepter (\u00e0 cet instant pr\u00e9sent) la pens\u00e9e que l&rsquo;on n&rsquo;a pas \u00e9t\u00e9 heureux de penser (dans le pass\u00e9), c&rsquo;est \u00e0 dire ne plus lutter (\u00e0 l&rsquo;instant  pr\u00e9sent suivant) contre cette pens\u00e9e du pass\u00e9e, est essentiel. C&rsquo;est \u00eatre heureux (\u00e0 ce nouveau pr\u00e9sent-ci)&#8230;\u00a0\u00bb<\/p>\n\n\n\n<p>Finalement, pour le dire tr\u00e8s, tr\u00e8s simplement :<\/p>\n\n\n\n<p>\u00catre heureux d&rsquo;avoir \u00e9t\u00e9 malheureux, c&rsquo;est \u00ab\u00a0\u00eatre heureux\u00a0\u00bb&nbsp;!<\/p>\n\n\n\n<p>Mais&nbsp;aussi&nbsp;:&nbsp;\u00catre heureux de mon pass\u00e9, c&rsquo;est&nbsp;le gu\u00e9rir.<\/p>\n\n\n\n<p>Pour&nbsp;le&nbsp;redire&nbsp;un&nbsp;peu&nbsp;diff\u00e9remment&nbsp;:&nbsp;\u00c0 cet instant pr\u00e9sent, je ne peux donc penser qu&rsquo;une seule pens\u00e9e\u2026 qui exprime mon Libre Arbitre.<\/p>\n\n\n\n<p>Et c&rsquo;est ainsi que c&rsquo;est \u00e0 cet instant pr\u00e9sent seulement que je peux observer une pens\u00e9e que je&nbsp;n&rsquo;ai&nbsp;pu&nbsp;penser&nbsp;que dans mon pass\u00e9.&nbsp;Et&nbsp;ceci m\u00eame si ce&nbsp;pass\u00e9,&nbsp;c&rsquo;est juste l&rsquo;instant qui pr\u00e9c\u00e8de, d&rsquo;un centi\u00e8me de seconde, l&rsquo;instant&nbsp;pr\u00e9sent o\u00f9 je l&rsquo;observe.<\/p>\n\n\n\n<p>Au pr\u00e9sent, nous ne pouvons donc \u00ab\u00a0qu&rsquo;observer\u00a0\u00bb le pass\u00e9.<\/p>\n\n\n\n<p>Chaque instant meurt \u00e0 l&rsquo;instant-m\u00eame o\u00f9 il na\u00eet.<\/p>\n\n\n\n<p>Et les po\u00e8tes ont exprim\u00e9 cela souvent, comme Lamartine avec ces magnifiques vers&nbsp;:<\/p>\n\n\n\n<p class=\"has-text-align-center\"><em>\u00ab&nbsp;Le livre de la vie est le livre supr\u00eame<\/em><\/p>\n\n\n\n<p class=\"has-text-align-center\"><em>On voudrait revenir \u00e0 la page o\u00f9 on aime&nbsp;<\/em><\/p>\n\n\n\n<p class=\"has-text-align-center\"><em>Et la page o\u00f9 l\u2019on meurt est d\u00e9j\u00e0 sous nos doigts\u2026&nbsp;\u00bb<\/em><\/p>\n\n\n\n<div style=\"height:20px\" aria-hidden=\"true\" class=\"wp-block-spacer\"><\/div>\n\n\n\n<hr class=\"wp-block-separator has-text-color has-dark-gray-color has-alpha-channel-opacity has-dark-gray-background-color has-background\"\/>\n\n\n\n<div style=\"height:19px\" aria-hidden=\"true\" class=\"wp-block-spacer\"><\/div>\n\n\n\n<p>Heureusement que, lorsque j&rsquo;essaie de parler de tels concepts, ce qui est le plus important pour moi, c&rsquo;est simplement d&rsquo;\u00eatre heureux d&rsquo;exprimer ce que je suis le plus heureux de penser&#8230; Et ceci avec les mots que je suis le plus heureux d&rsquo;utiliser \u00e0 cet instant.<\/p>\n\n\n\n<p>En effet, je ne m&rsquo;impose aucun autre imp\u00e9ratif qui serait plus important que celui-ci&nbsp;: \u00ab\u00a0Penser ce que je suis le plus heureux de penser\u00a0\u00bb.<\/p>\n\n\n\n<p>Par exemple, je pr\u00e9f\u00e8re, et de loin, \u00eatre heureux qu&rsquo;avoir raison&#8230; Mais, je sais que plus je suis heureux, plus je m&rsquo;approche de la V\u00e9rit\u00e9&#8230; Sans, cependant,&nbsp;jamais l&rsquo;atteindre&nbsp;!<\/p>\n\n\n\n<p>Pour paraphraser, grossi\u00e8rement, Picasso : J&rsquo;ai mis toute une vie pour arriver \u00e0 penser \u00e0 nouveau comme un enfant&nbsp;!<\/p>\n\n\n\n<p>La V\u00e9rit\u00e9 n&rsquo;est pas immobile, mais Elle est Infiniment Vivante&#8230; Et nous en prenons toujours plus connaissance depuis toujours, en sachant cependant qu&rsquo;elle est toujours plus Vraie que ce que nous avons cru jusqu&rsquo;\u00e0 l\u00e0.<\/p>\n\n\n\n<p>Et chaque fois que l&rsquo;\u00catre humain a tent\u00e9 d&rsquo;immobiliser la V\u00e9rit\u00e9, de la fossiliser, l&rsquo;intol\u00e9rance et les guerres sont arriv\u00e9es au galop<\/p>\n\n\n\n<p>La V\u00e9rit\u00e9 est Une et Vivante, mais aucun \u00catre ne peut en avoir la m\u00eame conscience&#8230; <\/p>\n\n\n\n<p>Et \u00ab\u00a0toutes\u00a0\u00bb les consciences de la Lumi\u00e8re sont aussi parfaites les unes que les autres.<\/p>\n\n\n\n<div style=\"height:20px\" aria-hidden=\"true\" class=\"wp-block-spacer\"><\/div>\n\n\n\n<hr class=\"wp-block-separator has-text-color has-dark-gray-color has-alpha-channel-opacity has-dark-gray-background-color has-background is-style-default\"\/>\n\n\n\n<div style=\"height:20px\" aria-hidden=\"true\" class=\"wp-block-spacer\"><\/div>\n\n\n\n<p>C&rsquo;est toujours extraordinaire d&rsquo;exp\u00e9rimenter le fait qu&rsquo;une pens\u00e9e n&rsquo;est jamais isol\u00e9e, suspendue, toute seule dans l&rsquo;univers des pens\u00e9es, mais qu&rsquo;elle est toujours reli\u00e9e \u00e0 l&rsquo;Infini des autres pens\u00e9es par des fils que nous ne&nbsp;pouvons que&nbsp;d\u00e9couvrir de mieux en mieux au fur et \u00e0 mesure que nous sommes plus heureux.<\/p>\n\n\n\n<p>Chacun, s&rsquo;il est heureux de le d\u00e9cider, peut ressentir que tous les Corps des \u00catres que nous sommes tous sont \u00ab\u00a0Un\u00a0\u00bb avec l&rsquo;infini de tous les Corps des autres \u00catres.<\/p>\n\n\n\n<p>Ainsi, le Corps des \u00catres humains que nous sommes sont non seulement reli\u00e9s, mais\u00a0\u00bbUn\u00a0\u00bb avec les Corps de tous les autres \u00catres qu&rsquo;ils soient humains, bien s\u00fbr, mais aussi animaux, v\u00e9g\u00e9taux et min\u00e9raux.<\/p>\n\n\n\n<p>Nous ressentons bien que d\u00e8s que nous,&nbsp;les&nbsp;\u00catres&nbsp;humains, avons perdu conscience de cette Unit\u00e9&nbsp;que&nbsp;nous&nbsp;sommes&nbsp;tous, les probl\u00e8mes \u00e9cologiques ont commenc\u00e9.<\/p>\n\n\n\n<p>Et ces probl\u00e8mes \u00e9cologiques ont toujours augment\u00e9, au fur et \u00e0 mesure o\u00f9 nous l&rsquo;avons oubli\u00e9 un peu plus&#8230; ou beaucoup plus&#8230; Comme en t\u00e9moigne la souffrance actuelle de tous les \u00catres de la terre&nbsp;!<\/p>\n\n\n\n<p>Eh bien, en ce qui concerne l&rsquo;aspect Pens\u00e9e des \u00catres, c&rsquo;est la m\u00eame unit\u00e9 entre toutes les pens\u00e9es individuelles de tous les \u00catres. <\/p>\n\n\n\n<p>\u00c0 cet instant, notre pens\u00e9e, \u00e0 nous les \u00catres humains, est toujours reli\u00e9e et unie \u00e0 toutes les pens\u00e9es de tous les autres \u00catres de l&rsquo;Univers.<\/p>\n\n\n\n<p>Cette pens\u00e9e pr\u00e9sente, que nous choisissons, gr\u00e2ce \u00e0 notre Libre Arbitre depuis que nous sommes humains, est reli\u00e9e \u00e0 toutes les pens\u00e9es que tous les \u00catres ont pens\u00e9es depuis toujours&#8230; Et \u00e0 toutes les pens\u00e9es que nous penserons, librement, dans le futur.<\/p>\n\n\n\n<div style=\"height:53px\" aria-hidden=\"true\" class=\"wp-block-spacer\"><\/div>\n\n\n\n<p><em>\u00ab\u00a0Soit ce que tu veux que le monde devienne.<\/em>\u00a0\u00bb nous dit Gandhi.<\/p>\n\n\n\n<p>Pensons d\u00e8s maintenant ce que nous voulons que le monde pense dans l&rsquo;avenir.<\/p>\n\n\n\n<p>Soyons heureux maintenant,&nbsp;puisque nous voulons que le monde le devienne.<\/p>\n\n\n\n<div style=\"height:57px\" aria-hidden=\"true\" class=\"wp-block-spacer\"><\/div>\n\n\n\n\n","protected":false},"excerpt":{"rendered":"<p>Voici la copie du commentaire qu&rsquo;un ami, dont le pseudonymes est \u00ab\u00a0\u00catreSoi\u00a0\u00bb, a fait sur ce site&#8230; Et ma r\u00e9action, amicale, \u00e0 ce commentaire qui m&rsquo;a beaucoup int\u00e9ress\u00e9. Voici ce commentaire : \u00a0\u00bb&nbsp;Accepter la pens\u00e9e que l\u2019on n\u2019est pas heureux de penser, c\u2019est \u00e0 dire ne pas lutter contre elle, est essentiel. C\u2019est d\u00e9j\u00e0 \u00eatre &hellip; <a href=\"https:\/\/behappy8.org\/?p=1441\" class=\"more-link\">Continuer la lecture<span class=\"screen-reader-text\"> de &laquo;&nbsp;26 \u2022 Pr\u00e9sent, Pass\u00e9, Avenir&#8230; etc&#8230;\u00a0&nbsp;&raquo;<\/span><\/a><\/p>\n","protected":false},"author":1,"featured_media":0,"comment_status":"open","ping_status":"open","sticky":false,"template":"","format":"chat","meta":{"footnotes":""},"categories":[95],"tags":[1016,1012,170,1011,364,99,1010,316,1022,65,169,1044,281,724,990,1014,55,1041,103,1023,1040,481,1015,52,61,1036,1037,92,1034,803,114,8,1035,163,1031,72,1018,1033,49,71,329,1019,1020,177,66,1042,1043,215,1038,1025,176,1028,1017,1024,1013,1027,1046,1030,1029,54,1039,1021,1032],"class_list":["post-1441","post","type-post","status-publish","format-chat","hentry","category-blog","tag-accelerer","tag-accepter","tag-ame","tag-amitie","tag-avenir","tag-behappy8","tag-commentaire","tag-communiquer","tag-conjugaisons","tag-conscience","tag-corps","tag-corps-uni","tag-divin","tag-ecologie","tag-etres-humains","tag-expression-eternelle","tag-gandhi","tag-guerre","tag-heureux","tag-incarnations-passees","tag-intolerance","tag-inventer","tag-jaime-penser","tag-joie","tag-lombre","tag-la-page-ou-lon-aime","tag-la-page-ou-lon-meurt","tag-lamartine","tag-le-livre-de-la-vie","tag-le-mal","tag-les-autres-etres","tag-libre-arbitre","tag-livre-supreme","tag-lumiere","tag-maladie-de-parkinson","tag-non","tag-nul-ne-peut-regresser","tag-observer-le-passe","tag-omnipresence","tag-oui","tag-ouverture","tag-ouverture-naturelle-de-la-conscience","tag-ouverture-originelle-de-la-conscience","tag-passe","tag-pensee","tag-pensee-reliee","tag-pensee-unie","tag-perte-de-conscience","tag-picasso","tag-precision","tag-present","tag-pression-de-lombre","tag-ralentir","tag-reflechir","tag-reflection","tag-torsions","tag-tout-est-relie-a-tout","tag-tremblements","tag-une-pensee-a-la-fois","tag-verite","tag-verite-vivante","tag-vitesse-douverture","tag-vivre-le-present","post_format-post-format-chat"],"_links":{"self":[{"href":"https:\/\/behappy8.org\/index.php?rest_route=\/wp\/v2\/posts\/1441","targetHints":{"allow":["GET"]}}],"collection":[{"href":"https:\/\/behappy8.org\/index.php?rest_route=\/wp\/v2\/posts"}],"about":[{"href":"https:\/\/behappy8.org\/index.php?rest_route=\/wp\/v2\/types\/post"}],"author":[{"embeddable":true,"href":"https:\/\/behappy8.org\/index.php?rest_route=\/wp\/v2\/users\/1"}],"replies":[{"embeddable":true,"href":"https:\/\/behappy8.org\/index.php?rest_route=%2Fwp%2Fv2%2Fcomments&post=1441"}],"version-history":[{"count":26,"href":"https:\/\/behappy8.org\/index.php?rest_route=\/wp\/v2\/posts\/1441\/revisions"}],"predecessor-version":[{"id":2037,"href":"https:\/\/behappy8.org\/index.php?rest_route=\/wp\/v2\/posts\/1441\/revisions\/2037"}],"wp:attachment":[{"href":"https:\/\/behappy8.org\/index.php?rest_route=%2Fwp%2Fv2%2Fmedia&parent=1441"}],"wp:term":[{"taxonomy":"category","embeddable":true,"href":"https:\/\/behappy8.org\/index.php?rest_route=%2Fwp%2Fv2%2Fcategories&post=1441"},{"taxonomy":"post_tag","embeddable":true,"href":"https:\/\/behappy8.org\/index.php?rest_route=%2Fwp%2Fv2%2Ftags&post=1441"}],"curies":[{"name":"wp","href":"https:\/\/api.w.org\/{rel}","templated":true}]}}