{"id":1476,"date":"2021-05-15T11:27:00","date_gmt":"2021-05-15T09:27:00","guid":{"rendered":"https:\/\/behappy8.org\/?p=1476"},"modified":"2024-07-29T07:01:09","modified_gmt":"2024-07-29T05:01:09","slug":"les-8-entretiens-2eme-partie-du-3eme-entretien","status":"publish","type":"post","link":"https:\/\/behappy8.org\/?p=1476","title":{"rendered":"Les 8 Entretiens (2\u00e8me Partie\u00a0du\u00a03\u00e8me Entretien)\u00a0"},"content":{"rendered":"\n\n\n\n\n<div style=\"height:72px\" aria-hidden=\"true\" class=\"wp-block-spacer\"><\/div>\n\n\n\n<figure class=\"wp-block-audio\"><audio controls src=\"https:\/\/behappy8.org\/wp-content\/uploads\/2024\/07\/Les-8-Entretiens-2eme-Partie-du-3eme-Entretien.m4a\" loop><\/audio><\/figure>\n\n\n\n<div style=\"height:84px\" aria-hidden=\"true\" class=\"wp-block-spacer\"><\/div>\n\n\n\n<p>Et, donc, nous avons combattu l\u2019ombre avec plus d\u2019ombre.<\/p>\n\n\n\n<p>Et l\u00e0, tu vois, tu avais imagin\u00e9 une dissociation \u00ab&nbsp;\u00c2me \/\/ moi&nbsp;\u00bb, comme tu dis\u2026 Quelque part, tu avais pr\u00e9tendu qu\u2019il y avait une s\u00e9paration entre \u00ab\u00a0la Lumi\u00e8re\u00a0\u00bb et \u00ab\u00a0toi\u00a0\u00bb<\/p>\n\n\n\n<p>Mais, il n\u2019y a pas de s\u00e9paration&nbsp;! Il n&rsquo;y a jamais eu de s\u00e9paration possible&#8230; Et il n&rsquo;y en aura jamais.<\/p>\n\n\n\n<p>Il ne peut pas y avoir de s\u00e9paration entre la Lumi\u00e8re Omnipr\u00e9sente et la Lumi\u00e8re Omnipr\u00e9sente&nbsp;! <\/p>\n\n\n\n<p>Ce n\u2019est pas possible autrement que dans notre imagination qui a \u00ab&nbsp;imagin\u00e9&nbsp;\u00bb perdre conscience de l\u2019Omnipr\u00e9sence de la Lumi\u00e8re\u2026 <\/p>\n\n\n\n<p>Alors qu&rsquo;en r\u00e9alit\u00e9 l&rsquo;ombre en nous n&rsquo;a imagin\u00e9 seulement qu&rsquo;un ralentissement de l&rsquo;ouverture naturelle de la conscience, ouverture \u00e0 la Lumi\u00e8re qui est \u00e9ternellement obligatoire.<\/p>\n\n\n\n<p><\/p>\n\n\n\n<p class=\"has-text-align-right\"><em>Croire et vivre<\/em><\/p>\n\n\n\n<p>\u25cf<\/p>\n\n\n\n<p>Oui, je sais&nbsp;! Mais, c\u2019est comme \u00e7a que je l\u2019ai v\u00e9cu&nbsp;! Le v\u00e9cu est l\u00e0\u2026<\/p>\n\n\n\n<p>\u25a0<\/p>\n\n\n\n<p>Tu as bien raison de dire que tu \u00ab&nbsp;l\u2019as&nbsp;\u00bb v\u00e9cu\u2026 Parce que, actuellement, il est \u00e9vident que tu es en train de vaciller largement&nbsp;!&nbsp;<\/p>\n\n\n\n<p>Donc, aujourd\u2019hui, tu ne le vis plus de fa\u00e7on aussi inconsciente que tu le vivais par le pass\u00e9.\u00a0<\/p>\n\n\n\n<p>Tu bascules&nbsp;de plus en plus souvent vers la conscience de l\u2019Unit\u00e9 de la Lumi\u00e8re en tout\u2026 Et donc vers la conscience que ton \u00ab&nbsp;\u00c2me&nbsp;\u00bb et ton \u00ab&nbsp;moi&nbsp;\u00bb c\u2019est \u00ab&nbsp;Un&nbsp;\u00bb.&nbsp;<\/p>\n\n\n\n<p>Intellectuellement, au moins, \u00e7a c\u2019est acquis&nbsp;!&nbsp;<\/p>\n\n\n\n<p>\u25cf<\/p>\n\n\n\n<p>Oui&nbsp;! C\u2019est vrai.<\/p>\n\n\n\n<p><\/p>\n\n\n\n<p class=\"has-text-align-right\"><em>La patience des m\u00e9moires<\/em><\/p>\n\n\n\n<p>\u25a0<\/p>\n\n\n\n<p>Maintenant, et c\u2019est normal, il faut qu\u2019\u00e9motionnellement tous les plans de notre \u00catre, avec tout ce qui les compose, re\u00e7oivent la m\u00eame conscience de la Lumi\u00e8re.&nbsp;<\/p>\n\n\n\n<p>Il est donc n\u00e9cessaire que nous acceptions et que nous nous ouvrions pour que cette conscience puisse circuler librement dans tous les plans et dans tous leurs contenus\u2026 et y danser&nbsp;! Bien s\u00fbr&nbsp;!&nbsp;<\/p>\n\n\n\n<p>Et c\u2019est ce qui se passe&nbsp;! C\u2019est bien ce que nous sommes en train de faire ensemble, comme la plupart des gens sur cette terre actuellement\u2026<\/p>\n\n\n\n<p>Nos \u00e9changes n\u2019ont pas d\u2019autres buts que de favoriser cette conscience de la Lumi\u00e8re dans tous les aspects de nos \u00catres&nbsp;: dans le moi, dans l\u2019\u00c2me, dans le Corps, dans la Pens\u00e9e&#8230; etc\u2026<\/p>\n\n\n\n<p>Mais, c\u2019est vrai, en m\u00eame temps, il y a pleins de m\u00e9moires qui se pr\u00e9sentent au portillon de notre conscience&nbsp;! <\/p>\n\n\n\n<p>Et, c\u2019est normal&nbsp;: ces m\u00e9moires attendaient depuis tellement longtemps la reconnaissance qu\u2019elles ne sont que Lumi\u00e8re&nbsp;!<\/p>\n\n\n\n<p><\/p>\n\n\n\n<p class=\"has-text-align-right\"><em>L\u2019impatience des m\u00e9moires<\/em><\/p>\n\n\n\n<p>Alors, ces m\u00e9moires sont maintenant l\u00e0, aux portes de notre conscience&nbsp;! Sentant que ce qu&rsquo;elles attendent depuis si longtemps est maintenant possible, elles se pr\u00e9sentent avec une esp\u00e8ce de fr\u00e9n\u00e9sie\u2026 <\/p>\n\n\n\n<p>Et elles viennent, elles viennent \u00e0 notre conscience pour y \u00eatre enfin reconnues pour ce qu\u2019elles sont vraiment&nbsp;: Lumi\u00e8re Pure&nbsp;!&nbsp;<\/p>\n\n\n\n<p>Mais, les m\u00e9moires parlent leur langage c\u2019est-\u00e0-dire un langage largement ombreux, avec beaucoup de \u00ab&nbsp;Oui, mais\u2026&nbsp;\u00bb&nbsp;<\/p>\n\n\n\n<p>Mais ce langage, aussi ombreux qu&rsquo;il soit, qui exprime nos m\u00e9moires, veut \u00eatre reconnu, d\u2019abord en tant qu\u2019ombre et ensuite en tant que Lumi\u00e8re\u2026 Tu vois ce que je veux dire&nbsp;?&nbsp;<\/p>\n\n\n\n<p>Il faut d\u2019abord que nous le voyons comme cela a \u00e9t\u00e9. <\/p>\n\n\n\n<p>Et en effet, cela a \u00e9t\u00e9 des faits&nbsp;: nous avons pens\u00e9 \u00ab&nbsp;l\u2019ombre&nbsp;\u00bb, nous avons agit \u00ab&nbsp;l\u2019ombre&nbsp;\u00bb, et nous avons v\u00e9cu \u00ab&nbsp;l\u2019ombre&nbsp;\u00bb \u2026&nbsp;<\/p>\n\n\n\n<p>L\u2019ombre, n\u2019est-ce pas, c\u2019est la simple perte de conscience de la Lumi\u00e8re\u2026 Nous avons mis des mots, des raisonnements, des actes en place\u2026 Et tout cela en fonction de cette perte de conscience.<\/p>\n\n\n\n<p>Oui\u00a0! nous avions avions mis en place tout un vocabulaire, et des masses de raisonnements, souvent tr\u00e8s sophistiqu\u00e9s, et cela \u00e0 partir de cette perte de conscience\u2026\u00a0<\/p>\n\n\n\n<p>Et toute cette perte de conscience dit, venant du plus profond d\u2019elle : \u00ab&nbsp;Mais moi, la perte de conscience, l&rsquo;ombre, ne suis-je pas Lumi\u00e8re moi aussi, comme Tout&nbsp;?&nbsp;Ne puis-je pas, maintenant, \u00eatre reconnue pour ce que je suis r\u00e9ellement&nbsp;: Lumi\u00e8re \u00c9ternelle&nbsp;?&nbsp;\u00bb.<\/p>\n\n\n\n<p><\/p>\n\n\n\n<p class=\"has-text-align-right\"><em>Le choix<\/em><\/p>\n\n\n\n<p>Et c\u2019est l\u00e0, \u00e0 chaque fois, que nous choisissons en r\u00e9pondant&nbsp;: soit \u00ab&nbsp;Non&nbsp;\u00bb, soit \u00ab&nbsp;Oui&nbsp;\u00bb \u2026 Suivant en cela notre \u00ab&nbsp;libre d\u00e9cision&nbsp;\u00bb. Et personne d\u2019autre que nous ne peut intervenir dans ce choix.&nbsp;<\/p>\n\n\n\n<p>Toi, tu ne peux pas intervenir sur mon choix et moi, je ne peux pas intervenir sur ton choix\u2026<\/p>\n\n\n\n<p>Nous pouvons en discuter ensemble, mais \u00e0 un moment donn\u00e9, finalement, le choix nous revient \u00e0 chacun de nous&#8230; Et personne ne peut le faire \u00e0 notre place.<\/p>\n\n\n\n<p>Dieu Lui-m\u00eame ne le fera jamais \u00e0 notre place\u2026 <\/p>\n\n\n\n<p>Lui, Dieu, Il ne reprend jamais ce qu\u2019Il a donn\u00e9&nbsp;! Il ne reprendra donc jamais le Libre Arbitre \u00c9ternel qu\u2019il nous a donn\u00e9\u2026<\/p>\n\n\n\n<p>Dieu ne peut pas enfreindre les Lois Divines Parfaites qu\u2019il a Lui-m\u00eame mises en place\u2026<\/p>\n\n\n\n<p>Ou plut\u00f4t, nous pouvons dire qu&rsquo;il ne peut pas enfreindre les Lois Divines Parfaite \u00ab\u00a0qu\u2019Il Est\u00a0\u00bb&nbsp;!<\/p>\n\n\n\n<p>\u25cf<\/p>\n\n\n\n<p>Oui&nbsp;! C\u2019est \u00e9vident\u2026<\/p>\n\n\n\n<p>\u25a0<\/p>\n\n\n\n<p>Et donc, l\u00e0, sans arr\u00eat, nous nous encourageons les uns les autres. On se serre les coudes\u2026 Et c\u2019est pour cela que nous discutons, tous les deux ensemble, tu comprends&nbsp;?&nbsp;<\/p>\n\n\n\n<p>Mais, et c\u2019est le Fait \u00c9ternel, nous nageons dans la Lumi\u00e8re depuis toujours et pour toujours&nbsp;! Nous ne pouvons pas nous en \u00e9chapper et c\u2019est merveilleux&nbsp;! Nous ne pouvons pas \u00e9chapper&nbsp;\u00e0 la Lumi\u00e8re&nbsp;!<\/p>\n\n\n\n<p>Pour m&rsquo;amuser, parfois, je dis en plaisantant que Dieu est la Prison Parfaite&nbsp;: il n&rsquo;y a aucun mur, et nous ne pouvons pourtant jamais en sortir&nbsp;!<\/p>\n\n\n\n<p>&nbsp;Et, sans arr\u00eat, nous revenons vers cet app\u00e9tit insatiable de notre conscience de la Lumi\u00e8re\u2026 Lumi\u00e8re, dans Laquelle nous baignons depuis toujours et pour toujours&#8230; Lumi\u00e8re dont nous sommes totalement constitu\u00e9s.<\/p>\n\n\n\n<p>Et c\u2019est ainsi que depuis toujours, comme toute la cr\u00e9ation, nous avons augment\u00e9 notre conscience de la Lumi\u00e8re\u2026&nbsp;<\/p>\n\n\n\n<p><\/p>\n\n\n\n<p class=\"has-text-align-right\"><em>Depuis le caillou<\/em><\/p>\n\n\n\n<p>En effet, cela nous tient depuis que nous \u00e9tions caillou&nbsp;!&nbsp;<\/p>\n\n\n\n<p>Depuis toujours, la cr\u00e9ation a voulu ouvrir sa conscience de la Lumi\u00e8re&nbsp;!<\/p>\n\n\n\n<p>Depuis toujours, le min\u00e9ral veut \u00e9lever sa conscience \u00e0 la Lumi\u00e8re\u2026<\/p>\n\n\n\n<p>Les plantes, elles-aussi, veulent s\u2019ouvrir toujours plus \u00e0 la conscience de la Lumi\u00e8re\u2026 <\/p>\n\n\n\n<p>Et les animaux, depuis qu\u2019ils existent, ils cherchent eux aussi \u00e0 ouvrir leurs consciences \u00e0 la Lumi\u00e8re\u2026\u00a0<\/p>\n\n\n\n<p>Chacun \u00e0 son niveau de conscience, mais tous ne cherchent qu\u2019une seule chose\u2026 Et la cr\u00e9ation n\u2019est, finalement, que la somme de toutes les consciences de la Lumi\u00e8re qui s\u2019ouvrent, sans interruption, depuis toujours\u2026\u00a0Et pour toujours.<\/p>\n\n\n\n<p>Et jusqu\u2019\u00e0 la conscience animal, il n\u2019y a pas de possibilit\u00e9 de diff\u00e9rence\u00a0imagin\u00e9e entre \u00ab\u00a0conscience de la Lumi\u00e8re\u00a0\u00bb et \u00ab\u00a0la Lumi\u00e8re\u00a0\u00bb Elle-m\u00eame, parce que les animaux, comme les v\u00e9g\u00e9taux et les min\u00e9raux, n\u2019ont pas de \u00ab\u00a0Libre\u00a0\u00bb Conscience\u2026 Ils n&rsquo;ont\u00a0pas encore de Libre Arbitre&#8230;<\/p>\n\n\n\n<p>Et donc, jusqu\u2019\u00e0 ce niveau de conscience, les \u00catres existant dans la cr\u00e9ation, en tous les cas sur la terre, n\u2019ont jamais pu renier la Lumi\u00e8re\u2026 En imaginant une s\u00e9paration entre Elle et quelque chose d&rsquo;autre&#8230;<\/p>\n\n\n\n<p>Mais pour nous, les \u00catres humains, d\u00e8s que le Libre Arbitre nous a \u00e9t\u00e9 donn\u00e9, il a pu y avoir une pens\u00e9e de diff\u00e9rence entre d\u2019une part \u00ab&nbsp;la Lumi\u00e8re&nbsp;\u00bb et d\u2019autre part \u00ab&nbsp;la conscience que nous choisissions d&rsquo;en avoir&nbsp;\u00bb&nbsp;!&nbsp;<\/p>\n\n\n\n<p>Cependant, bien s\u00fbr, quoiqu\u2019il en pense, comme tout ce qui existe, l\u2019\u00catre devenu humain, depuis qu&rsquo;il existe, cherche \u00e0 ouvrir, lui aussi de son mieux sa conscience \u00e0 la Lumi\u00e8re\u2026&nbsp;M\u00eame si, souvent, il y a eu une grande, grande maladresse&nbsp;!<\/p>\n\n\n\n<p><\/p>\n\n\n\n<p class=\"has-text-align-right\"><em>Le labyrinthe<\/em><\/p>\n\n\n\n<p>Mais, depuis le presque d\u00e9but de l\u2019humanit\u00e9, cela n\u2019a pas \u00e9t\u00e9 facile de laisser notre conscience de la Lumi\u00e8re s\u2019ouvrir naturellement, comme cela a toujours \u00e9t\u00e9 pr\u00e9vu par la Vie, du fait que, pendant chacune de nos enfances, nous a \u00e9t\u00e9 enseign\u00e9 \u00e0 nouveau, la plupart du temps, la perte de conscience de la Lumi\u00e8re, c&rsquo;est \u00e0 dire l&rsquo;ombre&nbsp;!&nbsp;<\/p>\n\n\n\n<p>Nous avons si souvent appris, et r\u00e9appris, le labyrinthe de l&rsquo;ombre\u2026<\/p>\n\n\n\n<p>\u25cf<\/p>\n\n\n\n<p>Oui, c\u2019est vrai&nbsp;!<\/p>\n\n\n\n<p>Il a \u00e9t\u00e9 dit une fois que c\u2019\u00e9tait bien, mais beaucoup plus difficile, de remettre en cause nos certitudes plut\u00f4t que nos doutes. Tu vois&nbsp;?<\/p>\n\n\n\n<p>\u25a0<\/p>\n\n\n\n<p>Oui, je vois\u2026<\/p>\n\n\n\n<p>\u25cf<\/p>\n\n\n\n<p>Eh bien ici \u00e7a correspond&nbsp;! Il y a l\u00e0 un aspect qui est en train de ressortir \u00e0 ma conscience&#8230; Je vois bien, l\u00e0,  que je m\u2019attache \u00e0 mon id\u00e9e que le travail doit \u00eatre dur, difficile, qu\u2019il faut que ce soit compliqu\u00e9\u2026<\/p>\n\n\n\n<p>\u25a0<\/p>\n\n\n\n<p>Non&nbsp;! Tu t\u2019y \u00ab&nbsp;attachais&nbsp;\u00bb, mais tu y es de moins en moins attach\u00e9e&nbsp;! Sinon\u2026 tu ne pourrais m\u00eame pas supporter d\u2019entendre tous les concepts dont nous discutons ensemble depuis quelques temps\u2026<\/p>\n\n\n\n<p>\u25cf<\/p>\n\n\n\n<p>Oui\u00a0! Mais, j\u2019ai peur\u00a0! J\u2019ai comme une peur de l\u00e2cher\u00a0!<\/p>\n\n\n\n<p>\u25a0<\/p>\n\n\n\n<p>Oui&nbsp;!&nbsp;\u00c7a nous colle encore \u00e0 la peau&nbsp;! C\u2019est normal&nbsp;!&nbsp;l<\/p>\n\n\n\n<p>Tu comprends bien&nbsp;que depuis, quand m\u00eame, 150.000 ans environ notre cerveau a subi une propagande intense en faveur de l\u2019oubli de la V\u00e9ritable Lumi\u00e8re, Infinie et \u00c9ternelle&nbsp;?<\/p>\n\n\n\n<p>Cela nous a \u00e9t\u00e9 enseign\u00e9 des dizaines de milliers d\u2019ann\u00e9es et nous-m\u00eames, nous l\u2019avons enseign\u00e9 pendant ces m\u00eames dizaines de milliers d\u2019ann\u00e9es&nbsp;!<\/p>\n\n\n\n<p>Heureusement qu\u2019il y a eu des pauses, courtes mais intenses, o\u00f9 nos fr\u00e8res et nos s\u0153urs les plus courageux nous ont enseign\u00e9 la v\u00e9ritable conscience de la Vraie Lumi\u00e8re&nbsp;! Et, bien s\u00fbr, nous avons ces souvenirs fortement inscrits en nous\u2026<\/p>\n\n\n\n<p>\u25cf<\/p>\n\n\n\n<p>Oui, mais j\u2019ai l\u2019impression d\u2019avoir cette peur de l\u00e2cher\u2026 J&rsquo;ai l&rsquo;impression que je ne vais plus rien faire, si je l\u00e2che\u00a0! Et je vais devenir un l\u00e9zard au soleil et du coup je ne vais plus avancer\u2026<\/p>\n\n\n\n<p><\/p>\n\n\n\n<p class=\"has-text-align-right\"><em>L\u2019ombre, peur de la Lumi\u00e8re<\/em><\/p>\n\n\n\n<p>\u25a0<\/p>\n\n\n\n<p>Tu veux dire que tu ne vas rien faire qui te d\u00e9plaise&nbsp;! Tu ne vas faire que ce que tu es heureuse de faire\u2026 <\/p>\n\n\n\n<p>Mais est-ce que celui qui ne fait que ce qui lui pla\u00eet est inactif ?<\/p>\n\n\n\n<p>\u25cf<\/p>\n\n\n\n<p>Non&nbsp;! En g\u00e9n\u00e9ral, c&rsquo;est vrai, les gens qui font ce qu\u2019ils sont heureux de faire sont plut\u00f4t tr\u00e8s actifs pour faire ce qui leur pla\u00eet\u2026 Ils y mettent d&rsquo;ailleurs beaucoup d\u2019\u00e9nergie\u2026<\/p>\n\n\n\n<p>\u25a0<\/p>\n\n\n\n<p>Tu vois&nbsp;! Cela \u00e9tait donc un message de l\u2019ombre. L\u2019ombre nous d\u00e9tournait, en apparence contre notre gr\u00e9, mais en r\u00e9alit\u00e9 avec notre accord, de notre conscience de la Lumi\u00e8re\u2026&nbsp;<\/p>\n\n\n\n<p>L\u2019ombre nous d\u00e9tourne de notre travail int\u00e9rieur naturel. Elle nous d\u00e9tourne de notre nature heureuse, de notre r\u00e9flexion profonde et de notre m\u00e9ditation agr\u00e9able parce que, sinon, eh bien nous allons prendre conscience de la plus profonde V\u00e9rit\u00e9, nous allons prendre conscience de la V\u00e9rit\u00e9 \u00c9ternelle&#8230;&nbsp;<\/p>\n\n\n\n<p>\u00c9videmment&nbsp;!<\/p>\n\n\n\n<p><\/p>\n\n\n\n<p class=\"has-text-align-right\"><em>L\u2019ombre en qu\u00eate de Lumi\u00e8re<\/em><\/p>\n\n\n\n<p>D\u2019un c\u00f4t\u00e9, l\u2019ombre a ce mouvement parce qu\u2019elle est pervertie, elle est tordue, elle est compliqu\u00e9e, elle est un labyrinthe\u2026 <\/p>\n\n\n\n<p>Et de l\u2019autre c\u00f4t\u00e9, elle est pourtant \u00e9galement cet app\u00e9tit \u00e9ternel, originel, de la conscience de la Lumi\u00e8re&nbsp;!<\/p>\n\n\n\n<p>Et c\u2019est pour cela que, depuis des milliers d\u2019ann\u00e9es, malgr\u00e9 cette pression de l\u2019ombre, qui a donc cr\u00e9\u00e9 des cerveaux un petit peu\u2026\u00a0un petit peu&#8230;<\/p>\n\n\n\n<p>\u25cf<\/p>\n\n\n\n<p>Tordus&nbsp;!<\/p>\n\n\n\n<p>\u25a0<\/p>\n\n\n\n<p>\u2026 Oui, c\u2019est cela\u00a0: un petit peu \u00ab\u00a0tordus\u00a0\u00bb, parce que nous nous transmettons ces torsions labyrinthiques de parents \u00e0 enfants, par les g\u00e8nes, par l\u2019\u00e9ducation qui d\u00e9cident de l\u2019usage que l\u2019on va faire de ces g\u00e8nes etc&#8230; etc&#8230;<\/p>\n\n\n\n<p>\u25cf<\/p>\n\n\n\n<p>Oui, c&rsquo;est vrai&nbsp;! Nous pouvons le sentir de plus en plus&nbsp;!<\/p>\n\n\n\n<p>\u25a0<\/p>\n\n\n\n<p>Eh oui&nbsp;! Les g\u00e8nes fonctionnent selon les informations qu\u2019ils re\u00e7oivent&nbsp;: soit ils s\u2019activent, soit ils s\u2019\u00e9teignent&nbsp;! Nous le comprenons toujours mieux, aujourd&rsquo;hui, gr\u00e2ce \u00e0 l\u2019\u00e9pig\u00e9n\u00e9tique\u2026<\/p>\n\n\n\n<p>Et donc, globalement, il y a eu quand m\u00eame, pendant des mill\u00e9naires et des mill\u00e9naires, l\u2019installation d\u2019un mode de fonctionnement des g\u00e8nes selon nos vieilles m\u00e9moires trop souvent ombreuses\u2026&nbsp;<\/p>\n\n\n\n<p>Et maintenant, par notre prise de conscience de la Lumi\u00e8re en toute chose, nous sommes en train d\u2019agir sur chaque g\u00e8ne, l\u2019un apr\u00e8s l\u2019autre, pour les modifier dans leur fonctionnement\u2026 <\/p>\n\n\n\n<p>Si ces g\u00e8nes \u00e9taient \u00e0 \u00ab&nbsp;non&nbsp;\u00bb, il faut peut-\u00eatre que nous les r\u00e9glions \u00e0 \u00ab&nbsp;oui&nbsp;\u00bb. S\u2019ils \u00e9taient r\u00e9gl\u00e9s sur \u00ab&nbsp;oui&nbsp;\u00bb il faut maintenant souvent les r\u00e9gler sur \u00ab&nbsp;non&nbsp;\u00bb \u2026 Cela d\u00e9pend bien s\u00fbr de ce que ces g\u00e8nes g\u00e8rent\u2026<\/p>\n\n\n\n<p>Ceci pour que, finalement, notre merveilleux cerveau fonctionne selon les informations de notre \u00c2me-Lumi\u00e8re et non plus selon les informations de nos m\u00e9moires bien grises.<\/p>\n\n\n\n<p>Et en effet, l\u2019ombre s\u2019est appuy\u00e9 sur les m\u00e9moires. Elle n\u2019a jamais pu s\u2019appuyer sur l\u2019\u00c2me&#8230; Elle n&rsquo;a jamais pu s&rsquo;appuyer sur la Lumi\u00e8re.<\/p>\n\n\n\n<p>Et il y a ce genre de phrases dans un texte sacr\u00e9&nbsp;:<\/p>\n\n\n\n<p class=\"has-text-align-center\">\u00ab&nbsp;<em>Nul ne peut servir deux ma\u00eetres \u00e0 la fois<\/em>&nbsp;\u00bb \u2026&nbsp;<\/p>\n\n\n\n<p class=\"has-text-align-center\">\u00ab&nbsp;<em>Celui qui n\u2019est pas avec moi est contre moi<\/em>&nbsp;\u00bb \u2026&nbsp;<\/p>\n\n\n\n<p>Ce texte est \u00e0 r\u00e9viser dans le futur&#8230;<\/p>\n\n\n\n<p>Mais, en m\u00eame temps, si nous osons penser ce que nous sommes les plus heureux de penser, notre foi la plus profonde nous rappelle sans cesse que l\u2019ombre aspire \u00e0 se soumettre \u00e0 l\u2019\u00c2me \u00e0 cent pour cent&nbsp;!&nbsp;<\/p>\n\n\n\n<p>Notre ombre veut \u00ab\u00a0gu\u00e9rir\u00a0\u00bb plus que tout\u2026\u00a0<\/p>\n\n\n\n<p>Elle cherche, sans cesse, la sortie du labyrinthe terrible qu\u2019elle a cr\u00e9\u00e9 de toute pi\u00e8ce&nbsp;!<\/p>\n\n\n\n<p>La conscience de la Lumi\u00e8re est son seul but r\u00e9el&nbsp;!<\/p>\n\n\n\n<p>Mais, quelle maladresse&nbsp;!<\/p>\n\n\n\n<p>Quelle maladresse apprise et r\u00e9apprise&nbsp;!<\/p>\n\n\n\n<p>\u25cf<\/p>\n\n\n\n<p>Il y a une chose qui aide et qui est tr\u00e8s positive\u2026 c\u2019est quand tu vis\u2026<\/p>\n\n\n\n<p>\u2026 Bon, \u00e7a m\u2019a beaucoup travaill\u00e9\u00a0! \u00c7a fait quand m\u00eame un mois que je suis sur ce sujet et cela commence un peu enfin&#8230; \u00e0 \u00ab\u00a0\u00eatre\u00a0\u00bb, \u00e0 \u00eatre vraiment\u00a0!<\/p>\n\n\n\n<p>\u25a0<\/p>\n\n\n\n<p>Bien s\u00fbr&nbsp;! Cela commence \u00e0 s\u2019installer\u2026 et \u00e0 prendre de la place&nbsp;!<\/p>\n\n\n\n<p>\u25cf<\/p>\n\n\n\n<p>Ce qui est bien, c\u2019est quand tu vis cela&nbsp;: tu le vis \u00e0 un moment donn\u00e9&nbsp;!&nbsp;<\/p>\n\n\n\n<p>Hier j\u2019ai pass\u00e9 une journ\u00e9e extraordinaire, avec beaucoup de vitalit\u00e9, alors que j\u2019\u00e9tais crev\u00e9e la veille&nbsp;! Et tout \u00e7a parce que\u2026<\/p>\n\n\n\n<p><em>Et l\u00e0, le t\u00e9l\u00e9phone sonne\u2026 mais je n\u2019y r\u00e9pond pas\u2026<\/em><\/p>\n\n\n\n<p>Comment dire&nbsp;? C\u2019\u00e9tait une exp\u00e9rience et j\u2019ai os\u00e9 dire \u00ab&nbsp;Oui&nbsp;\u00bb simplement \u00e0 ce qui se passait\u2026 Vraiment \u00e0 tout ce qui se passait\u2026&nbsp;<\/p>\n\n\n\n<p>Et l\u00e0, j\u2019ai retrouv\u00e9 ma vitalit\u00e9, j&rsquo;ai retrouv\u00e9 ma joie, ma disponibilit\u00e9, j&rsquo;ai retrouv\u00e9 mon travail\u2026 Et c\u2019est \u00e0 \u00e7a que je m\u2019accroche&nbsp;!<\/p>\n\n\n\n<p><\/p>\n\n\n\n<p class=\"has-text-align-right\"><em>Le pr\u00e9sent, m\u00e9moire du futur<\/em><\/p>\n\n\n\n<p>\u25a0<\/p>\n\n\n\n<p>Eh bien, maintenant, ce que tu me racontes l\u00e0, c&rsquo;est devenu une m\u00e9moire. Mais, bien s\u00fbr, l\u00e0, c\u2019est une m\u00e9moire \u00ab&nbsp;lumineuse&nbsp;\u00bb \u2026<\/p>\n\n\n\n<p>Alors, du coup, \u00e7a fait que ton stock de m\u00e9moire lumineuse a augment\u00e9\u2026&nbsp;<\/p>\n\n\n\n<p>\u25cf<\/p>\n\n\n\n<p>Ah oui&nbsp;! On en avait parl\u00e9\u2026<\/p>\n\n\n\n<p>\u25a0<\/p>\n\n\n\n<p>Tu vois&nbsp;? Chaque fois que tu vis cela, la couleur de ta m\u00e9moire, la moyenne de ta m\u00e9moire change&nbsp;!&nbsp;Et donc, ta conception initiale \u00e9volue.<\/p>\n\n\n\n<p>\u25cf<\/p>\n\n\n\n<p>Ah oui, d\u2019accord&nbsp;!<\/p>\n\n\n\n<p>\u25a0<\/p>\n\n\n\n<p>\u00c0 chaque fois que nous sommes heureux, il y a plus de conscience de la Lumi\u00e8re et donc moins d\u2019ombre dans nos m\u00e9moire&nbsp;! Et cela fait, comme on dit en justice, \u00ab&nbsp;jurisprudence&nbsp;\u00bb&nbsp;!<\/p>\n\n\n\n<p>Et ainsi, \u00e0 chaque fois que nous ajoutons des instants d&rsquo;ouverture de notre conscience de la Lumi\u00e8re \u00e0 nos m\u00e9moires, qui, bien s\u00fbr, sont v\u00e9cus comme des instants de joie, cela devient de moins en moins dangereux de se fier \u00e0 nos m\u00e9moires dor\u00e9navant&#8230;<\/p>\n\n\n\n<p>Il y a, en effet, \u00e0 chaque fois plus de nouvelles m\u00e9moires lumineuses qui s\u2019installent&nbsp;!<\/p>\n\n\n\n<p>\u25cf<\/p>\n\n\n\n<p>Ah oui&nbsp;! Cela fait des traces dans le cerveau\u2026 Et dans tout le corps&#8230;<\/p>\n\n\n\n<p>\u25a0<\/p>\n\n\n\n<p>Oui&nbsp;! Tu as raison&nbsp;! Cela se traduit \u00e9galement par des modifications de fonctionnement physiologiques du cerveau&nbsp;! \u00c7a, c\u2019est tout \u00e0 fait vrai.&nbsp;<\/p>\n\n\n\n<p>Donc, il faut que nous comprenions que, au fur et \u00e0 mesure o\u00f9 nous allons vivre des instants de conscience de Lumi\u00e8re, tout de suite, ces instants deviennent, tout de suite, des m\u00e9moires\u2026 et du coup notre stock de m\u00e9moire change de niveau, m\u00eame si c\u2019est l\u00e9g\u00e8rement\u2026&nbsp;<\/p>\n\n\n\n<p>Mais hop&nbsp;! En tous les cas, \u00e0 chaque fois, notre m\u00e9moire devient un peu plus lumineuse&nbsp;!<\/p>\n\n\n\n<p>\u25cf<\/p>\n\n\n\n<p>Oui, je peux le comprendre\u2026&nbsp;Je comprends<\/p>\n\n\n\n<p>\u25a0<\/p>\n\n\n\n<p>Et si, en plus, une m\u00e9moire ombreuse vient \u00e0 notre conscience pour \u00eatre aim\u00e9es et que, \u00e0 chaque fois, nous arrivons \u00e0 aimer cette m\u00e9moire\u00a0un peu plus, cela fait une m\u00e9moire de moins qui exprime une telle perte de conscience de la Lumi\u00e8re, puisqu\u2019elle est transmut\u00e9e par notre amour en une m\u00e9moire de plus qui exprime plus la conscience de la Lumi\u00e8re\u2026<\/p>\n\n\n\n<p>Donc, si tu veux, c\u2019est un peu comme une question de pourcentage\u00a0! Petit \u00e0 petit, avec le travail de la vie, comme nous le faisons l\u00e0 et comme tout le monde le fait, alors les m\u00e9moires s\u2019\u00e9claircissent\u2026 Il y a de moins en moins de lourdeur en elles\u00a0!<\/p>\n\n\n\n<p><\/p>\n\n\n\n<p class=\"has-text-align-right\"><em>Le fil d\u2019Ariane se tisse \u00e0 chaque instant<\/em><\/p>\n\n\n\n<p>\u25cf<\/p>\n\n\n\n<p>Oui\u00a0! Mais\u00a0moi, je n\u2019ai pas eu l\u2019impression d\u2019avoir aim\u00e9 cette m\u00e9moire ombreuse\u2026\u00a0\u00a0Je n\u2019ai pas l\u2019impression d\u2019avoir vu l\u2019ombre pour l\u2019aimer.\u00a0<\/p>\n\n\n\n<p>J\u2019ai plut\u00f4t l\u2019impression d\u2019\u00eatre pass\u00e9 \u00e0 autre chose\u2026 d\u2019avoir accept\u00e9\u2026<\/p>\n\n\n\n<p>\u25a0<\/p>\n\n\n\n<p>Quand tu dis \u00ab&nbsp;Je passe \u00e0 autre chose&nbsp;\u00bb, n\u2019oublions pas ce que cela veut vraiment exprimer&nbsp;:<\/p>\n\n\n\n<p>En effet, tu ne fait que passer de Dieu qui est Tout\u2026 \u00e0 Dieu qui est Tout\u00a0! C\u2019est tout\u00a0! Voil\u00e0 ce qu\u2019est cette \u00ab\u00a0autre chose\u00a0\u00bb en r\u00e9alit\u00e9\u00a0!\u00a0<\/p>\n\n\n\n<p>Donc c\u2019est en fait une autre forme, un autre aspect du Divin, et tu vas, probablement mettre d\u2019autres mots pour \u00ab&nbsp;Le&nbsp;\u00bb d\u00e9signer\u2026 L\u00e0, tu vas Le nommer \u00ab&nbsp;A&nbsp;\u00bb et puis l\u00e0 tu vas Le nommer \u00ab&nbsp;B&nbsp;\u00bb \u2026<\/p>\n\n\n\n<p>\u25cf<\/p>\n\n\n\n<p>Mais l\u2019ombre\u2026 l\u00e0, je ne l\u2019ai pas aim\u00e9&nbsp;! De l\u2019ancien syst\u00e8me je suis pass\u00e9 rapidement \u00e0 un nouveau syst\u00e8me\u2026 Mais du coup, je n\u2019ai pas l\u2019impression d\u2019avoir travaill\u00e9 cette ombre qui faisait que j\u2019\u00e9tais grognon parce que je ne \u00ab&nbsp;travaillais pas&nbsp;\u00bb&nbsp;\u2026&nbsp;<\/p>\n\n\n\n<p>Je ne sais pas trop comment le dire\u2026<\/p>\n\n\n\n<p>\u25a0<\/p>\n\n\n\n<p>Eh bien, l\u2019ombre, elle-m\u00eame, nous a habitu\u00e9 \u00e0 croire que l\u2019ombre, \u00e7a se \u00ab&nbsp;travaillait&nbsp;\u00bb&nbsp;! Mais non&nbsp;! l\u2019ombre \u00e7a ne se travaille pas\u2026 L&rsquo;ombre \u00ab&nbsp;\u00e7a s\u2019aime&nbsp;\u00bb&nbsp;!<\/p>\n\n\n\n<p>Ce n\u2019est simplement pas un travail, \u00ab\u00a0d\u2019aimer\u00a0\u00bb\u2026 C\u2019est un simple acte de bont\u00e9 naturelle.<\/p>\n\n\n\n<p>\u25cf<\/p>\n\n\n\n<p>Oui, mais, l\u00e0, je ne l\u2019ai pas aim\u00e9&nbsp;! Je suis pass\u00e9 \u00e0 autre chose\u2026<\/p>\n\n\n\n<p>\u25a0<\/p>\n\n\n\n<p>Si Dieu Est Tout, Tout en Un, \u00ab\u00a0Tout Est Un\u00a0\u00bb, n&rsquo;est-ce pas ? Tout ce qui existe b\u00e9n\u00e9ficie&nbsp;du temps que tu vis dans une conscience plus \u00e9lev\u00e9e de la Lumi\u00e8re&nbsp;!&nbsp;D\u2019accord&nbsp;?&nbsp;<\/p>\n\n\n\n<p>\u25cf<\/p>\n\n\n\n<p>Oui, d&rsquo;accord.<\/p>\n\n\n\n<p>\u25a0<\/p>\n\n\n\n<p>Mettons que tu ais r\u00e9ussi \u00e0 avoir une conscience plus \u00e9lev\u00e9e de la Lumi\u00e8re \u00e0 propos de ce stylo, ou bien \u00e0 propos de l\u2019air dans cette pi\u00e8ce, ou \u00e0 propos d\u2019une m\u00e9moire dont tu n\u2019es peut-\u00eatre m\u00eame pas clairement consciente, ou bien \u00e0 propos du moi, ou \u00e0 propos de l\u2019\u00c2me, ou bien \u00e0 propos des concepts que tu d\u00e9couvres\u2026&nbsp;<\/p>\n\n\n\n<p>Eh bien, du coup, hop&nbsp;! Merveilleusement, tout le reste t\u2019appara\u00eet plus lumineux parce que tout \u00e9tait d\u00e9j\u00e0 Lumi\u00e8re, mais tu en as maintenant une conscience un peu, ou beaucoup, plus grande.<\/p>\n\n\n\n<p>Donc, tac, tu regardes l\u00e0, et tu choisis d&rsquo;avoir une conscience plus grande de la Lumi\u00e8re\u2026 Tac, tu regardes ailleurs et, l\u00e0 aussi, tu choisis d&rsquo;avoir \u00e9galement une conscience plus grande de la Lumi\u00e8re\u2026 Comme gratuitement\u00a0!<\/p>\n\n\n\n<p>\u25cf<\/p>\n\n\n\n<p>C\u2019est vrai que c\u2019est ce que je remarque\u2026<\/p>\n\n\n\n<p>\u25a0<\/p>\n\n\n\n<p>Mais, en R\u00e9alit\u00e9, rien n\u2019a chang\u00e9&nbsp;! Tout est Lumi\u00e8re comme d\u2019habitude&nbsp;!&nbsp;<\/p>\n\n\n\n<p>Mais toi, tu vois plus la Lumi\u00e8re \u00e0 droite et, du coup, tu vois encore plus la Lumi\u00e8re \u00e0 gauche\u2026 et en particulier tu as plus conscience de la Lumi\u00e8re dans tes m\u00e9moires\u2026&nbsp;<\/p>\n\n\n\n<p>Mais, tu ne t\u2019en rends m\u00eame pas compte, parce que c\u2019est confortable&nbsp;! Parce que c\u2019est facile&nbsp;!<\/p>\n\n\n\n<p><\/p>\n\n\n\n<p class=\"has-text-align-right\"><em>\u00catre heureux, c\u2019est naturel<\/em><\/p>\n\n\n\n<p>Effectivement, c\u2019est facile&nbsp;! Si nous voulons \u00eatre heureux c\u2019est vraiment facile&nbsp;! <\/p>\n\n\n\n<p>Mais souffrir, \u00e7a c\u2019est difficile&nbsp;!<\/p>\n\n\n\n<p>En effet, \u00eatre heureux, avoir conscience de la Lumi\u00e8re, c\u2019est naturel, c\u2019est confortable&nbsp;! Depuis l\u2019origine, nous sommes faits \u00ab\u00a0pour\u00a0\u00bb fonctionner comme cela\u2026&nbsp;<\/p>\n\n\n\n<p>Tout a \u00e9t\u00e9 cr\u00e9\u00e9 par la Lumi\u00e8re pour que nous soyons \u00e9ternellement heureux&nbsp;!&nbsp;<\/p>\n\n\n\n<p>Mais, depuis longtemps, nous avons, maladroitement, choisi de dysfonctionner et l\u00e0, oui, c\u2019est devenu compliqu\u00e9, c\u2019est devenu difficile\u00a0: il est toujours difficile et inconfortable de fonctionner avec une perte de conscience de la Lumi\u00e8re\u00a0!\u00a0<\/p>\n\n\n\n<p>Dans ce labyrinthe imagin\u00e9 par l\u2019homme, depuis le presque d\u00e9but de l&rsquo;humanit\u00e9, nous avons cru devoir transpirer douloureusement, faire des efforts d\u00e9sagr\u00e9ables, \u00ab&nbsp;<em>gagner notre pain \u00e0 la sueur de notre front<\/em>&nbsp;\u00bb.&nbsp;<\/p>\n\n\n\n<p>C\u2019est une illusion! Mais nous avons cru cela et nous avons v\u00e9cu dans ce fantasme douloureux qu\u2019il faut peiner, que la vie est dure\u2026<\/p>\n\n\n\n<p>Mais quand&nbsp;? Quand avons-nous \u00e9t\u00e9 heureux de croire de telles choses une seule fois&nbsp;?&nbsp;<\/p>\n\n\n\n<p>\u25cf<\/p>\n\n\n\n<p>Jamais&nbsp;! Mais nous l\u2019avons beaucoup pens\u00e9.<\/p>\n\n\n\n<p>\u25a0<\/p>\n\n\n\n<p>Eh oui&nbsp;! Nos parents nous l\u2019ont dit de nombreuses fois, depuis le presque d\u00e9but de l\u2019humanit\u00e9\u2026 Nous-m\u00eame, nous l\u2019avons dit \u00e0 nos parents d\u2019autres fois, quand ils \u00e9taient nos enfants\u2026&nbsp;<\/p>\n\n\n\n<p>Et, ainsi, nous nous sommes transmis ces erreurs, ce labyrinthe, comme un relais depuis des g\u00e9n\u00e9rations.&nbsp;<\/p>\n\n\n\n<p>Et nous avons, tous ensemble, constitu\u00e9 une masse de m\u00e9moires sombres auxquelles l\u2019ombre a pu \u00e0 nouveau se r\u00e9f\u00e9rer sans cesse, jusqu\u2019\u00e0 hier&nbsp;!<\/p>\n\n\n\n<p>Et dans la tradition occidentale, nous avons souvent nomm\u00e9 cela \u00ab\u00a0le p\u00e9ch\u00e9 soi-disant originel\u00a0\u00bb, le p\u00e9ch\u00e9 originel qui a r\u00e9sult\u00e9 de la \u00ab\u00a0chute soi-disant originelle\u00a0\u00bb\u00a0\u2026 Mais cela n\u2019a absolument rien d\u2019\u00ab\u00a0Originel\u00a0\u00bb.<\/p>\n\n\n\n<p>C\u2019est un \u00ab&nbsp;p\u00e9ch\u00e9&nbsp;\u00bb, si l\u2019on veut garder ce nom, pour s\u2019amuser\u2026 C\u2019est un p\u00e9ch\u00e9 qui a sa source dans le presque d\u00e9but de l\u2019humanit\u00e9\u2026 Mais pas dans la v\u00e9ritable Origine de l\u2019humanit\u00e9, qui est la Lumi\u00e8re Elle-m\u00eame&nbsp;!<\/p>\n\n\n\n<p>\u25cf<\/p>\n\n\n\n<p>Oui, mais, ce p\u00e9ch\u00e9, nous pouvons le voir dans tous les aspects de notre vie\u2026<\/p>\n\n\n\n<p>\u25a0<\/p>\n\n\n\n<p>Oui, mais pourtant, en R\u00e9alit\u00e9, ce n\u2019est pas difficile de voir la Lumi\u00e8re\u2026 Ce qui est difficile, par contre, c\u2019est de ne pas La voir.<\/p>\n\n\n\n<p>\u25cf<\/p>\n\n\n\n<p>Et pourquoi cela\u00a0?<\/p>\n\n\n\n<p>\u25a0<\/p>\n\n\n\n<p>Parce que toute la cr\u00e9ation a \u00e9t\u00e9 con\u00e7ue pour avoir une conscience toujours plus grande de la Lumi\u00e8re et la vivre\u2026 et non pas pour ne pas La voir&nbsp;!<\/p>\n\n\n\n<p>Et jusqu\u2019\u00e0 l\u2019apparition de l\u2019homme, cela n\u2019avait jamais pu \u00eatre remis en question, ni par la vie min\u00e9rale, ni par la vie v\u00e9g\u00e9tale, ni par la vie animale\u2026&nbsp;<\/p>\n\n\n\n<p>Ce n\u2019est que l\u2019homme qui, depuis le presque d\u00e9but de son humanit\u00e9, a pu perdre conscience de la Lumi\u00e8re Infinie, \u00c9ternelle, en m\u00e9susant de ce Merveilleux Don Divin qu\u2019est le Libre Arbitre\u2026 Un des Dons qui fait justement de lui un \u00catre humain.<\/p>\n\n\n\n<p><\/p>\n\n\n\n<p class=\"has-text-align-right\"><em>L\u2019ombre a un d\u00e9but et une fin<\/em><\/p>\n\n\n\n<p>Mais, tout ce qui a un d\u00e9but a une fin\u2026 Et l\u2019ombre a eu un d\u00e9but, et donc elle aura une fin&nbsp;!<\/p>\n\n\n\n<p>Le d\u00e9but de l\u2019ombre, c\u2019est lorsque nous avons perdu conscience de la Lumi\u00e8re\u2026 <\/p>\n\n\n\n<p>Et la fin de l\u2019ombre, c\u2019est lorsque nous reprenons conscience de la Lumi\u00e8re, y compris \u00ab\u00a0dans\u00a0\u00bb l\u2019ombre\u00a0!<\/p>\n\n\n\n<p><em>Un silence\u2026<\/em><\/p>\n\n\n\n<p>\u25cf<\/p>\n\n\n\n<p>C\u2019est \u00e0 dire que je me questionnais un peu, par rapport \u00e0 ce que l\u2019on avait dit la derni\u00e8re fois&nbsp;!<\/p>\n\n\n\n<p>\u00c0 un moment, j\u2019avais v\u00e9cu une baisse de conscience, je ne voyais pas la Lumi\u00e8re dans un fait, par exemple dans le fait de ne pas travailler\u2026&nbsp;&nbsp;Et puis, il fallait\u2026<\/p>\n\n\n\n<p><em>Et l\u00e0, il y a un silence\u2026<\/em><\/p>\n\n\n\n<p>Remarque que c\u2019est vrai que, de toute fa\u00e7on d\u00e9j\u00e0, le simple fait de poser le probl\u00e8me et de me dire que \u00ab&nbsp;c\u2019est simplement parce que je ne voyais pas la Lumi\u00e8re&nbsp;\u00bb, et bien c\u2019est d\u00e9j\u00e0 augmenter ma conscience de la Lumi\u00e8re dans l\u2019ombre&nbsp;!<\/p>\n\n\n\n<p>Et faire, ensuite, le choix de vivre mieux, cela augmente encore la Lumi\u00e8re de ce c\u00f4t\u00e9&nbsp;: je m\u2019en suis rendu compte\u2026<\/p>\n\n\n\n<p>\u25a0<\/p>\n\n\n\n<p>Alors, l\u00e0, je suis oblig\u00e9 de t\u2019interrompre pour te rappeler que \u00e7a \u00ab&nbsp;n\u2019augmente pas&nbsp;\u00bb la Lumi\u00e8re\u2026&nbsp;La Lumi\u00e8re n&rsquo;augmente pas !<\/p>\n\n\n\n<p>\u25cf<\/p>\n\n\n\n<p>Oh, zut\u00a0! Oui, mais c\u2019est vrai\u00a0! Nous ne pouvons pas augmenter la Lumi\u00e8re puisqu\u2019Elle est Infinie\u00a0!<\/p>\n\n\n\n<p>\u25a0<\/p>\n\n\n\n<p>Oui\u00a0! C\u2019est \u00ab\u00a0notre conscience de la Lumi\u00e8re\u00a0\u00bb que nous augmentons\u00a0!\u00a0<\/p>\n\n\n\n<p>Il faut vraiment que nous restions avec ce concept de la Lumi\u00e8re \u00ab&nbsp;Inaugmentable&nbsp;\u00bb&nbsp;!<\/p>\n\n\n\n<p><em>Rires\u2026<\/em><\/p>\n\n\n\n<p>Sinon, nous retombons imm\u00e9diatement dans le langage de l\u2019ombre\u2026 et donc dans l\u2019attachement \u00e0 l\u2019ombre\u2026&nbsp;<\/p>\n\n\n\n<p>\u25cf<\/p>\n\n\n\n<p>Oui, oui et oui&nbsp;! C\u2019est vrai! C&rsquo;est vrai, bien s\u00fbr&nbsp;!<\/p>\n\n\n\n<p><\/p>\n\n\n\n<p class=\"has-text-align-right\"><em>La Lumi\u00e8re en tout, \u00e0 chaque instant<\/em><\/p>\n\n\n\n<p>\u25a0<\/p>\n\n\n\n<p>Mais, c\u2019est normal que nous retombions&nbsp;! C\u2019est cela, sans arr\u00eat&nbsp;! Et nous nous entrainons les uns les autres \u00e0 nous relever et \u00e0 voir \u00e0 nouveau la Lumi\u00e8re l\u00e0 o\u00f9 Elle est, c\u2019est \u00e0 dire en tout&nbsp;!&nbsp;<\/p>\n\n\n\n<p>Tout le monde s\u2019entra\u00eene \u00e0 \u00e7a, consciemment ou pas\u00a0! \u00c0 propos de tout&#8230; et de rien\u00a0!\u00a0<\/p>\n\n\n\n<p>M\u00eame si quelqu\u2019un nous a tap\u00e9 dessus\u2026 Eh bien, en v\u00e9rit\u00e9, cette personne nous a propos\u00e9, m\u00eame si c\u2019est inconscient de sa part, d\u2019ouvrir encore plus notre conscience \u00e0 la Lumi\u00e8re&nbsp;!&nbsp;<\/p>\n\n\n\n<p>Chaque instant de tout ce qui vit n\u2019a qu\u2019un seul but&nbsp;: proposer une ouverture merveilleuse de sa conscience \u00e0 la Lumi\u00e8re \u00c9ternelle\u2026<\/p>\n\n\n\n<p>Et ainsi, l\u2019ombre ne veut qu\u2019une chose, une seule chose : c\u2019est \u00ab&nbsp;gu\u00e9rir&nbsp;\u00bb. L\u2019ombre en nous est \u00e0 la recherche constante de la Lumi\u00e8re\u2026&nbsp;<\/p>\n\n\n\n<p>Mais, le probl\u00e8me, c\u2019est sa maladresse\u00a0: L\u2019ombre a \u00e9t\u00e9, jusqu\u2019\u00e0 l\u00e0 en g\u00e9n\u00e9ral, hyper maladroite\u00a0!<\/p>\n\n\n\n<p>Elle s\u2019est emberlificot\u00e9e dans des syst\u00e8mes qui rendent tr\u00e8s, tr\u00e8s compliqu\u00e9, pour elle, d\u2019avoir conscience de la Lumi\u00e8re\u2026&nbsp;<\/p>\n\n\n\n<p>Mais l\u2019ombre, fondamentalement, c\u2019est simplement du Divin Pur dont l\u2019homme a perdu conscience en m\u00e9susant de son Libre Arbitre. <\/p>\n\n\n\n<p>Et donc l&rsquo;ombre ne cherche qu\u2019\u00e0 retrouver son ouverture naturelle de sa conscience de la Lumi\u00e8re, comme toute la cr\u00e9ation\u2026 L\u00e0, il n\u2019y a pas de probl\u00e8me&nbsp;!<\/p>\n\n\n\n<p>Et, \u00e7a&nbsp;: de dire ce que l\u2019on est en train de dire, \u00e7a, c\u2019est vraiment un changement&nbsp;! L\u00e0 il y a un paradigme fondamentalement nouveau\u2026 qu\u2019il faut cependant annoncer avec prudence.&nbsp;<\/p>\n\n\n\n<p><\/p>\n\n\n\n<p class=\"has-text-align-right\"><em>Discr\u00e8te Lumi\u00e8re<\/em><\/p>\n\n\n\n<p>\u25cf<\/p>\n\n\n\n<p>Oui, oui\u2026 C&rsquo;est vrai, car il faut pouvoir l\u2019entendre&nbsp;! Il faut donc le pr\u00e9senter de fa\u00e7on \u00ab&nbsp;entendable&nbsp;\u00bb&nbsp;! Je n\u2019irai pas le crier sur les toits\u2026<\/p>\n\n\n\n<p>\u25a0<\/p>\n\n\n\n<p>Oui&nbsp;! Tu as raison\u2026 Donc, soyons prudents. Il faut le faire par petites \u00e9tapes.&nbsp;<\/p>\n\n\n\n<p>Il faut que la personne puisse comprendre que le fonctionnement de l\u2019ombre, c\u2019est de lutter contre l\u2019ombre, c\u2019est \u00ab\u00a0le combat\u00a0\u00bb\u00a0! C\u2019est le combat vis-\u00e0-vis de tout, y compris vis \u00e0 vis de l\u2019ombre\u00a0!<\/p>\n\n\n\n<p>L\u2019ombre n\u2019aime rien\u2026 Et en particulier, l\u2019ombre n\u2019aime \u00ab\u00a0jamais\u00a0\u00bb l\u2019ombre&nbsp;!<\/p>\n\n\n\n<p>Il ne peut y avoir de combat qu\u2019entre l\u2019ombre et l\u2019ombre\u2026<\/p>\n\n\n\n<p>\u25cf<\/p>\n\n\n\n<p>Oui\u00a0! Oui, oui, oui\u00a0! Je suis devenu moi-m\u00eame plus sensible au vocabulaire de \u00ab\u00a0combat\u00a0\u00bb. J\u2019ai remarqu\u00e9 que je regardais les choses diff\u00e9remment, j\u2019\u00e9coutais les choses diff\u00e9remment\u00a0: je voyais l\u2019ombre se combattre, avec, d&rsquo;ailleurs, toutes les meilleures intentions du monde, et passer son temps \u00e0 tourner en rond.<\/p>\n\n\n\n<p>\u25a0<\/p>\n\n\n\n<p>Oui&nbsp;! En fait, l&rsquo;ombre s\u2019entra\u00eene\u2026<\/p>\n\n\n\n<p>\u25cf<\/p>\n\n\n\n<p>&nbsp;Elle s\u2019entra\u00eene&nbsp;? Que veux-tu dire&nbsp;?<\/p>\n\n\n\n<p>\u25a0<\/p>\n\n\n\n<p>L\u2019ombre, elle cherche toujours la m\u00eame chose&nbsp;: elle cherche \u00e0 aimer quelque chose qu\u2019elle n\u2019a jamais aim\u00e9 jusqu\u2019\u00e0 l\u00e0\u2026 Elle cherche \u00e0 aimer quelque chose qu\u2019elle avait, depuis longtemps, pr\u00e9tendu ne jamais aimer\u2026<\/p>\n\n\n\n<p>Et pour apprendre cette chose, si difficile pour elle, comment fait-elle&nbsp;?&nbsp;<\/p>\n\n\n\n<p>Et bien, elle r\u00e9p\u00e8te&nbsp;! et elle r\u00e9p\u00e8te encore, et elle r\u00e9p\u00e8te encore, jusqu\u2019\u00e0 y arriver&nbsp;!<\/p>\n\n\n\n<p>\u25cf<\/p>\n\n\n\n<p>Oui, mais en r\u00e9p\u00e9tant toujours la m\u00eame chose&nbsp;?<\/p>\n\n\n\n<p><\/p>\n\n\n\n<p class=\"has-text-align-right\"><em>La merveilleuse danse de l\u2019ombre<\/em><\/p>\n\n\n\n<p>\u25a0<\/p>\n\n\n\n<p>Oui, c\u2019est vrai&nbsp;! Bien s\u00fbr&nbsp;! En r\u00e9p\u00e9tant toujours la m\u00eame chose&nbsp;! Mais comment faire autrement&nbsp;?<\/p>\n\n\n\n<p>Comment s&rsquo;entra\u00eener \u00e0 aimer l&rsquo;ombre ? Sinon en essayant, en essayant&#8230; et en essayant encore, sans y arriver&#8230; Jusqu&rsquo;\u00e0 y arriver un jour&#8230;<\/p>\n\n\n\n<div style=\"height:31px\" aria-hidden=\"true\" class=\"wp-block-spacer\"><\/div>\n\n\n\n\n\n\n\n<p><\/p>\n","protected":false},"excerpt":{"rendered":"<p>Et, donc, nous avons combattu l\u2019ombre avec plus d\u2019ombre. Et l\u00e0, tu vois, tu avais imagin\u00e9 une dissociation \u00ab&nbsp;\u00c2me \/\/ moi&nbsp;\u00bb, comme tu dis\u2026 Quelque part, tu avais pr\u00e9tendu qu\u2019il y avait une s\u00e9paration entre \u00ab\u00a0la Lumi\u00e8re\u00a0\u00bb et \u00ab\u00a0toi\u00a0\u00bb Mais, il n\u2019y a pas de s\u00e9paration&nbsp;! Il n&rsquo;y a jamais eu de s\u00e9paration possible&#8230; Et &hellip; <a href=\"https:\/\/behappy8.org\/?p=1476\" class=\"more-link\">Continuer la lecture<span class=\"screen-reader-text\"> de &laquo;&nbsp;Les 8 Entretiens (2\u00e8me Partie\u00a0du\u00a03\u00e8me Entretien)\u00a0&nbsp;&raquo;<\/span><\/a><\/p>\n","protected":false},"author":1,"featured_media":0,"comment_status":"open","ping_status":"open","sticky":false,"template":"","format":"chat","meta":{"footnotes":""},"categories":[569],"tags":[865,170,1101,1088,1107,1095,539,389,1112,1102,678,169,810,135,1081,1096,580,15,1099,140,1100,1094,475,1089,1111,418,1110,947,1108,139,1091,1092,653,1086,1103,1104,1105,320,136,1019,826,592,66,302,1097,1090,1093,1087,255,221,1098,1106,350,419],"class_list":["post-1476","post","type-post","status-publish","format-chat","hentry","category-3eme-entretien-8","tag-150-000-ans","tag-ame","tag-ame-lumiere","tag-bascule","tag-cest-facile","tag-certitudes","tag-cerveau","tag-choix","tag-combat","tag-conception-initiale","tag-conscience-de-la-lumiere","tag-corps","tag-corps-ame-pensee","tag-dieu","tag-dissociation-ame-moi","tag-doutes","tag-encouragements","tag-entrainement","tag-epigenetique","tag-fil-dariane","tag-genes","tag-grande-maladresse","tag-imagination","tag-impatience","tag-inaugmentable","tag-jurisprudence","tag-lombre-a-un-debut","tag-lombre-a-une-fin","tag-la-sueur-de-notre-front","tag-labyrinthe-de-lombre","tag-libre-arbitre-eternel","tag-lois-divines-parfaites","tag-lourdeurs","tag-lumiere-omnipresence","tag-maladresse","tag-maladresse-apprises","tag-memoire-du-futur","tag-memoires","tag-ombre","tag-ouverture-naturelle-de-la-conscience","tag-patience","tag-peche-originel","tag-pensee","tag-peur","tag-peur-de-lacher","tag-porte-de-la-conscience","tag-prison-parfaite","tag-ralentissement","tag-repeter","tag-separation","tag-tordu","tag-tout-est-lumiere","tag-travail","tag-vocabulaire","post_format-post-format-chat"],"_links":{"self":[{"href":"https:\/\/behappy8.org\/index.php?rest_route=\/wp\/v2\/posts\/1476","targetHints":{"allow":["GET"]}}],"collection":[{"href":"https:\/\/behappy8.org\/index.php?rest_route=\/wp\/v2\/posts"}],"about":[{"href":"https:\/\/behappy8.org\/index.php?rest_route=\/wp\/v2\/types\/post"}],"author":[{"embeddable":true,"href":"https:\/\/behappy8.org\/index.php?rest_route=\/wp\/v2\/users\/1"}],"replies":[{"embeddable":true,"href":"https:\/\/behappy8.org\/index.php?rest_route=%2Fwp%2Fv2%2Fcomments&post=1476"}],"version-history":[{"count":19,"href":"https:\/\/behappy8.org\/index.php?rest_route=\/wp\/v2\/posts\/1476\/revisions"}],"predecessor-version":[{"id":1623,"href":"https:\/\/behappy8.org\/index.php?rest_route=\/wp\/v2\/posts\/1476\/revisions\/1623"}],"wp:attachment":[{"href":"https:\/\/behappy8.org\/index.php?rest_route=%2Fwp%2Fv2%2Fmedia&parent=1476"}],"wp:term":[{"taxonomy":"category","embeddable":true,"href":"https:\/\/behappy8.org\/index.php?rest_route=%2Fwp%2Fv2%2Fcategories&post=1476"},{"taxonomy":"post_tag","embeddable":true,"href":"https:\/\/behappy8.org\/index.php?rest_route=%2Fwp%2Fv2%2Ftags&post=1476"}],"curies":[{"name":"wp","href":"https:\/\/api.w.org\/{rel}","templated":true}]}}