{"id":1488,"date":"2021-05-15T11:23:00","date_gmt":"2021-05-15T09:23:00","guid":{"rendered":"https:\/\/behappy8.org\/?p=1488"},"modified":"2024-08-04T20:01:17","modified_gmt":"2024-08-04T18:01:17","slug":"les-8-entretiens-6eme-partie-du-3eme-entretien","status":"publish","type":"post","link":"https:\/\/behappy8.org\/?p=1488","title":{"rendered":"Les 8 Entretiens (6\u00e8me Partie\u00a0du\u00a03\u00e8me Entretien)"},"content":{"rendered":"\n\n\n\n\n<div style=\"height:35px\" aria-hidden=\"true\" class=\"wp-block-spacer\"><\/div>\n\n\n\n<figure class=\"wp-block-audio\"><audio controls src=\"https:\/\/behappy8.org\/wp-content\/uploads\/2024\/08\/Les-8-Entretiens-6eme-Partie-du-3eme-Entretien.m4a\"><\/audio><\/figure>\n\n\n\n<div style=\"height:40px\" aria-hidden=\"true\" class=\"wp-block-spacer\"><\/div>\n\n\n\n<p class=\"has-text-align-right\"><em>Mourir de notre \u00ab&nbsp;belle mort&nbsp;\u00bb<\/em><\/p>\n\n\n\n<p>\u25a0<\/p>\n\n\n\n<p>Nous reconnaissons de mieux en mieux qu\u2019il n\u2019y a pas de distance entre \u00ab&nbsp;Dieu&nbsp;\u00bb et \u00ab&nbsp;Dieu&nbsp;\u00bb. Donc que nous soyons \u00ab&nbsp;l\u00e0-bas&nbsp;\u00bb ou \u00ab&nbsp;ici&nbsp;\u00bb, nous sommes en Lui&nbsp;et nous pouvons vivre la danse de \u00ab&nbsp;notre&nbsp;\u00bb vie libre et heureux&nbsp;!&nbsp;<\/p>\n\n\n\n<p>Nous pouvons faire tel ou tel chemin sans perdre conscience que la Lumi\u00e8re est Omnipr\u00e9sente, vraiment Omnipr\u00e9sente&nbsp;!<\/p>\n\n\n\n<p>Et, bien s\u00fbr, cela va donner des styles tr\u00e8s diff\u00e9rents, \u00e9videmment&nbsp;: parmi nous, personne ne va faire le m\u00eame dessin, personne ne va faire la m\u00eame musique. Chacun de nous va danser \u00e0 sa fa\u00e7on parce qu\u2019il danse dans la conscience de la Lumi\u00e8re Omnipr\u00e9sente, il est dans la Lumi\u00e8re, o\u00f9 qu&rsquo;il soit \u2026 et c\u2019est simplement Beau&nbsp;!<\/p>\n\n\n\n<p>\u00c7a peut \u00eatre une jeune personne ou une vieille personne\u2026 Cela sera Beau de toute les fa\u00e7ons&nbsp;!<\/p>\n\n\n\n<p>\u25cf<\/p>\n\n\n\n<p>Ah l\u00e0 l\u00e0&nbsp;! Je sens que je vais mourir heureuse\u2026<\/p>\n\n\n\n<p><em>Rires\u2026<\/em><\/p>\n\n\n\n<p>\u25a0<\/p>\n\n\n\n<p>Ah&nbsp;! \u00c7a, c\u2019est une bonne id\u00e9e&nbsp;!<\/p>\n\n\n\n<p>\u25cf<\/p>\n\n\n\n<p>C\u2019est mon r\u00eave&nbsp;!&nbsp;<\/p>\n\n\n\n<p>\u25a0<\/p>\n\n\n\n<p>Tu vas le r\u00e9aliser&nbsp;!<\/p>\n\n\n\n<p>\u25cf<\/p>\n\n\n\n<p>Ce n\u2019est pas mon r\u00eave, c\u2019est la r\u00e9alit\u00e9 en devenir&nbsp;: j\u2019ai toujours dit que je mourrai heureuse&nbsp;!<\/p>\n\n\n\n<p>\u25a0<\/p>\n\n\n\n<p>C\u2019est ce qu\u2019il faut offrir&nbsp;: il faut se l\u2019offrir \u00e0 soi-m\u00eame et il faut faire ce cadeau aux autres\u2026<\/p>\n\n\n\n<p>La mort, sera un feu d\u2019artifice de Joie&nbsp;!<\/p>\n\n\n\n<p>\u25cf<\/p>\n\n\n\n<p>\u00c7a, ce n\u2019est pas quelque chose qui me perturbe.&nbsp;<\/p>\n\n\n\n<p>Mais, avant j\u2019en faisais une dissociation&nbsp;: c\u2019est \u00e0 dire qu\u2019il y avait la mort et\u2026 enfin, l\u00e0, nous passions aux choses s\u00e9rieuses&nbsp;! \u00c7a c\u2019est quelque chose que je croyais&#8230;<\/p>\n\n\n\n<p><\/p>\n\n\n\n<p class=\"has-text-align-right\"><em>Naitre et mourir \u00e0 cet instant<\/em><\/p>\n\n\n\n<p>\u25a0<\/p>\n\n\n\n<p>Mourons donc heureux\u2026 \u00e0 chaque instant&nbsp;!<\/p>\n\n\n\n<p>\u25cf<\/p>\n\n\n\n<p>Oui&nbsp;! c\u2019est vrai&nbsp;! De toutes les fa\u00e7ons, mourir, c\u2019est ce que nous faisons \u00e0 chaque instant&nbsp;!<\/p>\n\n\n\n<p>\u25a0<\/p>\n\n\n\n<p>Oui, vraiment, \u00e0 chaque instant&nbsp;! Tu as raison&nbsp;!<\/p>\n\n\n\n<p>Chaque instant contient une naissance, une vie, une mort\u2026 et tout cela en un instant&nbsp;! tic\u2026 tac\u2026 tic\u2026 tac\u2026&nbsp;tic&#8230; tac&#8230;<\/p>\n\n\n\n<p>Comme un instant est infiniment petit, nous vivons un nombre de vies absolument infini, depuis toujours et pour toujours\u2026<\/p>\n\n\n\n<p>Mourir est une exp\u00e9rience de chaque moment, comme nous le disent les po\u00e8tes de chaque \u00e9poque\u2026<\/p>\n\n\n\n<p>\u2026 Et, c\u2019est parfait&nbsp;! D\u00e9tendons-nous dans cette exp\u00e9rience qui semble r\u00e9p\u00e9t\u00e9e \u00e0 l\u2019infini\u2026 et qui n\u2019est pourtant jamais r\u00e9p\u00e9t\u00e9e identique&nbsp;!<\/p>\n\n\n\n<p>Chaque instant est la naissance de l\u2019instant suivant&nbsp;!<\/p>\n\n\n\n<p>Chaque instant est la mort de l\u2019instant pr\u00e9c\u00e9dent&nbsp;!<\/p>\n\n\n\n<p>Notre vraie vie\u2026 c\u2019est cet instant&nbsp;!<\/p>\n\n\n\n<p>\u25cf<\/p>\n\n\n\n<p>Et en m\u00eame temps nous n\u2019avons que cette vie\u2026<\/p>\n\n\n\n<p>\u25a0<\/p>\n\n\n\n<p>En tout cas, c\u2019est cet instant qui est le plus important\u2026Ce n\u2019est m\u00eame pas, seulement, toute cette vie-ci, mais c&rsquo;est bien cet instant pr\u00e9sent&nbsp;! Tout se passe au pr\u00e9sent, \u00e0 cet instant\u2026<\/p>\n\n\n\n<p>Le reste, c&rsquo;est \u00e0 dire la pass\u00e9 et le futur, n\u2019a d\u2019int\u00e9r\u00eat que dans ce pr\u00e9sent.<\/p>\n\n\n\n<p>C\u2019est un peu comme s\u2019il y avait le pass\u00e9 \u00e9ternel qui se condenserait dans une esp\u00e8ce de c\u00f4ne en un seul point qu\u2019est l\u2019instant pr\u00e9sent\u2026 et qu\u2019ensuite l\u2019avenir se dilaterait dans un autre c\u00f4ne \u00e9ternel\u2026 et que ces deux c\u00f4nes du pass\u00e9 et de l\u2019avenir se rejoindraient totalement par le sommet de leurs c\u00f4nes&nbsp;: ils seraient \u00ab\u00a0un\u00a0\u00bb par ce point&nbsp;qui symboliserait le pr\u00e9sent&nbsp;!<\/p>\n\n\n\n<p>Nous pourrions aussi imaginer une chaussette qui se retourne&nbsp;!<\/p>\n\n\n\n<p>Nous pourrions \u00e9galement essayer de dire que notre infini pass\u00e9 et notre infini futur se rejoignent \u00e0 cet instant d\u2019infinis possibilit\u00e9s\u2026&nbsp;<\/p>\n\n\n\n<p>Et le chiffre 8, ou le signe de l\u2019Infini, serait, nous semble-t-il, parmi d\u2019autres choses, des symboles de cela&nbsp;:<\/p>\n\n\n\n<p class=\"has-text-align-center\" style=\"font-size:200px\">\u221e<\/p>\n\n\n\n<p>L\u2019infini pass\u00e9 et l\u2019infini futur qui s\u2019unissent et s\u2019interp\u00e9n\u00e8trent l\u2019un l\u2019autre \u00e0 cet instant&nbsp;m\u00eame\u2026<\/p>\n\n\n\n<p>Mais, cela reste bien un myst\u00e8re dont les repr\u00e9sentations seront toujours infinies\u2026 et nous approfondissons la connaissance de ce myst\u00e8re \u00e0 chaque instant&nbsp;!<\/p>\n\n\n\n<p>En tous les cas c\u2019est s\u00fbr\u2026 Nous nous r\u00e9galons \u00e0 communiquer comme nous le faisons. Et combien cela nous coute-t-il&nbsp;?<\/p>\n\n\n\n<p>Voil\u00e0! c\u2019est la vie heureuse et c\u2019est \u00e0 la port\u00e9e de tout le monde\u2026<\/p>\n\n\n\n<p>\u25cf<\/p>\n\n\n\n<p>Oui, c\u2019est vrai&nbsp;! Je me souviens de mon meilleur ami qui me disait avec un sourire&nbsp;: \u00ab&nbsp;<em>Vous vous compliquez bien la vie&nbsp;!&nbsp;<\/em>\u00bb \u2026<\/p>\n\n\n\n<p>Enfin bon&nbsp;! ce qui est s\u00fbr, c\u2019est que c\u2019est pratique, c\u2019est possible et \u00e7a permet la conscience de la joie&nbsp;! Donc, \u00e0 partir de l\u00e0, moi je suis partante.<\/p>\n\n\n\n<p><\/p>\n\n\n\n<p class=\"has-text-align-right\"><em>L\u2019instant, centre de notre existence<\/em><\/p>\n\n\n\n<p>\u25a0<\/p>\n\n\n\n<p>Bien, on part \u00e0 chaque instant&nbsp;! Chaque instant est un point de d\u00e9part\u2026<\/p>\n\n\n\n<p>Alors, maintenant, voil\u00e0&#8230; Apr\u00e8s, au d\u00e9but de notre entretien, tu as dit une 4<sup>\u00e8me<\/sup>&nbsp;phrase que j\u2019ai not\u00e9 ici : \u00ab&nbsp;C\u2019est l\u2019\u00c2me qui a cette qualit\u00e9\u2026&nbsp;\u00bb<\/p>\n\n\n\n<p>\u25cf<\/p>\n\n\n\n<p>Ah oui&nbsp;! \u00c7a, \u00e7a vient de mon histoire de \u00ab&nbsp;dissociation&nbsp;\u00bb \u00c2me\/\/moi&nbsp;: c\u2019est-\u00e0-dire que j\u2019avais conscience de mon \u00c2me, m\u00eame dans tous les niveaux de mon \u00catre, dans tous les plans de mon existence, que ce soit le plan spirituel, le plan intellectuel, le plan \u00e9motionnel, le plan mat\u00e9riel et m\u00eame le plan sexuel\u2026<\/p>\n\n\n\n<p>Mais, c\u2019\u00e9tait l\u2019\u00c2me\u2026 et l\u2019\u00c2me, ce n\u2019\u00e9tait pas moi&nbsp;! C\u2019\u00e9tait Dieu, mais ce n\u2019\u00e9tait pas moi&nbsp;! Voil\u00e0&nbsp;!<\/p>\n\n\n\n<p>Mais maintenant, je vais \u00ab&nbsp;tirer&nbsp;\u00bb cette dissociation, jusqu\u2019\u00e0 ce que moi et Dieu, ne soyons plus face \u00e0 face, mais que je me sente \u00ab&nbsp;Un&nbsp;\u00bb avec Lui&nbsp;!<\/p>\n\n\n\n<p>Cette dissociation \u00c2me\/\/moi \u00e9tait vraiment tr\u00e8s install\u00e9e en moi\u2026<\/p>\n\n\n\n<p>\u25a0<\/p>\n\n\n\n<p>Non&nbsp;! Ce n\u2019\u00e9tait pas vraiment en toi\u2026 Ce n\u2019\u00e9tait pas install\u00e9\u2026 En tous les cas, ce n\u2019\u00e9tait pas install\u00e9 \u00e9ternellement.<\/p>\n\n\n\n<p>\u25cf<\/p>\n\n\n\n<p>Non, mais c&rsquo;\u00e9tait install\u00e9 mentalement\u2026 Voil\u00e0&nbsp;! C\u2019\u00e9tait un m\u00e9canisme mental&nbsp;!<\/p>\n\n\n\n<p>\u25a0<\/p>\n\n\n\n<p>C\u2019\u00e9tait un syst\u00e8me habituel, et cela reste aujourd\u2019hui une m\u00e9moire importante\u2026<\/p>\n\n\n\n<p>\u25cf<\/p>\n\n\n\n<p>Oui, c\u2019est vrai&nbsp;! Ce n\u2019\u00e9tait pas vraiment en moi\u2026 C\u2019\u00e9tait un fonctionnement&nbsp;! Un fonctionnement pass\u00e9 qui a \u00e9t\u00e9 inscrit dans ma m\u00e9moire.<\/p>\n\n\n\n<p>Et, en tout cas, de ce fonctionnement, je voudrais m\u2019en sortir une bonne fois pour toute\u2026 Est-ce que je vais y arriver&nbsp;?<\/p>\n\n\n\n<p>\u25a0<\/p>\n\n\n\n<p>Oui, bien s\u00fbr&nbsp;! Tu t\u2019en sors tr\u00e8s bien&nbsp;!&nbsp;<\/p>\n\n\n\n<p>\u25cf<\/p>\n\n\n\n<p>Ce n&rsquo;\u00e9tait qu&rsquo;un fonctionnement&nbsp;!<\/p>\n\n\n\n<p><\/p>\n\n\n\n<p class=\"has-text-align-right\"><em>Rien de Dieu ne peut \u00eatre \u00e9limin\u00e9<\/em><\/p>\n\n\n\n<p>\u25a0<\/p>\n\n\n\n<p>Oui&nbsp;! Mais en ayant eu ce fonctionnement, en ayant eu, de fa\u00e7on r\u00e9p\u00e9t\u00e9e, ce sentiment de s\u00e9paration de ce \u00ab&nbsp;moi&nbsp;\u00bb&nbsp;<em>et<\/em>&nbsp;de cette \u00ab&nbsp;\u00c2me&nbsp;\u00bb, tu \u00e9tais, en fait, en route pour la seule vraie solution&nbsp;!<\/p>\n\n\n\n<p>La seule chose que tu cherchais, en revenant sur ce concept de s\u00e9paration, en le r\u00e9p\u00e9tant comme tu l\u2019as fait, c\u2019\u00e9tait de r\u00e9ussir, enfin, \u00e0 \u00eatre heureuse d\u2019avoir \u00ab&nbsp;ce&nbsp;\u00bb concept de s\u00e9paration\u2026 c\u2019est-\u00e0-dire de reconna\u00eetre la Lumi\u00e8re \u00ab&nbsp;dans&nbsp;\u00bb ce concept-m\u00eame de \u00ab\u00a0s\u00e9paration\u00a0\u00bb&nbsp;!<\/p>\n\n\n\n<p>\u25cf<\/p>\n\n\n\n<p>Ah oui&nbsp;! Je commence \u00e0 comprendre\u2026<\/p>\n\n\n\n<p>\u25a0<\/p>\n\n\n\n<p>Si tu veux\u2026 Tu cherchais simplement \u00e0 cesser de \u00ab&nbsp;pr\u00e9tendre&nbsp;\u00bb que ce concept \u00e9tait un probl\u00e8me qui \u00ab\u00a0s\u2019opposait\u00a0\u00bb au Divin.&nbsp;<\/p>\n\n\n\n<p>Au plus profond de toi, depuis toujours, tu sais bien que rien ne peut s\u2019opposer au Divin\u2026 tu sais que la Lumi\u00e8re est Tout&nbsp;!<\/p>\n\n\n\n<p>Alors, il suffit de reconna\u00eetre que cette \u00ab&nbsp;pr\u00e9tention-m\u00eame de s\u00e9paration&nbsp;\u00bb est un aspect parmi les infinis aspects possibles de Dieu Lui-m\u00eame dont, nous qui avons la Libre Conscience, pouvons choisir d&rsquo;avoir conscience\u2026<\/p>\n\n\n\n<p>Tu avais pris l\u2019habitude de pr\u00e9tendre qu\u2019il y avait le Divin, mais que le Divin c\u2019\u00e9tait quand tu aurais \u00e9limin\u00e9 \u00ab\u00a0\u00e7a\u00a0\u00bb, quand tu aurais \u00e9limin\u00e9 \u00ab\u00a0ce sentiment de s\u00e9paration d\u2019avec Lui\u00a0\u00bb&nbsp;!<\/p>\n\n\n\n<p>Mais, non&nbsp;! Tu n\u2019a jamais pu l\u2019\u00e9liminer\u2026 <\/p>\n\n\n\n<p>Rien de Dieu n\u2019est \u00e0 \u00e9liminer&#8230; Rien de Dieu ne peut \u00eatre \u00e9limin\u00e9&#8230;<\/p>\n\n\n\n<p>Tout est \u00e0 aimer\u2026 Sans aucune exception&#8230;&nbsp;Et sans aucune&nbsp;condition&nbsp;!<\/p>\n\n\n\n<p>\u25cf<\/p>\n\n\n\n<p>Oui&nbsp;! Mais tu vois, l\u00e0, \u00e7a fait quoi&nbsp;? \u00c7a fait une heure qu\u2019on en parle de \u00e7a&nbsp;? Et\u2026 je n\u2019ai pas encore vu que je l&rsquo;ai int\u00e9gr\u00e9\u2026 Bref, ce n\u2019est pas encore un r\u00e9flexe&nbsp;! Tu vois&nbsp;?&nbsp;Je comprends ce que tu veux dire, exactement\u2026 mais ce n\u2019est pas encore install\u00e9\u2026<\/p>\n\n\n\n<p><\/p>\n\n\n\n<p class=\"has-text-align-right\"><em>Impression c\u00e9r\u00e9brale&nbsp;: le temps du Corps<\/em><\/p>\n\n\n\n<p>\u25a0<\/p>\n\n\n\n<p>Mais, c\u2019est normal que ce ne soit pas encore un r\u00e9flexe&nbsp;! Ce qu\u2019il faut comprendre c\u2019est ceci&nbsp;: <\/p>\n\n\n\n<p>Quand nous avons une pens\u00e9e, c\u2019est instantan\u00e9, n\u2019est-ce pas&nbsp;?&nbsp;<\/p>\n\n\n\n<p>\u25cf<\/p>\n\n\n\n<p>Oui&nbsp;!<\/p>\n\n\n\n<p>\u25a0<\/p>\n\n\n\n<p>Si nous \u00e9crivons ce que nous avons pens\u00e9 avec l\u2019ordinateur, \u00e7a prend un peu plus de temps, n\u2019est-ce pas&nbsp;?&nbsp;<\/p>\n\n\n\n<p>\u25cf<\/p>\n\n\n\n<p>Oui&nbsp;!<\/p>\n\n\n\n<p>\u25a0<\/p>\n\n\n\n<p>Et si nous voulons imprimer ce que nous avons pens\u00e9 puis \u00e9crit avec le clavier de notre ordinateur sur son \u00e9cran, cela prendra encore un peu plus de temps. C\u2019est bien comme cela, n\u2019est-ce pas&nbsp;?<\/p>\n\n\n\n<p>\u25cf<\/p>\n\n\n\n<p>Oui&nbsp;!<\/p>\n\n\n\n<p>\u25a0<\/p>\n\n\n\n<p>Eh bien, pour le corps, c\u2019est la m\u00eame chose\u2026 Il lui faut du temps pour qu\u2019il imprime\u2026&nbsp;<\/p>\n\n\n\n<p>Il faut du temps \u00e0 notre corps pour qu\u2019il construise les circuits neurologiques n\u00e9cessaires pour que nous puissions penser facilement ce que nous sommes les plus heureux de penser\u2026 <\/p>\n\n\n\n<p>En effet, nous n\u2019avions pas encore suffisamment, ou m\u00eame pas du tout, pens\u00e9 cela jusqu\u2019\u00e0 l\u00e0\u2026&nbsp;Et donc, les circuits neuronaux pour le penser n&rsquo;existaient tout simplement pas&nbsp;!<\/p>\n\n\n\n<p>Et tant que ces nouveaux circuits, qui sont bien mat\u00e9riels, ils ne sont pas encore solides, c\u2019est \u00e0 dire bien imprim\u00e9s, il faut continuer \u00e0 r\u00e9p\u00e9ter et \u00e0 r\u00e9p\u00e9ter encore les pens\u00e9es qui vont imprimer toujours mieux ces nouveaux circuits\u2026&nbsp;<\/p>\n\n\n\n<p>\u25cf<\/p>\n\n\n\n<p>Oui&nbsp;! Mais alors l\u00e0, chez moi, ce n\u2019est vraiment pas encore imprim\u00e9&nbsp;!<\/p>\n\n\n\n<p>\u25a0<\/p>\n\n\n\n<p>C\u2019est vrai, ce n&rsquo;est pas encore totalement imprim\u00e9, mais c\u2019est en train&nbsp;! C\u2019est en train de s\u2019imprimer un peu plus \u00e0 chaque r\u00e9p\u00e9tition\u2026 \u00c7a travaille&nbsp;! \u00c7a travaille&nbsp;! Lettre apr\u00e8s lettre\u2026 tac, tac, tac\u2026&nbsp;!<\/p>\n\n\n\n<p><em>Silence\u2026<\/em><\/p>\n\n\n\n<p>Mais, il faut que nous comprenions ceci&nbsp;: il nous faut aimer ce \u00ab&nbsp;temps du Corps&nbsp;\u00bb&nbsp;!<\/p>\n\n\n\n<p><\/p>\n\n\n\n<p class=\"has-text-align-right\"><em>\u00c2me et Corps&nbsp;: m\u00eame Dieu<\/em><\/p>\n\n\n\n<p>Il ne faut plus que nous opposions \u00ab&nbsp;l\u2019instantan\u00e9it\u00e9 de l\u2019\u00c2me&nbsp;\u00bb, la rapidit\u00e9 de la Pens\u00e9e et \u00ab&nbsp;le temps du Corps&nbsp;\u00bb.&nbsp;<\/p>\n\n\n\n<p>On sait que le Corps ce n\u2019est pas l\u2019instantan\u00e9it\u00e9\u2026 Le Corps a un temps&nbsp;! et l\u2019\u00c2me n\u2019a pas de temps\u2026<\/p>\n\n\n\n<p>Or, notre ombre, notre perte de conscience de la Lumi\u00e8re, nous a fait opposer d\u2019un c\u00f4t\u00e9, l\u2019absence de temps, l\u2019\u00c9ternit\u00e9, l\u2019Instantan\u00e9it\u00e9\u2026 et d\u2019un autre c\u00f4t\u00e9, la dur\u00e9e du temps.&nbsp;<\/p>\n\n\n\n<p>Et on a dit, par exemple&nbsp;: l\u2019instantan\u00e9it\u00e9 et la dur\u00e9e sont oppos\u00e9es ! Elle ne peuvent pas exister en m\u00eame temps&nbsp;! <\/p>\n\n\n\n<p>Mais, non&nbsp;! Elles ne sont pas oppos\u00e9es\u2026 Elles sont compl\u00e9mentaires\u2026 Elles sont \u00ab&nbsp;Un&nbsp;\u00bb&nbsp;\u2026<\/p>\n\n\n\n<p>Et cela peut \u00eatre symbolis\u00e9 par ce fameux \u00ab&nbsp;8&nbsp;\u00bb dont nous avons parl\u00e9 tout \u00e0 l\u2019heure\u2026 Nous avons le point qui peut repr\u00e9senter l\u2019instant\u2026 et nous avons les boucles qui peuvent repr\u00e9senter le temps pass\u00e9 et le temps \u00e0 venir. L\u2019un ne va pas sans l\u2019autre. Ils sont \u00ab&nbsp;Un&nbsp;\u00bb ensemble.<\/p>\n\n\n\n<p>On a eu tendance \u00e0 vouloir dire par exemple&nbsp;: \u00ab&nbsp;Dieu c\u2019est \u00e0 droite, mais pas \u00e0 gauche&nbsp;!&nbsp;\u00bb ou bien, peut-\u00eatre&nbsp;que l\u2019on a pu penser&nbsp;: \u00ab&nbsp;L\u2019instantan\u00e9it\u00e9, \u00e7a c\u2019est Dieu&nbsp;! Mais la dur\u00e9e, le temps\u2026 \u00e7a non, ce n\u2019est pas Dieu&nbsp;!&nbsp;\u00bb&nbsp;<\/p>\n\n\n\n<p>Mais, comment Dieu peut-Il ne pas \u00eatre Tout&nbsp;?&nbsp;<\/p>\n\n\n\n<p>Dieu \u00ab&nbsp;Est&nbsp;\u00bb Tout, Absolument Tout&nbsp;!<\/p>\n\n\n\n<p>Il est \u00e0 la fois l\u2019Instantan\u00e9 et la Dur\u00e9e&#8230; En toute chose.<\/p>\n\n\n\n<p>Il est Dieu&nbsp;!<\/p>\n\n\n\n<p><\/p>\n\n\n\n<p class=\"has-text-align-right\"><em>La Lumi\u00e8re dans le temps<\/em><\/p>\n\n\n\n<p>\u25cf<\/p>\n\n\n\n<p>C\u2019est \u00e0 dire que je dois reconna\u00eetre que je n\u2019ai pas aim\u00e9 le temps\u2026 Je n\u2019ai pas reconnu la Lumi\u00e8re en lui\u2026<\/p>\n\n\n\n<p>\u25a0<\/p>\n\n\n\n<p>L\u2019ombre s\u2019\u00e9tait attach\u00e9e au corps&#8230; Seulement \u00e0 la mati\u00e8re\u2026&nbsp;?<\/p>\n\n\n\n<p>\u25cf<\/p>\n\n\n\n<p>Oui\u2026<\/p>\n\n\n\n<p>\u25a0<\/p>\n\n\n\n<p>Et l\u2019ombre avait simplement oubli\u00e9 l\u2019\u00c2me\u2026 Parce que, si elle avait repris conscience de l\u2019\u00c2me, l\u2019ombre aurait tout simplement r\u00e9alis\u00e9 sa v\u00e9ritable nature&nbsp;: de toute \u00c9ternit\u00e9 elle n\u2019est que la Lumi\u00e8re dont elle avait perdu conscience&nbsp;!<\/p>\n\n\n\n<p>Et si l&rsquo;ombre faisait \u00e7a, c\u2019\u00e9tait la fin de l\u2019ombre !<\/p>\n\n\n\n<p>\u25cf<\/p>\n\n\n\n<p>Oui&nbsp;! C\u2019est vrai.<\/p>\n\n\n\n<p>\u25a0<\/p>\n\n\n\n<p>&nbsp;Donc, la tendance malheureuse, maladroite, de l\u2019ombre, a \u00e9t\u00e9 de perdre conscience de l\u2019\u00c2me et donc de l\u2019\u00c9ternit\u00e9\u2026&nbsp;<\/p>\n\n\n\n<p>\u25cf<\/p>\n\n\n\n<p>Oui\u2026<\/p>\n\n\n\n<p>\u25a0<\/p>\n\n\n\n<p>Et du coup, il ne lui restait plus que la dur\u00e9e, que le corps, que le pouvoir, l\u2019argent, le sexe\u2026 mais tout cela s\u00e9par\u00e9 de l\u2019\u00c2me par cette pens\u00e9e-m\u00eame qui niait l\u2019\u00c2me\u2026&nbsp;<\/p>\n\n\n\n<p>Et c\u2019est cette conscience de la mati\u00e8re qui a pr\u00e9domin\u00e9 \u00e0 la place de la conscience de la Lumi\u00e8re en tout\u2026 que seule, pour l&rsquo;instant, a permis l\u2019\u00c2me\u2026<\/p>\n\n\n\n<p>Et maintenant, il nous faut r\u00e9cup\u00e9rer toujours plus la conscience originelle de l\u2019\u00c2me, la conscience naturelle de la Lumi\u00e8re en nous\u2026<\/p>\n\n\n\n<p>&nbsp;Mais attention&nbsp;! Cependant, cela, certainement pas au prix de la perte de conscience de l\u2019infinie valeur r\u00e9elle du Corps et de sa dur\u00e9e&nbsp;! \u00c7a, nous refusons d\u2019en perdre la conscience\u2026<\/p>\n\n\n\n<p>\u25cf<\/p>\n\n\n\n<p>Oui\u2026 il y a un instinct profond&nbsp;!<\/p>\n\n\n\n<p><\/p>\n\n\n\n<p class=\"has-text-align-right\"><em>L\u2019\u00c2me aime le Corps<\/em><\/p>\n\n\n\n<p>\u25a0<\/p>\n\n\n\n<p>Heureusement&nbsp;! Cela est garanti par l\u2019\u00c2me, par son Instinct Spirituel, Absolu, Originel&nbsp;: Elle Aime le Corps sans condition\u2026&nbsp;<\/p>\n\n\n\n<p>L\u2019\u00c2me anime en nous, \u00e0 chaque instant la conscience de la valeur infinie du Corps, la beaut\u00e9 du Corps\u2026<\/p>\n\n\n\n<p>Ainsi, l\u2019\u00c2me ne peut abandonner son amour du Corps\u2026<\/p>\n\n\n\n<p>\u25cf<\/p>\n\n\n\n<p>Oui, c\u2019est \u00e7a&nbsp;! La Lumi\u00e8re aime \u00ab\u00a0le temps du Corps\u00a0\u00bb.<\/p>\n\n\n\n<p>\u25a0<\/p>\n\n\n\n<p>Oui&nbsp;! Nous voulons \u00ab&nbsp;l\u2019Instant&nbsp;\u00bb et \u00ab&nbsp;l\u2019\u00c9ternit\u00e9&nbsp;\u00bb ensemble\u2026 Nous voulons le Corps et l\u2019\u00c2me ensemble, avec la Pens\u00e9e&nbsp;!<\/p>\n\n\n\n<p>Et depuis que nous avions perdu conscience de la Lumi\u00e8re, l\u2019ombre nous a dit non, non, et non&nbsp;! Ce n\u2019est pas possible\u2026 Elle nous a toujours dit, depuis le d\u00e9but de sa \u00ab&nbsp;pseudo-existence&nbsp;\u00bb que ce n\u2019\u00e9tait soi-disant pas possible\u2026<\/p>\n\n\n\n<p>Ainsi, toi dans ta recherche, l\u2019ombre te disait&nbsp;: Non&nbsp;! Non&nbsp;! L\u2019Union de Tout, ce n\u2019est pas possible&nbsp;!<\/p>\n\n\n\n<p><em>Rires\u2026<\/em><\/p>\n\n\n\n<p>&nbsp;Mais la R\u00e9alit\u00e9 \u00e9clate. Il n\u2019y a aucune s\u00e9paration r\u00e9elle entre l\u2019instantan\u00e9it\u00e9 de l\u2019\u00c2me et la temporalit\u00e9 Corporelle\u2026 Dieu est vraiment Tout.<\/p>\n\n\n\n<p>\u00ab&nbsp;<em>Dieu ou la Nature\u2026<\/em>&nbsp;\u00bb disait Spinoza&nbsp;!<\/p>\n\n\n\n<p>\u25cf<\/p>\n\n\n\n<p>Exp\u00e9rimentalement, c\u2019est \u00e9vident\u2026 Parce que tous ces \u00e9tats d\u2019\u00c2me, dont nous parlons, n\u2019existent que parce qu\u2019ils passent par le Corps\u2026 Sinon, c\u2019est du vent&nbsp;! Et donc, c\u2019est vrai que le Corps est essentiel\u2026 et pourtant il a \u00e9t\u00e9 tellement pollu\u00e9&nbsp;!<\/p>\n\n\n\n<p><\/p>\n\n\n\n<p class=\"has-text-align-right\"><em>L\u2019\u00c2me inspire la Pens\u00e9e qui nourrit le Corps&nbsp;<\/em><\/p>\n\n\n\n<p>\u25a0<\/p>\n\n\n\n<p>Mais, ce qui a \u00e9t\u00e9 le plus pollu\u00e9 chez nous, ce n\u2019est pas le Corps, c\u2019est la Pens\u00e9e&nbsp;! <\/p>\n\n\n\n<p>Bien s\u00fbr le Corps, malgr\u00e9 qu\u2019il soit anim\u00e9 par l\u2019\u00c2me a \u00e9t\u00e9 pollu\u00e9 progressivement\u2026 Et sa pollution s\u2019est aggrav\u00e9 ces derni\u00e8res ann\u00e9es d\u2019une mani\u00e8re presque exponentielle\u2026&nbsp;<\/p>\n\n\n\n<p>Mais, depuis le presque d\u00e9but de notre humanit\u00e9, le probl\u00e8me a son origine dans la perte de conscience de la Lumi\u00e8re et les pens\u00e9es basses qui en d\u00e9coulent et qui ont exprim\u00e9 surtout cette ombre, c\u2019est \u00e0 dire cette perte de conscience de la Lumi\u00e8re.&nbsp;<\/p>\n\n\n\n<p>Les pens\u00e9es n\u2019ont plus exprim\u00e9 suffisamment l\u2019\u00c2me pour nourrir le Corps comme il doit l&rsquo;\u00eatre, mais les pens\u00e9es ont trop souvent exprim\u00e9 la perte de conscience de l\u2019\u00c2me\u2026 et cela a asphyxi\u00e9 le Corps&nbsp;!<\/p>\n\n\n\n<p>Et alors, le Corps a de plus en plus surv\u00e9cu, plut\u00f4t qu\u2019il n&rsquo;a v\u00e9cu&nbsp;!<\/p>\n\n\n\n<p>\u25cf<\/p>\n\n\n\n<p>Cela semble bien vrai\u2026 mais comment faire&nbsp;?<\/p>\n\n\n\n<p>\u25a0<\/p>\n\n\n\n<p>Eh bien, heureusement, le Corps, si nous lui permettons son fonctionnement naturel&#8230; Hop&nbsp;! Il r\u00e9pond tout de suite \u00ab\u00a0pr\u00e9sent\u00a0\u00bb&nbsp;!&nbsp;<\/p>\n\n\n\n<p>Tout th\u00e9rapeute qui encourage cela a pu l\u2019observer\u2026 Surtout si cela s\u2019accompagne d\u2019une diminution de la pression douloureuse des pens\u00e9es basses\u2026<\/p>\n\n\n\n<p>Le Corps est pr\u00eat \u00e0 fonctionner selon les lois de sa nature Divine&nbsp;! Il est fait pour vivre&nbsp;! Et donc pour gu\u00e9rir&#8230;<\/p>\n\n\n\n<p>Le Corps a \u00e9volu\u00e9 efficacement&nbsp;: <\/p>\n\n\n\n<p>D&rsquo;une part, depuis des millions d\u2019ann\u00e9es, il a \u00e9volu\u00e9 efficacement pour r\u00e9soudre tous les probl\u00e8mes qu\u2019il a rencontr\u00e9 dans la nature\u2026 et survivre&nbsp;! <\/p>\n\n\n\n<p>Et d&rsquo;autre part, depuis beaucoup moins longtemps, il a \u00e9volu\u00e9 efficacement pour r\u00e9soudre tous les probl\u00e8mes que l\u2019ombre lui a pos\u00e9s\u2026 et survivre&nbsp;!<\/p>\n\n\n\n<p>Et ce Corps si parfait peut, en g\u00e9n\u00e9ral, retrouver son fonctionnement naturel, originel, rapidement, autant que le lui permettra le milieu physique et surtout mental dont il se nourrit. C\u2019est quasi-instantan\u00e9&nbsp;!&nbsp;<\/p>\n\n\n\n<p>Le corps a une r\u00e9silience extraordinaire.&nbsp;<\/p>\n\n\n\n<p>Le Corps revient vers le fonctionnement que Dieu a pr\u00e9vu pour lui depuis toujours, d\u00e8s l\u2019instant o\u00f9 la Pens\u00e9e cesse de trop tordre et assombrir les informations qu\u2019elle re\u00e7oit, depuis toujours, de l\u2019\u00c2me.&nbsp;<\/p>\n\n\n\n<p>\u25cf<\/p>\n\n\n\n<p>C\u2019est donc au niveau des pens\u00e9es\u2026<\/p>\n\n\n\n<p><\/p>\n\n\n\n<p class=\"has-text-align-right\"><em>Je pense \u00e0 partir des m\u00e9moires ou \u00e0 partir de l\u2019\u00c2me&nbsp;?<\/em><\/p>\n\n\n\n<p>\u25a0<\/p>\n\n\n\n<p>Oui&nbsp;! c\u2019est au niveau des pens\u00e9es qu\u2019il nous faut vraiment travailler d\u2019abord&nbsp;!&nbsp;<\/p>\n\n\n\n<p>Et automatiquement, si nous changeons nos pens\u00e9es pour qu\u2019elles expriment notre \u00c2mes, c\u2019est \u00e0 dire la Lumi\u00e8re, toutes les cellules de notre corps vont fonctionner diff\u00e9remment, y compris celles de notre cerveau\u2026 Et elles vont retrouver leur fonctionnement harmonieux naturel\u2026&nbsp;<\/p>\n\n\n\n<p>\u00c9galement, tout le syst\u00e8me hormonal va fonctionner diff\u00e9remment\u2026 Tous les \u00e9l\u00e9ments qui maintiennent l\u2019\u00e9quilibre du corps dans le milieu o\u00f9 il \u00e9volue vont retrouver leur efficacit\u00e9 Originelle\u2026<\/p>\n\n\n\n<p>\u00c9videmment, ceci va se faire au fur et \u00e0 mesure o\u00f9 nos pens\u00e9es vont transmettre la V\u00e9rit\u00e9 de l\u2019\u00c2me au Corps\u2026<\/p>\n\n\n\n<p><\/p>\n\n\n\n<p class=\"has-text-align-right\"><em>Est-ce que je pense l\u00e0 ce que je suis le plus heureux de penser&nbsp;?<\/em><\/p>\n\n\n\n<p>Or, c\u2019est ce que la Pens\u00e9e fait, chaque fois que nous pensons ce que nous sommes les plus heureux de penser\u2026&nbsp;<\/p>\n\n\n\n<p>Et l\u00e0, nous allons avoir la conscience de l\u2019\u00c2me que nous sommes les plus heureux d\u2019avoir\u2026 et nous allons aussi vivre le corps que nous sommes le plus heureux de vivre&nbsp;! Tout va se simplifier de plus en plus&nbsp;!&nbsp;<\/p>\n\n\n\n<p>Mais tout de m\u00eame, ce corps, ce corps personnel et m\u00eame ce corps humanitaire, il lui faut \u00ab&nbsp;un temps&nbsp;\u00bb pour se r\u00e9parer&nbsp;! <\/p>\n\n\n\n<p>Ce temps peut \u00eatre tr\u00e8s court pour son aspect personnel ou bien long pour son aspect social, ceci en fonction de nombreux facteurs\u2026 Et une sorte de respect de ce temps est n\u00e9cessaire\u2026 Il faut aimer ce temps n\u00e9cessaire pour le Corps&nbsp;!&nbsp;<\/p>\n\n\n\n<p>Or, depuis environ 150.000 ans, l\u2019ombre nous avait d\u00e9sappris, \u00e0 aimer ce temps&nbsp;!<\/p>\n\n\n\n<p>&nbsp;<\/p>\n\n\n\n<p class=\"has-text-align-right\"><em>Aucun temps n\u2019est jamais perdu<\/em><\/p>\n\n\n\n<p>Mais tout ce temps qu\u2019on a soi-disant \u00ab&nbsp;perdu&nbsp;\u00bb, il n\u2019est pas perdu&nbsp;! Il est bien s\u00fbr Parfait&nbsp;!<\/p>\n\n\n\n<p>Comment&nbsp;du&nbsp;Temps&nbsp;qui&nbsp;est&nbsp;n\u00e9cessairement&nbsp;Dieu&nbsp;Lui-m\u00eame&nbsp;peut-il&nbsp;\u00eatre&nbsp;perdu&nbsp;?<\/p>\n\n\n\n<p>Comment&nbsp;Dieu&nbsp;peut-il&nbsp;\u00eatre&nbsp;\u00ab\u00a0perdu\u00a0\u00bb&nbsp;?<\/p>\n\n\n\n<p>Il y a&nbsp;eu, comme cela, une&nbsp;accumulation&nbsp;dans&nbsp;l&rsquo;humanit\u00e9&nbsp;de&nbsp;nombreuses croyances qui expriment,&nbsp;encore&nbsp;aujourd&rsquo;hui, notre perte de conscience de la Lumi\u00e8re dans le temps\u2026<\/p>\n\n\n\n<p>Mais non&nbsp;! Le temps, comme tout, n\u2019est fait que de la Lumi\u00e8re \u00c9ternelle.<\/p>\n\n\n\n<p>D\u2019accord, cela&nbsp;nous&nbsp;aura peut-\u00eatre&nbsp;pris 150.000 ans de&nbsp;perte&nbsp;de&nbsp;conscience&nbsp;de&nbsp;la&nbsp;Lumi\u00e8re&nbsp;pour arriver \u00e0 la situation&nbsp;d&rsquo;aujourd\u2019hui, mais ces 150.000 ans en&nbsp;ont&nbsp;valu la peine, si nous arrivons \u00e0 aujourd\u2019hui\u2026<\/p>\n\n\n\n<p>Mais,&nbsp;c&rsquo;est&nbsp;\u00e0&nbsp;chacun&nbsp;de&nbsp;nous&nbsp;de&nbsp;faire&nbsp;que&nbsp;ce&nbsp;temps&nbsp;en&nbsp;vaille&nbsp;la&nbsp;peine&nbsp;!<\/p>\n\n\n\n<p>Oui, c\u2019est vrai, que c\u2019est \u00e0 chacun&nbsp;de&nbsp;nous qui&nbsp;le&nbsp;peut \u00e0 cet instant, gr\u00e2ce \u00e0 notre prise de conscience de la Lumi\u00e8re en tout,&nbsp;et&nbsp;en particulier&nbsp;dans&nbsp;toute&nbsp;cette&nbsp;ombre&nbsp;que&nbsp;nous&nbsp;avons&nbsp;imagin\u00e9e, de faire que ce temps en vaille la peine\u2026&nbsp;<\/p>\n\n\n\n<p>\u25cf<\/p>\n\n\n\n<p>Je crois que c\u2019est Krishnamurti qui disait que le temps \u00e9tait le fait de la pens\u00e9e\u2026 Qu&rsquo;en fait, c\u2019est la pens\u00e9e qui a cr\u00e9\u00e9 le temps, que s\u2019il n\u2019y avait pas de pens\u00e9e il n\u2019aurait pas de temps&nbsp;!<\/p>\n\n\n\n<p>Du coup, quand tu parlais du temps, par rapport au corps, je pense qu\u2019il y a un temps du corps, mais ce n\u2019est pas le temps dont on parle avec la pens\u00e9e\u2026<\/p>\n\n\n\n<p>\u25a0<\/p>\n\n\n\n<p>Oui, probablement\u2026 Mais il y a une chose qui est s\u00fbre, c\u2019est que, quel qu&rsquo;il soit, \u00ab\u00a0le temps que nous aimons ne pose aucun probl\u00e8me\u00a0\u00bb.&nbsp;<\/p>\n\n\n\n<p><\/p>\n\n\n\n<p class=\"has-text-align-right\"><em>Le temps n\u2019est que la Lumi\u00e8re<\/em><\/p>\n\n\n\n<p>O\u00f9 est le probl\u00e8me lorsque nous sommes heureux de vivre ce temps qui passe&nbsp;? O\u00f9 est le probl\u00e8me si nous sommes, \u00e0 cet instant, heureux de tout ce temps qui est pass\u00e9&nbsp;? Alors, l\u00e0, il n\u2019y a plus de probl\u00e8me\u2026&nbsp;<\/p>\n\n\n\n<p>Et le temps, quel que soit l\u2019explication que nous tentons d\u2019en donner, le temps se passe quand m\u00eame\u2026 et notre corps va \u00e9voluer, vieillir et nous allons mourir&nbsp;! Et nous appelons \u00e7a le temps\u2026&nbsp;<\/p>\n\n\n\n<p>Mais, si nous sommes heureux de chacun des instants que nous vivons, si nous sommes conscients de la Lumi\u00e8re dans tous ces moments, o\u00f9 est le probl\u00e8me du temps&nbsp;?<\/p>\n\n\n\n<p>Redisons-le&nbsp;: le temps n\u2019est lui aussi, bien s\u00fbr, que de la Lumi\u00e8re&nbsp;!&nbsp;<\/p>\n\n\n\n<p>Que de la Lumi\u00e8re\u2026 Car il n\u2019y a rien qui ne soit pas la Lumi\u00e8re.<\/p>\n\n\n\n<p>\u25cf<\/p>\n\n\n\n<p>Et m\u00eame pour le corps, sachant que l\u2019on meurt et que l\u2019on revit \u00e0 chaque instant&nbsp;?<\/p>\n\n\n\n<p>\u25a0<\/p>\n\n\n\n<p>Oui, \u00e0 chaque instant\u2026 la Lumi\u00e8re Seule Existe&nbsp;!<\/p>\n\n\n\n<p><em>\u2026 Silence\u2026<\/em><\/p>\n\n\n\n<p>\u25cf<\/p>\n\n\n\n<p>Du coup\u2026 Enfin oui\u2026 on n\u2019en \u00e9tait l\u00e0 parce que\u2026<\/p>\n\n\n\n<p>\u25a0<\/p>\n\n\n\n<p>J\u2019ai not\u00e9 \u00e9galement, au d\u00e9but de notre entretien&nbsp;: \u00ab&nbsp;C\u2019est l\u2019\u00c2me qui a cette qualit\u00e9\u2026&nbsp;\u00bb<\/p>\n\n\n\n<p>C\u2019est \u00e0 dire que tu as mis une qualit\u00e9 de l\u2019\u00c2me\u2026&nbsp;<\/p>\n\n\n\n<p>\u25cf<\/p>\n\n\n\n<p>\u2026 En dehors du corps&nbsp;!&nbsp;<\/p>\n\n\n\n<p><\/p>\n\n\n\n<p class=\"has-text-align-right\"><em>L\u2019\u00c2me Omnipr\u00e9sente<\/em><\/p>\n\n\n\n<p>\u25a0<\/p>\n\n\n\n<p>En dehors de quelque chose\u2026 Oui, c\u2019est cela&nbsp;! Or la qualit\u00e9 de l\u2019\u00c2me, c&rsquo;est qu&rsquo;elle est omnipr\u00e9sente dans chaque plan, dans tous les aspects de l\u2019\u00catre\u2026&nbsp;<\/p>\n\n\n\n<p>La qualit\u00e9 de l\u2019\u00c2me, elle est partout. Et en particulier dans le Corps\u2026 et dans la Pens\u00e9e\u2026 et dans l\u2019\u00c2me, bien s\u00fbr\u2026 et dans tous leurs aspects.&nbsp;<\/p>\n\n\n\n<p>C\u2019est comme \u00e7a&nbsp;: l\u2019\u00c2me est partout&nbsp;! Elle n\u2019est s\u00e9par\u00e9e de rien.<\/p>\n\n\n\n<p>\u25cf<\/p>\n\n\n\n<p>Je dois, en plus, aimer mes r\u00e9sistances \u00e0 prendre conscience de cela\u2026&nbsp;?<\/p>\n\n\n\n<p>\u25a0<\/p>\n\n\n\n<p>Oui&nbsp;! C\u2019est vrai&nbsp;! La proposition que nous nous faisons, c\u2019est d\u2019aimer les r\u00e9sistances que nous avons \u00e0 raisonner de cette fa\u00e7on\u2026 Et c\u2019est l\u00e0 que ces r\u00e9sistances vont fondre, fondre, fondre et r\u00e9v\u00e9ler la Lumi\u00e8re qu\u2019elles sont en R\u00e9alit\u00e9\u2026<\/p>\n\n\n\n<p>Ces r\u00e9sistances sont l\u00e0 parce que nous devons les aimer\u2026 et non pas pour que nous les combattions.&nbsp;<\/p>\n\n\n\n<p>\u00ab&nbsp;Rien n\u2019est \u00e0 combattre, rien n\u2019est \u00e0 \u00e9liminer, tout est \u00e0 aimer&nbsp;!&nbsp;\u00bb&nbsp;<\/p>\n\n\n\n<div style=\"height:67px\" aria-hidden=\"true\" class=\"wp-block-spacer\"><\/div>\n\n\n\n\n","protected":false},"excerpt":{"rendered":"<p>Mourir de notre \u00ab&nbsp;belle mort&nbsp;\u00bb \u25a0 Nous reconnaissons de mieux en mieux qu\u2019il n\u2019y a pas de distance entre \u00ab&nbsp;Dieu&nbsp;\u00bb et \u00ab&nbsp;Dieu&nbsp;\u00bb. Donc que nous soyons \u00ab&nbsp;l\u00e0-bas&nbsp;\u00bb ou \u00ab&nbsp;ici&nbsp;\u00bb, nous sommes en Lui&nbsp;et nous pouvons vivre la danse de \u00ab&nbsp;notre&nbsp;\u00bb vie libre et heureux&nbsp;!&nbsp; Nous pouvons faire tel ou tel chemin sans perdre conscience que &hellip; <a href=\"https:\/\/behappy8.org\/?p=1488\" class=\"more-link\">Continuer la lecture<span class=\"screen-reader-text\"> de &laquo;&nbsp;Les 8 Entretiens (6\u00e8me Partie\u00a0du\u00a03\u00e8me Entretien)&nbsp;&raquo;<\/span><\/a><\/p>\n","protected":false},"author":1,"featured_media":0,"comment_status":"open","ping_status":"open","sticky":false,"template":"","format":"chat","meta":{"footnotes":""},"categories":[569],"tags":[1321,1340,1366,170,1335,405,1319,1342,1361,1360,1306,1312,1305,1339,1345,1346,1357,1351,1333,1322,1323,1316,1338,1336,1343,1324,1347,1337,1367,1317,1329,1341,1313,1352,1359,1330,1364,1348,1356,1355,1358,1327,1320,1350,1318,1325,1334,1362,1365,218,1315,1309,1308,108,1314,1363,1311,1332,1331,1349,1310,282,1354,1368,1326,221,1307,1344,903,128,1353],"class_list":["post-1488","post","type-post","status-publish","format-chat","hentry","category-3eme-entretien-8","tag-8-symbole-de-linfini","tag-aimer-le-temps","tag-aimer-nos-resistances","tag-ame","tag-ame-et-corps","tag-amour-inconditionnel","tag-chaussette","tag-conscience-originelle","tag-corps-humanitaire","tag-corps-personnel","tag-danse-de-vie","tag-dissociation","tag-distance","tag-duree","tag-etat-dame","tag-etat-de-corps","tag-fonctionnement-harmonieux","tag-guerir-est-naturel","tag-imprimer-une-pensee","tag-infini-passe","tag-infini-present","tag-infinis-instants","tag-instantaneite","tag-instantaneite-de-lame","tag-instinct-spirituel","tag-interpenetration","tag-lame-inspire-la-pensee","tag-lame-na-pas-de-temps","tag-lamour-fait-fondre-nos-resistances","tag-linstant-le-plus-important","tag-lombre-nest-quune-pretention","tag-lombre-une-perte-de-conscience","tag-la-belle-mort","tag-la-bonne-evolution-du-corps","tag-la-conscience-de-lame","tag-la-lumiere-est-tout","tag-la-lumiere-seule-existe","tag-la-pensee-nourrit-le-corps","tag-la-resilience-de-la-pensee","tag-la-resilience-du-corps","tag-la-verite-de-lame","tag-le-centre-de-notre-existence","tag-le-chiffre-8","tag-le-corps-est-fait-pour-vivre","tag-le-present","tag-le-regale-de-la-communication","tag-le-temps-du-corps","tag-le-temps-nest-jamais-perdu","tag-les-resistances","tag-lumiere-omnipresente","tag-mourir-et-naitre","tag-mourir-heureux","tag-musique-de-vie","tag-mystere","tag-naitre-et-mourir","tag-nous-ne-pouvons-pas-perdre-dieu","tag-offrir-le-cadeau-de-la-mort","tag-ordinateur","tag-pensee-instantanee","tag-pollution-du-corps","tag-realiser-son-reve","tag-repetition","tag-resilience","tag-rien-nest-a-combattre","tag-se-compliquer-la-vie","tag-separation","tag-styles-differents","tag-temporalite-de-lame","tag-tout-est-a-aimer","tag-vieillir","tag-vivre-ou-survivre","post_format-post-format-chat"],"_links":{"self":[{"href":"https:\/\/behappy8.org\/index.php?rest_route=\/wp\/v2\/posts\/1488","targetHints":{"allow":["GET"]}}],"collection":[{"href":"https:\/\/behappy8.org\/index.php?rest_route=\/wp\/v2\/posts"}],"about":[{"href":"https:\/\/behappy8.org\/index.php?rest_route=\/wp\/v2\/types\/post"}],"author":[{"embeddable":true,"href":"https:\/\/behappy8.org\/index.php?rest_route=\/wp\/v2\/users\/1"}],"replies":[{"embeddable":true,"href":"https:\/\/behappy8.org\/index.php?rest_route=%2Fwp%2Fv2%2Fcomments&post=1488"}],"version-history":[{"count":15,"href":"https:\/\/behappy8.org\/index.php?rest_route=\/wp\/v2\/posts\/1488\/revisions"}],"predecessor-version":[{"id":1654,"href":"https:\/\/behappy8.org\/index.php?rest_route=\/wp\/v2\/posts\/1488\/revisions\/1654"}],"wp:attachment":[{"href":"https:\/\/behappy8.org\/index.php?rest_route=%2Fwp%2Fv2%2Fmedia&parent=1488"}],"wp:term":[{"taxonomy":"category","embeddable":true,"href":"https:\/\/behappy8.org\/index.php?rest_route=%2Fwp%2Fv2%2Fcategories&post=1488"},{"taxonomy":"post_tag","embeddable":true,"href":"https:\/\/behappy8.org\/index.php?rest_route=%2Fwp%2Fv2%2Ftags&post=1488"}],"curies":[{"name":"wp","href":"https:\/\/api.w.org\/{rel}","templated":true}]}}