{"id":1761,"date":"2021-05-15T11:20:00","date_gmt":"2021-05-15T09:20:00","guid":{"rendered":"https:\/\/behappy8.org\/?p=1761"},"modified":"2024-08-25T12:36:11","modified_gmt":"2024-08-25T10:36:11","slug":"les-8-entretiens-1ere-partie-du-4eme-entretien","status":"publish","type":"post","link":"https:\/\/behappy8.org\/?p=1761","title":{"rendered":"Les 8 entretiens (1\u00e8re Partie du 4\u00e8me Entretien)"},"content":{"rendered":"\n\n\n<div style=\"height:40px\" aria-hidden=\"true\" class=\"wp-block-spacer\"><\/div>\n\n\n\n<figure class=\"wp-block-audio\"><audio controls src=\"https:\/\/behappy8.org\/wp-content\/uploads\/2021\/05\/Les-8-entretiens-1ere-Partie-du-4eme-Entretien.m4a\"><\/audio><\/figure>\n\n\n\n<div style=\"height:40px\" aria-hidden=\"true\" class=\"wp-block-spacer\"><\/div>\n\n\n\n<p class=\"has-text-align-right\"><em>\u00ad\u00ad\u00ad\u00ad19 juillet 2021<\/em><\/p>\n\n\n\n<p class=\"has-text-align-center\"><strong>ENTRETIENS N\u00b0 4<\/strong><\/p>\n\n\n\n<p class=\"has-text-align-center\"><em>De Deux Petits Artisans de la Lumi\u00e8re parmi d\u2019autres&nbsp;:&nbsp;<\/em>\u25a0 et \u25cf<\/p>\n\n\n\n<div style=\"height:40px\" aria-hidden=\"true\" class=\"wp-block-spacer\"><\/div>\n\n\n\n<p>\u2026<\/p>\n\n\n\n<p class=\"has-text-align-right\"><em>Vaccins&nbsp;et bonheur<\/em><\/p>\n\n\n\n<p>\u25cf<\/p>\n\n\n\n<p>J\u2019ai une question sur les vaccins\u2026 En fait, c&rsquo;est un conseil que je demande, car je pense qu\u2019\u00e0 plus ou moins long terme nous allons \u00eatre oblig\u00e9s de nous faire vacciner\u2026 ou pas\u2026 je n\u2019en sais rien&nbsp;! <\/p>\n\n\n\n<p>Est-ce qu\u2019il y a des pr\u00e9cautions \u00e0 prendre, avant, pendant, apr\u00e8s\u2026 ou pas&nbsp;?<\/p>\n\n\n\n<p>\u25a0<\/p>\n\n\n\n<p>Eh bien, la premi\u00e8re chose, et c&rsquo;est la plus importante \u00e0 mon point de vue, et je n\u2019arr\u00eate pas de la r\u00e9p\u00e9ter, c\u2019est que, si jamais une personne est oblig\u00e9e de se faire vacciner, parce que, dans notre soci\u00e9t\u00e9, telle qu\u2019elle est pour l\u2019instant, elle ne peut pas l\u00e9galement y \u00e9chapper vu sa position sociale, il faut alors, absolument, qu\u2019elle choisisse d\u2019\u00eatre heureuse d\u2019\u00eatre oblig\u00e9e se faire vacciner\u00a0!<\/p>\n\n\n\n<p>\u00catre heureux, c\u2019est un choix&#8230; C&rsquo;est un choix essentiel&nbsp;!<\/p>\n\n\n\n<p>Et plus nous pratiquons ce choix, plus il est facile de le faire\u2026<\/p>\n\n\n\n<p><em>\u2026 Rires\u2026<\/em><\/p>\n\n\n\n<p>\u25cf<\/p>\n\n\n\n<p>Oui&nbsp;! \u00c7a, j\u2019y ai pens\u00e9\u2026&nbsp;<\/p>\n\n\n\n<p>\u25a0<\/p>\n\n\n\n<p>Sinon, si nous ne savons pas \u00eatre heureux d&rsquo;\u00eatre contraints de nous faire vacciner, nous allons vers des probl\u00e8mes, comme trop de gens le font&nbsp;!<\/p>\n\n\n\n<p>Et l\u00e0, ils ont un effet \u00ab\u00a0nocebo\u00a0\u00bb maximum.<\/p>\n\n\n\n<p>\u00catre heureux, dans ce cas l\u00e0 comme dans beaucoup d&rsquo;autres, c\u2019est l\u00e0 la priorit\u00e9 des priorit\u00e9s&nbsp;! Parce que si nous ne faisons pas cela, nous nous mettons en danger nous-m\u00eame&nbsp;! C\u2019est comme si nous choisissions alors de nous mettre en danger\u2026<\/p>\n\n\n\n<p>Il faut donc, dans ce genre de situation, comme dans toutes les autres d&rsquo;ailleurs, \u00eatre heureux en remettant notre vie entre les mains de la Lumi\u00e8re\u00a0!<\/p>\n\n\n\n<p>\u25cf<\/p>\n\n\n\n<p>Comme Elle l\u2019est\u00a0!<\/p>\n\n\n\n<p>\u25a0<\/p>\n\n\n\n<p>Oui, comme Elle l\u2019est en R\u00e9alit\u00e9, que nous en soyons conscient ou pas\u00a0! Tu as tout \u00e0 fait raison\u2026\u00a0<\/p>\n\n\n\n<p>Mais, l\u00e0, c&rsquo;est vraiment le moment d\u2019en avoir encore plus conscience\u2026 ou d\u2019en prendre \u00e0 nouveau conscience&nbsp;!&nbsp;<\/p>\n\n\n\n<p>Il est totalement utile que nous ayons conscience de ce Fait Absolu&nbsp;: nous sommes entre les mains de Dieu\u2026 et nous sommes en s\u00e9curit\u00e9\u2026&nbsp;<\/p>\n\n\n\n<p>Notre foi doit augmenter chaque jour\u2026 Et chaque \u00e9v\u00e9nement est l\u2019occasion, pour chacun de nous, de l\u2019augmenter.<\/p>\n\n\n\n<p><\/p>\n\n\n\n<p class=\"has-text-align-right\"><em>Placebo<\/em><\/p>\n\n\n\n<p>Ensuite, il faut soutenir, au niveau pratique, cette priorit\u00e9 sans laquelle nous ne pourrons pas \u00ab&nbsp;passer&nbsp;\u00bb sainement et agr\u00e9ablement \u00e0 l\u2019instant suivant\u2026 <\/p>\n\n\n\n<p>Pour cela, il est donc utile que nous mettions en place le meilleur effet \u00ab\u00a0placebo\u00a0\u00bb possible, pour nous soutenir moralement\u2026<\/p>\n\n\n\n<p>\u25cf<\/p>\n\n\n\n<p>Pour soutenir notre corps \u00e9galement&nbsp;!<\/p>\n\n\n\n<p>\u25a0<\/p>\n\n\n\n<p>Oui, bien s\u00fbr \u00e9galement, car le Corps et la Pens\u00e9e ne sont aucunement s\u00e9par\u00e9s\u00a0!<\/p>\n\n\n\n<p>Donc, si tu te fais vacciner, ce que je conseille aux gens de faire apr\u00e8s la vaccination\u2026 (et c\u2019est ce que je ferais moi-aussi, si j\u2019y \u00e9tais oblig\u00e9)&nbsp;: c\u2019est de mettre un empl\u00e2tre d\u2019argile verte pendant plusieurs jours \u00e0 l\u2019endroit de l\u2019injection\u2026<\/p>\n\n\n\n<p>\u25cf<\/p>\n\n\n\n<p>Oui, \u00e7a c\u2019est un truc d\u00e9j\u00e0 connu&nbsp;!<\/p>\n\n\n\n<p>\u25a0<\/p>\n\n\n\n<p>Oui\u00a0! C\u2019est tout simple et sans danger\u2026 Tu le mets le plus souvent possible, peut-\u00eatre pendant la moiti\u00e9 des 1<sup>\u00e8res<\/sup>\u00a0journ\u00e9es apr\u00e8s la vaccination&#8230;<\/p>\n\n\n\n<p>C\u2019est pour cela qu\u2019il faut essayer d\u2019obtenir que l\u2019injection ne soit pas faite trop haut dans l\u2019\u00e9paule, mais plus bas sur le bras, car sinon, ce n\u2019est vraiment pas pratique pour placer un empl\u00e2tre&nbsp;!<\/p>\n\n\n\n<p>Cela \u00e9tant, s\u2019il y a tout de m\u00eame des sympt\u00f4mes qui surviennent et que la personne n\u2019a pas pu rester indemne face \u00e0 cette intervention artificielle qu\u2019est ce type de vaccination, alors l\u00e0, il faudra \u00e9tudier les sympt\u00f4mes\u2026 car, c\u2019est en fonction des sympt\u00f4mes que l\u2019on pourra proposer, par exemple, un traitement hom\u00e9opathique pour stimuler le syst\u00e8me hom\u00e9ostasique et l\u2019aider \u00e0 r\u00e9soudre le probl\u00e8me qui est pos\u00e9 au \u00ab\u00a0Corps-Pens\u00e9e-\u00c2me\u00a0\u00bb et qu\u2019il n\u2019arrive visiblement pas \u00e0 bien solutionner par lui-m\u00eame.<\/p>\n\n\n\n<p>En effet, s\u2019il y a des sympt\u00f4mes, c\u2019est qu\u2019il y a un syst\u00e8me de survie qui a \u00e9t\u00e9 mis en place et que le corps cherche sa gu\u00e9rison sans y \u00eatre, pour l\u2019instant, arriv\u00e9\u00a0: il cherche la solution\u2026 et alors il y a des sympt\u00f4mes\u00a0!<\/p>\n\n\n\n<p>Et c\u2019est selon ces sympt\u00f4mes, qui sont personnels \u00e0 chacun, que le th\u00e9rapeute va choisir son attitude pour soutenir les effort de ce corps dans la recherche de son \u00e9quilibre\u2026&nbsp;<\/p>\n\n\n\n<p><\/p>\n\n\n\n<p class=\"has-text-align-right\"><em>Sympt\u00f4mes nos amis<\/em><\/p>\n\n\n\n<p>Si les sympt\u00f4mes persistent, c\u2019est que le corps n\u2019y est pas encore arriv\u00e9 et un traitement raisonnable aura pour but de le soutenir dans son effort de r\u00e9\u00e9quilibrage\u2026 jusqu\u2019au succ\u00e8s\u2026 et non pas de les supprimer, ces sympt\u00f4mes !<\/p>\n\n\n\n<p>\u25cf<\/p>\n\n\n\n<p>C\u2019est ce que l\u2019on dit pour la fi\u00e8vre, qu\u2019il faut soutenir, car cela fait partie des sympt\u00f4mes qui expriment l\u2019effort que fait le corps pour retrouver son hom\u00e9ostasie&nbsp;?&nbsp;<\/p>\n\n\n\n<p>\u25a0<\/p>\n\n\n\n<p>Exactement&nbsp;! Il ne faut pas combattre l\u2019effort que fait le corps pour retrouver son \u00e9quilibre, mais au contraire, bien s\u00fbr, le soutenir&nbsp;! La fi\u00e8vre est l&rsquo;un des moyens les plus importants que les corps ont mis en place depuis l\u2019existence des corps \u00e0 sang chaud et peut \u00eatre m\u00eame avant\u2026<\/p>\n\n\n\n<p>En effet, par exemple, en hom\u00e9opathie, le rem\u00e8de a pour but de soutenir le syst\u00e8me \u00ab\u00a0soi-disant de d\u00e9fense\u00a0\u00bb (je ne trouve pas ce terme judicieux, car il n\u2019y a pas n\u00e9cessairement d\u2019attaque), donc plut\u00f4t \u00ab\u00a0le syst\u00e8me immunitaire\u00a0\u00bb peut-\u00eatre\u2026\u00a0<\/p>\n\n\n\n<p>Mais pas que&nbsp;! \u2026 car tout le corps est un syst\u00e8me de maintien de sa propre vie\u2026 y compris le syst\u00e8me immunitaire, bien s\u00fbr&nbsp;!<\/p>\n\n\n\n<p>Tout traitement efficace, quel qu\u2019il soit, aura comme effet d\u2019accompagner le corps dans la direction, que \u00ab&nbsp;lui&nbsp;\u00bb choisit, pour l\u2019aider \u00e0 r\u00e9soudre \u00ab&nbsp;son&nbsp;\u00bb d\u00e9s\u00e9quilibre&nbsp;!<\/p>\n\n\n\n<p>En hom\u00e9opathie, donc, on donnera au corps des informations \u00e0 l\u2019aide d\u2019une substance \u00ab&nbsp;dynamis\u00e9e&nbsp;\u00bb qui sera la m\u00eame que celle qui a donn\u00e9 les m\u00eames sympt\u00f4mes lorsqu\u2019on l\u2019a administr\u00e9e \u00e0 une personne saine au cours des exp\u00e9rimentations;<\/p>\n\n\n\n<p>\u25cf<\/p>\n\n\n\n<p>Oui\u00a0! Oui, j\u2019ai \u00e9t\u00e9 soign\u00e9 pendant longtemps par l\u2019hom\u00e9opathie\u2026<\/p>\n\n\n\n<p><\/p>\n\n\n\n<p class=\"has-text-align-right\"><em>L\u2019avantage de l\u2019effet placebo<\/em><\/p>\n\n\n\n<p>\u25a0<\/p>\n\n\n\n<p>Voil\u00e0, mon point de vue&nbsp;: c\u2019est celui-ci\u2026 Mais, il y a des gens qui prennent des rem\u00e8des avant un \u00e9v\u00e9nement particulier, comme pour \u00ab&nbsp;pr\u00e9parer&nbsp;\u00bb leur corps \u00e0 cet \u00e9v\u00e8nement \u2026<\/p>\n\n\n\n<p>Je pense que l\u2019hom\u00e9opathie n\u2019est pas pr\u00e9dictive\u2026 Cela se place dans le pr\u00e9sent\u00a0: le corps a une r\u00e9action pour pouvoir se r\u00e9\u00e9quilibrer et on va donner une substance pour aider l\u2019action que le corps a lui-m\u00eame, d\u00e9j\u00e0, engag\u00e9e.<\/p>\n\n\n\n<p>Donc, pour moi, prendre un traitement \u00e0 l\u2019avance, n\u2019est pas logique, au point de vue purement \u00ab&nbsp;hom\u00e9opathique&nbsp;\u00bb \u2026&nbsp;<\/p>\n\n\n\n<p>Mais, par contre, cela a un avantage qui n\u2019est pas \u00e0 n\u00e9gliger&nbsp;: c\u2019est \u00ab&nbsp;l\u2019effet placebo&nbsp;\u00bb, que l\u2019on a toujours, et qui est plus ou moins puissant selon notre croyance, lorsque l\u2019on choisit d\u2019utiliser un traitement, quel qu\u2019il soit&nbsp;!<\/p>\n\n\n\n<p>\u25cf<\/p>\n\n\n\n<p>&nbsp;Ah oui&nbsp;! Il est l\u00e0\u2026 Il est bien, cet effet placebo\u2026<\/p>\n\n\n\n<p>\u25a0<\/p>\n\n\n\n<p>Il y a, en effet, toujours l\u2019effet placebo\u00a0! Et c\u2019est pour \u00e7a qu\u2019il ne faut jamais d\u00e9courager quelqu\u2019un (et c\u2019est pour cela que je ne le fais pas), il ne faut donc jamais d\u00e9courager quelqu\u2019un qui croit que, parce qu\u2019il prend, par exemple, Arnica avant une intervention chirurgicale, \u00e7a va mieux se passer\u00a0! C\u2019est parfait\u00a0: qu&rsquo;il en prenne\u00a0!<\/p>\n\n\n\n<p>Au niveau purement hom\u00e9opathique, c\u2019est, peut-\u00eatre, pens\u00e9 inefficace\u2026 En revanche, il y aura toujours l\u2019avantage de l\u2019effet placebo\u00a0!<\/p>\n\n\n\n<p>\u25cf<\/p>\n\n\n\n<p>Oui, oui ! C\u2019est logique\u2026<\/p>\n\n\n\n<p><\/p>\n\n\n\n<p class=\"has-text-align-right\"><em>L\u2019effet placebo est toujours \u00e0 encourager<\/em><\/p>\n\n\n\n<p>\u25a0<\/p>\n\n\n\n<p>Il faut donc soutenir toute personne dans l\u2019effet placebo qu\u2019elle a choisi&nbsp;! Peu importe quelle forme cela prend&nbsp;: il faut le soutenir&nbsp;! Plus l\u2019effet placebo sera important, plus le corps sera soutenu dans son effort de r\u00e9\u00e9quilibrage&nbsp;!<\/p>\n\n\n\n<p>Et ce n\u2019est jamais, bien s\u00fbr, un bon choix de diminuer l\u2019effet placebo que la personne a choisi, en le critiquant ou pire en s\u2019en moquant\u2026 Il faut, au contraire, le soutenir et l\u2019encourager\u00a0!<\/p>\n\n\n\n<p>Chez l\u2019\u00catre humain, d\u00e8s qu\u2019il pense, il y a toujours un effet placebo\u2026 Ou nocebo\u00a0!<\/p>\n\n\n\n<p>\u25cf<\/p>\n\n\n\n<p>Oui, il ne faut vraiment pas oublier \u00e7a&nbsp;!<\/p>\n\n\n\n<p>\u25a0<\/p>\n\n\n\n<p>&nbsp;L\u2019effet placebo c\u2019est, tout simplement, l\u2019effet de la pens\u00e9e&nbsp;! Souvent, on n\u2019ose pas le dire ouvertement, mais l\u2019effet placebo, c\u2019est, tout simplement, \u00ab\u00a0le pouvoir de la pens\u00e9e\u00a0\u00bb&nbsp;!&nbsp;<\/p>\n\n\n\n<p>Si tu veux, \u00ab&nbsp;<em>c\u2019est la conscience qui fait toute la diff\u00e9rence<\/em>&nbsp;\u00bb. Quelle conscience, de ce qu&rsquo;elle vit, la personne va-t-elle choisir ?<\/p>\n\n\n\n<p>\u25cf<\/p>\n\n\n\n<p>Mais, c\u2019est un peu plus que \u00e7a quand m\u00eame\u2026 Parce que quand on fait des tests classiques scientifiques, les gens ne savent pas s\u2019ils prennent le placebo ou le m\u00e9dicament.<\/p>\n\n\n\n<p>\u25a0&nbsp;<\/p>\n\n\n\n<p>Oui c\u2019est vrai tu as raison&nbsp;! Normalement, ils ne devraient m\u00eame pas savoir qu\u2019ils font partie d\u2019une \u00e9tude qui compare 2 groupes diff\u00e9rents\u2026&nbsp;<\/p>\n\n\n\n<p>Oui\u00a0! Mais, en revanche, ils ont confiance dans leurs m\u00e9decins et c\u2019est pour cela qu\u2019ils choisissent de subir ce traitement, quel qu\u2019il soit\u2026\u00a0en ne sachant pas ce dont il retourne.<\/p>\n\n\n\n<p>Et leur confiance en leur th\u00e9rapeute, c\u2019est leur placebo\u00a0! Plus leur confiance est grande dans les th\u00e9rapeutes qui s\u2019occupent d\u2019eux, plus leur effet placebo sera puissant\u00a0! Et mieux leur corps retrouvera son \u00e9quilibre\u2026<\/p>\n\n\n\n<p>\u25cf<\/p>\n\n\n\n<p>Oui, c\u2019est vrai, bien s\u00fbr&nbsp;!<\/p>\n\n\n\n<p><\/p>\n\n\n\n<p class=\"has-text-align-right\"><em>&nbsp;Conscience et inconscience entrem\u00eal\u00e9es<\/em><\/p>\n\n\n\n<p>\u25a0<\/p>\n\n\n\n<p>Mais, la conscience, c\u2019est \u00e0 la fois simple\u2026 et compliqu\u00e9e&nbsp;!&nbsp;<\/p>\n\n\n\n<p>Ce n\u2019est pas aussi carr\u00e9 que nous le pensons en g\u00e9n\u00e9ral\u2026 Il n\u2019y a pas \u00ab\u00a0conscience\u00a0\u00bb et \u00ab\u00a0inconscience\u00a0\u00bb s\u00e9par\u00e9es l&rsquo;une de l&rsquo;autre, avec une sorte de barri\u00e8re fixe entre les deux, une ligne qui serait tr\u00e8s fine entre les deux qui ne varirait pas\u2026\u00a0<\/p>\n\n\n\n<p>Non&nbsp;! La fronti\u00e8re entre la conscience et l\u2019inconscience est tr\u00e8s, tr\u00e8s mobile et donc tr\u00e8s flou&nbsp;! Par exemple,&nbsp;nous savons plein de choses que nous ne croyons pas savoir et \u00e0 l\u2019inverse nous ne savons pas plein de choses que nous croyons savoir\u2026<\/p>\n\n\n\n<p>\u25cf<\/p>\n\n\n\n<p>Ah oui, ? Il y a des niveaux de conscience entrem\u00eal\u00e9s\u2026 Je n\u2019avais pas pens\u00e9 \u00e0 \u00e7a&nbsp;! Mais, c\u2019est vrai\u2026 Il y a l\u2019intuition\u2026 Et puis, le corps peut te parler d\u2019une certaine fa\u00e7on&nbsp;!<\/p>\n\n\n\n<p>\u25a0<\/p>\n\n\n\n<p>Donc, tu vois, c\u2019est tr\u00e8s flou&nbsp;! En fait, c\u2019est un halo total\u2026 C\u2019est un mixe infini\u2026&nbsp;<\/p>\n\n\n\n<p>Parce que, si nous sommes dans un moment merveilleux de croyance totale en Dieu Infini, \u00c9ternel, Omnipr\u00e9sent\u2026 l\u00e0, nous savons que Dieu est Tout&nbsp;!&nbsp;<\/p>\n\n\n\n<p>Alors, cette conscience, c\u2019est donc Dieu&nbsp;! Mais, puisque Dieu \u00ab&nbsp;est&nbsp;\u00bb Tout, l\u2019inconscience, c\u2019est aussi Dieu\u2026&nbsp;<\/p>\n\n\n\n<p>Donc, la totalit\u00e9 de notre conscience + la totalit\u00e9 de notre inconscience, c\u2019est le Divin\u2026 Et il n\u2019y a pas de s\u00e9paration entre ces diff\u00e9rents aspects de Dieu, mais bien une Unit\u00e9 Absolue\u00a0!<\/p>\n\n\n\n<p><em>Rires\u2026<\/em><\/p>\n\n\n\n<p>\u25cf<\/p>\n\n\n\n<p>Oui&nbsp;! C\u2019est toujours pareil&nbsp;! Donc, ce n\u2019est pas aussi simple que \u00e7a\u2026<\/p>\n\n\n\n<p>\u25a0<\/p>\n\n\n\n<p>Non, ce n\u2019est pas une ligne droite avec une fronti\u00e8re immobile et stable entre l\u2019inconscient et le conscient.&nbsp;<\/p>\n\n\n\n<p>Une preuve, parmi d\u2019autres, c\u2019est que parfois on peut \u00eatre conscient pour l\u2019autre, on peut savoir une v\u00e9rit\u00e9 sur l\u2019autre que lui ne sait pas \u00e0 cet instant\u2026&nbsp;<\/p>\n\n\n\n<p>Il ne le sait pas lui-m\u00eame, mais quelque part, il en est conscient puisqu\u2019il y a des r\u00e9actions dans sa vie, des manifestations dans son corps, qui lui ont fait se poser des questions&nbsp;! Et c\u2019est pour cela qu\u2019il communique avec toi\u2026 <\/p>\n\n\n\n<p>Et puis, lorsque tu lui exprimes la conscience que tu as \u00e0 son propos, il peut, s\u2019il le veut, prendre conscience de son inconscience\u2026 et hop&nbsp;! sa vie peut changer\u2026<\/p>\n\n\n\n<p>\u25cf<\/p>\n\n\n\n<p>Oui, oui, oui ! C\u2019est bien comme cela que \u00e7a se passe, souvent\u2026<\/p>\n\n\n\n<p>\u25a0<\/p>\n\n\n\n<p>Donc, c\u2019est tr\u00e8s, tr\u00e8s, flou\u2026 Mais, en g\u00e9n\u00e9ral, on fait comme \u00e7a&nbsp;: nous s\u00e9parons nettement la conscience de l\u2019inconscient, ce qui est souvent pratique pour r\u00e9fl\u00e9chir jusqu\u2019\u00e0 un certain point\u2026&nbsp;<\/p>\n\n\n\n<p>Mais, en r\u00e9alit\u00e9, cette s\u00e9paration, elle n\u2019existe pas&#8230; Elle n&rsquo;existe pas dans l\u2019Unit\u00e9 de Dieu qui est Tout\u00a0!<\/p>\n\n\n\n<p><\/p>\n\n\n\n<p class=\"has-text-align-right\"><em>Petit sch\u00e9ma<\/em><\/p>\n\n\n\n<p>Pour illustrer ce que nous venons de dire, nous pouvons faire un sch\u00e9ma tr\u00e8s simple\u00a0: Prenons une feuille blanche, en A4 par exemple, qui est rectangulaire\u2026 Mais l\u00e0, nous, pour notre discussion, nous allons imaginer que cette feuille blanche, elle est sans limite \u00e0 l\u2019infini&#8230; Et ainsi elle va symboliser, pour nous, l\u2019Infinit\u00e9 de Dieu\u2026\u00a0<\/p>\n\n\n\n<p>Et puis l\u00e0, sur cette surface imagin\u00e9e Infinie, je dessine une surface limit\u00e9e par un trait rouge tr\u00e8s floue qui symbolise ma conscience finie qui se trouve \u00e0 l\u2019int\u00e9rieur de cette surface infinie (je la nomme&nbsp;<mark style=\"background-color:rgba(0, 0, 0, 0)\" class=\"has-inline-color has-bright-red-color\"><strong>conscience de 1<\/strong>&nbsp;<\/mark>dans le sch\u00e9ma ci-dessous)&#8230;<\/p>\n\n\n\n<p>Et donc tout le reste de cette surface infinie qui est \u00e0 l&rsquo;ext\u00e9rieur de ma conscience, c&rsquo;est mon inconscience infinie (nomm\u00e9e <strong><mark style=\"background-color:rgba(0, 0, 0, 0)\" class=\"has-inline-color has-bright-red-color\">inconscience de 1<\/mark><\/strong>)&#8230;\u00a0\u00a0\u00a0\u00a0\u00a0\u00a0\u00a0\u00a0\u00a0\u00a0\u00a0\u00a0\u00a0\u00a0\u00a0\u00a0\u00a0<\/p>\n\n\n\n<div style=\"height:31px\" aria-hidden=\"true\" class=\"wp-block-spacer\"><\/div>\n\n\n\n<figure class=\"wp-block-image size-large\"><img loading=\"lazy\" decoding=\"async\" width=\"1024\" height=\"771\" src=\"https:\/\/behappy8.org\/wp-content\/uploads\/2021\/05\/image-1024x771.png\" alt=\"\" class=\"wp-image-1796\" srcset=\"https:\/\/behappy8.org\/wp-content\/uploads\/2021\/05\/image-1024x771.png 1024w, https:\/\/behappy8.org\/wp-content\/uploads\/2021\/05\/image-300x226.png 300w, https:\/\/behappy8.org\/wp-content\/uploads\/2021\/05\/image-768x578.png 768w, https:\/\/behappy8.org\/wp-content\/uploads\/2021\/05\/image-1536x1156.png 1536w, https:\/\/behappy8.org\/wp-content\/uploads\/2021\/05\/image-2048x1541.png 2048w, https:\/\/behappy8.org\/wp-content\/uploads\/2021\/05\/image-1200x903.png 1200w\" sizes=\"auto, (max-width: 709px) 85vw, (max-width: 909px) 67vw, (max-width: 1362px) 62vw, 840px\" \/><\/figure>\n\n\n\n<p>&nbsp;&nbsp;&nbsp;&nbsp;&nbsp;&nbsp;&nbsp;&nbsp;&nbsp;&nbsp;&nbsp;&nbsp;&nbsp;&nbsp;&nbsp;&nbsp;&nbsp;&nbsp;&nbsp;&nbsp;&nbsp;&nbsp;&nbsp;&nbsp;&nbsp;&nbsp;&nbsp;&nbsp;&nbsp;&nbsp;&nbsp;&nbsp;&nbsp;&nbsp;&nbsp;&nbsp;&nbsp;&nbsp;&nbsp;&nbsp;&nbsp;&nbsp;&nbsp;<\/p>\n\n\n\n<div style=\"height:31px\" aria-hidden=\"true\" class=\"wp-block-spacer\"><\/div>\n\n\n\n<p>Donc, en fait, je suis conscient de Dieu ici \u00e0 l\u2019int\u00e9rieur, puisque je ne peux \u00eatre conscient que de Lui\u2026 Et je suis inconscient de Dieu \u00e0 l\u2019ext\u00e9rieur, puisque je ne peux \u00eatre inconscient que de Lui\u2026 Puisqu\u2019Il Est Tout&nbsp;!&nbsp;<\/p>\n\n\n\n<p>Mais, cette ligne qui repr\u00e9sente la limite entre les deux, elle n\u2019est pas fixe, mais elle est infiniment mobile&#8230; Sans arr\u00eat \u00e7a bouge \u00e7a fluctue, un peu comme les limites d\u2019une amibe sous le microscope\u00a0!<\/p>\n\n\n\n<p>Ici, j&rsquo;ai essay\u00e9 de repr\u00e9senter ce mouvement incessant par une zone de floue&#8230; Mais, ce serait pratique, plut\u00f4t, de parler de cela avec une vid\u00e9o qui donnerait un mouvement incessant de cette soi-disant limite\u2026<\/p>\n\n\n\n<p>En effet, parfois, je suis fortement conscient de quelque chose, c\u2019est \u00e0 dire d\u2019un aspect particulier de Dieu et j\u2019oublie le reste dont je suis alors inconscient\u2026 <\/p>\n\n\n\n<p>Et puis l&rsquo;instant d&rsquo;apr\u00e8s, je vais me concentrer sur autre chose, c\u2019est \u00e0 dire sur un autre aspect de Dieu et perdre conscience du reste&#8230; etc\u2026 etc&#8230; Et ceci \u00e9volue sans cesse, d\u2019instant en instant\u00a0!<\/p>\n\n\n\n<p><\/p>\n\n\n\n<p>Maintenant, si je dessine la conscience et l\u2019inconscience d\u2019une autre personne, en violet (<strong><mark style=\"background-color:rgba(0, 0, 0, 0);color:#ad20e2\" class=\"has-inline-color\">conscience de l&rsquo;autre nomm\u00e9e : 2<\/mark><\/strong>) \u2026 On voit bien que sa conscience et la mienne (<strong><mark style=\"background-color:rgba(0, 0, 0, 0)\" class=\"has-inline-color has-bright-red-color\">1 = conscience de moi<\/mark><\/strong>) se chevauchent en <mark style=\"background-color:rgba(0, 0, 0, 0);color:#3cd225\" class=\"has-inline-color\"><strong>une conscience commune nomm\u00e9e 3<\/strong>.<\/mark>..<\/p>\n\n\n\n<p><strong>La zone 3, c\u2019est notre conscience commune du Divin<\/strong>&#8230; \u00e0 un moment donn\u00e9 seulement, puisque tout cela est compl\u00e8tement mobile \u2026 Et donc cette conscience commune 3, elle va \u00e9voluer sans cesse&nbsp;!&nbsp;<\/p>\n\n\n\n<div style=\"height:30px\" aria-hidden=\"true\" class=\"wp-block-spacer\"><\/div>\n\n\n\n<figure class=\"wp-block-image size-large\"><img loading=\"lazy\" decoding=\"async\" width=\"1024\" height=\"768\" src=\"https:\/\/behappy8.org\/wp-content\/uploads\/2021\/05\/image-1-1024x768.png\" alt=\"\" class=\"wp-image-1801\" srcset=\"https:\/\/behappy8.org\/wp-content\/uploads\/2021\/05\/image-1-1024x768.png 1024w, https:\/\/behappy8.org\/wp-content\/uploads\/2021\/05\/image-1-300x225.png 300w, https:\/\/behappy8.org\/wp-content\/uploads\/2021\/05\/image-1-768x576.png 768w, https:\/\/behappy8.org\/wp-content\/uploads\/2021\/05\/image-1-1536x1151.png 1536w, https:\/\/behappy8.org\/wp-content\/uploads\/2021\/05\/image-1-2048x1535.png 2048w, https:\/\/behappy8.org\/wp-content\/uploads\/2021\/05\/image-1-1200x900.png 1200w\" sizes=\"auto, (max-width: 709px) 85vw, (max-width: 909px) 67vw, (max-width: 1362px) 62vw, 840px\" \/><\/figure>\n\n\n\n<div style=\"height:30px\" aria-hidden=\"true\" class=\"wp-block-spacer\"><\/div>\n\n\n\n<p>Ensuite, il y a \u00e9galement une zone o\u00f9 je suis conscient et o\u00f9 l\u2019autre personne est inconsciente (1 \u2013 3 : 1 moins 3)\u2026 Et r\u00e9ciproquement, il y a une zone ou l\u2019autre, lui, est conscient et moi, je suis inconscient (2 \u20133)\u2026<\/p>\n\n\n\n<p>Et tout cela change \u00e9galement sans cesse.<\/p>\n\n\n\n<p>Et, enfin, il y a tout le reste, qui, quelle que soit les \u00e9volutions incessantes de nos deux consciences qui augmentent sans cesse, ce reste qui est cet Infini o\u00f9 nous sommes tous les deux inconscients de Dieu, \u00e9videmment.&nbsp;<\/p>\n\n\n\n<p>Mais, tout \u00e7a, est mobile, rien n\u2019est fix\u00e9\u2026<\/p>\n\n\n\n<p>Nos conscience augmentent sans cesse dans un Infini qui reste \u00ab\u00a0Infini\u00a0\u00bb.<\/p>\n\n\n\n<p><\/p>\n\n\n\n<p class=\"has-text-align-right\"><em>Joie et souffrance<\/em><\/p>\n\n\n\n<p>Maintenant, en utilisant toujours ce simple genre de petit sch\u00e9ma, nous pouvons parler de \u00ab&nbsp;la joie&nbsp;\u00bb et de la \u00ab&nbsp;souffrance&nbsp;\u00bb et de leur relation avec la conscience et l\u2019inconscience&nbsp;:&nbsp;<\/p>\n\n\n\n<p>La Joie c\u2019est, en effet, ce que nous ressentons chaque fois que nous exp\u00e9rimentons une \u00ab\u00a0augmentation de notre conscience du Divin\u00a0\u00bb\u00a0: \u00e0 ce moment-l\u00e0, il y a une ouverture de notre conscience\u2026 Et nous vivons la Joie !<\/p>\n\n\n\n<p>Sur notre sch\u00e9ma cela se dessine comme une sorte de hernie qui se fait \u00e0 partir de la limite de ma conscience, et qui sch\u00e9matise une augmentation de notre conscience qui se fait dans une direction ou dans une autre&nbsp;!&nbsp;<\/p>\n\n\n\n<p>En revanche, chaque fois que nous souffrons, notre \u00ab\u00a0Souffrance\u00a0\u00bb est un merveilleux signal d\u2019alarme qui nous permet, si nous l&rsquo;\u00e9coutons, de savoir, avec une mi-temps de retard, que nous venons de \u00ab\u00a0freiner l\u2019expansion naturelle de notre conscience de la Lumi\u00e8re\u00a0\u00bb \u2026 Soit un peu, soit beaucoup\u00a0!<\/p>\n\n\n\n<div style=\"height:39px\" aria-hidden=\"true\" class=\"wp-block-spacer\"><\/div>\n\n\n\n<p>\u00c9galement, la zone \u00ab\u00a0<strong>3<\/strong>\u00a0\u00bb o\u00f9 les 2 consciences se recouvrent est tr\u00e8s importante dans nos \u00e9changes entre \u00catre humains\u2026 C\u2019est en effet la zone de notre conscience commune\u2026 Nous communiquons essentiellement \u00e0 partir de cette zone de conscience commune qui, pourtant, est si mobile\u2026<\/p>\n\n\n\n<p>Cette zone 3, c\u2019est en effet une zone \u00e0 partir de laquelle on peut s\u2019entraider beaucoup \u00e0 favoriser l\u2019ouverture de nos consciences, et l\u2019un et l\u2019autre\u2026<\/p>\n\n\n\n<p>En effet, au bord de cette zone, l\u2019un des deux est conscient et l\u2019autre ne l\u2019est pas, \u00e0 ce m\u00eame instant. Et l\u00e0, si nous pouvons avoir une communication unitaire efficace, on va avoir comme r\u00e9sultat que chacun va gagner de la conscience sur sa propre inconscience gr\u00e2ce \u00e0 la conscience de l&rsquo;autre \u2026 et de m\u00eame \u00e9galement, sym\u00e9triquement l\u2019autre peut le faire aussi s&rsquo;il le veut, bien s\u00fbr&#8230;\u00a0<\/p>\n\n\n\n<p>Et cela permet \u00e0 chacun d\u2019ouvrir un peu plus sa conscience \u00e0 la Lumi\u00e8re\u2026 et donc de vivre un instant de Joie&nbsp;!<\/p>\n\n\n\n<div style=\"height:30px\" aria-hidden=\"true\" class=\"wp-block-spacer\"><\/div>\n\n\n\n<p>Voil\u00e0, ceci est un petit sch\u00e9ma tout simple, tout b\u00eate, mais qui dit bien des choses\u00a0! Il serait pratique de faire une vid\u00e9o pour imager cette notion, ces notions, plus justement. Mais, pour l\u2019instant, j\u2019ai fait ce sch\u00e9ma-l\u00e0\u2026 et il m\u2019aide beaucoup depuis de nombreuses ann\u00e9es\u2026<\/p>\n\n\n\n<p>Donc, la joie, c\u2019est ce que nous ressentons chaque fois que nous favorisons \u00ab\u00a0l\u2019ouverture naturelle de notre conscience\u00a0\u00bb (et chacun peut sentir cette ouverture qui a, \u00e9galement bien s\u00fbr, une manifestation physique).<\/p>\n\n\n\n<p>Et la souffrance, c\u2019est l\u2019alarme bienveillante qui sonne pour me pr\u00e9venir d\u2019un frein que je mets \u00e0 l\u2019ouverture naturelle de ma conscience de la Lumi\u00e8re\u2026 (et l\u00e0 chacun, \u00e9galement, a pu sentir la r\u00e9traction, le resserrement, y compris bien s\u00fbr, au niveau de son corps)<\/p>\n\n\n\n<p><\/p>\n\n\n\n<p class=\"has-text-align-right\"><em>La souffrance, une invitation \u00e0 la joie<\/em><\/p>\n\n\n\n<p>Et donc, finalement, la souffrance est une invitation \u00e0 favoriser un l\u00e2cher-prise pour permettre une ouverture de conscience suppl\u00e9mentaire plus grande&nbsp;!<\/p>\n\n\n\n<p>\u25cf<\/p>\n\n\n\n<p>Et voil\u00e0, nous revenons \u00e0 notre sujet&nbsp;!<\/p>\n\n\n\n<p>\u25a0<\/p>\n\n\n\n<p>En r\u00e9alit\u00e9 donc, je ne crois pas que l\u2019on puisse \u00ab&nbsp;perdre&nbsp;\u00bb conscience\u2026 Je ne le crois vraiment pas.<\/p>\n\n\n\n<p>Mais, nous ne pouvons que mettre \u00ab\u00a0un frein\u00a0\u00bb \u00e0 notre ouverture de conscience naturelle\u2026 Nous pouvons probablement le faire en scl\u00e9rosant, en fixant, en rigidifiant notre conscience, en tous les cas, ses limites\u2026 Mais reperdre conscience, je ne peux pas croire que ce soit possible.<\/p>\n\n\n\n<p>Je ne serais vraiment pas heureux de le penser&#8230; Alors, je ne le pense pas&nbsp;!<\/p>\n\n\n\n<p>Et puis, sinon, pourquoi ne pourrions-nous pas perdre la libre conscience humaine pour retrouver une simple conscience animale ou v\u00e9g\u00e9tale&nbsp;?<\/p>\n\n\n\n<p>Mais on ne le peut pas\u00a0! On ne peut donc que ralentir, que retarder, une augmentation naturelle de notre conscience de la Lumi\u00e8re\u2026 qui est \u00ab\u00a0in\u00e9luctable\u00a0\u00bb\u2026\u00a0<\/p>\n\n\n\n<p>\u25cf<\/p>\n\n\n\n<p>\u00c0 ce moment-l\u00e0, ce n\u2019est pas tout \u00e0 fait pareil\u2026 Nous pouvons la nier\u2026<\/p>\n\n\n\n<p>\u25a0<\/p>\n\n\n\n<p>\u00ab\u00a0L\u2019ouverture de conscience\u00a0\u00bb est un Don de Dieu que personne ne peut nous enlever\u2026 pas m\u00eame nous-m\u00eame\u2026\u00a0<\/p>\n\n\n\n<p>Nous ne pouvons que la retarder&nbsp;! Et encore la retarder par rapport \u00e0 quel programme&nbsp;? Y-a-t-il un programme pour un \u00catre dot\u00e9 du libre arbitre&nbsp;? <\/p>\n\n\n\n<p>Alors pouvons-nous r\u00e9ellement parler de \u00ab\u00a0retard\u00a0\u00bb\u00a0?\u00a0Comment comparer deux \u00eatres qui, tous les deux, ont le libre arbitre\u00a0?<\/p>\n\n\n\n<p>Il n&rsquo;y a qu&rsquo;un seul rep\u00e8re fixe ! C&rsquo;est Dieu Lui-m\u00eame.<\/p>\n\n\n\n<p>Et si deux \u00catres humains prennent Dieu comme seul point de rep\u00e8re fixe&#8230; Alors l\u00e0, c&rsquo;est hypersimple&nbsp;:<\/p>\n\n\n\n<p>Si nous avons le courage de nous comparer \u00e0 l&rsquo;Infini, nous faisons la seule comparaison qui soit raisonnable&#8230;<\/p>\n\n\n\n<p>Alors, l\u00e0, nous ne pouvons que prendre conscience, en effet, que tous les \u00catres qui existent ont encore \u00e0 parcourir exactement le m\u00eame Infini&#8230; Et cela, quel que soit le kilom\u00e9trage d\u00e9j\u00e0 parcouru\u00a0!<\/p>\n\n\n\n<p>Nous sommes tous, \u00ab\u00a0tous\u00a0\u00bb les \u00catres de l&rsquo;Univers, face au m\u00eame Infini.<\/p>\n\n\n\n<p>Et le Libre Arbitre qui nous est donn\u00e9 depuis le d\u00e9but de l\u2019humanit\u00e9, ne permet aucun programme pour parcourir cet Infini&nbsp;! <\/p>\n\n\n\n<p>Il y a un Plan Divin, mais pas de programmes pour les hommes\u2026<\/p>\n\n\n\n<p>\u25cf<\/p>\n\n\n\n<p>Mais, c\u2019est un peu le m\u00eame probl\u00e8me de partout\u2026 La conscience, nous l\u2019avons au d\u00e9part&nbsp;!<\/p>\n\n\n\n<p><\/p>\n\n\n\n<p class=\"has-text-align-right\"><em>Le Don de l\u2019ouverture de conscience<\/em><\/p>\n\n\n\n<p>\u25a0<\/p>\n\n\n\n<p>Nous sommes, en effet, cr\u00e9\u00e9s parfait par le Divin\u2026 Alors, je vais dire plut\u00f4t que d\u00e8s le d\u00e9part, ce que nous avons, c\u2019est \u00ab\u00a0le Don de l\u2019ouverture de conscience\u00a0\u00bb \u2026 Nous l\u2019avons depuis le d\u00e9but de la cr\u00e9ation et pour toujours\u00a0! C\u2019est \u00e0 dire depuis toujours et pour toujours\u2026<\/p>\n\n\n\n<p>Nous sommes cr\u00e9\u00e9s en tant que \u00ab\u00a0mouvement d\u2019ouverture de conscience\u00a0\u00bb\u2026<\/p>\n\n\n\n<p>Toute Cr\u00e9ation de Dieu est un \u00ab&nbsp;mouvement&nbsp;\u00bb, pas un \u00e9tat immobile&nbsp;!<\/p>\n\n\n\n<p>Nous \u00ab\u00a0sommes\u00a0\u00bb, tous les \u00catres, un mouvement de conscience\u2026<\/p>\n\n\n\n<p>Nous faisons partie d\u2019une ouverture de conscience illimit\u00e9e.<\/p>\n\n\n\n<p>\u25cf<\/p>\n\n\n\n<p>Donc&#8230; C\u2019est un mouvement d\u2019expansion\u00a0?<\/p>\n\n\n\n<p>\u25a0<\/p>\n\n\n\n<p>Oui&nbsp;! Un mouvement d\u2019expansion naturelle, obligatoire et illimit\u00e9e\u2026 rapide ou lent selon notre conception du temps.<\/p>\n\n\n\n<p>\u25cf<\/p>\n\n\n\n<p>Donc, en fait, cette soi-disant perte de conscience est une illusion&nbsp;?<\/p>\n\n\n\n<p>\u25a0<\/p>\n\n\n\n<p>Oui, de mon point de vue, une illusion qui est un aspect de l&rsquo;illusion de l\u2019ombre.<\/p>\n\n\n\n<p>Nous sommes cr\u00e9\u00e9s Parfaits par le Divin&nbsp;! Mais le r\u00e9aliser de plus en plus, en prendre de plus en plus conscience, va nous prendre un temps infini&nbsp;!&nbsp;<\/p>\n\n\n\n<p>Il est en effet facile de r\u00e9aliser que pour prendre conscience de l\u2019Infini, il nous faut l\u2019\u00c9ternit\u00e9\u2026<\/p>\n\n\n\n<p>Je vais le dire autrement : nous sommes cr\u00e9\u00e9s \u00ab&nbsp;en mouvement d\u2019ouverture de conscience&nbsp;\u00bb.&nbsp;<\/p>\n\n\n\n<p>Nous&nbsp;\u00ab&nbsp;sommes&nbsp;\u00bb un mouvement d\u2019ouverture conscience\u2026&nbsp;<\/p>\n\n\n\n<p>Chacun de nous est une conscience qui s\u2019ouvre depuis toujours et pour toujours&nbsp;!<\/p>\n\n\n\n<p><\/p>\n\n\n\n<p class=\"has-text-align-right\"><em>Tout ce qui existe est une ouverture de conscience<\/em><\/p>\n\n\n\n<p>Mais, ceci n\u2019est pas propre \u00e0 l\u2019homme&nbsp;!&nbsp;<\/p>\n\n\n\n<p>C\u2019est tout ce qui existe qui grandit en conscience&nbsp;: <\/p>\n\n\n\n<p>Le min\u00e9ral, lui, a une conscience \u00ab\u00a0min\u00e9rale\u00a0\u00bb qui s&rsquo;ouvre\u2026<\/p>\n\n\n\n<p>Puis le v\u00e9g\u00e9tal, lui aussi, a une certaine conscience \u00ab\u00a0v\u00e9g\u00e9tale\u00a0\u00bb qui est plus grande que la conscience min\u00e9rale et qui s&rsquo;ouvre\u2026<\/p>\n\n\n\n<p>Puis l\u2019animal a encore une conscience \u00ab&nbsp;animale&nbsp;\u00bb qui s\u2019est encore \u00e9largie et qui continue \u00e0 s&rsquo;ouvrir\u2026 <\/p>\n\n\n\n<p>Et enfin, pour l\u2019instant, il y a eu depuis peu une \u00ab&nbsp;libre conscience humaine&nbsp;\u00bb qui s\u2019\u00e9largit \u00e0 un rythme qui d\u00e9pend du Libre Arbitre qui a \u00e9t\u00e9 donn\u00e9 \u00e0 chacune de ces consciences humaines \u2026<\/p>\n\n\n\n<p>Donc, la conscience du Tout s\u2019ouvre depuis toujours&nbsp;!<\/p>\n\n\n\n<p>Et cette conscience s\u2019ouvrira toujours&nbsp;!<\/p>\n\n\n\n<p>\u25cf<\/p>\n\n\n\n<p>Donc&#8230; C\u2019est un mouvement d\u2019expansion\u2026<\/p>\n\n\n\n<p>\u25a0<\/p>\n\n\n\n<p>Oui&nbsp;! Oui, c\u2019est un mouvement d\u2019expansion naturelle et obligatoire\u2026 plus ou moins rapide ou lent&nbsp;!<\/p>\n\n\n\n<p>Mais, je pense pour l\u2019instant que ce mouvement n\u2019est pas le m\u00eame lorsque nous freinons l\u2019ouverture naturelle de la conscience que lorsque l\u2019expansion de la conscience suit son \u00e9volution naturelle, parce que\u00a0:\u00a0<\/p>\n\n\n\n<p>Effectivement, dans la soi-disant perte de conscience nous ne perdons pas ce que nous avons gagn\u00e9\u2026 mais nous pouvons le nier&nbsp;!&nbsp;<\/p>\n\n\n\n<p>Alors que dans l\u2019ouverture de conscience, nous gagnons pour toujours la conscience que nous avons gagn\u00e9&nbsp;!<\/p>\n\n\n\n<p>\u25cf<\/p>\n\n\n\n<p>Nous pouvons donc nier la conscience de la Lumi\u00e8re que nous avons eu\u2026 mais elle est toujours l\u00e0 pour toujours\u00a0! Sinon, nous n&rsquo;aurions m\u00eame pas la possibilit\u00e9 de la nier ?<\/p>\n\n\n\n<p>\u25a0<\/p>\n\n\n\n<p>Oui, c\u2019est cela, \u00e0 mon avis\u2026 Je ne pense pas que nous puissions r\u00e9ellement \u00ab&nbsp;perdre&nbsp;\u00bb conscience de ce dont nous avons eu conscience\u2026<\/p>\n\n\n\n<p>Par exemple, on ne peut pas revenir en arri\u00e8re, \u00e0 une conscience strictement animale, ou strictement v\u00e9g\u00e9tale, ou strictement min\u00e9rale. Nous avons, pour toujours, ces diff\u00e9rentes consciences en nous\u2026 Mais depuis peu, nous avons aussi la conscience humaine, avec ce fameux Libre Arbitre\u2026<\/p>\n\n\n\n<p>D\u2019ailleurs, si nous pouvions \u00ab&nbsp;perdre&nbsp;\u00bb vraiment notre conscience\u2026 et bien, par exemple, si nous allions \u00e0 l\u2019extr\u00eame, nous pourrions revenir \u00e0 une conscience uniquement min\u00e9rale\u2026&nbsp;<\/p>\n\n\n\n<p>Mais ce n\u2019est pas possible&nbsp;! Une conscience de la Lumi\u00e8re est acquise pour toujours&nbsp;!<\/p>\n\n\n\n<p>Dieu ne reprend jamais ce qu\u2019Il a donn\u00e9&nbsp;!<\/p>\n\n\n\n<p>Dans son Amour Parfait, Dieu ne sait donner que pour toujours&#8230;<\/p>\n\n\n\n<p>Donc, pour toujours, l\u2019homme a la conscience min\u00e9rale, la conscience v\u00e9g\u00e9tale, la conscience animale en lui et, bien s\u00fbr, depuis tr\u00e8s peu de temps, la libre conscience humaine qui lui ont \u00e9t\u00e9 donn\u00e9 pour toujours\u2026<\/p>\n\n\n\n<p>Nous sommes de, tr\u00e8s, tr\u00e8s jeune \u00ab\u00a0libre conscience humaine\u00a0\u00bb&nbsp;!<\/p>\n\n\n\n<p>Et cela se voit&nbsp;!<\/p>\n\n\n\n<div style=\"height:44px\" aria-hidden=\"true\" class=\"wp-block-spacer\"><\/div>\n\n\n\n\n\n\n\n<p><\/p>\n","protected":false},"excerpt":{"rendered":"<p>\u00ad\u00ad\u00ad\u00ad19 juillet 2021 ENTRETIENS N\u00b0 4 De Deux Petits Artisans de la Lumi\u00e8re parmi d\u2019autres&nbsp;:&nbsp;\u25a0 et \u25cf \u2026 Vaccins&nbsp;et bonheur \u25cf J\u2019ai une question sur les vaccins\u2026 En fait, c&rsquo;est un conseil que je demande, car je pense qu\u2019\u00e0 plus ou moins long terme nous allons \u00eatre oblig\u00e9s de nous faire vacciner\u2026 ou pas\u2026 je &hellip; <a href=\"https:\/\/behappy8.org\/?p=1761\" class=\"more-link\">Continuer la lecture<span class=\"screen-reader-text\"> de &laquo;&nbsp;Les 8 entretiens (1\u00e8re Partie du 4\u00e8me Entretien)&nbsp;&raquo;<\/span><\/a><\/p>\n","protected":false},"author":1,"featured_media":0,"comment_status":"open","ping_status":"open","sticky":false,"template":"","format":"chat","meta":{"footnotes":""},"categories":[1009],"tags":[1491,1504,1502,1511,1505,775,1509,1510,1478,135,1508,1492,1481,1497,1501,748,1482,1079,8,1488,1498,1479,1507,601,1487,1480,1484,1503,390,1500,1506,1483,655,1496,1489,1494,1499,1495,1485,1477],"class_list":["post-1761","post","type-post","status-publish","format-chat","hentry","category-4eme-entretien-8","tag-argile","tag-choisir-sa-conscience","tag-choisir-son-placebo","tag-conscience-animale","tag-conscience-commune","tag-conscience-et-inconscience","tag-conscience-minerale","tag-conscience-vegetale","tag-conseil","tag-dieu","tag-dieu-seul-repere","tag-emplatre","tag-etre-heureux-de-se-faire-vacciner","tag-fievre","tag-homeopathie","tag-illusion","tag-la-priorite","tag-lacher-prise","tag-libre-arbitre","tag-nocebo","tag-notre-amie-la-fievre","tag-obligation","tag-ouverture-de-conscience-ineluctable","tag-ouverture-de-conscience","tag-placebo","tag-precautions","tag-prendre-conscience","tag-puissance-de-la-pensee","tag-realite","tag-resoudre-le-desequilibre","tag-schema","tag-se-mettre-en-danger","tag-souffrance","tag-soutenir-leffort-du-corps","tag-soutenir-le-corps","tag-symptomes","tag-systeme-de-defense","tag-therapeute","tag-un-fait-absolu","tag-vaccins","post_format-post-format-chat"],"_links":{"self":[{"href":"https:\/\/behappy8.org\/index.php?rest_route=\/wp\/v2\/posts\/1761","targetHints":{"allow":["GET"]}}],"collection":[{"href":"https:\/\/behappy8.org\/index.php?rest_route=\/wp\/v2\/posts"}],"about":[{"href":"https:\/\/behappy8.org\/index.php?rest_route=\/wp\/v2\/types\/post"}],"author":[{"embeddable":true,"href":"https:\/\/behappy8.org\/index.php?rest_route=\/wp\/v2\/users\/1"}],"replies":[{"embeddable":true,"href":"https:\/\/behappy8.org\/index.php?rest_route=%2Fwp%2Fv2%2Fcomments&post=1761"}],"version-history":[{"count":18,"href":"https:\/\/behappy8.org\/index.php?rest_route=\/wp\/v2\/posts\/1761\/revisions"}],"predecessor-version":[{"id":1895,"href":"https:\/\/behappy8.org\/index.php?rest_route=\/wp\/v2\/posts\/1761\/revisions\/1895"}],"wp:attachment":[{"href":"https:\/\/behappy8.org\/index.php?rest_route=%2Fwp%2Fv2%2Fmedia&parent=1761"}],"wp:term":[{"taxonomy":"category","embeddable":true,"href":"https:\/\/behappy8.org\/index.php?rest_route=%2Fwp%2Fv2%2Fcategories&post=1761"},{"taxonomy":"post_tag","embeddable":true,"href":"https:\/\/behappy8.org\/index.php?rest_route=%2Fwp%2Fv2%2Ftags&post=1761"}],"curies":[{"name":"wp","href":"https:\/\/api.w.org\/{rel}","templated":true}]}}