{"id":1768,"date":"2021-05-15T11:19:00","date_gmt":"2021-05-15T09:19:00","guid":{"rendered":"https:\/\/behappy8.org\/?p=1768"},"modified":"2024-09-05T17:18:16","modified_gmt":"2024-09-05T15:18:16","slug":"les-8-entretiens-2eme-partie-du-4eme-entretien","status":"publish","type":"post","link":"https:\/\/behappy8.org\/?p=1768","title":{"rendered":"Les 8 entretiens (2\u00e8me Partie du 4\u00e8me Entretien)"},"content":{"rendered":"\n\n\n\n\n<div style=\"height:42px\" aria-hidden=\"true\" class=\"wp-block-spacer\"><\/div>\n\n\n\n<figure class=\"wp-block-audio\"><audio controls src=\"https:\/\/behappy8.org\/wp-content\/uploads\/2024\/08\/Les-8-entretiens-2eme-Partie-du-4eme-Entretien.m4a\"><\/audio><\/figure>\n\n\n\n<div style=\"height:44px\" aria-hidden=\"true\" class=\"wp-block-spacer\"><\/div>\n\n\n\n<p>\u25a0<\/p>\n\n\n\n<p>Oui, c\u2019est cela, \u00e0 mon avis\u2026           Je ne pense pas que nous puissions r\u00e9ellement \u00ab&nbsp;perdre&nbsp;\u00bb conscience de ce dont nous avons eu conscience\u2026<\/p>\n\n\n\n<p>Par exemple, on ne peut pas revenir en arri\u00e8re, \u00e0 une conscience strictement animale, ou bien strictement v\u00e9g\u00e9tale, ou strictement min\u00e9rale. Nous avons, pour toujours, ces diff\u00e9rentes consciences en nous\u2026 Mais depuis peu, nous avons aussi la conscience humaine, avec ce fameux \u00ab\u00a0Libre Arbitre\u00a0\u00bb\u2026<\/p>\n\n\n\n<p>D\u2019ailleurs, si nous pouvions \u00ab&nbsp;perdre&nbsp;\u00bb vraiment notre conscience\u2026 Et bien !  Par exemple, si nous allions \u00e0 l\u2019extr\u00eame, nous pourrions revenir \u00e0 une conscience uniquement min\u00e9rale\u2026&nbsp;<\/p>\n\n\n\n<p>Mais ce n\u2019est pas possible&nbsp;! Une conscience de la Lumi\u00e8re est acquise pour toujours&nbsp;!<\/p>\n\n\n\n<p>Dieu ne reprend jamais ce qu\u2019Il a donn\u00e9&nbsp;!<\/p>\n\n\n\n<p>Dans son Amour Parfait, Dieu ne sait Donner que pour toujours&#8230;<\/p>\n\n\n\n<p>Donc, pour toujours, l\u2019homme a la conscience min\u00e9rale, pour toujours, la conscience v\u00e9g\u00e9tale, pour toujours, il a la conscience animale en lui et, bien s\u00fbr, depuis tr\u00e8s peu de temps, la libre conscience humaine qui lui a \u00e9galement \u00e9t\u00e9 donn\u00e9 pour toujours\u2026<\/p>\n\n\n\n<p>Nous sommes donc de, tr\u00e8s, tr\u00e8s jeune \u00ab\u00a0libres consciences humaines\u00a0\u00bb&nbsp;!<\/p>\n\n\n\n<p>Et cela se voit&nbsp;!<\/p>\n\n\n\n<p><\/p>\n\n\n\n<p class=\"has-text-align-right\"><em>La Lumi\u00e8re \u00c9ternelle<\/em><\/p>\n\n\n\n<p>\u25cf<\/p>\n\n\n\n<p>Oui ! C\u2019est comme quand nous faisons l\u2019exp\u00e9rience de la joie&nbsp;: nous pouvons peut-\u00eatre, pendant un temps, ne plus la faire, mais nous ne pouvons pas dire que \u00e7a n\u2019a pas exist\u00e9&nbsp;! Nous avons donc eu notre augmentation de conscience&#8230;<\/p>\n\n\n\n<p>\u25a0<\/p>\n\n\n\n<p>Oui, c\u2019est marqu\u00e9 pour toujours\u2026<\/p>\n\n\n\n<p>Nous sommes \u00ab&nbsp;des \u00eatres d\u2019ouverture de conscience&nbsp;\u00bb et nous sommes beaucoup, beaucoup, plus conscients\u2026 que ce que l\u2019ombre pr\u00e9tend.&nbsp;<\/p>\n\n\n\n<p>Parce qu&rsquo;en effet, c\u2019est l\u2019ombre en nous et autour de nous qui a pr\u00e9tendu que nous n\u2019\u00e9tions pas conscients\u2026&nbsp;<\/p>\n\n\n\n<p>\u25cf<\/p>\n\n\n\n<p>Oui&nbsp;! C\u2019est l\u2019ombre qui a pr\u00e9tendu que nous avions perdu la conscience&nbsp;?&nbsp;<\/p>\n\n\n\n<p>\u25a0<\/p>\n\n\n\n<p>Oui&nbsp;! Et, malgr\u00e9 de nombreux \u00ab&nbsp;resets&nbsp;\u00bb faits par les \u00catres les plus \u00e9lev\u00e9s, les religions, qui ont \u00e9t\u00e9 \u00e0 chaque fois l&rsquo;h\u00e9ritage de leurs enseignements, ont toutes \u00e9t\u00e9, rapidement pollu\u00e9es, d\u00e8s leurs d\u00e9buts, pour ent\u00e9riner cela et pour enseigner l&rsquo;erreur \u00e0 nouveau&#8230; Et cela s&rsquo;est pass\u00e9 de bien nombreuses fois&nbsp;!<\/p>\n\n\n\n<p>Ces religions nous ont dit pendant des mill\u00e9naires, et nous avons adh\u00e9r\u00e9 \u00e0 cette vision&#8230; Elles nous ont dit&nbsp;: \u00ab&nbsp;Nous, on sait ce qu\u2019il faut faire\u2026 vous, vous ne le savez pas\u2026 On va vous enseigner&nbsp;!&nbsp;\u00bb<\/p>\n\n\n\n<p>Mais, dans sa douleur, dans sa pr\u00e9tendue perte de conscience de la Lumi\u00e8re, ce n\u2019est qu\u2019aim\u00e9e sans condition que l\u2019ombre peut faire l\u2019exp\u00e9rience de cesser de freiner l\u2019expansion naturelle, originelle, de la conscience de la Lumi\u00e8re\u2026 Ce qui, \u00e0 chaque fois, se manifeste par l\u2019exp\u00e9rience de la Joie&nbsp;!<\/p>\n\n\n\n<p>Mais, en r\u00e9alit\u00e9, nous sommes une \u00c2me, il n\u2019y a que Dieu en nous\u2026<\/p>\n\n\n\n<p>Nous sommes des parcelles&nbsp;de Dieu, et nous avons donc toute la conscience de cette parcelle que nous sommes depuis toujours et pour toujours&nbsp;!<\/p>\n\n\n\n<p><\/p>\n\n\n\n<p class=\"has-text-align-right\"><em>Personne ne peut perdre Dieu<\/em><\/p>\n\n\n\n<p>\u25cf<\/p>\n\n\n\n<p>C\u2019est important de savoir que l\u2019on ne peut pas la perdre&nbsp;!<\/p>\n\n\n\n<p>\u25a0<\/p>\n\n\n\n<p>Oui, c\u2019est optimiste et c\u2019est agr\u00e9able.&nbsp;<\/p>\n\n\n\n<p>\u25cf<\/p>\n\n\n\n<p>C\u2019est rassurant&nbsp;!<\/p>\n\n\n\n<p>\u25a0<\/p>\n\n\n\n<p>Encourag\u00e9s par l\u2019ombre, nous avons pu faire semblant que nous avions perdu quelque chose que Dieu nous a donn\u00e9 pour toujours, mais, bien s\u00fbr, nous n&rsquo;avons jamais rien perdu r\u00e9ellement&nbsp;!<\/p>\n\n\n\n<p>Qui peut perdre quelque chose que Dieu lui a donn\u00e9&nbsp;?<\/p>\n\n\n\n<p>Et c\u2019est d&rsquo;ailleurs tout le probl\u00e8me de la conscience&nbsp;! C\u2019est pour \u00e7a qu\u2019une phrase vraiment cl\u00e9 dans ma vie qui a&nbsp;\u00e9t\u00e9 dite et que j\u2019ai \u00e9crite et que je continue \u00e0 m\u00e9diter chaque jour est la suivante&nbsp;:&nbsp;<\/p>\n\n\n\n<p>\u00ab&nbsp;<em>C\u2019est la conscience qui fait toute la diff\u00e9rence<\/em>&nbsp;\u00bb.&nbsp;<\/p>\n\n\n\n<p>\u00ab&nbsp;<em>C\u2019est la conscience qui fait toute la diff\u00e9rence<\/em>&nbsp;\u00bb.&nbsp;<\/p>\n\n\n\n<p>En fait nous ne \u00ab&nbsp;travaillons&nbsp;\u00bb que sur la conscience, ou, plus pr\u00e9cis\u00e9ment, sur le rythme d\u2019ouverture de la conscience que nous sommes\u2026 et pas sur la R\u00e9alit\u00e9 Divine&nbsp;! <\/p>\n\n\n\n<p>Nous ne pouvons pas travailler sur la R\u00e9alit\u00e9 \u00c9ternelle&nbsp;! Nous ne pouvons pas travailler sur Dieu\u2026 En effet, la R\u00e9alit\u00e9 \u00c9ternelle, avec un grand R, c\u2019est Dieu Lui-m\u00eame&nbsp;!<\/p>\n\n\n\n<p>\u25cf<\/p>\n\n\n\n<p>Nous ne travaillons donc que sur notre conscience&nbsp;?<\/p>\n\n\n\n<p>\u25a0<\/p>\n\n\n\n<p>Oui&nbsp;! Oui !Nous ne pouvons pas travailler sur Dieu, nous ne travaillons que sur l\u2019ouverture de notre conscience \u00e0 Dieu.<\/p>\n\n\n\n<p>Ou plut\u00f4t, pour \u00eatre plus pr\u00e9cis, nous ne travaillons que sur la vitesse d&rsquo;ouverture de notre conscience \u00e0 Dieu&#8230; C\u2019est vraiment la seule chose que nous pouvons modifier et sur laquelle nous pouvons agir\u2026<\/p>\n\n\n\n<p>Et, \u00e9galement, remarquons que chaque \u00catre humain est \u00ab&nbsp;absolument&nbsp;le seul&nbsp;\u00bb \u00e0 pouvoir agir, gr\u00e2ce \u00e0 son libre arbitre, sur ce rythme de cette ouverture de conscience qu\u2019il est.<\/p>\n\n\n\n<p><\/p>\n\n\n\n<p class=\"has-text-align-right\"><em>Coh\u00e9rence<\/em><\/p>\n\n\n\n<p>\u25cf<\/p>\n\n\n\n<p>Oui c\u2019est coh\u00e9rent&nbsp;! Mais, si tu veux, depuis le d\u00e9but de notre travail, depuis le d\u00e9but de notre communication, tout me para\u00eet coh\u00e9rent et logique, incontournable et sans soucis.&nbsp;<\/p>\n\n\n\n<p>\u25a0<\/p>\n\n\n\n<p>C\u2019est vrai&nbsp;!<\/p>\n\n\n\n<p>\u25cf<\/p>\n\n\n\n<p>Alors, je me suis dit&nbsp;: \u00ab&nbsp;Mais l\u00e0 o\u00f9 j\u2019achoppe un peu, c\u2019est dans la pratique&nbsp;! Dans l\u2019exp\u00e9rience \u2026&nbsp;\u00bb<\/p>\n\n\n\n<p>\u25a0<\/p>\n\n\n\n<p>Tu veux dire, dans le quotidien&nbsp;?&nbsp;<\/p>\n\n\n\n<p>\u25cf<\/p>\n\n\n\n<p>Mais, pas seulement dans le quotidien&nbsp;! Au niveau des principes \u00e9galement\u2026&nbsp;<\/p>\n\n\n\n<p>Je suis en train de retranscrire notre dernier entretien\u2026 Et par exemple, nous avons parl\u00e9 de diff\u00e9rentes choses&#8230; Et \u00e0 un moment, tu disais, et c\u2019est tout \u00e0 fait logique avec tout ce que nous avons dit jusqu\u2019\u00e0 maintenant&nbsp;: \u00ab&nbsp;Si nous sommes pauvres, il faudrait que nous soyons heureux d\u2019\u00eatre pauvres\u2026 etc\u2026&nbsp;\u00bb<\/p>\n\n\n\n<p>\u00c7a, ce n\u2019est pas quelque chose que tu peux dire comme \u00e7a, ouvertement, \u00e0 n\u2019importe quelle personne&nbsp;: ce n\u2019est pas possible&nbsp;! <\/p>\n\n\n\n<p>C\u2019est vrai, c\u2019est logique&#8230; mais, c\u2019est \u00e9norme&nbsp;!<\/p>\n\n\n\n<p>\u25a0<\/p>\n\n\n\n<p>Oui&nbsp;! Cela a \u00e9t\u00e9 rendu \u00e9norme par la pression de l\u2019ombre&nbsp;! C\u2019est le travail de l\u2019ombre sur des mill\u00e9naires et des mill\u00e9naires qui a fait que nous avons perdu conscience de la R\u00e9alit\u00e9 Divine sur plein de points.&nbsp;<\/p>\n\n\n\n<p>Et, de ce fait, nous avons un sch\u00e9ma, une vision du fonctionnement de nous-m\u00eames et de la vie qui est voil\u00e9e, mais tr\u00e8s fortement voil\u00e9e, par le programme de l\u2019ombre, c\u2019est \u00e0 dire par sa propagande multimill\u00e9naire&nbsp;!<\/p>\n\n\n\n<p><\/p>\n\n\n\n<p class=\"has-text-align-right\"><em>La Lumi\u00e8re d\u00e9voile l\u2019ombre<\/em><\/p>\n\n\n\n<p>Et nous le voyons bien, actuellement, nous sommes dans une esp\u00e8ce de caricature extr\u00eame de sa propagande&nbsp;! <\/p>\n\n\n\n<p>Mais c\u2019est tr\u00e8s, tr\u00e8s, parlant&nbsp;! Et cela va nous inviter, avec une force jamais atteinte, \u00e0 nous d\u00e9passer, c\u2019est \u00e0 dire \u00e0 ouvrir notre conscience comme nous ne l\u2019avions jamais fait&nbsp;!&nbsp;<\/p>\n\n\n\n<p>Les r\u00e9actions des gens autour de nous, nos r\u00e9actions personnelles face \u00e0 ce d\u00e9ferlement de propagande qui nous est propos\u00e9, etc\u2026 Tout cela nous oblige \u00e0 vraiment avancer fermement dans notre foi, dans notre espoir, dans notre amour\u2026 et ceci de fa\u00e7on vraiment irr\u00e9ductible&nbsp;!&nbsp;<\/p>\n\n\n\n<p>Nous ne pouvons, maintenant, plus refuser de laisser, naturellement, s\u2019ouvrir notre conscience \u00e0 la Lumi\u00e8re\u2026<\/p>\n\n\n\n<p>\u25cf<\/p>\n\n\n\n<p>Quand je me mets en face d\u2019une situation comme \u00e7a, c\u2019est \u00e0 dire de n\u2019importe quoi de tr\u00e8s douloureux ou, en tous les cas, de n\u2019importe quoi de ressenti comme tr\u00e8s douloureux, je reviens au principe d\u2019un petit probl\u00e8me que j\u2019avais eu \u00e0 un moment donn\u00e9&nbsp;: c\u2019est cette \u00ab&nbsp;dissociation&nbsp;\u00bb, que j\u2019avais \u00e9voqu\u00e9e derni\u00e8rement&nbsp;!&nbsp;<\/p>\n\n\n\n<p>Je sens bien que, en fait, \u00e7a peut \u00eatre l\u2019occasion d\u2019un \u00e9largissement de conscience et il faut simplement que je sorte de cette identification \u00e0 ce \u00ab\u00a0moi\u00a0\u00bb, \u00e0 ce moi soi-disant petit, r\u00e9duit et ombreux\u2026<\/p>\n\n\n\n<p>\u25a0<\/p>\n\n\n\n<p>Tu veux dire ce \u00ab\u00a0moi\u00a0\u00bb amput\u00e9 par l\u2019ombre\u2026<\/p>\n\n\n\n<p>\u25cf<\/p>\n\n\n\n<p>Oui&nbsp;! En fait, je suis \u00ab&nbsp;\u00c2me&nbsp;\u00bb, enti\u00e8rement \u00c2me, et c\u2019est parce que je suis \u00ab&nbsp;\u00c2me&nbsp;\u00bb que je vais pouvoir vivre des choses comme \u00e7a dans la Joie&nbsp;! \u2026 Et pas autrement&nbsp;!<\/p>\n\n\n\n<p>\u25a0<\/p>\n\n\n\n<p>Oui&nbsp;! Il n\u2019y a pas d\u2019autre solution&nbsp;!<\/p>\n\n\n\n<p>\u25cf<\/p>\n\n\n\n<p>Il n\u2019y a donc vraiment pas d\u2019autre solution&nbsp;!<\/p>\n\n\n\n<p>Et effectivement, je suis bien d\u2019accord avec toi&nbsp;! Et je l\u2019ai vu avec le confinement\u2026 Le premier confinement, qui a \u00e9t\u00e9 un r\u00e9el \u00e9branlement,&nbsp;avec toutes ses cons\u00e9quences&nbsp;!&nbsp;<\/p>\n\n\n\n<p>Mais, c\u2019est gr\u00e2ce \u00e0 \u00e7a que, moi, j\u2019ai commenc\u00e9 un autre travail et je suis convaincue que tout ce qui se passe actuellement va permettre, obligatoirement, aux personnes qui le choisissent de permettre \u00e0 l&rsquo;\u00e9largissement de leur conscience de reprendre son rythme naturel. Parce que \u00e7a va \u00eatre le seul moyen de se sortir de l\u00e0\u2026<\/p>\n\n\n\n<p>\u25a0<\/p>\n\n\n\n<p>Tu as raison\u2026<\/p>\n\n\n\n<p>C\u2019est le seul moyen, en apparence, \u00e9videmment\u2026&nbsp;<\/p>\n\n\n\n<p>Mais attention&nbsp;! Tout \u00e7a, c\u2019est \u00e0 dire toute cette acc\u00e9l\u00e9ration de l&rsquo;ouverture de conscience, aurait pu se passer dans le confort absolu&nbsp;! <\/p>\n\n\n\n<p>La souffrance est utile, mais elle n&rsquo;est pas n\u00e9cessaire&#8230;<\/p>\n\n\n\n<p>Nous sommes cr\u00e9\u00e9s pour vivre heureux&nbsp;! Nous existons pour \u00ab&nbsp;vivre&nbsp;\u00bb vraiment&#8230; Vivre et non pas pour survivre&nbsp;!<\/p>\n\n\n\n<p>\u25cf<\/p>\n\n\n\n<p>Mais, non&nbsp;! L\u00e0, \u00e7a ne se passe pas comme \u00e7a&nbsp;!<\/p>\n\n\n\n<p><\/p>\n\n\n\n<p class=\"has-text-align-right\"><em>Mouvement Originel<\/em><\/p>\n\n\n\n<p>\u25a0<\/p>\n\n\n\n<p>C\u2019est le probl\u00e8me du \u00ab&nbsp;ca\u00efnisme&nbsp;\u00bb&nbsp;! C\u2019est le probl\u00e8me qui r\u00e9sulte d\u2019avoir adh\u00e9r\u00e9 pendant des milliers d\u2019ann\u00e9es et des milliers d\u2019ann\u00e9es \u00e0 l\u2019option de Ca\u00efn\u2026 <\/p>\n\n\n\n<p>C\u2019est-\u00e0-dire que nous avons accept\u00e9 la diminution de la vitesse naturelle de l\u2019ouverture de notre conscience \u00e0 la Lumi\u00e8re qui, depuis, nous a \u00e9t\u00e9 propos\u00e9e par l&rsquo;ombre \u00e0 chaque nouvelle incarnation de nos \u00c2mes\u2026<\/p>\n\n\n\n<p>Mais la R\u00e9alit\u00e9, La R\u00e9alit\u00e9 Divine, Elle, Elle n\u2019a pas chang\u00e9\u2026&nbsp;<\/p>\n\n\n\n<p>\u25cf<\/p>\n\n\n\n<p>Non&nbsp;! C\u2019est toujours la m\u00eame&nbsp;!<\/p>\n\n\n\n<p>\u25a0<\/p>\n\n\n\n<p>Et \u00e0 tout instant nous pouvons, instantan\u00e9ment, retrouver \u00ab&nbsp;notre mouvement d&rsquo;origine, notre mouvement originel d\u2019ouverture de conscience \u00e0 la Lumi\u00e8re&nbsp;\u00bb \u2026 et avoir donc ce sentiment de joie qui est inh\u00e9rent \u00e0 cette ouverture\u2026<\/p>\n\n\n\n<p>D\u00e8s que notre ouverture de conscience reprend son mouvement naturel, originel, nous retrouvons le sentiment de la Joie Naturelle qui nous a \u00e9t\u00e9 donn\u00e9e depuis toujours et n\u2019a jamais pu nous \u00eatre enlev\u00e9e&nbsp;!<\/p>\n\n\n\n<p>Qui peut nous enlever ce que Dieu donne&nbsp;?<\/p>\n\n\n\n<p>Pas m\u00eame nous-m\u00eame&nbsp;!<\/p>\n\n\n\n<p>Le sentiment de joie, c\u2019est ce qui nous signale que nous sommes dans notre mouvement naturel, originel d\u2019ouverture de conscience\u2026<\/p>\n\n\n\n<p>&nbsp;La joie nous signale que nous ouvrons la conscience comme nous d\u00e9sirons toujours l\u2019ouvrir. C\u2019est l\u2019indice absolu&nbsp;! Nous sommes heureux et il n\u2019y a pas de cause&nbsp;!<\/p>\n\n\n\n<p>Nous ne sommes pas heureux parce que nous avons re\u00e7u de l\u2019argent, ou parce que nous gu\u00e9rissons d\u2019une maladie\u2026<\/p>\n\n\n\n<p>Non ! Nous sommes heureux, parce que nous sommes Heureux, c\u2019est tout&nbsp;!<\/p>\n\n\n\n<p>Nous sommes heureux parce que nous avons retrouv\u00e9 la conscience de ce que nous n\u2019avions jamais perdu\u2026<\/p>\n\n\n\n<p>Nous sommes heureux, parce que Dieu l\u2019a voulu ainsi\u2026 et que nous adh\u00e9rons librement \u00e0 \u00ab\u00a0Son\u00a0\u00bb Plan\u2026 Notre joie n\u2019a pas d\u2019autre cause que la Lumi\u00e8re&nbsp;!&nbsp;<\/p>\n\n\n\n<p>Et la Lumi\u00e8re, Elle, Elle est \u00c9ternelle&nbsp;!<\/p>\n\n\n\n<p><\/p>\n\n\n\n<p class=\"has-text-align-right\"><em>Communication prudente<\/em><\/p>\n\n\n\n<p>\u25cf<\/p>\n\n\n\n<p>Alors, \u00e7a je l\u2019ai entendu&nbsp;! \u00c7a, \u00e7a marche pour moi\u2026 Je l\u2019exp\u00e9rimente\u2026 Il n\u2019y a, l\u00e0, pas de souci de compr\u00e9hension, ni de conscience\u2026&nbsp;<\/p>\n\n\n\n<p>Cependant, confront\u00e9e \u00e0 une personne qui avait des soucis, j\u2019ai eu la tentation de vouloir faire passer ces concepts\u2026 Pas comme nous en parlons ensemble, mais un petit peu quand m\u00eame&nbsp;! Et lui dire \u00ab&nbsp;Ah&nbsp;! Tu sais, la vie est belle etc\u2026&nbsp;\u00bb<\/p>\n\n\n\n<p>Et l\u00e0, je me suis rendu compte que, pour elle, ce n\u2019\u00e9tait pas comme \u00e7a du tout&nbsp;! Elle s&rsquo;est accroch\u00e9e \u00e0 sa pens\u00e9e que la vie \u00e9tait laide&#8230; Elle a d\u00e9fendu la pens\u00e9e qu&rsquo;elle n&rsquo;\u00e9tait pas heureuse de penser&#8230; Elle l&rsquo;a d\u00e9fendu de toutes ses forces&nbsp;!<\/p>\n\n\n\n<p>En fait, finalement, d\u2019apr\u00e8s tout ce que tu m\u2019as dit, j\u2019ai r\u00e9alis\u00e9 que la seule fa\u00e7on d\u2019aider cette personne, c\u2019\u00e9tait de l\u2019aimer l\u00e0 o\u00f9 elle est&nbsp;!&nbsp;<\/p>\n\n\n\n<p>\u25a0<\/p>\n\n\n\n<p>Oui&nbsp;! Tu as raison&nbsp;!<\/p>\n\n\n\n<p>\u25cf<\/p>\n\n\n\n<p>Toi tu es dans une certaine conscience de la joie\u2026 et l\u2019autre personne, tu ne vas pas, parfois, lui dire quoi que ce soit, tu vas simplement l\u2019aimer&nbsp;!<\/p>\n\n\n\n<p>\u25a0<\/p>\n\n\n\n<p>Oui, c&rsquo;est vrai! D\u00e8s que nous enseignons, nous prenons le risque d\u2019avoir un probl\u00e8me\u2026 Parce que nous sommes alors en autorit\u00e9, parce que nous nous situons peut-\u00eatre ailleurs que l\u00e0 o\u00f9 elle se trouve&nbsp;: nous pr\u00e9tendons savoir et nous pr\u00e9tendons que l\u2019autre ne sait pas&nbsp;! Nous avons m\u00eame probablement la pens\u00e9e que cette personne est fragile, qu&rsquo;elle est faible etc.&nbsp;!&nbsp;<\/p>\n\n\n\n<p>Donc, l\u00e0, nous avons adh\u00e9r\u00e9 \u00e0 l\u2019ombre\u2026 Nous avons perdu conscience de la Lumi\u00e8re \u00c9ternelle.<\/p>\n\n\n\n<p>\u25cf&nbsp;<\/p>\n\n\n\n<p>Oui ! C\u2019est int\u00e9ressant de s\u2019en rendre compte\u2026<\/p>\n\n\n\n<p>\u25a0<\/p>\n\n\n\n<p>Nous \u00e9tions l\u00e0 en train de fonctionner \u00e0 partir de l\u2019ombre., c\u2019est \u00e0 dire de la perte de conscience de la Lumi\u00e8re Absolue, de la Perfection de la situation. Nous avons pr\u00e9tendu que la situation n\u2019\u00e9tait pas parfaite et qu\u2019il fallait la r\u00e9parer\u2026&nbsp;<\/p>\n\n\n\n<p>Bref ! Nous avons pr\u00e9tendu que Dieu avait fait une erreur\u2026<\/p>\n\n\n\n<p><em>Rires\u2026<\/em><\/p>\n\n\n\n<p>\u25cf&nbsp;<\/p>\n\n\n\n<p>Oui, c\u2019est \u00e7a&nbsp;!<\/p>\n\n\n\n<p>\u25a0<\/p>\n\n\n\n<p>Qu\u2019Il aurait oubli\u00e9 un boulon&nbsp;!<\/p>\n\n\n\n<p>\u25cf<\/p>\n\n\n\n<p>C\u2019est une attitude qui a \u00e9t\u00e9 vraiment tr\u00e8s commune\u2026 et que moi je connais bien\u2026<\/p>\n\n\n\n<p>\u25a0<\/p>\n\n\n\n<p>Oui&nbsp;! C\u2019\u00e9tait une attitude ombreuse normale&nbsp;! Pas naturelle, mais normale au sens de la normalit\u00e9\u2026 Oui, c\u2019est important, ce que tu dis.<\/p>\n\n\n\n<p><\/p>\n\n\n\n<p class=\"has-text-align-right\"><em>Le plus grand courage<\/em><\/p>\n\n\n\n<p>\u25cf<\/p>\n\n\n\n<p>C\u2019est vrai que pour moi, c\u2019\u00e9tait quand m\u00eame des choses qui n\u2019\u00e9tait pas tr\u00e8s naturelles\u2026<\/p>\n\n\n\n<p>\u25a0<\/p>\n\n\n\n<p>Non, non&nbsp;! Au contraire, \u00ab&nbsp;C\u2019est Naturel&nbsp;\u00bb&nbsp;! C\u2019est Naturel, avec un grand \u00ab&nbsp;N&nbsp;\u00bb, mais ce n\u2019\u00e9tait pas commun de le penser naturel dans notre monde ombreux jusqu\u2019\u00e0 aujourd\u2019hui&nbsp;!&nbsp;<\/p>\n\n\n\n<p>\u25cf<\/p>\n\n\n\n<p>Ah non&nbsp;!<\/p>\n\n\n\n<p>\u25a0<\/p>\n\n\n\n<p>C\u2019est pour \u00e7a que je dis, et que je pense vraiment, que le plus grand des courages sur la terre telle que nous nous la vivons pour l\u2019instant, le plus grand des courages, c\u2019est d\u2019\u00eatre heureux&nbsp;!&nbsp;<\/p>\n\n\n\n<p>Il n\u2019y a pas de plus grand courage que d\u2019\u00eatre heureux, sans condition, dans ce monde pour l&rsquo;instant tr\u00e8s ombreux\u2026 Dans ce monde o\u00f9, nous-m\u00eame, nous avons de l\u2019ombre en nous-m\u00eame&nbsp;!<\/p>\n\n\n\n<p>Donc, il nous faut \u00eatre tr\u00e8s courageux pour \u00e9clairer cette ombre, pour voir la Lumi\u00e8re \u00ab&nbsp;dans&nbsp;\u00bb cette ombre&nbsp;!&nbsp;<\/p>\n\n\n\n<p>Mais, ce n\u2019est vraiment pas du tout ce qui a \u00e9t\u00e9 enseign\u00e9 par l\u2019ombre&nbsp;:&nbsp;<\/p>\n\n\n\n<p>L\u2019ombre elle-m\u00eame, autour de nous et en nous, nous a enseign\u00e9 que l\u2019ombre c\u2019\u00e9tait l\u2019ombre&#8230; Et qu\u2019elle \u00e9tait oppos\u00e9e \u00e0 la Lumi\u00e8re, ennemi de la Lumi\u00e8re&nbsp;! Qu\u2019il fallait la combattre, qu\u2019il fallait l\u2019\u00e9liminer etc\u2026&nbsp;!<\/p>\n\n\n\n<p>Mais, si je combats l\u2019ombre, ne suis-je alors pas un artisan de l\u2019ombre&nbsp;?<\/p>\n\n\n\n<p>Comment \u00ab&nbsp;ombre + ombre&nbsp;\u00bb va-t-il donner plus de Lumi\u00e8re&nbsp;?<\/p>\n\n\n\n<p>Comment \u00ab\u00a0Une perte de conscience de la Lumi\u00e8re + une autre perte de conscience de la Lumi\u00e8re\u00a0\u00bb va-t-il donner \u00ab\u00a0Plus de conscience de la Lumi\u00e8re\u00a0\u00bb ?<\/p>\n\n\n\n<p>N\u2019a-t-il pas \u00e9t\u00e9 dit&nbsp;: \u00ab&nbsp;Aimes ton ennemi&nbsp;\u00bb&nbsp;?<\/p>\n\n\n\n<p>Est-ce que l\u2019ombre n\u2019est pas l\u2019ennemi \u00e0 aimer&nbsp;?<\/p>\n\n\n\n<p>Est-ce que \u00ab&nbsp;Aimer son ennemi&nbsp;\u00bb, ce n\u2019est pas \u00ab&nbsp;Aimer l\u2019ombre&nbsp;\u00bb&nbsp;?<\/p>\n\n\n\n<p><em>Un silence&#8230;<\/em><\/p>\n\n\n\n<p>\u25cf<\/p>\n\n\n\n<p>\u00catre heureux\u2026 \u00catre heureux\u2026<\/p>\n\n\n\n<p>Tu peux \u00eatre heureux sans le montrer ?&nbsp;<\/p>\n\n\n\n<p>Parce que c\u2019est souvent presque une agression pour l\u2019autre\u2026<\/p>\n\n\n\n<p><\/p>\n\n\n\n<p class=\"has-text-align-right\"><em>Mensonge Lumineux<\/em><\/p>\n\n\n\n<p>\u25a0<\/p>\n\n\n\n<p>Oui&nbsp;! C\u2019est vrai ce que tu dis\u2026 Il faut \u00eatre pratique\u2026&nbsp;&nbsp;Il faut reconna\u00eetre en fait que, pour l\u2019instant sur cette terre, il y a deux types de mensonges&nbsp;: il y a \u00ab&nbsp;le Mensonge Lumineux&nbsp;\u00bb et il y a \u00ab&nbsp;le mensonge ombreux&nbsp;\u00bb.<\/p>\n\n\n\n<p>\u25cf<\/p>\n\n\n\n<p>Le mensonge lumineux ?<\/p>\n\n\n\n<p>\u25a0<\/p>\n\n\n\n<p>Commen\u00e7ons par le mensonge ombreux&nbsp;: eh bien, l\u00e0, nous ne sommes tout simplement pas heureux de le faire&nbsp;! Nous n\u2019avons pas de joie \u00e0 mentir\u2026 Aucune joie&nbsp;!<\/p>\n\n\n\n<p>Nous mentons douloureusement parce que nous avons peur ou parce que nous adh\u00e9rons \u00e0 la perte de conscience de la Lumi\u00e8re&#8230; etc.<\/p>\n\n\n\n<p>Nous avons perdu conscience que nous vivons, depuis toujours et pour toujours, dans la Lumi\u00e8re et de la Lumi\u00e8re\u2026 Et dans cette perte de conscience, nous essayons de nous en sortir, dans cette inconscience, en mentant douloureusement\u2026<\/p>\n\n\n\n<p>\u00c9videmment, cela ne marche pas&#8230; Nous ne nous en sortons pas&nbsp;! Personne ne peut s\u2019en sortir sans corriger cette erreur de base et donc sans reprendre conscience de la Lumi\u00e8re&nbsp;!&nbsp;<\/p>\n\n\n\n<p>Et puis, maintenant, nous avons le Mensonge Lumineux, c\u2019est-\u00e0-dire heureux\u2026 Ce mensonge, que nous sommes heureux de faire, va partir du constat que la personne est \u00ab\u00a0parfaite\u00a0\u00bb.<\/p>\n\n\n\n<p>Il ne va pas partir du constat illusoire que la personne est incompl\u00e8te, que chez elle Dieu a oubli\u00e9 quelque chose, qu\u2019un boulon n\u2019a pas \u00e9t\u00e9 mis au bon endroit et que nous devons r\u00e9parer cette erreur divine\u2026 ce qui est une perte de conscience de la Lumi\u00e8re \u00e9vidente\u2026<\/p>\n\n\n\n<p>Non&nbsp;! Cette personne \u00ab\u00a0est\u00a0\u00bb parfaite\u2026 Elle est parfaite telle qu&rsquo;elle est&nbsp;! Et, justement, par respect, dans cette foi en sa perfection et par cette certitude qu\u2019elle a tous les \u00e9l\u00e9ments de la V\u00e9rit\u00e9 en elle, nous allons donc, peut-\u00eatre, mentir. <\/p>\n\n\n\n<p>Et ce mensonge va, le plus souvent, consister tout simplement \u00e0 rester discret\u2026 C\u2019est un mensonge de discr\u00e9tion\u2026 C\u2019est mentir par omission amoureuse\u2026&nbsp;<\/p>\n\n\n\n<p>L\u00e0, nous allons, le plus souvent, comme reculer d\u2019un pas et cr\u00e9er, par l\u2019expression de notre amour, un espace de confiance que nous allons lui offrir\u2026 <\/p>\n\n\n\n<p>Dans cet espace de s\u00e9curit\u00e9 mis en place par l\u2019amour que nous allons lui manifester de notre mieux, cette personne va avoir l\u2019occasion, peut-\u00eatre, d\u2019explorer cette conscience qu\u2019elle n\u2019a pas encore et, ainsi, pouvoir voir enfin ce qu\u2019elle est r\u00e9ellement, elle-m\u00eame : un bel \u00catre&nbsp;!<\/p>\n\n\n\n<p>Et elle va, si elle le choisit, d\u00e9couvrir, \u00e0 son rythme \u00e0 elle, que tout est Lumi\u00e8re en elle, y compris l\u2019ombre dans laquelle elle \u00e0 cru jusqu&rsquo;\u00e0 l\u00e0&nbsp;!<\/p>\n\n\n\n<p>Toutes ces possibilit\u00e9s s\u2019ouvrent \u00e0 elle, simplement, parce que nous lui exprimons notre joie qu\u2019elle soit ce qu\u2019elle est, dans un domaine o\u00f9 elle-m\u00eame n\u2019a, \u00e0 ce point, jamais su le faire elle-m\u00eame\u2026<\/p>\n\n\n\n<p><\/p>\n\n\n\n<p class=\"has-text-align-right\"><em>S\u00e9curit\u00e9<\/em><\/p>\n\n\n\n<p>Dans mon dessin reproduit \u00e0 nouveau ci-dessous (voir l&rsquo;article pr\u00e9c\u00e9dent : 1\u00e8re Partie du 4\u00e8me Entretien), cela se passe au bord de notre conscience commune, nomm\u00e9e \u00ab\u00a03\u00a0\u00bb\u2026<\/p>\n\n\n\n<figure class=\"wp-block-image size-large\"><img loading=\"lazy\" decoding=\"async\" width=\"1024\" height=\"768\" src=\"https:\/\/behappy8.org\/wp-content\/uploads\/2021\/05\/image-1-1024x768.png\" alt=\"\" class=\"wp-image-1801\" srcset=\"https:\/\/behappy8.org\/wp-content\/uploads\/2021\/05\/image-1-1024x768.png 1024w, https:\/\/behappy8.org\/wp-content\/uploads\/2021\/05\/image-1-300x225.png 300w, https:\/\/behappy8.org\/wp-content\/uploads\/2021\/05\/image-1-768x576.png 768w, https:\/\/behappy8.org\/wp-content\/uploads\/2021\/05\/image-1-1536x1151.png 1536w, https:\/\/behappy8.org\/wp-content\/uploads\/2021\/05\/image-1-2048x1535.png 2048w, https:\/\/behappy8.org\/wp-content\/uploads\/2021\/05\/image-1-1200x900.png 1200w\" sizes=\"auto, (max-width: 709px) 85vw, (max-width: 909px) 67vw, (max-width: 1362px) 62vw, 840px\" \/><\/figure>\n\n\n\n<p>L\u00e0, \u00e0 la limite floue entre notre espace de conscience commun \u00e0 tous les deux, que l&rsquo;on nomme \u00ab\u00a03\u00a0\u00bb et notre conscience \u00e0 nous \u00ab\u00a01\u00a0\u00bb (que, elle, elle n\u2019a pas encore), nous cr\u00e9ons de la s\u00e9curit\u00e9\u2026&nbsp;<\/p>\n\n\n\n<p>Comment&nbsp;? En l\u2019aimant et en le lui manifestant\u2026 Nous cr\u00e9ons cette espace et elle peut exprimer un truc et, nous, nous savons en \u00eatre heureux&nbsp;: donc, nous sommes alors la personne qui, peut-\u00eatre pour la premi\u00e8re fois dans ses vies, est heureuse de ce qu\u2019elle exprime, \u00e0 nouveau, \u00e0 cet instant\u2026 Alors que, jusqu\u2019\u00e0 l\u00e0, elle ne savait pas en \u00eatre elle-m\u00eame heureuse\u2026 Et que personne n&rsquo;avait pu lui manifester de l&rsquo;amour \u00e0 propos de ce point particulier&#8230;<\/p>\n\n\n\n<p>Tu vois&nbsp;?<\/p>\n\n\n\n<p>\u25cf<\/p>\n\n\n\n<p>Oui ! Et hop&nbsp;! Nous sommes pour elle l&rsquo;occasion d&rsquo;un possible \u00e9largissement de sa conscience&nbsp;!<\/p>\n\n\n\n<p>\u25a0<\/p>\n\n\n\n<p>Voil\u00e0&nbsp;! C&rsquo;est cela.. Cela lui permet du coup un \u00e9largissement de sa conscience et elle peut, si elle le veut \u00e9videmment, profiter de cette s\u00e9curit\u00e9 qu\u2019elle ressent gr\u00e2ce \u00e0 la vision lumineuse que nous avons d\u2019elle sur tel ou tel aspect de son \u00catre\u2026<\/p>\n\n\n\n<p>Par exemple, nous avions parl\u00e9 de la culpabilit\u00e9, il y a peu\u2026 Eh bien, gr\u00e2ce \u00e0 notre vision aimante de \u00ab\u00a0sa\u00a0\u00bb culpabilit\u00e9, elle pourra, quand elle le choisira, adh\u00e9rer \u00e0 une vision aimante de la culpabilit\u00e9, elle aussi\u2026 Et m\u00eame, finalement, quand elle y sera pr\u00eate, elle pourra choisir d\u2019aimer \u00ab&nbsp;sa&nbsp;\u00bb culpabilit\u00e9.&nbsp;<\/p>\n\n\n\n<p>Et \u00e7a change tout&nbsp;! L\u00e0, au lieu de pousser la personne, par derri\u00e8re et de la forcer \u00e0 aller vers l&rsquo;avant, nous cr\u00e9ons une esp\u00e8ce d\u2019aspiration gentille, amoureuses, qui fait qu\u2019elle peut faire des exp\u00e9riences\u2026 Et elle peut voir effectivement que, quand elle ose penser ce qu\u2019elle est la plus heureuse de penser, eh bien&nbsp;! elle sent quelque chose qui change\u2026 Elle sent une diff\u00e9rence en elle\u2026 Elle sent une douce chaleur, elle sent que son corps change de fonctionnement et qu\u2019il y a des r\u00e9percussions sur tous les aspects de son \u00catre\u2026<\/p>\n\n\n\n<p>Les personnes le sentent&nbsp;!<\/p>\n\n\n\n<p>Les gens me le disent souvent. Il me disent souvent&nbsp;qu\u2019ils sentent une chaleur douce, aimante, qui se r\u00e9pand en eux\u2026 Il y a comme une d\u00e9tente&nbsp;! Simplement parce qu\u2019ils ont os\u00e9, souvent pour la premi\u00e8re fois de leur vie, penser qu\u2019ils aiment quelque chose qu\u2019ils n\u2019avaient jamais, jamais, envisag\u00e9, m\u00eame seulement, d\u2019aimer jusqu\u2019\u00e0 l\u00e0\u2026<\/p>\n\n\n\n<p><em>Long silence\u2026<\/em><\/p>\n\n\n\n<p>\u25cf<\/p>\n\n\n\n<p>\u2026 Je reconnais que c\u2019est assez difficile\u2026 C\u2019est vrai que nous avons toujours ce d\u00e9sir de rendre service ou d\u2019aider\u2026 Mais \u00e0 la fa\u00e7on ombreuse&nbsp;!<\/p>\n\n\n\n<p>\u25a0<\/p>\n\n\n\n<p>Oui, bien s\u00fbr, il faut,&nbsp;bien&nbsp;s\u00fbr,&nbsp;aider\u2026 Mais,&nbsp;rendre service, c\u2019est d\u2019abord \u00eatre heureux, soi-m\u00eame&nbsp;! C\u2019est donc&nbsp;\u00eatre un t\u00e9moin de la joie, un t\u00e9moin de la paix\u2026<\/p>\n\n\n\n<p>\u25cf<\/p>\n\n\n\n<p>Oui, mais il y a des automatismes\u2026<\/p>\n\n\n\n<p><\/p>\n\n\n\n<p class=\"has-text-align-right\"><em>Nous tout entier<\/em><\/p>\n\n\n\n<p>\u25a0<\/p>\n\n\n\n<p>Oui&nbsp;! Mais ces \u00ab&nbsp;automatismes ombreux&nbsp;\u00bb eux-m\u00eames font partie du t\u00e9moignage que nous offrons\u2026&nbsp;<\/p>\n\n\n\n<p>Notre t\u00e9moignage, \u00ab&nbsp;c\u2019est nous, tout entier&nbsp;\u00bb&nbsp;: c&rsquo;est la Lumi\u00e8re en nous, bien s\u00fbr, mais aussi notre perte de conscience de la Lumi\u00e8re\u2026&nbsp;<\/p>\n\n\n\n<p>Et, bien s\u00fbr, ce \u00ab&nbsp;nous tout entier&nbsp;\u00bb, c\u2019est ce courage d\u2019accueillir avec bienveillance cette perte de conscience que nous avons, nous-m\u00eame, eu de la Lumi\u00e8re\u2026<\/p>\n\n\n\n<p>Et c\u2019est le fait que nous sommes heureux en pr\u00e9sence de l\u2019autre qui lui donne une garantie, qui le s\u00e9curise et qui lui permet de faire des explorations qu\u2019il n\u2019aurait jamais pu faire sans cette garantie de notre joie qui tend vers \u00ab&nbsp;l\u2019inconditionnel&nbsp;\u00bb \u2026<\/p>\n\n\n\n<p>\u25cf<\/p>\n\n\n\n<p>C\u2019est marrant\u2026 Pour l\u2019instant, cela touche ces deux points de conception et de pratique compl\u00e8tement nouveaux pour moi&nbsp;: c\u2019est \u00e0 dire vis \u00e0 vis de moi-m\u00eame et vis \u00e0 vis de l\u2019autre&nbsp;!<\/p>\n\n\n\n<p>Maintenant\u2026<\/p>\n\n\n\n<p>\u25a0<\/p>\n\n\n\n<p>Maintenant, si tu regardes tranquillement la relation que tu as avec un ami parfait, cet ami agit compl\u00e8tement comme \u00e7a\u2026&nbsp;<\/p>\n\n\n\n<p>Ton ami parfait ne fait pas un pas de plus que ce que tu lui demandes\u2026&nbsp;<\/p>\n\n\n\n<p>Mais, cependant, tu as son amour inconditionnel qui te garantit\u2026 Mais, cet ami, id\u00e9al qu&rsquo;il est, ne te dira pas un truc que tu ne veux pas entendre, ni un truc que tu n\u2019es pas pr\u00eate \u00e0 entendre\u2026&nbsp;<\/p>\n\n\n\n<p>\u25cf<\/p>\n\n\n\n<p>Ah non&nbsp;! Bien s\u00fbr&nbsp;!<\/p>\n\n\n\n<p>\u25a0<\/p>\n\n\n\n<p>Et m\u00eame, quand il y a un groupe de personnes, cet ami parfait, il va doser son langage en fonction de la personne qui, dans ce groupe, a le moins de conscience de la Lumi\u00e8re, \u00e0 cet instant, pour l\u2019instant\u2026&nbsp;<\/p>\n\n\n\n<p>C\u2019est s\u00fbr&nbsp;! Par s\u00e9curit\u00e9. Pour ne blesser personne\u2026 Pour ne d\u00e9ranger personne inutilement dans cette ouverture de conscience que tous les \u00catres de la terre vivent, chacun \u00e0 leur rythme&nbsp;! Mais, il n\u2019y a aucune intrusion\u2026 aucune&nbsp;!<\/p>\n\n\n\n<p>Et c\u2019est comme cela que nous devons faire. Il faut que nous apprenions \u00e0 ne pas \u00eatre intrusif.&nbsp;<\/p>\n\n\n\n<p>\u25cf<\/p>\n\n\n\n<p>Oui&nbsp;! Et pour cela, il faut vraiment avoir l\u2019amour de l\u2019autre&nbsp;!<\/p>\n\n\n\n<p><\/p>\n\n\n\n<p class=\"has-text-align-right\"><em>Lumi\u00e8re Totale<\/em><\/p>\n\n\n\n<p>\u25a0<\/p>\n\n\n\n<p>Soit, nous avons conscience que \u00ab&nbsp;Dieu Est Tout&nbsp;\u00bb et, donc, cette personne n\u2019est faite que de Dieu\u2026 et elle a Tout Dieu en elle\u2026&nbsp;<\/p>\n\n\n\n<p>Soit, nous perdons conscience que \u00ab&nbsp;Dieu Est Tout&nbsp;\u00bb et, donc, nous imaginons que \u00ab&nbsp;Dieu n\u2019est pas Tout&nbsp;\u00bb \u2026 Et alors l\u00e0, nous pouvons imaginer qu\u2019il y a \u00ab&nbsp;des trous de Dieu&nbsp;\u00bb dans cette personne et l\u00e0, c\u2019est le probl\u00e8me&nbsp;!&nbsp;C&rsquo;est le probl\u00e8me des soi-disant trous de Dieu&#8230;<\/p>\n\n\n\n<p>Probl\u00e8me pour nous d\u2019abord\u2026 Puisque nous souffrons d&rsquo;avoir choisi de perdre conscience de la Lumi\u00e8re&#8230;<\/p>\n\n\n\n<p>Et ensuite probl\u00e8me pour elle, si elle adh\u00e8re \u00e0 cette perte de conscience que nous lui proposons, et que cela approfondie sa perte de conscience personnelle de la Lumi\u00e8re en elle&nbsp;!<\/p>\n\n\n\n<p>En effet, depuis des mill\u00e9naires, la croyance que \u00ab&nbsp;Dieu n\u2019est pas Tout&nbsp;\u00bb \u00e9tait r\u00e9pandue.&nbsp;<\/p>\n\n\n\n<p>Donc, cette personne a pu avoir facilement cette croyance, car depuis des mill\u00e9naires, donc, une propagande ombreuse nous l\u2019a serin\u00e9e sans cesse\u2026 Encore et encore&#8230;<\/p>\n\n\n\n<p>Nous l&rsquo;avons subi nous-m\u00eame, puis nous l\u2019avons inflig\u00e9 aux autres, selon les moments, selon que nous \u00e9tions un enfant ou un parent&nbsp;!<\/p>\n\n\n\n<p>Nous nous sommes donc transmis cette erreur de g\u00e9n\u00e9rations en g\u00e9n\u00e9rations&nbsp;!<\/p>\n\n\n\n<p>Le \u00ab&nbsp;p\u00e9ch\u00e9 originel&nbsp;\u00bb, dont il a \u00e9t\u00e9 question, ce n\u2019est rien d\u2019autre que cette perte de conscience de la Lumi\u00e8re que l\u2019on s\u2019est transmis de g\u00e9n\u00e9rations en g\u00e9n\u00e9rations\u2026 C\u2019est tout&nbsp;!&nbsp;<\/p>\n\n\n\n<p>\u25cf<\/p>\n\n\n\n<p>En fait, alors, la solution est assez simple, au d\u00e9part&nbsp;!<\/p>\n\n\n\n<p>\u25a0<\/p>\n\n\n\n<p>Ah&nbsp;! C\u2019est rustique&nbsp;! La solution de l&rsquo;ombre est tout \u00e0 fait rustique&#8230; C\u2019est vraiment accessible \u00e0 tous et c\u2019est l\u2019essentiel.&nbsp;<\/p>\n\n\n\n<p>\u25cf<\/p>\n\n\n\n<p>C\u2019est comme si on revenait \u00e0 la base\u2026<\/p>\n\n\n\n<p>\u25a0<\/p>\n\n\n\n<p>C\u2019est l\u2019essentiel, c&rsquo;est tout simple&nbsp;!<\/p>\n\n\n\n<p>Le Christ a toujours \u00e9t\u00e9 l\u00e0 que pour \u00e7a&nbsp;! L&rsquo;un des buts du Christ en chacun de nous est que nous reprenions conscience du Paradis qui a toujours exist\u00e9 et qui a toujours \u00e9t\u00e9 disponible \u00e0 chaque instant, mais dont nous avions seulement perdu fortement conscience&nbsp;!<\/p>\n\n\n\n<p>Le Paradis a toujours exist\u00e9 et il reviendra\u2026 Il reviendra \u00e0 notre conscience&nbsp;!<\/p>\n\n\n\n<p>Il n\u2019y a pas de doute l\u00e0-dessus. Cela a \u00e9t\u00e9 exprim\u00e9 tr\u00e8s, tr\u00e8s clairement\u2026<\/p>\n\n\n\n<p>\u25cf<\/p>\n\n\n\n<p>Oui, c&rsquo;est vrai&nbsp;!<\/p>\n\n\n\n<p>Mais, je me souviens aussi d\u2019une phrase qui a \u00e9t\u00e9 dite : que \u00ab\u00a0nous devrions&nbsp;aimer l\u2019ombre\u00a0\u00bb&nbsp;!<\/p>\n\n\n\n<p><\/p>\n\n\n\n<p class=\"has-text-align-right\"><em>Le labyrinthe de l\u2019ombre<\/em><\/p>\n\n\n\n<p>\u25a0<\/p>\n\n\n\n<p>C\u2019est vrai&nbsp;! Il n\u2019y a pas d\u2019autre solution.&nbsp;<\/p>\n\n\n\n<p>Mais, face \u00e0 cette solution, la seule solution, dans un premier temps, l\u2019ombre en nous et autour de nous \u00ab&nbsp;panique&nbsp;\u00bb compl\u00e8tement&nbsp;!&nbsp;<\/p>\n\n\n\n<p>En effet, dans un premier temps, l\u2019ombre ne peut pas le croire\u2026 Alors son combat pour la perte de conscience redouble de force&nbsp;!<\/p>\n\n\n\n<p>Cela fait des mill\u00e9naires et des mill\u00e9naires que l\u2019ombre, en nous et autour de nous, a \u00e9t\u00e9, dans ce labyrinthe de souffrance, \u00e0 tourner et \u00e0 tourner encore&nbsp;!&nbsp;<\/p>\n\n\n\n<p>L\u2019ombre \u00ab&nbsp;est&nbsp;\u00bb ce labyrinthe&nbsp;!&nbsp;<\/p>\n\n\n\n<p>\u00c0 force de buter sans cesse contre tous ces murs qu\u2019elle a mis en place, \u00e0 force de se retrouver des milliers de fois et des milliers de fois face \u00e0 ces m\u00eames murs qu\u2019elle a \u00e9rig\u00e9s elle-m\u00eame, les uns apr\u00e8s les autres\u2026 Elle avait perdu espoir&nbsp;!<\/p>\n\n\n\n<p>Et quand elle voit le fil d\u2019Ariane, la Lumi\u00e8re, qui trainait par terre parce qu\u2019elle L\u2019avait ignor\u00e9, parce que la propagande qu\u2019elle avait imagin\u00e9e et qu\u2019elle s\u2019\u00e9tait auto-inflig\u00e9e pendant des mill\u00e9naires, lui avait interdit de Le voir\u2026 elle a une peur panique de se d\u00e9cevoir une fois de plus&nbsp;!<\/p>\n\n\n\n<p>Cette \u00ab&nbsp;panique&nbsp;\u00bb, terrible, de l&rsquo;ombre, c\u2019est le r\u00e9sultat de la rencontre, \u00e0 un m\u00eame instant, d\u2019une part de \u00ab&nbsp;son espoir immense de ne plus souffrir&nbsp;\u00bb et d\u2019autre part \u00ab&nbsp;de ses m\u00e9moires de toutes les d\u00e9ceptions immenses pass\u00e9es&nbsp;\u00bb&nbsp;!<\/p>\n\n\n\n<p id=\"block-7a2d3cfe-7006-4e89-b54e-097da6dca03a\">Il y a au m\u00eame moment le \u00ab&nbsp;fr\u00e9tillement angoiss\u00e9&nbsp;\u00bb de savoir, que d\u2019une part, nous pouvons gu\u00e9rir de nos tourments extr\u00eames qui nous semblent durer depuis toujours et, d\u2019autre part, que nous pouvons, une fois de plus, revivre la d\u00e9ception d\u00e9mesur\u00e9e que nous avons v\u00e9cu si souvent dans le pass\u00e9&nbsp;!<\/p>\n\n\n\n<p id=\"block-58eccfda-a43f-46b7-950d-4333140954fd\">C\u2019est \u00e7a, \u00ab&nbsp;la panique de l\u2019ombre&nbsp;\u00bb&nbsp;!<\/p>\n\n\n\n<p id=\"block-b9afacd3-4398-4902-9624-49fde443546a\">En effet, nous n\u2019avons jamais perdu conscience de la Lumi\u00e8re&nbsp;dans la joie ! L\u2019ombre n\u2019a \u00e9t\u00e9 \u00ab\u00a0que\u00a0\u00bb souffrance\u2026&nbsp;<\/p>\n\n\n\n<p id=\"block-26df2ba7-36e2-4759-a320-08a527b20aa5\">Cela a \u00e9t\u00e9 une immense souffrance que nous avons v\u00e9cu pendant chacune de nos nombreuses vies pass\u00e9es\u2026&nbsp;<\/p>\n\n\n\n<p id=\"block-81fe985b-3c27-4d8e-b83d-ff5961462f7f\">Mais, il n\u2019y a que la conscience de la Lumi\u00e8re qui puisse rendre \u00e0 l\u2019ombre sa V\u00e9rit\u00e9 \u2026 On ne peut pas faire autrement&nbsp;!<\/p>\n\n\n\n<p id=\"block-4493d87a-cd9f-4538-8234-5a1e0cd49bcd\">Et, depuis le d\u00e9but de l\u2019ombre, c\u2019est \u00e0 dire depuis le presque d\u00e9but de l\u2019humanit\u00e9, chacun d\u2019entre nous, y compris les plus sombres, ne r\u00eavent que d\u2019en \u00eatre soulag\u00e9s&nbsp;!<\/p>\n\n\n\n<p id=\"block-2f0182d5-75c3-4448-b862-c39648d5cac9\">\u25cf<\/p>\n\n\n\n<p id=\"block-5105d7e2-ad11-4c58-bcd8-9eae573d544b\">Oui, c\u2019est vrai, nous le r\u00eavons tous&nbsp;!<\/p>\n\n\n\n<p id=\"block-079e0f3a-6122-4b4d-8040-26118cdc172d\">\u25a0<\/p>\n\n\n\n<p id=\"block-55d420e0-6ce3-4e51-9929-6e9c3c43925d\">&nbsp;Mais combien, combien ont v\u00e9cu, avant ce jour, leur r\u00eave jusqu\u2019au bout&nbsp;?<\/p>\n\n\n\n<p id=\"block-9a1eba2a-b40d-49a5-ba68-a7cef358c9a0\">\u25cf<\/p>\n\n\n\n<p id=\"block-c5510e64-a9dd-4f80-be17-0f2e53477ea7\">Cette ombre doit r\u00e9v\u00e9ler la Lumi\u00e8re qu&rsquo;elle ne peut qu&rsquo;\u00eatre.<\/p>\n\n\n\n<p id=\"block-ab8f31b4-2893-42e6-a5b5-b6b0f88e6c43\">\u25a0<\/p>\n\n\n\n<p>Oui! Cette ombre, imagin\u00e9e par elle-m\u00eame, doit r\u00e9v\u00e9ler la Vraie Lumi\u00e8re Merveilleuse qu&rsquo;elle Est depuis toujours et pour toujours&nbsp;!<\/p>\n\n\n\n<div style=\"height:60px\" aria-hidden=\"true\" class=\"wp-block-spacer\"><\/div>\n\n\n\n\n\n\n\n<div style=\"height:100px\" aria-hidden=\"true\" class=\"wp-block-spacer\"><\/div>\n","protected":false},"excerpt":{"rendered":"<p>\u25a0 Oui, c\u2019est cela, \u00e0 mon avis\u2026 Je ne pense pas que nous puissions r\u00e9ellement \u00ab&nbsp;perdre&nbsp;\u00bb conscience de ce dont nous avons eu conscience\u2026 Par exemple, on ne peut pas revenir en arri\u00e8re, \u00e0 une conscience strictement animale, ou bien strictement v\u00e9g\u00e9tale, ou strictement min\u00e9rale. Nous avons, pour toujours, ces diff\u00e9rentes consciences en nous\u2026 Mais &hellip; <a href=\"https:\/\/behappy8.org\/?p=1768\" class=\"more-link\">Continuer la lecture<span class=\"screen-reader-text\"> de &laquo;&nbsp;Les 8 entretiens (2\u00e8me Partie du 4\u00e8me Entretien)&nbsp;&raquo;<\/span><\/a><\/p>\n","protected":false},"author":1,"featured_media":0,"comment_status":"open","ping_status":"open","sticky":false,"template":"","format":"chat","meta":{"footnotes":""},"categories":[1009],"tags":[1537,1531,223,1536,170,160,1535,1515,1550,1532,363,591,1543,734,1511,1509,1510,262,1558,135,1169,1312,1546,642,1526,1528,1524,1517,587,267,1540,1542,486,1516,1518,1514,1552,140,143,828,1523,1530,1553,1554,52,1529,1559,272,1557,138,1534,1533,8,1513,1544,1538,1539,1047,1541,730,1556,1519,592,1520,271,1525,1522,786,1548,1547,1176,657,233,1551,1549,1521,1555,54,1560,1545,1561],"class_list":["post-1768","post","type-post","status-publish","format-chat","hentry","category-4eme-entretien-8","tag-agression","tag-aimer-lautre-comme-il-est","tag-aimer-lombre","tag-aimes-ton-ennemi","tag-ame","tag-amour","tag-artisan-de-lombre","tag-augmentation-de-conscience","tag-automatisme","tag-boulon","tag-cain","tag-cainisme","tag-chacun-son-rythme","tag-confinement","tag-conscience-animale","tag-conscience-minerale","tag-conscience-vegetale","tag-culpabilite","tag-deception","tag-dieu","tag-dieu-est-tout","tag-dissociation","tag-douce-chaleur","tag-douleur","tag-douloureux","tag-ebranlement","tag-enorme","tag-enseigner","tag-entretien","tag-erreur","tag-erreur-divine","tag-espace-de-confiance","tag-espoir","tag-etres-les-plus-eleves","tag-expansion-naturelle-de-conscience","tag-experience-de-la-joie","tag-exploration","tag-fil-dariane","tag-foi","tag-generation","tag-heureux-detre-pauvre","tag-heureux-sans-cause","tag-inconditionnel","tag-intrusif","tag-joie","tag-joie-naturelle","tag-lombre-nest-que-souffrance","tag-la-lumiere-dans-lombre","tag-la-panique-de-lombre","tag-labyrinthe","tag-le-courage-detre-heureux","tag-le-plus-grand-courage","tag-libre-arbitre","tag-libre-conscience-humaine","tag-manifester-lamour","tag-mensonge-lumineux","tag-mentir","tag-moi","tag-omission-amoureuse","tag-oser","tag-panique","tag-parcelles-de-dieu","tag-peche-originel","tag-perdre-dieu","tag-perdre-conscience","tag-propagande","tag-realite-divine","tag-religions","tag-rendre-service","tag-repercussions","tag-resets","tag-rythme-naturel","tag-securite","tag-temoignage","tag-temoin-de-la-paix","tag-travailler-sur-la-conscience","tag-trous-de-dieu","tag-verite","tag-vies-passees","tag-vision-lumineuse","tag-vivre-son-reve","post_format-post-format-chat"],"_links":{"self":[{"href":"https:\/\/behappy8.org\/index.php?rest_route=\/wp\/v2\/posts\/1768","targetHints":{"allow":["GET"]}}],"collection":[{"href":"https:\/\/behappy8.org\/index.php?rest_route=\/wp\/v2\/posts"}],"about":[{"href":"https:\/\/behappy8.org\/index.php?rest_route=\/wp\/v2\/types\/post"}],"author":[{"embeddable":true,"href":"https:\/\/behappy8.org\/index.php?rest_route=\/wp\/v2\/users\/1"}],"replies":[{"embeddable":true,"href":"https:\/\/behappy8.org\/index.php?rest_route=%2Fwp%2Fv2%2Fcomments&post=1768"}],"version-history":[{"count":20,"href":"https:\/\/behappy8.org\/index.php?rest_route=\/wp\/v2\/posts\/1768\/revisions"}],"predecessor-version":[{"id":1956,"href":"https:\/\/behappy8.org\/index.php?rest_route=\/wp\/v2\/posts\/1768\/revisions\/1956"}],"wp:attachment":[{"href":"https:\/\/behappy8.org\/index.php?rest_route=%2Fwp%2Fv2%2Fmedia&parent=1768"}],"wp:term":[{"taxonomy":"category","embeddable":true,"href":"https:\/\/behappy8.org\/index.php?rest_route=%2Fwp%2Fv2%2Fcategories&post=1768"},{"taxonomy":"post_tag","embeddable":true,"href":"https:\/\/behappy8.org\/index.php?rest_route=%2Fwp%2Fv2%2Ftags&post=1768"}],"curies":[{"name":"wp","href":"https:\/\/api.w.org\/{rel}","templated":true}]}}