{"id":1771,"date":"2021-05-15T11:18:00","date_gmt":"2021-05-15T09:18:00","guid":{"rendered":"https:\/\/behappy8.org\/?p=1771"},"modified":"2024-09-05T17:21:23","modified_gmt":"2024-09-05T15:21:23","slug":"les-8-entretiens-3eme-partie-du-4eme-entretien","status":"publish","type":"post","link":"https:\/\/behappy8.org\/?p=1771","title":{"rendered":"Les 8 entretiens (3\u00e8me Partie du 4\u00e8me Entretien)"},"content":{"rendered":"\n\n\n\n\n<div style=\"height:41px\" aria-hidden=\"true\" class=\"wp-block-spacer\"><\/div>\n\n\n\n<figure class=\"wp-block-audio\"><audio controls src=\"https:\/\/behappy8.org\/wp-content\/uploads\/2024\/09\/Les-8-entretiens-3eme-Partie-du-4eme-Entretien.m4a\" loop><\/audio><figcaption class=\"wp-element-caption\">Les-8-entretiens-3eme-Partie-du-4eme-Entretien.m4a<\/figcaption><\/figure>\n\n\n\n<div style=\"height:41px\" aria-hidden=\"true\" class=\"wp-block-spacer\"><\/div>\n\n\n\n<p>Cette \u00ab&nbsp;panique&nbsp;\u00bb, terrible, de l&rsquo;ombre, c\u2019est le r\u00e9sultat de la rencontre, \u00e0 un m\u00eame instant, d\u2019une part de \u00ab&nbsp;son immense espoir de ne plus souffrir&nbsp;\u00bb et d\u2019autre part \u00ab&nbsp;de ses m\u00e9moires de toutes ses immenses d\u00e9ceptions pass\u00e9es&nbsp;\u00bb&nbsp;!<\/p>\n\n\n\n<p>En effet l&rsquo;ombre n&rsquo;a jamais pu que vivre des d\u00e9ceptions&#8230; Elle n&rsquo;a jamais pu vivre le bonheur sans condition, jamais&nbsp;! <\/p>\n\n\n\n<p>Alors qu&rsquo;au plus profond de lui, tous les \u00eatres, quelle que soit leur conscience, ne veulent \u00eatre qu&rsquo;heureux, tout de suite et sans aucune condition.<\/p>\n\n\n\n<p>Alors, il y a au m\u00eame moment le \u00ab&nbsp;fr\u00e9tillement angoiss\u00e9&nbsp;\u00bb de savoir, que d\u2019une part, nous pouvons gu\u00e9rir de nos tourments extr\u00eames qui nous semblent durer depuis toujours et, d\u2019autre part, que nous pouvons, une fois de plus, revivre la d\u00e9ception d\u00e9mesur\u00e9e que nous avons v\u00e9cu si souvent dans le pass\u00e9&nbsp;!<\/p>\n\n\n\n<p>C\u2019est \u00e7a, \u00ab&nbsp;la panique de l\u2019ombre&nbsp;\u00bb&nbsp;!<\/p>\n\n\n\n<p>En effet, nous n\u2019avons jamais perdu conscience de la Lumi\u00e8re&nbsp;dans la joie ! L\u2019ombre n\u2019a \u00e9t\u00e9 \u00ab\u00a0que\u00a0\u00bb souffrance\u2026&nbsp;<\/p>\n\n\n\n<p>Cela a \u00e9t\u00e9 une immense souffrance que nous avons v\u00e9cu pendant chacune de nos nombreuses vies pass\u00e9es\u2026&nbsp;<\/p>\n\n\n\n<p>Mais, il n\u2019y a que la conscience de la Lumi\u00e8re qui puisse rendre \u00e0 l\u2019ombre sa V\u00e9rit\u00e9 \u2026 On ne peut pas faire autrement&nbsp;! Il n&rsquo;y a pas de plan B.<\/p>\n\n\n\n<p>Et, depuis le d\u00e9but de l\u2019ombre, c\u2019est \u00e0 dire depuis le presque d\u00e9but de l\u2019humanit\u00e9, chacun d\u2019entre nous, y compris les plus sombres, ne r\u00eavent que d\u2019en \u00eatre soulag\u00e9s&nbsp;!<\/p>\n\n\n\n<p>\u25cf<\/p>\n\n\n\n<p>Oui, c\u2019est vrai, nous le r\u00eavons tous&nbsp;!<\/p>\n\n\n\n<p>\u25a0<\/p>\n\n\n\n<p>&nbsp;Mais combien, combien ont v\u00e9cu, avant ce jour, leur r\u00eave jusqu\u2019au bout&nbsp;?<\/p>\n\n\n\n<p>\u25cf<\/p>\n\n\n\n<p>Cette ombre doit r\u00e9v\u00e9ler la Lumi\u00e8re qu&rsquo;elle ne peut qu&rsquo;\u00eatre.<\/p>\n\n\n\n<p>\u25a0<\/p>\n\n\n\n<p>Oui! Cette ombre, imagin\u00e9e par elle-m\u00eame, doit r\u00e9v\u00e9ler la Vraie Lumi\u00e8re Merveilleuse qu&rsquo;elle Est depuis toujours et pour toujours&nbsp;!<\/p>\n\n\n\n<p><\/p>\n\n\n\n<p class=\"has-text-align-right\"><em>R\u00e9v\u00e9lations<\/em><\/p>\n\n\n\n<p>\u25a0<\/p>\n\n\n\n<p>Mais attention&nbsp;! Ce n\u2019est pas qu\u2019elle doit \u00ab&nbsp;devenir&nbsp;\u00bb Lumi\u00e8re&#8230; Comment peut-elle devenir ce qu&rsquo;elle est&nbsp;: l\u2019ombre doit simplement r\u00e9v\u00e9ler qu\u2019elle est Lumi\u00e8re depuis toujours\u2026<\/p>\n\n\n\n<p>\u25cf<\/p>\n\n\n\n<p>Oui, c\u2019est vrai&nbsp;! Je suis d\u2019accord\u2026 Il faut que nous soyons attentifs \u00e0 nos paroles, car elles expriment notre conscience\u2026 <\/p>\n\n\n\n<p>\u25a0<\/p>\n\n\n\n<p>Oui, c&rsquo;est en \u00e9coutant nos paroles que nous pouvons le plus souvent prendre connaissance de l\u2019\u00e9tat de notre conscience\u2026 Et nous pouvons ainsi en permettre l\u2019ouverture, toujours plus grande.<\/p>\n\n\n\n<p>L\u2019ombre, cette perte de conscience de la Lumi\u00e8re, a eu un d\u00e9but\u2026 et elle a une fin&nbsp;! Tout ce qui a un d\u00e9but a une fin&nbsp;!&nbsp;<\/p>\n\n\n\n<p>Seule la Lumi\u00e8re, Elle-m\u00eame, n\u2019a ni d\u00e9but, ni fin\u2026&nbsp;<\/p>\n\n\n\n<p>La Lumi\u00e8re est \u00c9ternelle\u2026<\/p>\n\n\n\n<p>\u25cf<\/p>\n\n\n\n<p>Mais alors, si la Lumi\u00e8re est \u00c9ternelle, si Elle est Tout depuis toujours, qu\u2019est-ce qui n\u2019est pas la Lumi\u00e8re&nbsp;?<\/p>\n\n\n\n<p>\u25a0<\/p>\n\n\n\n<p>Rien&nbsp;!<\/p>\n\n\n\n<p>\u25cf<\/p>\n\n\n\n<p>Mais, comment l\u2019ombre finit-elle&nbsp;? Comment l\u2019ombre dispara\u00eet-elle&nbsp;?<\/p>\n\n\n\n<p>\u25a0<\/p>\n\n\n\n<p>L&rsquo;ombre finit d\u00e8s que nous reconnaissons la Lumi\u00e8re en elle&nbsp;! D\u00e8s que nous reprenons conscience de la Lumi\u00e8re en Tout\u2026 \u00ab\u00a0y compris en elle\u00a0\u00bb&nbsp;!<\/p>\n\n\n\n<p>Jusqu\u2019\u00e0 sa fin, l\u2019ombre n\u2019avait jamais pu voir, en elle-m\u00eame,&nbsp; la Lumi\u00e8re&nbsp;!<\/p>\n\n\n\n<p>L&rsquo;ombre n\u2019avait jamais pu suivre le fil d\u2019Ariane dont elle est elle-m\u00eame tiss\u00e9e depuis son d\u00e9but&nbsp;!&nbsp;<\/p>\n\n\n\n<p>Le seul fil d&rsquo;Ariane qui soit c&rsquo;est la Lumi\u00e8re Elle-m\u00eame.<\/p>\n\n\n\n<p>La conscience de la Lumi\u00e8re est la seule solution \u00e0 la perte de conscience de la Lumi\u00e8re.<\/p>\n\n\n\n<p>La Lumi\u00e8re est la seule solution pour l\u2019ombre.<\/p>\n\n\n\n<p>L\u2019ombre est tiss\u00e9e de la Lumi\u00e8re\u2026 Il suffit que nous nous r\u00e9v\u00e9lions, \u00e0 nous-m\u00eame, la Lumi\u00e8re dont elle est tiss\u00e9e&nbsp;!<\/p>\n\n\n\n<p>L\u2019ombre doit \u00eatre r\u00e9v\u00e9l\u00e9e \u00e0 elle-m\u00eame qu\u2019elle est Lumi\u00e8re, rien que Lumi\u00e8re\u2026 <\/p>\n\n\n\n<p>Car la Lumi\u00e8re est l\u2019\u00e9toffe de Tout, sans une seule exception\u2026 La Lumi\u00e8re est donc, bien s\u00fbr, l&rsquo;\u00e9toffe de l\u2019ombre qui en a perdu conscience&nbsp;!<\/p>\n\n\n\n<p>Nous n\u2019avons pas d\u2019autre issue pour sortir du labyrinthe de l\u2019ombre que nous avons construit&nbsp;! L\u2019ombre, en nous et autour de nous, doit se voir r\u00e9v\u00e9l\u00e9e qu\u2019elle est fille de la Lumi\u00e8re\u2026 qu\u2019elle a toujours \u00e9t\u00e9 tiss\u00e9e \u00ab&nbsp;Lumi\u00e8re&nbsp;\u00bb.<\/p>\n\n\n\n<p>L\u2019ombre n\u2019a \u00e9t\u00e9 qu\u2019une perte de conscience de la Lumi\u00e8re\u2026 Mais, c\u2019est vrai, cette perte de conscience a pu durer des mill\u00e9naires et des mill\u00e9naires&nbsp;!&nbsp;<\/p>\n\n\n\n<p>Et de ce fait sa propagande a \u00e9t\u00e9 entendue un nombre incalculable de fois par chacun de nous&nbsp;! Et la puissance de cette propagande a \u00e9t\u00e9, ces derniers temps, maximale\u2026<\/p>\n\n\n\n<p>En effet, il y a, actuellement, une immense panique de l\u2019ombre en nous et autour de nous, avant sa fin qu&rsquo;elle sent proche.&nbsp;&nbsp;<\/p>\n\n\n\n<p><\/p>\n\n\n\n<p class=\"has-text-align-right\"><em>Le fil d\u2019Ariane<\/em><\/p>\n\n\n\n<p>\u25cf<\/p>\n\n\n\n<p>Oui, cela a \u00e9t\u00e9 un fait&nbsp;! Mais, cependant, l\u2019ombre, ce n\u2019est qu\u2019une perte de conscience\u2026 ce n\u2019est pas une perte d\u2019\u00e9tat&nbsp;?<\/p>\n\n\n\n<p>\u25a0<\/p>\n\n\n\n<p>Oui, tu as raison\u2026<\/p>\n\n\n\n<p>Nous devons \u00ab&nbsp;reconna\u00eetre&nbsp;\u00bb, c\u2019est \u00e0 dire \u00ab&nbsp;conna\u00eetre \u00e0 nouveau&nbsp;\u00bb, que chacun des murs du labyrinthe que nous avions construit n\u2019a \u00e9t\u00e9 fabriqu\u00e9 que de la Lumi\u00e8re \u00c9ternelle qui est la Source de Tout, mais dont nous avions perdu conscience\u2026&nbsp;<\/p>\n\n\n\n<p>Les murs du labyrinthe eux-m\u00eames \u00ab&nbsp;sont&nbsp;\u00bb le fil d\u2019Ariane&nbsp;!&nbsp;<\/p>\n\n\n\n<p>Et nous avons le pouvoir de r\u00e9v\u00e9ler cela par notre amour tendant vers l\u2019inconditionnel\u2026<\/p>\n\n\n\n<p>\u25cf<\/p>\n\n\n\n<p>Oui, c\u2019est vraiment \u00e7a\u2026 C\u2019est \u00e7a l\u2019Unit\u00e9&nbsp;!<\/p>\n\n\n\n<p>\u25a0<\/p>\n\n\n\n<p>Je trouve que c\u2019est merveilleux&nbsp;<\/p>\n\n\n\n<p>\u25cf<\/p>\n\n\n\n<p>C\u2019est simple et\u2026<\/p>\n\n\n\n<p>\u25a0<\/p>\n\n\n\n<p>&#8230; Et quand nous en discutons, comme nous le faisons \u00e0 chaque fois que nous nous rencontrons, nous d\u00e9couvrons toujours de nouvelles facettes de la Lumi\u00e8re\u2026 Et aujourd\u2019hui encore, nous venons de le faire\u2026 Et nous en d\u00e9couvrirons encore d\u2019autres&nbsp;!<\/p>\n\n\n\n<p>Vu la qualit\u00e9 de notre \u00e9change et le respect que l\u2019on a l\u2019un pour l\u2019autre, nous cr\u00e9ons des zones de s\u00e9curit\u00e9 de suffisamment bonne qualit\u00e9 pour l\u2019un et pour l\u2019autre\u2026 <\/p>\n\n\n\n<p>Et de ce fait, nous pouvons, l\u2019un et l\u2019autre faire l\u2019exp\u00e9rience de nouvelles prises de conscience\u2026 de la Lumi\u00e8re.<\/p>\n\n\n\n<p>Et l\u00e0 nous volons d\u2019\u00e9vidence en \u00e9vidence&nbsp;:<\/p>\n\n\n\n<p>Ah, mais oui&nbsp;! \u00c7a en fait, c\u2019est de la Lumi\u00e8re Pure et je l\u2019avais simplement oubli\u00e9\u2026<\/p>\n\n\n\n<p>Ah&nbsp;! Mais l\u00e0 aussi, \u00e7a, c\u2019est de la Lumi\u00e8re Pure et je l\u2019avais aussi oubli\u00e9&nbsp;!<\/p>\n\n\n\n<p>\u2026 Et ainsi de suite&#8230; On enl\u00e8ve l\u2019un apr\u00e8s l\u2019autre les voiles d&rsquo;ombre que l\u2019on avait d\u00e9pos\u00e9 sur nos yeux et qui nous interdisaient de voir la Lumi\u00e8re, pourtant Omnipr\u00e9sente&nbsp;?<\/p>\n\n\n\n<p>\u25cf<\/p>\n\n\n\n<p>C\u2019est vrai que c\u2019est facile et confortable\u2026 et toujours enrichissant&nbsp;!<\/p>\n\n\n\n<p><\/p>\n\n\n\n<p class=\"has-text-align-right\"><em>Z\u00e9ro souffrance<\/em><\/p>\n\n\n\n<p>\u25a0<\/p>\n\n\n\n<p>De \u00ab&nbsp;Mais oui&nbsp;!&nbsp;\u00bb en \u00ab&nbsp;Mais oui&nbsp;!&nbsp;\u00bb, \u00e7a s\u2019ouvre tr\u00e8s agr\u00e9ablement et pourtant cela ne nous co\u00fbte que \u00ab&nbsp;z\u00e9ro&nbsp;\u00bb en souffrance&nbsp;!<\/p>\n\n\n\n<p>Il n\u2019y a aucun prix \u00e0 payer&nbsp;!<\/p>\n\n\n\n<p>\u25cf<\/p>\n\n\n\n<p>Non&nbsp;! C\u2019est d\u2019une simplicit\u00e9 \u00e9tonnante&nbsp;!<\/p>\n\n\n\n<p>\u25a0<\/p>\n\n\n\n<p>Nous nous voyons depuis quatre ou cinq fois et nous n\u2019avons jamais souffert ni de nous-m\u00eame, ni de l\u2019autre. Et pourtant nous voyons bien qu\u2019il s\u2019est pass\u00e9 des choses&nbsp;: ensemble, nous avons ouvert&nbsp;! \u2026 nous avons ouvert notre conscience&nbsp;!&nbsp;\u2026 Et nous n\u2019avons pas pay\u00e9 un seul prix de douleur&nbsp;!<\/p>\n\n\n\n<p>\u25cf<\/p>\n\n\n\n<p>C\u2019est vrai&nbsp;! Je ressens \u00e7a plut\u00f4t comme des l\u00e2cher-prises&nbsp;! Oui&nbsp;! En fait, je ressens surtout des \u00ab&nbsp;l\u00e2cher-prises&nbsp;\u00bb \u2026&nbsp;<\/p>\n\n\n\n<p>C\u2019est comme quand tu arr\u00eates de t\u2019agripper \u00e0 un poteau\u2026 puis tu l\u00e2che un autre poteau\u2026 et puis encore un autre&nbsp;!&nbsp;<\/p>\n\n\n\n<p>Le fait, par exemple, de dire&nbsp;: je ne dois pas convaincre l\u2019autre\u2026 \u00ab&nbsp;la joie, c\u2019est ce qu\u2019il faut&nbsp;!&nbsp;\u00bb Je n\u2019ai seulement qu\u2019\u00e0 aimer l&rsquo;autre tel qu\u2019il est. Point finale&nbsp;!<\/p>\n\n\n\n<p><\/p>\n\n\n\n<p class=\"has-text-align-right\"><em>Illumination de l\u2019ombre<\/em><\/p>\n\n\n\n<p>\u25a0<\/p>\n\n\n\n<p>En fait quand nous disons \u00ab&nbsp;l\u00e2cher prise&nbsp;\u00bb, cela exprime toujours \u00ab&nbsp;l\u00e2cher prise sur l\u2019ombre&nbsp;\u00bb&nbsp;! Nous devons l\u00e2cher le combat avec l\u2019ombre&nbsp;! Nous devons simplement \u00ab&nbsp;illuminer&nbsp;\u00bb l\u2019ombre\u2026<\/p>\n\n\n\n<p>\u25cf<\/p>\n\n\n\n<p>Ah oui, toujours&nbsp;! C\u2019est vrai&nbsp;!<\/p>\n\n\n\n<p>\u25a0<\/p>\n\n\n\n<p>Il s\u2019agit simplement \u00ab&nbsp;d\u2019une illumination de l\u2019ombre&nbsp;\u00bb. Parce que c\u2019est \u00e7a le l\u00e2cher prise&nbsp;: c\u2019est \u00e9clairer l\u2019ombre&nbsp;! Et l\u00e0, nous la \u00ab&nbsp;l\u00e2chons&nbsp;\u00bb, parce qu\u2019elle ne nous semblait exister que par notre perte de conscience de la Lumi\u00e8re\u2026<\/p>\n\n\n\n<p>Je pense que, vraiment, le seul souhait r\u00e9el de l\u2019ombre, c\u2019est la Lumi\u00e8re\u2026 Lumi\u00e8re qu\u2019elle \u00ab&nbsp;est&nbsp;\u00bb, mais dont elle a perdu conscience&nbsp;!<\/p>\n\n\n\n<p>C\u2019est ce que l\u2019on peut observer au fond de chacun d\u2019entre nous&nbsp;: un espoir de la Lumi\u00e8re, un amour de la Lumi\u00e8re, une foi en la Lumi\u00e8re\u2026<\/p>\n\n\n\n<p>\u25cf<\/p>\n\n\n\n<p>C\u2019est ce que j\u2019observe en moi, en effet.<\/p>\n\n\n\n<p>\u25a0<\/p>\n\n\n\n<p>L\u2019humanit\u00e9 enti\u00e8re n\u2019a qu\u2019un d\u00e9sir : c\u2019est la Lumi\u00e8re\u2026 Elle esp\u00e8re \u00ab&nbsp;la conscience de la Lumi\u00e8re&nbsp;\u00bb&nbsp;! Car en fait, la Lumi\u00e8re Elle-m\u00eame, l\u2019humanit\u00e9, elle L\u2019a\u2026 elle L\u2019a depuis toujours et pour toujours&nbsp;!<\/p>\n\n\n\n<p><em>Rires\u2026<\/em><\/p>\n\n\n\n<p>Il faut toujours revenir aux basiques. Et le basique des basiques, c\u2019est, \u00e0 chaque fois, \u00ab&nbsp;plus de conscience de la Lumi\u00e8re&nbsp;\u00bb&nbsp;!&nbsp;<\/p>\n\n\n\n<p>Dieu s\u2019est donn\u00e9, Lui-m\u00eame, \u00c9ternellement\u2026 Il ne va pas se reprendre&nbsp;!<\/p>\n\n\n\n<p>Dieu-Lumi\u00e8re ne va pas reprendre ce qu\u2019Il offre&nbsp;: \u00ab\u00a0Lui-m\u00eame\u00a0\u00bb\u2026 Ce n\u2019est pas possible&nbsp;!&nbsp;<\/p>\n\n\n\n<p>Depuis toujours nous sommes des consciences vivantes qui s\u2019ouvrent \u00e0 la Lumi\u00e8re&nbsp;!<\/p>\n\n\n\n<p>Dieu ne reprend jamais ce qu\u2019il a donn\u00e9&nbsp;! Ce n\u2019est pas possible, Il ne sait pas reprendre&nbsp;! \u00ab&nbsp;Reprendre&nbsp;\u00bb, cela a \u00e9t\u00e9 une invention de l\u2019ombre.<\/p>\n\n\n\n<p>Si on se regarde soi-m\u00eame, attentivement, c\u2019est bien comme cela que nous sommes\u2026 Oui, c\u2019est comme cela que nous sommes, comme tous les \u00catres.<\/p>\n\n\n\n<p>L\u2019humanit\u00e9 n\u2019a qu\u2019un d\u00e9sir&nbsp;: reprendre \u00ab&nbsp;conscience&nbsp;\u00bb de la Lumi\u00e8re&nbsp;! Parce que \u00ab&nbsp;la Lumi\u00e8re&nbsp;\u00bb, elle L\u2019a&nbsp;!<\/p>\n\n\n\n<p>Depuis toujours, nous sommes \u00ab&nbsp;de Lumi\u00e8re&nbsp;\u00bb, nous sommes de la Lumi\u00e8re Pure\u2026 Nous allons, plus pr\u00e9cis\u00e9ment, plut\u00f4t dire comme cela&nbsp;: nous sommes de la conscience qui s&rsquo;ouvre \u00e0 Lumi\u00e8re\u2026&nbsp;<\/p>\n\n\n\n<p>Chacun de nous est une conscience de la Lumi\u00e8re qui s\u2019ouvre et qui s\u2019ouvrira toujours&nbsp;!<\/p>\n\n\n\n<p><\/p>\n\n\n\n<p class=\"has-text-align-right\"><em>Le mot et la conscience<\/em><\/p>\n\n\n\n<p>\u25cf<\/p>\n\n\n\n<p>C\u2019est important ce terme de \u00ab&nbsp;conscience&nbsp;\u00bb \u2026 Nous avons eu tendance \u00e0 le squeezer pour aller plus vite et \u00e0 dire que \u00ab&nbsp;l\u2019on recherche la Lumi\u00e8re&nbsp;\u00bb, au lieu de dire que \u00ab&nbsp;l\u2019on cherche \u00e0 ouvrir&nbsp;notre conscience de la Lumi\u00e8re qui Elle est \u00c9ternellement Pr\u00e9sente&nbsp;\u00bb&nbsp;!&nbsp;<\/p>\n\n\n\n<p>\u25a0<\/p>\n\n\n\n<p>Oui, c\u2019est vrai&nbsp;! On fait souvent des raccourcis verbaux&#8230; Parfois au risque d&rsquo;une perte du v\u00e9ritable sens.<\/p>\n\n\n\n<p>\u25cf<\/p>\n\n\n\n<p>Oui, mais c\u2019est important d\u2019en prendre conscience, car parfois, c\u2019est tout le concept qui s\u2019inverse du coup si l\u2019on n\u2019est pas attentif par ce \u00ab&nbsp;glissement des mots&nbsp;\u00bb&nbsp;\u2026 Il y a donc une grande importance du vocabulaire.<\/p>\n\n\n\n<p>\u25a0&nbsp;<\/p>\n\n\n\n<p>Oui, c&rsquo;est vrai, mais ce n\u2019est pourtant pas si grave, ni si compliqu\u00e9 que \u00e7a de r\u00e9soudre ce probl\u00e8me de glissement&nbsp;! En effet, nous nous entraidons, volontairement et aussi involontairement, les uns les autres \u00e0 purifier notre langage et \u00e0 le rendre \u00e0 la Lumi\u00e8re\u2026 Donc, ne nous faisons pas de soucis pour \u00e7a&nbsp;!&nbsp;<\/p>\n\n\n\n<p>Et quand il y en a un de nous qui perd un peu trop la conscience r\u00e9elle du concept dont il parle, soit il s\u2019en aper\u00e7oit lui-m\u00eame, soit quelqu\u2019un le lui signale gentiment\u2026&nbsp;<\/p>\n\n\n\n<p>Et l\u00e0, nous reprenons le langage le plus adapt\u00e9, le plus lumineux, celui qui exprime le mieux notre conscience de la Lumi\u00e8re \u00e0 cet instant et qui est peut-\u00eatre un peu plus long \u00e0 exprimer\u2026 Oui, c\u2019est vrai&nbsp;!<\/p>\n\n\n\n<p>\u25cf<\/p>\n\n\n\n<p>Oui, et cela permet d\u2019\u00eatre attentif \u00e0 nos pens\u00e9es, \u00e0 notre vocabulaire pour exprimer clairement notre pens\u00e9e\u2026 Ce n&rsquo;est pas mal&nbsp;! C\u2019est int\u00e9ressant&nbsp;! Nous sommes trop souvent dans le no man\u2019s land du manque de pr\u00e9cision\u2026<\/p>\n\n\n\n<p><\/p>\n\n\n\n<p class=\"has-text-align-right\"><em>Effort confortable<\/em><\/p>\n\n\n\n<p>\u25a0<\/p>\n\n\n\n<p>Oui&nbsp;! Pourtant, ce doit \u00eatre une attention qui n\u2019est \u00ab\u00a0que\u00a0\u00bb confortable\u2026 uniquement confortable.<\/p>\n\n\n\n<p>\u25cf<\/p>\n\n\n\n<p>Oui, je comprends\u2026<\/p>\n\n\n\n<p>\u25a0<\/p>\n\n\n\n<p>Ce n\u2019est pas une attention dans laquelle il nous faut fournir un effort d\u00e9sagr\u00e9able pour \u00eatre attentif, comme l\u2019ombre nous l\u2019a appris pendant des mill\u00e9naires&nbsp;!<\/p>\n\n\n\n<p>Non&nbsp;! c\u2019est un effort qui n\u2019est qu\u2019agr\u00e9able. S\u2019il n\u2019est pas qu\u2019agr\u00e9able, alors, hop&nbsp;! C&rsquo;est la souffrance qui nous pr\u00e9vient que nous venons d\u2019imaginer \u00e0 nouveau le labyrinthe dans lequel nous allons nous reperdre&#8230; <\/p>\n\n\n\n<p>Nous allons, \u00e0 nouveau, risquer de perdre conscience de la Lumi\u00e8re Infinie\u2026 <\/p>\n\n\n\n<p>Nous allons peut-\u00eatre m\u00eame perdre conscience que l\u2019effort que nous sommes en train de faire n\u2019est que Lumi\u00e8re Pure\u2026<\/p>\n\n\n\n<p>Et nous risquons de pr\u00e9tendre que l\u2019effort que nous venons de faire est un m\u00e9lange d\u2019ombre et de Lumi\u00e8re&nbsp;: nous risquons alors de perdre en qualit\u00e9 de conscience&nbsp;!<\/p>\n\n\n\n<p>\u25cf<\/p>\n\n\n\n<p>Ce qui est bien, c\u2019est qu\u2019il faut vraiment que j\u2019apprenne \u00e0 m\u2019aimer avec tous mes efforts&nbsp;!<\/p>\n\n\n\n<p>\u25a0<\/p>\n\n\n\n<p>Oui, bien s\u00fbr&nbsp;! L\u2019effort, c\u2019est Dieu qui nous l\u2019a donn\u00e9. L\u2019effort, c\u2019est Divin\u2026 L\u2019effort n\u2019est pas un probl\u00e8me&nbsp;!&nbsp;<\/p>\n\n\n\n<p>Regarde, une plante&nbsp;: pour pousser, elle fait des efforts permanents&nbsp;: la petite graine fait des efforts pour \u00e9carter la terre, puis faire des racines, puis faire une premi\u00e8re feuille et donner une plantule\u2026 Elle s\u2019\u00e9panouie \u00ab\u00a0dans\u00a0\u00bb l\u2019effort. <\/p>\n\n\n\n<p>L\u2019effort, c\u2019est la vie&nbsp;!&nbsp;<\/p>\n\n\n\n<p>L\u2019effort n\u2019a \u00e9t\u00e9 rendu\u2026&nbsp;<\/p>\n\n\n\n<p>\u25cf<\/p>\n\n\n\n<p>\u2026 Souffrance&nbsp;?<\/p>\n\n\n\n<p>\u25a0<\/p>\n\n\n\n<p>Oui&nbsp;! L\u2019effort n\u2019a \u00e9t\u00e9 rendu souffrance que par l\u2019ombre&nbsp;!&nbsp;<\/p>\n\n\n\n<p>\u25cf<\/p>\n\n\n\n<p>C\u2019est vrai qu\u2019il y a eu un amalgame entre \u00ab&nbsp;souffrance&nbsp;\u00bb et \u00ab&nbsp;effort&nbsp;\u00bb&nbsp;! Et l\u00e0, j\u2019y ai moi-m\u00eame beaucoup particip\u00e9&nbsp;!<\/p>\n\n\n\n<p>\u25a0<\/p>\n\n\n\n<p>Et \u00e7a, c\u2019est l\u2019ombre, parce que d\u00e8s qu\u2019avec notre ego excessif nous avons voulu manipuler quelqu\u2019un, il a \u00e9t\u00e9 n\u00e9cessaire de l\u2019inviter \u00e0 ce qu\u2019il perde conscience de la Lumi\u00e8re\u2026 <\/p>\n\n\n\n<p>En effet, tant qu\u2019il ne perdait pas conscience de la Lumi\u00e8re Infinie, \u00c9ternelle, Omnipr\u00e9sente, alors il n\u2019\u00e9tait pas manipulable\u2026 Et s\u2019il retrouve cette conscience, il n\u2019est plus manipulable&nbsp;!<\/p>\n\n\n\n<p>\u25cf<\/p>\n\n\n\n<p>Oui ! C\u2019est bien comme cela que nous avons proc\u00e9d\u00e9 avec les autres ou m\u00eame avec nous-m\u00eames\u2026<\/p>\n\n\n\n<p><\/p>\n\n\n\n<p class=\"has-text-align-right\"><em>Merveilleuse souffrance<\/em><\/p>\n\n\n\n<p>\u25a0<\/p>\n\n\n\n<p>Mais heureusement, d\u00e8s que nous perdons conscience que l\u2019effort n\u2019est que Lumi\u00e8re, une alarme se d\u00e9clenche qui nous signale notre perte de conscience&nbsp;: c\u2019est la souffrance qui est cette merveilleuse alarme&nbsp;!&nbsp;<\/p>\n\n\n\n<p>La souffrance est une invitation \u00e0 reprendre conscience de la Lumi\u00e8re et ainsi retrouver la paix et le plaisir de notre effort parfait\u2026&nbsp;<\/p>\n\n\n\n<p>\u25cf<\/p>\n\n\n\n<p>D\u2019accord&nbsp;!<\/p>\n\n\n\n<p>\u25a0<\/p>\n\n\n\n<p>Il faut se rappeler que l\u2019ombre ne fait que&nbsp;\u00ab&nbsp;pseudo-exister&nbsp;\u00bb&nbsp;!<\/p>\n\n\n\n<p>Seul l\u2019usage maladroit de leur libre arbitre a fait que des \u00catre ont pu croire qu\u2019elle existait (car en fait elle n\u2019a jamais exist\u00e9, puisqu\u2019elle n\u2019a \u00e9t\u00e9 faite que de la perte de conscience de la Lumi\u00e8re qu\u2019elle est et qui Seule Existe&nbsp;!)<\/p>\n\n\n\n<p>&nbsp;C\u2019est vrai que, pour nous aujourd\u2019hui, cela peut sembler bizarre&nbsp;! Mais l\u2019ombre, aussi \u00e9tonnant que cela puisse para\u00eetre encore, n\u2019a pas d\u2019existence \u00ab\u00a0r\u00e9elle\u00a0\u00bb&#8230;&nbsp;<\/p>\n\n\n\n<p>Mais, en termes de m\u00e9canismes, une fois qu\u2019elle a cru exister, l\u2019ombre a automatiquement et inconsciemment propos\u00e9 sa perte de conscience de la Lumi\u00e8re aux autres\u2026&nbsp;<\/p>\n\n\n\n<p>Et, lorsqu\u2019elle a r\u00e9ussi, nous avons eu l&rsquo;apparition d\u2019une relation d\u2019ombre \u00e0 ombre\u2026 jusqu\u2019\u00e0 ce que l\u2019un ou l\u2019autre r\u00e9alise qu\u2019il y a eu supercherie&nbsp;! Ce qui est in\u00e9vitable&nbsp;! Mais au bout de combien de temps, au bout de combien de souffrances&#8230;<\/p>\n\n\n\n<p>Donc, tant que l\u2019erreur n\u2019a pas \u00e9t\u00e9 r\u00e9par\u00e9e, il a fallu que nous souffrions&nbsp;! Voil\u00e0&nbsp;! Nous n\u2019avons pas pu vivre, comme \u00e7a, dans l\u2019erreur, sans souffrir&nbsp;: cela n\u2019a plus \u00e9t\u00e9 permis\u2026 C\u2019\u00e9tait normal\u2026&nbsp;<\/p>\n\n\n\n<p>Alors l\u00e0, nous avons mang\u00e9 et nous avons souffert pour nous nourrir\u2026&nbsp;<\/p>\n\n\n\n<p>Nous avons voulu mettre les n\u00f4tres \u00e0 l\u2019abri, et nous avons souffert pour les mettre \u00e0 l\u2019abri\u2026&nbsp;<\/p>\n\n\n\n<p>Nous avons souffert de na\u00eetre, nous avons souffert de vieillir, nous avons souffert de mourir\u2026&nbsp;<\/p>\n\n\n\n<p>Voil\u00e0 quelle a \u00e9t\u00e9 la vision ombreuse qui a \u00e9t\u00e9 majoritaire depuis des mill\u00e9naires et que nous nous sommes transmise de g\u00e9n\u00e9ration en g\u00e9n\u00e9ration\u2026 Et nous-m\u00eame, nous l\u2019avons transmise d&rsquo;innombrables fois \u00e0 nos enfants.<\/p>\n\n\n\n<p>Et nous l&rsquo;avons transmise par manque de courage\u2026 Parce que, sur cette terre, dans l\u2019\u00e9tat o\u00f9 nous l\u2019avons mise, aujourd\u2019hui, le vrai courage, c\u2019est d\u2019\u00eatre heureux&nbsp;! Nous avons simplement manqu\u00e9 de courage\u2026<\/p>\n\n\n\n<p><em>Silence\u2026<\/em><\/p>\n\n\n\n<p>\u25cf<\/p>\n\n\n\n<p>Tout \u00e7a, c\u2019est li\u00e9 quand m\u00eame, \u00e0 un moment donn\u00e9, au libre arbitre\u2026 Car s\u2019il n\u2019y avait pas de libre arbitre, nous ne parlerions pas de \u00e7a\u2026 nous n\u2019aurions pas eu le choix&nbsp;!<\/p>\n\n\n\n<p>\u25a0<\/p>\n\n\n\n<p>Alors, nous allons dire cela un peu diff\u00e9remment. Tout cela a \u00e9t\u00e9 li\u00e9 \u00e0 un usage ombreux du libre arbitre, c\u2019est-\u00e0-dire un usage \u00e0 l\u2019envers du libre arbitre\u2026 parce que le libre arbitre, sa r\u00e9alit\u00e9, c\u2019est\u2026<\/p>\n\n\n\n<p>\u25cf<\/p>\n\n\n\n<p>&nbsp;\u2026 C\u2019est l\u2019Amour de Dieu&nbsp;?<\/p>\n\n\n\n<p>\u25a0<\/p>\n\n\n\n<p>Oui, voil\u00e0, c\u2019est tout : le libre arbitre, c&rsquo;est le Pur Amour de Dieu.<\/p>\n\n\n\n<p>\u25cf<\/p>\n\n\n\n<p>\u00c7a, je l\u2019entends\u2026 J\u2019entends bien l\u2019ombre \u00ab&nbsp;Lumineuse&nbsp;\u00bb \u2026<\/p>\n\n\n\n<p>Mais pourquoi \u00ab&nbsp;l\u2019ombre&nbsp;\u00bb&nbsp;? Pourquoi, \u00e0 un moment donn\u00e9 l\u2019utilisation du libre arbitre a pu amener \u00e7a&nbsp;?<\/p>\n\n\n\n<p><\/p>\n\n\n\n<p class=\"has-text-align-right\"><em>L\u2019ego juste<\/em><\/p>\n\n\n\n<p>\u25a0<\/p>\n\n\n\n<p>C\u2019est l\u2019ego&nbsp;! \u00c7a, on nous l\u2019a toujours dit\u2026&nbsp;<\/p>\n\n\n\n<p>C\u2019est, au presque d\u00e9but de l\u2019humanit\u00e9, un \u00catre qui, dot\u00e9 du \u00ab&nbsp;libre arbitre&nbsp;\u00bb a le premier m\u00e9sus\u00e9 de son ego\u2026 Et un premier ego \u00ab&nbsp;anormal&nbsp;\u00bb s\u2019est d\u00e9velopp\u00e9, un ego qui est devenu malade\u2026&nbsp;<\/p>\n\n\n\n<p>Et ensuite, la majorit\u00e9 des autres, nous avons suivi&nbsp;!&nbsp;<\/p>\n\n\n\n<p>Et, malgr\u00e9 toutes les aides merveilleuses propos\u00e9es depuis le d\u00e9but de l\u2019humanit\u00e9 par les plus beaux \u00catres humains, nous n\u2019avons pas pu r\u00e9soudre ce d\u00e9veloppement d\u00e9s\u00e9quilibr\u00e9 de notre ego originel\u2026 Trop souvent, nous n\u2019avons pas su lui rendre son harmonie naturelle, si utile, si belle&nbsp;!<\/p>\n\n\n\n<p>En effet, il n\u2019est pas anormal d\u2019avoir un ego\u2026 l\u2019ego en soi n\u2019est pas malsain\u2026 L\u2019ego est naturel et il n\u00e9cessaire pour vivre dans un corps. <\/p>\n\n\n\n<p>Nous ne pouvons pas vivre sans ego\u2026&nbsp;<\/p>\n\n\n\n<p>L\u2019ego c\u2019est un peu comme \u00ab&nbsp;une sorte de colle&nbsp;\u00bb n\u00e9cessaire pour maintenir ensemble les trois aspects de l\u2019\u00catre que sont l\u2019\u00c2me, le Corps et la Pens\u00e9e. <\/p>\n\n\n\n<p>L\u2019ego est donc absolument n\u00e9cessaire pour la vie incarn\u00e9e.&nbsp;<\/p>\n\n\n\n<p>Mais, il faut juste la quantit\u00e9 de colle qui est seulement n\u00e9cessaire pour remplir cette fonction&nbsp;: il n\u2019en faut ni plus, ni moins&nbsp;!<\/p>\n\n\n\n<p>Mais, s\u2019il y a trop de \u00ab&nbsp;colle&nbsp;\u00bb, trop d\u2019ego, alors cet ego excessif va avoir tendance \u00e0 coller d\u2019autres \u00c2mes, d\u2019autres Corps et d\u2019autres Pens\u00e9es que les siennes et qui ne devraient jamais \u00eatre coll\u00e9s \u00e0 lui\u2026 Et l\u00e0, bien s\u00fbr, c\u2019est l\u00e0 le probl\u00e8me de l\u2019ego&nbsp;!&nbsp;<\/p>\n\n\n\n<p>Alors l\u00e0, avec un tel ego qui colle tout, nous nous dirigeons vers la \u00ab&nbsp;pens\u00e9e unique&nbsp;\u00bb, vers le \u00ab&nbsp;Tout pour moi&nbsp;\u00bb, vers le \u00ab&nbsp;Je suis dieu&nbsp;\u00bb&nbsp;!&nbsp;<\/p>\n\n\n\n<p>C\u2019est l\u00e0 l\u2019illusion de la s\u00e9paration, c\u2019est l\u2019illusion de l\u2019ombre, c\u2019est la perte de conscience de la Lumi\u00e8re Omnipr\u00e9sente et Unique dont je suis une simple conscience parmi une infinit\u00e9 d\u2019autres consciences aussi merveilleuses les unes que les autres\u2026<\/p>\n\n\n\n<p>Il nous faut donc juste la quantit\u00e9 d\u2019ego n\u00e9cessaire pour exister nous-m\u00eame&nbsp;: s\u2019il y en a plus, ou moins, que ce qui est pr\u00e9vu pour l&rsquo;existence de l&rsquo;\u00catre humain que nous sommes, alors c\u2019est l\u2019illusion de l\u2019ombre qui est en train de na\u00eetre quelque part&nbsp;!<\/p>\n\n\n\n<p>Par exemple, si nous voulions convaincre quelqu\u2019un qu\u2019il devait faire comme ceci ou comme cela pour \u00eatre heureux, nous \u00e9tions dans cette douloureuse dynamique\u2026 Nous avons voulu, alors, \u00ab&nbsp;coller&nbsp;\u00bb l\u2019autre, prendre possession de lui et lui dire comment il devait fonctionner etc. <\/p>\n\n\n\n<p>Et \u00e7a c\u2019est parce qu\u2019il y avait trop de colle en nous et nous avons coll\u00e9 \u00e0 nous des choses que nous n\u2019aurions jamais d\u00fb coller&nbsp;! Il y avait un ego trop abondant.<\/p>\n\n\n\n<p><\/p>\n\n\n\n<p class=\"has-text-align-right\"><em>Pourquoi trop de colle&nbsp;?<\/em><\/p>\n\n\n\n<p>\u25cf<\/p>\n\n\n\n<p>Mais pourquoi, \u00e0 un moment donn\u00e9, quelqu\u2019un a-t-il eu trop de colle&nbsp;? Pourquoi&nbsp;?<\/p>\n\n\n\n<p>\u25a0<\/p>\n\n\n\n<p>Ce n\u2019est peut-\u00eatre pas si compliqu\u00e9 que \u00e7a \u00e0 envisager et nous allons essayer de le pr\u00e9ciser par des mots comme ceux-ci&nbsp;:<\/p>\n\n\n\n<div style=\"height:29px\" aria-hidden=\"true\" class=\"wp-block-spacer\"><\/div>\n\n\n\n<p>Soit, nous avons conscience que la Lumi\u00e8re est Omnipr\u00e9sente, Omnisciente, Infinie, \u00c9ternelle etc&#8230; et l\u00e0, nous nous sentons en s\u00e9curit\u00e9\u2026 Nous ne voulons rien d\u2019autre que vivre le plaisir de cet instant que nous sommes en train de vivre, parce que cet instant, c\u2019est \u00ab&nbsp;La Lumi\u00e8re Elle-m\u00eame&nbsp;\u00bb qui est ce que nous d\u00e9sirons le plus.<\/p>\n\n\n\n<p>Alors, l\u00e0, nous sommes conscients de la Lumi\u00e8re Totale Absolue dans cet instant et nous n\u2019avons envie d\u2019aucun autre instant, d\u2019aucun autre endroit, nous n\u2019avons envie de rien d\u2019autre, \u00e0 la place de cet instant que nous vivons, de cet endroit o\u00f9 nous nous trouvons&nbsp;: le Tout est Parfait&nbsp;! Et nous en jouissons\u2026<\/p>\n\n\n\n<p>\u2026 Nous n\u2019avons aucun d\u00e9sir autre que de jouir de cette Lumi\u00e8re-L\u00e0, comme nous en jouirions \u00e0 un autre endroit et \u00e0 un autre instant\u2026<\/p>\n\n\n\n<p>Et dans cette situation-l\u00e0, nous n\u2019avons besoin que de \u00ab&nbsp;la colle&nbsp;\u00bb n\u00e9cessaire pour tenir ensemble notre \u00c2me, notre Corps et notre Pens\u00e9e et avoir la pleine conscience de cet Instant Parfait\u2026<\/p>\n\n\n\n<div style=\"height:31px\" aria-hidden=\"true\" class=\"wp-block-spacer\"><\/div>\n\n\n\n<p>Mais, nous avons pu aussi, par un usage maladroit de notre libre arbitre, perdre conscience de cette Lumi\u00e8re&#8230; Et l\u00e0 nous avons \u00ab&nbsp;invent\u00e9&nbsp;\u00bb l\u2019ombre\u2026 <\/p>\n\n\n\n<p>Et si nous n\u2019avons pas repris conscience rapidement de la Lumi\u00e8re, l\u2019ego est sorti de son bon \u00e9quilibre naturel&nbsp;! Et la souffrance est apparue pour nous le signaler&#8230; <\/p>\n\n\n\n<p>Et si nous n&rsquo;avons pas su entendre le message de la souffrance, pour tenter maladroitement de la soulager sans l&rsquo;\u00e9couter, nous avons augment\u00e9 notre ego et nous avons alors tout coll\u00e9 autour de nous&#8230;<\/p>\n\n\n\n<p>\u00c0 cela, on peut peut-\u00eatre rajouter que, sch\u00e9matiquement, chez le min\u00e9ral, le v\u00e9g\u00e9tal et l\u2019animal, l\u2019ego, bien que parfait \u00e9galement, a une fonction plus simple&nbsp;: celle qui consiste \u00e0 maintenir ensemble simplement un Corps, une \u00c2me et un tout petit peu de pens\u00e9e min\u00e9rale, v\u00e9g\u00e9tale ou animale&nbsp;!&nbsp;<\/p>\n\n\n\n<p>Mais \u00e0 partir de l\u2019homme, l\u2019ego a d\u00fb maintenir ensemble un Corps, une \u00c2me \u00ab\u00a0et\u00a0\u00bb une Libre Pens\u00e9e\u2026&nbsp;<\/p>\n\n\n\n<p>Et cette Libre Pens\u00e9e a pu respecter la quantit\u00e9 de colle pour que nous puissions simplement vivre heureux\u2026 <\/p>\n\n\n\n<p>Mais elle a pu aussi augmenter ou diminuer la quantit\u00e9 de colle\u2026 Elle a pu m\u00e9suser de cette colle pourtant parfaite&nbsp;! Cela a toujours \u00e9t\u00e9 le r\u00e9sultat d\u2019une perte de conscience de la Lumi\u00e8re \u00c9ternelle\u2026&nbsp;<\/p>\n\n\n\n<p>Et l\u00e0 les troubles ont commenc\u00e9\u2026<\/p>\n\n\n\n<p>\u25cf<\/p>\n\n\n\n<p>Mais pourquoi&nbsp;? Pourquoi y a-t-il eu une premi\u00e8re perte de conscience qui a entra\u00een\u00e9 tout \u00e7a&nbsp;?<\/p>\n\n\n\n<p><\/p>\n\n\n\n<p class=\"has-text-align-right\"><em>L\u2019erreur est Divine<\/em><\/p>\n\n\n\n<p>\u25a0<\/p>\n\n\n\n<p>Alors, l\u00e0 il y a quelque chose qui m\u2019a beaucoup aid\u00e9 \u00e0 r\u00e9fl\u00e9chir \u00e0 cela&nbsp;: j\u2019ai lu quelque chose de tr\u00e8s int\u00e9ressant chez Teilhard de Chardin&nbsp;dans la fin de son livre \u00ab&nbsp;Le Ph\u00e9nom\u00e8ne Humain&nbsp;\u00bb, un livre que j\u2019ai lu de nombreuses fois \u00e0 diff\u00e9rentes p\u00e9riodes de ma vie\u2026&nbsp;<\/p>\n\n\n\n<p>Il y parle, rapidement, de ce sujet d\u2019une fa\u00e7on que je trouve tr\u00e8s int\u00e9ressante dans un appendice qu\u2019il a nomm\u00e9&nbsp;: \u00ab&nbsp;Quelques remarques sur la place du mal dans un monde en \u00e9volution&nbsp;\u00bb et qu\u2019il a \u00e9crit \u00e0 Rome en 1948. Quelle lecture enrichissante que ce livre&nbsp;!<\/p>\n\n\n\n<p>Je vais essayer d&rsquo;exprimer, de mon mieux, ce que j&rsquo;ai compris \u00e0 ce point de ce qu\u2019il explique&nbsp;: il y a toujours eu des erreurs, des \u00e9checs dans l\u2019\u00e9volution qui ont accompagn\u00e9 les r\u00e9ussites. <\/p>\n\n\n\n<p>L\u2019erreur est Divine, comme la r\u00e9ussite\u2026 La Lumi\u00e8re inclut bien s\u00fbr tout, et elle inclut donc l\u2019\u00e9chec comme la r\u00e9ussite\u2026<\/p>\n\n\n\n<p>Il y a donc toujours eu dans la nature, bien avant l\u2019\u00catre humain et, depuis peu dans l\u2019\u00catre humain qui est un aspect r\u00e9cent de la nature, une tentative constante d\u2019\u00e9l\u00e9vation de la conscience, avec des voies qui ont \u00e9t\u00e9 pleines de succ\u00e8s, et l\u00e0 il y a eu une nouvelle \u00e9tape de conscience et au m\u00eame instant un nouveau corps qui se d\u00e9veloppe pour l\u2019exprimer\u2026&nbsp;&nbsp;<\/p>\n\n\n\n<p>Mais, il y a aussi des voies qui ont \u00e9t\u00e9 des \u00e9checs\u2026 Et l\u00e0, l\u2019\u00c2me ne trouvait pas dans ces corps la possibilit\u00e9 de s\u2019\u00e9lever. Ce sont les culs de sac de la vie : les \u00e9checs&nbsp;!<\/p>\n\n\n\n<p>Mais, \u00e0 travers ces succ\u00e8s et ces \u00e9checs, la conscience de la Lumi\u00e8re s\u2019est toujours \u00e9lev\u00e9e\u2026 et elle s\u2019\u00e9l\u00e8vera toujours&nbsp;!<\/p>\n\n\n\n<p>Cela a toujours exist\u00e9, ce n\u2019est pas nouveau\u2026 L\u2019homme n\u2019a pas invent\u00e9 ce ph\u00e9nom\u00e8ne d\u2019avanc\u00e9e et de recul, d\u2019erreurs et de correction d\u2019erreurs\u2026 et finalement de succ\u00e8s\u2026&nbsp;<\/p>\n\n\n\n<p>Dans cette vision-l\u00e0, on pourrait dire que l\u2019ombre fait partie de ce mouvement naturel&nbsp;!<\/p>\n\n\n\n<p>Mais, dans le min\u00e9ral, le v\u00e9g\u00e9tal et l\u2019animal, donc tant que l\u2019\u00catre n\u2019est pas humanis\u00e9, cela ne pose pas de probl\u00e8me de faire erreur\u2026 et d\u2019\u00e9chouer&nbsp;! En effet, il n\u2019y a pas un ego difficile \u00e0 g\u00e9rer\u2026 Il n\u2019y a pas encore de libre arbitre et donc pas de libre conscience\u2026 <\/p>\n\n\n\n<p>Alors l\u00e0, l&rsquo;ego ne peut rien vouloir coller en plus ou en moins\u2026 Donc pas de probl\u00e8me pour lui, ni pour les autres \u00catres\u2026&nbsp;<\/p>\n\n\n\n<p>Donc, avant l\u2019apparition de l\u2019homme, les corps pouvaient mourir de leurs erreurs, de leur \u00e9checs, de leurs insuffisances\u2026 et puis voil\u00e0&nbsp;! C&rsquo;est tout !<\/p>\n\n\n\n<p>Et, tout simplement, leur \u00c2me renaissait dans un autre corps, peut \u00eatre mieux adapt\u00e9 \u00e0 la situation du moment. Si c\u2019est le cas, ce nouveau corps avait de meilleures qualit\u00e9s et pouvait mieux offrir \u00e0 l\u2019\u00c2me une occasion d\u2019\u00e9l\u00e9vation\u2026<\/p>\n\n\n\n<p>Une erreur sans libre conscience, c\u2019est une chose\u2026 Mais, une erreur avec la libre conscience, c\u2019est une autre chose&nbsp;!<\/p>\n\n\n\n<p>L\u2019ombre sans libre conscience, c\u2019est une chose\u2026 Mais l\u2019ombre avec la libre conscience, c\u2019est une autre chose&nbsp;! \u2026<\/p>\n\n\n\n<div style=\"height:41px\" aria-hidden=\"true\" class=\"wp-block-spacer\"><\/div>\n\n\n\n\n","protected":false},"excerpt":{"rendered":"<p>Cette \u00ab&nbsp;panique&nbsp;\u00bb, terrible, de l&rsquo;ombre, c\u2019est le r\u00e9sultat de la rencontre, \u00e0 un m\u00eame instant, d\u2019une part de \u00ab&nbsp;son immense espoir de ne plus souffrir&nbsp;\u00bb et d\u2019autre part \u00ab&nbsp;de ses m\u00e9moires de toutes ses immenses d\u00e9ceptions pass\u00e9es&nbsp;\u00bb&nbsp;! En effet l&rsquo;ombre n&rsquo;a jamais pu que vivre des d\u00e9ceptions&#8230; Elle n&rsquo;a jamais pu vivre le bonheur sans &hellip; <a href=\"https:\/\/behappy8.org\/?p=1771\" class=\"more-link\">Continuer la lecture<span class=\"screen-reader-text\"> de &laquo;&nbsp;Les 8 entretiens (3\u00e8me Partie du 4\u00e8me Entretien)&nbsp;&raquo;<\/span><\/a><\/p>\n","protected":false},"author":1,"featured_media":0,"comment_status":"open","ping_status":"open","sticky":false,"template":"","format":"chat","meta":{"footnotes":""},"categories":[1009],"tags":[1609,1581,405,1568,1578,1600,719,1613,1594,65,1589,1564,1587,1573,1622,551,1241,1595,1596,1610,1608,1625,1563,23,1575,1565,1583,748,1616,1598,866,1606,1611,1585,256,1623,1572,62,1569,1614,1621,1570,138,1079,1582,768,1615,1586,1571,1620,1604,1576,8,218,1597,760,1601,320,406,1607,766,1580,1591,1567,1556,1562,470,1525,1599,1593,1624,1590,1566,233,765,655,1584,1592,1602,1619,1618,1617,1605,1603,419,1577,1574],"class_list":["post-1771","post","type-post","status-publish","format-chat","hentry","category-4eme-entretien-8","tag-aides-merveilleuses","tag-aimer-lautre","tag-amour-inconditionnel","tag-attentifs","tag-aucun-prix","tag-bizarre","tag-colle","tag-coller-corps-ame-pensee","tag-confortable","tag-conscience","tag-consciences-vivantes","tag-deceptions-immenses","tag-dieu-lumiere","tag-echange-de-qualite","tag-echecs-et-reussites","tag-effort","tag-effort-agreable","tag-effort-souffrance","tag-ego-excessif","tag-ego-naturel","tag-ego-sain","tag-erreur-avec-libre-conscience","tag-espoir-immense","tag-etre-heureux","tag-evidence","tag-fretillement-angoisse","tag-illumination-de-lombre","tag-illusion","tag-illusion-de-la-separation","tag-invitation","tag-jouissons","tag-lamour-de-dieu","tag-lego-est-une-colle","tag-lhumanite","tag-linstant","tag-lombre-naturelle","tag-lunite","tag-la-lumiere","tag-la-lumiere-en-tout","tag-la-pensee-unique","tag-la-place-du-monde-dans-un-monde-en-evolution","tag-la-solution-de-lombre","tag-labyrinthe","tag-lacher-prise","tag-lacher-prise-sur-lombre","tag-la-fin-de-lombre","tag-le-tout-pour-moi","tag-le-desir","tag-le-fil-dariane","tag-le-phenomene-humain","tag-le-vrai-courage","tag-les-voiles-de-lombre","tag-libre-arbitre","tag-lumiere-omnipresente","tag-manipulation","tag-manque-de-courage","tag-mecanisme-automatique","tag-memoires","tag-merveilleux","tag-mesusage-de-lego","tag-millenaires","tag-ne-pas-vouloir-convaincre","tag-nous-sommes-de-lumiere","tag-ombre-imaginee","tag-panique","tag-panique-de-lombre","tag-paroles","tag-propagande","tag-pseudo-exister","tag-raccourcis-verbaux","tag-renaitre-dans-un-autre-corps","tag-reprendre","tag-reves","tag-securite","tag-simplicite","tag-souffrance","tag-souhait-de-lombre","tag-squeezer","tag-supercherie","tag-teilhard-de-chardin","tag-trop-dego","tag-une-simple-conscience","tag-usage-ombreux-du-libre-arbitre","tag-vision-ombreuse","tag-vocabulaire","tag-zero-souffrance","tag-zones-de-securite","post_format-post-format-chat"],"_links":{"self":[{"href":"https:\/\/behappy8.org\/index.php?rest_route=\/wp\/v2\/posts\/1771","targetHints":{"allow":["GET"]}}],"collection":[{"href":"https:\/\/behappy8.org\/index.php?rest_route=\/wp\/v2\/posts"}],"about":[{"href":"https:\/\/behappy8.org\/index.php?rest_route=\/wp\/v2\/types\/post"}],"author":[{"embeddable":true,"href":"https:\/\/behappy8.org\/index.php?rest_route=\/wp\/v2\/users\/1"}],"replies":[{"embeddable":true,"href":"https:\/\/behappy8.org\/index.php?rest_route=%2Fwp%2Fv2%2Fcomments&post=1771"}],"version-history":[{"count":13,"href":"https:\/\/behappy8.org\/index.php?rest_route=\/wp\/v2\/posts\/1771\/revisions"}],"predecessor-version":[{"id":1958,"href":"https:\/\/behappy8.org\/index.php?rest_route=\/wp\/v2\/posts\/1771\/revisions\/1958"}],"wp:attachment":[{"href":"https:\/\/behappy8.org\/index.php?rest_route=%2Fwp%2Fv2%2Fmedia&parent=1771"}],"wp:term":[{"taxonomy":"category","embeddable":true,"href":"https:\/\/behappy8.org\/index.php?rest_route=%2Fwp%2Fv2%2Fcategories&post=1771"},{"taxonomy":"post_tag","embeddable":true,"href":"https:\/\/behappy8.org\/index.php?rest_route=%2Fwp%2Fv2%2Ftags&post=1771"}],"curies":[{"name":"wp","href":"https:\/\/api.w.org\/{rel}","templated":true}]}}