{"id":2080,"date":"2021-05-15T10:20:00","date_gmt":"2021-05-15T08:20:00","guid":{"rendered":"https:\/\/behappy8.org\/?p=2080"},"modified":"2024-10-02T09:39:32","modified_gmt":"2024-10-02T07:39:32","slug":"les-8-entretiens-1ere-partie-du-5eme-entretien","status":"publish","type":"post","link":"https:\/\/behappy8.org\/?p=2080","title":{"rendered":"Les 8 entretiens (1\u00e8re Partie du 5\u00e8me Entretien)"},"content":{"rendered":"\n\n\n<div style=\"height:41px\" aria-hidden=\"true\" class=\"wp-block-spacer\"><\/div>\n\n\n\n<figure class=\"wp-block-audio\"><audio controls src=\"https:\/\/behappy8.org\/wp-content\/uploads\/2024\/09\/Les-8-entretiens-1ere-Partie-du-5eme-Entretien.m4a\"><\/audio><figcaption class=\"wp-element-caption\">Les&nbsp;8&nbsp;Entretiens&nbsp;:&nbsp;1\u00e8re&nbsp;Partie&nbsp;du&nbsp;5\u00e8me&nbsp;Entretien<\/figcaption><\/figure>\n\n\n\n<div style=\"height:40px\" aria-hidden=\"true\" class=\"wp-block-spacer\"><\/div>\n\n\n\n<p class=\"has-text-align-right\"> <em>Mardi 17 ao\u00fbt 2021<\/em><\/p>\n\n\n\n<p class=\"has-text-align-center\"><strong>ENTRETIEN N\u00b0&nbsp;5<\/strong><strong><\/strong><\/p>\n\n\n\n<p class=\"has-text-align-center\"><em>De Deux Petits Artisans de la Lumi\u00e8re parmi d\u2019autres&nbsp;:&nbsp;<\/em>\u25a0 et \u25cf<\/p>\n\n\n\n<div style=\"height:40px\" aria-hidden=\"true\" class=\"wp-block-spacer\"><\/div>\n\n\n\n<div style=\"height:40px\" aria-hidden=\"true\" class=\"wp-block-spacer\"><\/div>\n\n\n\n<p class=\"has-text-align-right\"><em>Parler technique, c\u2019est aussi parler \u00ab\u00a0Lumi\u00e8re<\/em>\u00ab\u00a0<\/p>\n\n\n\n<p>\u25a0<\/p>\n\n\n\n<p>Ton activit\u00e9 de transcription a-t-elle  \u00e9t\u00e9 agr\u00e9able&nbsp;? Au niveau technique, tout va bien&nbsp;?&nbsp;<\/p>\n\n\n\n<p>\u25cf<\/p>\n\n\n\n<p>Oui&nbsp;! Mais, c\u2019est un peu crispant\u2026 Il faut que je fasse \u00e7a par petit bout, parce que, sinon\u2026<\/p>\n\n\n\n<p>\u25a0<\/p>\n\n\n\n<p>Ah ben oui ! C\u2019est un gros travail dans lequel tu t&rsquo;es lanc\u00e9&nbsp;! Et je t&rsquo;en remercie&#8230;<\/p>\n\n\n\n<p>\u25cf<\/p>\n\n\n\n<p>C\u2019est comme \u00e7a\u2026 Il faut entendre, puis transcrire&#8230; Et je n\u2019ai pas encore trouv\u00e9 le bon truc pour le faire facilement.<\/p>\n\n\n\n<p>\u25a0<\/p>\n\n\n\n<p>Oui&nbsp;! C\u2019est une activit\u00e9 qui prend du temp\u2026<\/p>\n\n\n\n<p>\u25cf<\/p>\n\n\n\n<p>Oui&nbsp;! \u00c7a prend un temps fou, en fait&nbsp;! Mais je le fais par petit morceau et comme cela, c\u2019est pas mal.<\/p>\n\n\n\n<p>\u25a0<\/p>\n\n\n\n<p>Tu as beaucoup de courage&#8230;<\/p>\n\n\n\n<p>Moi, pour le faire, je divise mon \u00e9cran en deux\u2026<\/p>\n\n\n\n<p>\u25cf<\/p>\n\n\n\n<p>Mon truc \u00e0 moi, ce n\u2019est finalement pas mal\u2026 Mais, dor\u00e9navant, je vais peut-\u00eatre taper directement\u2026 Parce que jusqu\u2019\u00e0 maintenant, je passais par une reconnaissance vocale&nbsp;: je dictais ce que j\u2019entendais et apr\u00e8s je corrigeais l&rsquo;\u00e9crit que j&rsquo;avais obtenu&#8230;<\/p>\n\n\n\n<p>\u25a0<\/p>\n\n\n\n<p>Cela te faisait un double travail, donc\u2026<\/p>\n\n\n\n<p>\u25cf<\/p>\n\n\n\n<p>Oui\u2026 Oui\u2026 Mais d\u2019un autre c\u00f4t\u00e9, \u00e7a marche plus vite\u2026 Enfin, je ne sais pas&nbsp;!<\/p>\n\n\n\n<p>\u25a0<\/p>\n\n\n\n<p>Ce n\u2019est pas s\u00fbr\u2026&nbsp;?<\/p>\n\n\n\n<p>\u25cf<\/p>\n\n\n\n<p>Non, ce n\u2019est pas s\u00fbr\u2026<\/p>\n\n\n\n<p>En effet hier, il me restait peu \u00e0 finir et, du coup, je l\u2019ai tap\u00e9 directement\u2026 et c\u2019est vrai que ce n\u2019est pas mal, aussi\u2026<\/p>\n\n\n\n<p>\u25a0<\/p>\n\n\n\n<p>J\u2019ai deux \u00e9crans, mais je n\u2019en utilise qu\u2019un seul, le grand, que j\u2019ai mis \u00e0 la hauteur de mes yeux quand je suis debout, car, actuellement, d\u00e8s que je le peux, je travaille plut\u00f4t debout qu\u2019assis et j\u2019ai donc organis\u00e9 mon bureau pour cela\u2026<\/p>\n\n\n\n<p>Mais nous ne pouvons pas \u00e9chapper au fait que, m\u00eame si nous nous organisons le mieux possible, c\u2019est \u00ab&nbsp;un gros travail&nbsp;\u00bb&nbsp;!<\/p>\n\n\n\n<p>\u25cf<\/p>\n\n\n\n<p>Oui, c\u2019est vrai&nbsp;: c\u2019est un gros travail\u2026<\/p>\n\n\n\n<p>\u25a0<\/p>\n\n\n\n<p>Cela t\u2019int\u00e9resse-t-il toujours de faire ces retranscriptions&nbsp;?&nbsp;<\/p>\n\n\n\n<p>\u25cf<\/p>\n\n\n\n<p>Oui&nbsp;! Nous allons continuer\u2026 Je vais continuer&#8230;<\/p>\n\n\n\n<p>\u25a0<\/p>\n\n\n\n<p>Cela t\u2019enrichit-il&nbsp;?<\/p>\n\n\n\n<p>\u25cf<\/p>\n\n\n\n<p>Ben, j\u2019ai fait un peu le point, l\u00e0, quand m\u00eame\u2026<\/p>\n\n\n\n<p>C\u2019est marrant, parce que, en fait, j\u2019ai l\u2019impression que nous avons tout dit&nbsp;!&nbsp;<\/p>\n\n\n\n<p>\u25a0<\/p>\n\n\n\n<p>Oui, c&rsquo;est vrai, les bases nous les avons dites&nbsp;! Elles sont si simples&nbsp;!<\/p>\n\n\n\n<p>\u25cf<\/p>\n\n\n\n<p>Cela peut \u00eatre r\u00e9sum\u00e9 sur une feuille ou deux\u2026 Et je l\u2019ai fait.<\/p>\n\n\n\n<p>Mais apr\u00e8s, il s\u2019agit d\u2019apprendre \u00e0 appliquer ces r\u00e8gles dans mon quotidien et de m\u2019entra\u00eener. Et pour cela, je me dis qu\u2019il faut du temps maintenant\u2026 du temps de pratique\u2026<\/p>\n\n\n\n<p>C\u2019est en effet dans le quotidien qu\u2019il faut exp\u00e9rimenter\u2026<\/p>\n\n\n\n<p>\u25a0<\/p>\n\n\n\n<p>Oui ! Bien s\u00fbr&nbsp;! Il faut r\u00e9p\u00e9ter. Nous n\u2019avons pas d\u2019autres syst\u00e8mes pour apprendre quoi que ce soit&nbsp;: \u00ab&nbsp;r\u00e9p\u00e9ter\u2026 r\u00e9p\u00e9ter\u2026 r\u00e9p\u00e9ter&nbsp;!&nbsp;\u00bb<\/p>\n\n\n\n<p>Nous-m\u00eames, avec ma compagne, nous n\u2019arr\u00eatons pas de r\u00e9p\u00e9ter\u2026 et cela depuis des ann\u00e9es&nbsp;!<\/p>\n\n\n\n<p><\/p>\n\n\n\n<p class=\"has-text-align-right\"><em>M\u00eame un balai sale peut balayer<\/em><em><\/em><\/p>\n\n\n\n<p>\u25cf<\/p>\n\n\n\n<p>Cela me fait penser \u00e0 une forme de rh\u00e9torique, tu sais&nbsp;? Une forme de discussion philosophique comme on nous l\u2019apprend en terminale\u2026&nbsp;<\/p>\n\n\n\n<p>Il y a des propositions qui d\u00e9coulent les unes des autres\u2026 Et l\u00e0, c\u2019est un peu \u00e7a\u2026 Et l\u00e0, tac, tac, tac&#8230; On arrive \u00e0 une forme de conclusion\u2026 L\u00e0, c\u2019est \u00e9galement un peu \u00e7a.&nbsp;<\/p>\n\n\n\n<p>Mais, il est vrai qu&rsquo;en raisonnant comme cela, je trouve que nous arrivons \u00e0 des choses extraordinaires&nbsp;! Des r\u00e9sultats vraiment extraordinaires !<\/p>\n\n\n\n<p>Mais, maintenant&nbsp;! il faut les vivre\u2026<\/p>\n\n\n\n<p>Moi, j\u2019ai remarqu\u00e9 une chose, m\u00eame si ce n\u2019est pas encore int\u00e9gr\u00e9 et ce ne le sera s\u00fbrement jamais compl\u00e8tement\u2026&nbsp;<\/p>\n\n\n\n<p>\u25a0<\/p>\n\n\n\n<p>Oui, tu as raison&nbsp;: ce ne sera jamais int\u00e9gr\u00e9 compl\u00e8tement\u2026 puisque Dieu Est Infini\u2026&nbsp;<\/p>\n\n\n\n<p>Donc, la Lumi\u00e8re dont nous cherchons \u00e0 avoir de plus en plus conscience Est Infinie\u2026&nbsp;<\/p>\n\n\n\n<p>Et donc, c\u2019est \u00e9ternellement que nous allons continuer \u00e0 La d\u00e9couvrir&#8230;<\/p>\n\n\n\n<p>\u25cf<\/p>\n\n\n\n<p>Mais, cela a quand m\u00eame chang\u00e9, en moi, des choses assez profondes&#8230; Dans la mesure o\u00f9 j\u2019ai l\u2019impression que je me lib\u00e8re un petit peu maintenant, par exemple, de ce \u00ab&nbsp;but \u00e0 atteindre&nbsp;\u00bb&nbsp;dont nous parlions dans ce que je transcrivais hier de notre 4<sup>\u00e8me<\/sup>&nbsp;entretien.&nbsp;<\/p>\n\n\n\n<p>Et \u00e7a c\u2019est fondamental pour moi, car j\u2019ai pass\u00e9 ma vie, ou, probablement mes vies d\u2019ailleurs, \u00e0 chercher \u00e0 atteindre un but qui aurait \u00e9t\u00e9 \u00ab&nbsp;d\u00e9finitif&nbsp;\u00bb, final&#8230;&nbsp;<\/p>\n\n\n\n<p>\u25a0<\/p>\n\n\n\n<p>Oui&nbsp;! Eh oui&nbsp;! \u00c7a, c\u2019est l\u2019ombre qui nous l\u2019avait appris, d\u00e8s que nous l\u2019avons imagin\u00e9e\u2026 L\u2019ombre a toujours divis\u00e9 entre toi et ton but\u2026<\/p>\n\n\n\n<p>Depuis son invention, l\u2019ombre nous a enseign\u00e9 que Dieu est l\u00e0-bas, l\u00e0-bas, hors de port\u00e9e\u2026 et que, nous, nous sommes ici, bien loin de Lui&nbsp;!<\/p>\n\n\n\n<p>Pour cela, il a fallu que l&rsquo;ombre, sans cesse, interdire la pens\u00e9e que \u00ab\u00a0Dieu Est Tout\u00a0\u00bb&#8230;<\/p>\n\n\n\n<p>Pour l&rsquo;ombre Dieu n&rsquo;a jamais \u00e9t\u00e9 tout : il y avait le bien de Dieu et \u00ab\u00a0le mal\u00a0\u00bb qui n&rsquo;\u00e9tait pas Dieu du tout ! Et cette pens\u00e9e a \u00e9t\u00e9 d\u00e9fendue bec et ongles pendant des mill\u00e9naires&nbsp;!<\/p>\n\n\n\n<p>\u25cf<\/p>\n\n\n\n<p>Alors, \u00e7a, \u00e7a commence \u00e0 rentrer\u2026 un petit peu&nbsp;!<\/p>\n\n\n\n<p>Et c\u2019est un soulagement \u00e9norme&nbsp;! Cela change toute ma perspective\u2026<\/p>\n\n\n\n<p>Et du coup j\u2019arrive mieux \u00e0 me poser&#8230; Et j&rsquo;accepte de mieux en mieux les situations, l\u00e0 o\u00f9 elles en sont&#8230; Et ensuite j\u2019essaye de les vivre dans la Lumi\u00e8re le mieux possible\u2026&nbsp;<\/p>\n\n\n\n<p>Cela \u00e9tant, je sais qu\u2019il y a la Lumi\u00e8re toujours Omnipr\u00e9sente et que c\u2019est donc Elle que je vis \u00e0 chaque instant\u2026&nbsp;<\/p>\n\n\n\n<p>Et, si je ne la vois pas, c\u2019est un probl\u00e8me de perte de conscience de ma part&nbsp;! Mais Elle est l\u00e0&nbsp;!&nbsp;<\/p>\n\n\n\n<p>Et du coup, \u00e7a att\u00e9nue beaucoup mon v\u00e9cu qui est plus doux\u2026<\/p>\n\n\n\n<p>\u25a0<\/p>\n\n\n\n<p>Eh oui, cela nous rassure\u2026<\/p>\n\n\n\n<p>\u25cf<\/p>\n\n\n\n<p>Oui&nbsp;! C&rsquo;est \u00e7a&nbsp;! Alors, \u00e7a\u2026 \u00e7a va&nbsp;! Mais, il y a encore tous les automatismes que je vis\u2026<\/p>\n\n\n\n<p><\/p>\n\n\n\n<p class=\"has-text-align-right\"><em>Notre perte de conscience n\u2019est que de Lumi\u00e8re V\u00e9ritable<\/em><em><\/em><\/p>\n\n\n\n<p>\u25a0<\/p>\n\n\n\n<p>Oui, voil\u00e0&nbsp;! En effet, tout va y passer\u2026 En fait, c\u2019est \u00ab&nbsp;toute l\u2019ombre de l\u2019humanit\u00e9&nbsp;\u00bb qui se pr\u00e9sente \u00e0 notre conscience pour \u00eatre reconnue comme Lumi\u00e8re.<\/p>\n\n\n\n<p>Cela fait quand m\u00eame des dizaines de milliers d\u2019ann\u00e9es que nous avons imagin\u00e9e l\u2019ombre, d&rsquo;innombrables fois, chaque jour de nos nombreuses vies humaines\u2026 <\/p>\n\n\n\n<p>Nous avons fait cela en freinant la vitesse d&rsquo;ouverture naturelle de notre conscience \u00e0 la Lumi\u00e8re&nbsp;!<\/p>\n\n\n\n<p>\u25cf<\/p>\n\n\n\n<p>C\u2019est ce que j\u2019ai retranscrit encore hier de notre 4<sup>\u00e8me<\/sup>&nbsp;entretien, o\u00f9 je te disais&nbsp;: \u00ab&nbsp;Mais en fait, il faut que je profite tant que tout va encore bien\u2026 Mais en fait, actuellement, tout ne va pas bien dans l&rsquo;humanit\u00e9 et pour la terre\u2026 Mais, c&rsquo;est vrai que cela ne va pas encore trop mal\u2026&nbsp;\u00bb&nbsp;<\/p>\n\n\n\n<p>Alors, il faut que j&rsquo;en profite&#8230; Mais cependant&nbsp;: l\u2019ombre est bien l\u00e0&nbsp;!<\/p>\n\n\n\n<p>\u25a0<\/p>\n\n\n\n<p>Oui&nbsp;! Du fait de sa programmation, nous avons pu vraiment croire que l\u2019ombre \u00e9tait l\u00e0, mais, en m\u00eame temps, cette ombre, ce n\u2019est que la Lumi\u00e8re dont nous avions simplement perdu conscience\u2026&nbsp;<\/p>\n\n\n\n<p>Mais, nous avons quand m\u00eame vraiment beaucoup perdu conscience&nbsp;! Donc \u00ab&nbsp;nous y avons&nbsp;cru, vraiment&nbsp;\u00bb&nbsp;! Nous&nbsp;nous&nbsp;y&nbsp;sommes donn\u00e9&nbsp;! Nous&nbsp;en&nbsp;avons pris une grande habitude&nbsp;!<\/p>\n\n\n\n<p>Oui&nbsp;! Nous avons pris l\u2019habitude de \u00ab\u00a0croire voir\u00a0\u00bb l\u2019ombre l\u00e0&#8230; et encore l\u00e0\u2026 Nous avons pris l\u2019habitude de croire diviser&#8230; et encore diviser\u2026 Nous avons pris l\u2019habitude d\u2019imaginer la s\u00e9paration&#8230; et encore la s\u00e9paration\u2026 Bien&nbsp;s\u00fbr,&nbsp;&nbsp;toujours avec sa douleur bienfaisante&nbsp;!<\/p>\n\n\n\n<p>Et cette ombre se pr\u00e9sente \u00e0 nous, et se repr\u00e9sentera \u00e0 nous, toujours accompagn\u00e9e de la souffrance&nbsp;lumineuse, autant de fois que n\u00e9cessaire pour que nous puissions la reconna\u00eetre pour ce qu\u2019elle est en R\u00e9alit\u00e9&nbsp;: Lumi\u00e8re&#8230; Pure Lumi\u00e8re\u2026&nbsp;<\/p>\n\n\n\n<p>Il n\u2019y a pas d\u2019autres options&nbsp;!<\/p>\n\n\n\n<p>\u25cf<\/p>\n\n\n\n<p>Mais, tu sais, cela me fait penser un peu \u00e0 la science-fiction. J\u2019ai lu \u00e9norm\u00e9ment de science-fiction\u2026 C\u2019est comme si nous vivions dans un r\u00eave, un r\u00eave construit qui n\u2019est pas \u00ab&nbsp;la R\u00e9alit\u00e9&nbsp;\u00bb \u2026<\/p>\n\n\n\n<p>\u25a0<\/p>\n\n\n\n<p>Oui&nbsp;! C\u2019est un peu vrai\u2026, mais&#8230;<\/p>\n\n\n\n<p>\u25cf<\/p>\n\n\n\n<p>Et c\u2019est \u00e7a qu\u2019il faut que nous d\u00e9couvrions&nbsp;: il faut sortir du r\u00eave pour vivre la R\u00e9alit\u00e9.<\/p>\n\n\n\n<p>\u25a0<\/p>\n\n\n\n<p>Oui, bien s\u00fbr&nbsp;! Mais, pour \u00ab\u00a0sortir\u00a0\u00bb du r\u00eave et pour vivre \u00ab&nbsp;la R\u00e9alit\u00e9 Absolue&nbsp;\u00bb, il nous faudra bien reconna\u00eetre que le r\u00eave lui-m\u00eame n\u2019est tiss\u00e9 que de la Lumi\u00e8re Pure, c\u2019est \u00e0 dire de la R\u00e9alit\u00e9 Absolue&nbsp;!<\/p>\n\n\n\n<p>Et c&rsquo;est cette prise de conscience qui n\u2019est pas facile pour nous, nous qui avons tant pratiqu\u00e9 l\u2019ombre&#8230; En&nbsp;effet, cette prise de conscience nous a toujours \u00e9t\u00e9 \u00ab\u00a0interdite\u00a0\u00bb par l&rsquo;ombre&nbsp;!&nbsp;<\/p>\n\n\n\n<p>Nous avons, presque tous, tant perdu conscience de la Lumi\u00e8re et de son Omnipr\u00e9sence&nbsp;!&nbsp;<\/p>\n\n\n\n<p>D\u00e8s que nous l\u2019avons imagin\u00e9e, l\u2019ombre nous a enseign\u00e9 la s\u00e9paration&#8230; Et maintenant, il faut, \u00e0 chaque fois que nous rencontrons l\u2019ombre, que nous r\u00e9unissions l\u2019ombre \u00e0 la Lumi\u00e8re\u2026 que nous redonnions l\u2019ombre \u00e0 la Lumi\u00e8re.<\/p>\n\n\n\n<p>Or, cela nous a \u00e9t\u00e9 interdit par notre ombre elle-m\u00eame pendant tant de mill\u00e9naires\u2026&nbsp;<\/p>\n\n\n\n<p>Et nous avons tellement bien int\u00e9gr\u00e9 cet interdit de \u00ab\u00a0notre\u00a0\u00bb ombre&#8230; <\/p>\n\n\n\n<p>Pourtant, c&rsquo;est bien nous-m\u00eames, les \u00catres humains, qui avons fabriqu\u00e9e de toutes pi\u00e8ces cette ombre&#8230; <\/p>\n\n\n\n<p>Mais, du coup, trop bien programm\u00e9s par notre propre cr\u00e9ation, nous n\u2019avons plus os\u00e9 voir la Lumi\u00e8re \u00ab&nbsp;dans&nbsp;\u00bb l\u2019ombre&nbsp;!<\/p>\n\n\n\n<p>\u25cf<\/p>\n\n\n\n<p>Alors l\u00e0, je ne sais pas si c\u2019est juste\u2026 Attends un peu\u2026 Je r\u00e9fl\u00e9chis&#8230; Parce que ce n\u2019est pas toujours facile de penser librement\u2026&nbsp;<\/p>\n\n\n\n<p>Je me suis demand\u00e9 si ce n\u2019\u00e9tais pas une fa\u00e7on de dire que je r\u00eave et que je suis une exp\u00e9rience de Dieu\u2026 Mais, est-ce juste&nbsp;?<\/p>\n\n\n\n<p>\u25a0<\/p>\n\n\n\n<p>\u00ab\u00a0Je suis une conscience de Dieu\u00a0\u00bb\u2026 Moi, je le dis comme \u00e7a depuis pas mal de temps\u2026 Et toi, tu es une autre conscience de Dieu\u2026 <\/p>\n\n\n\n<p>Nous sommes des consciences de Dieu&nbsp;!<\/p>\n\n\n\n<p>Nous sommes des consciences de Dieu qui nous ouvrons toujours, depuis toujours et pour toujours\u2026<\/p>\n\n\n\n<p>Tout ce qui existes est une conscience de Dieu en \u00e9tat d&rsquo;ouverture&#8230;<\/p>\n\n\n\n<p>\u25cf<\/p>\n\n\n\n<p>Oui&#8230; Tu veux dire que nous sommes des consciences en expansion\u2026<\/p>\n\n\n\n<p>\u25a0<\/p>\n\n\n\n<p>Oui&nbsp;! C&rsquo;est cela.<\/p>\n\n\n\n<p>\u25cf<\/p>\n\n\n\n<p>Mais, l\u00e0, non&nbsp;! Ce n\u2019est pas \u00e0 ce niveau-l\u00e0 dont je parlais&nbsp;! C\u2019est plut\u00f4t le fait de\u2026 comment pourrai-je dire \u00e7a&nbsp;?<\/p>\n\n\n\n<p>Ce r\u00eave, c\u2019est une exp\u00e9rience de Dieu\u2026 c\u2019est comme si Dieu nous r\u00eavait. Et nous, nous r\u00eavons que nous ne sommes pas faits de Dieu. C\u2019est comme un jeu&nbsp;!<\/p>\n\n\n\n<p>Shakespeare disait que nous \u00e9tions des acteurs\u2026 Voil\u00e0&nbsp;! Nous jouons une pi\u00e8ce&nbsp;!&nbsp;<\/p>\n\n\n\n<p>Le seul probl\u00e8me, c\u2019est que nous nous prenons pour le r\u00f4le. Nous ne savons pas que nous sommes des acteurs. Le r\u00f4le, nous croyons que c\u2019est nous. Nous croyons vraiment que nous sommes le bon, le m\u00e9chant, le machin\u2026 etc.<\/p>\n\n\n\n<p>Mais, ce n\u2019est qu\u2019un r\u00f4le\u2026 et qu\u2019il faut le jouer quand m\u00eame&nbsp;! Je ne sais pas trop comment il faut prendre \u00e7a\u2026&nbsp;<\/p>\n\n\n\n<p>Car bon&nbsp;! il faut quand m\u00eame que je me m\u00e9fie, parce que, moi, j\u2019ai toujours eu, tout de m\u00eame, une tendance \u00e0 trouver des solutions qui me permettaient de \u00ab\u00a0m&rsquo;\u00e9chapper\u00a0\u00bb.<\/p>\n\n\n\n<p><\/p>\n\n\n\n<p class=\"has-text-align-right\"><em>Fuir&nbsp;! Un autre aspect de la Lumi\u00e8re<\/em><em><\/em><\/p>\n\n\n\n<p>\u25a0<\/p>\n\n\n\n<p>Oui, mais, si tu veux,&nbsp;les \u00e9chappatoires, ce sont des solutions momentan\u00e9es parfaites&nbsp;! En fait, ce sont des escaliers, ce sont des marches de ces escaliers\u2026 Ce ne sont pas des mauvaises solutions&nbsp;: ce sont des solutions parfaites du moment&nbsp;!&nbsp;<\/p>\n\n\n\n<p>Il ne faut pas les m\u00e9priser, ces fuites, ces \u00e9chappatoires\u2026&nbsp;&nbsp;<\/p>\n\n\n\n<p>\u25cf<\/p>\n\n\n\n<p>Oui&nbsp;! Mais, \u00ab\u00a0fuir\u00a0\u00bb, ce n\u2019est pas bien&nbsp;!<\/p>\n\n\n\n<p>\u25a0<\/p>\n\n\n\n<p>Eh bien non&nbsp;! La fuite est saine&nbsp;!<\/p>\n\n\n\n<p>La fuite, dans des tas de situations, c\u2019est la meilleure solution&nbsp;! Donc la fuite n\u2019est pas hors de Dieu&nbsp;! &#8230; Si Dieu Est Tout, bien s\u00fbr&#8230;<\/p>\n\n\n\n<p>\u25cf<\/p>\n\n\n\n<p>Oui&#8230; c\u2019est comme tout le reste, c\u2019est vrai&nbsp;! Dieu Est Tout.<\/p>\n\n\n\n<p>\u25a0<\/p>\n\n\n\n<p>Oui&nbsp;! C\u2019est comme tout le reste&nbsp;: la fuite est une expression de la Lumi\u00e8re comme une autre\u2026 Et elle est bienvenue, elle est juste pour tout le monde\u2026 au bon moment&nbsp;!<\/p>\n\n\n\n<p>Le bon moment pour fuir, c&rsquo;est quand nous sommes plus heureux de fuir que de ne pas fuir\u2026 L\u00e0, il faut fuir&nbsp;!<\/p>\n\n\n\n<p>Parce que, pour ne prendre qu\u2019un exemple animal tr\u00e8s simple&nbsp;: si le li\u00e8vre ne fuyait jamais le renard, l\u2019esp\u00e8ce du li\u00e8vre aurait disparu\u2026 et le renard \u00e9galement, ensuite, aurait disparu\u2026<\/p>\n\n\n\n<p>L\u2019\u00e9quilibre entre la fuite et la r\u00e9sistance ou l\u2019attaque permet souvent \u00e0 la vie de continuer&#8230; Et pouvoir continuer \u00e0 vivre, c&rsquo;est pouvoir continuer \u00e0 b\u00e9n\u00e9ficier de l&rsquo;ouverture de notre conscience&nbsp;!<\/p>\n\n\n\n<p>Donc, la vie nous a donn\u00e9, depuis des milliards d\u2019ann\u00e9es, la fuite pour pouvoir continuer \u00e0 exister dans certaines situations\u2026 Et c\u2019est ce qui permet \u00e0 l&rsquo;\u00e9cologie globale, de rester harmonieuse.<\/p>\n\n\n\n<p>Si une partie seulement du syst\u00e8me ne peut plus fonctionner compl\u00e8tement, tout le reste est d\u00e9s\u00e9quilibr\u00e9 et le syst\u00e8me cherchera une autre solution.<\/p>\n\n\n\n<p>Et la fuite, sans aucun doute, en fera \u00e0 nouveau partie.<\/p>\n\n\n\n<p>\u25cf<\/p>\n\n\n\n<p>Oui&nbsp;! Mais ma question, c\u2019est de savoir : comment je peux vivre au mieux l\u2019exp\u00e9rience qui m&rsquo;est donn\u00e9e&nbsp;? En y croyant et en m\u00eame temps en sachant que c\u2019est un jeu et que je suis quand m\u00eame tr\u00e8s habit\u00e9e par l\u2019ombre. Mais, je comprends qu&rsquo;elle aussi, l&rsquo;ombre, fait partie du jeu\u2026&nbsp;<\/p>\n\n\n\n<p>\u25a0<\/p>\n\n\n\n<p>En tous les cas, pour l\u2019instant&#8230; L&rsquo;ombre fait partie du jeu \u00ab\u00a0actuel\u00a0\u00bb\u2026<\/p>\n\n\n\n<p>La Lumi\u00e8re Seule est \u00c9ternelle&#8230; L&rsquo;ombre, elle, elle a eu un d\u00e9but et elle aura une fin.<\/p>\n\n\n\n<p>\u25cf<\/p>\n\n\n\n<p>Oui ! Il faut que j\u2019y crois et que je joue \u00e0 fond\u2026 et en m\u00eame temps savoir\u2026 que ce n\u2019est pas la R\u00e9alit\u00e9.<\/p>\n\n\n\n<p>\u25a0<\/p>\n\n\n\n<p>Alors, l\u00e0, faisons, ensemble, un petit rappel&nbsp;! <\/p>\n\n\n\n<p>R\u00e9ellement, l\u2019ombre fait partie de la R\u00e9alit\u00e9&nbsp;: l\u2019ombre c\u2019est la R\u00e9alit\u00e9 dont nous avons perdu conscience&nbsp;! Mais c\u2019est la R\u00e9alit\u00e9&#8230; L&rsquo;ombre n&rsquo;est faite que de la R\u00e9alit\u00e9.<\/p>\n\n\n\n<p>Le tissu de l\u2019ombre, la structure de l\u2019ombre c\u2019est la Lumi\u00e8re Elle-m\u00eame. L\u2019\u00e9nergie de l\u2019ombre c\u2019est la Lumi\u00e8re Elle-m\u00eame.&nbsp;<\/p>\n\n\n\n<p>C\u2019est simplement la Lumi\u00e8re dont nous avons m\u00e9sus\u00e9 : nous en avions perdu conscience\u2026 Mais, c\u2019est, \u00e0 l\u2019origine, et pour toujours, un don de Dieu&nbsp;! Comme tout ce qui existe et qui ne peut \u00eatre que Lui&#8230;<\/p>\n\n\n\n<p><\/p>\n\n\n\n<p class=\"has-text-align-right\"><em>Du bon usage de l\u2019ombre<\/em><\/p>\n\n\n\n<p>\u25cf<\/p>\n\n\n\n<p>Mais alors, comment serait \u00ab&nbsp;un non-m\u00e9susage de l\u2019ombre&nbsp;\u00bb&nbsp;?<\/p>\n\n\n\n<p>\u25a0<\/p>\n\n\n\n<p>Alors, l\u00e0&#8230; C\u2019est l\u2019Amour Absolue\u2026&nbsp;C&rsquo;est l&rsquo;Amour Inconditionnel&#8230;<\/p>\n\n\n\n<p>C\u2019est fonctionner avec la conscience de la Lumi\u00e8re et seulement avec cette conscience\u2026<\/p>\n\n\n\n<p>Mais, ce \u00ab\u00a0non-m\u00e9susage\u00a0\u00bb de l\u2019ombre, nous ne le conna\u00eetrons totalement que lorsque nous retrouverons le Paradis que nous avons perdu depuis la premi\u00e8re erreur de celui que nous appelons, dans notre tradition, Ca\u00efn.<\/p>\n\n\n\n<p>En effet, \u00e0 la suite de Ca\u00efn, nous avons beaucoup perdu conscience de la Lumi\u00e8re&#8230;<\/p>\n\n\n\n<p>Et nous pouvons dire que nous avons continu\u00e9 \u00e0 inventer l\u2019ombre qu&rsquo;il a pour la premi\u00e8re fois imagin\u00e9e lui-m\u00eame&#8230; Et nous avons, de vies en vies enrichi son imagination de l&rsquo;ombre\u2026 Nous l&rsquo;avons largement suivi&nbsp;!<\/p>\n\n\n\n<p>Nous avons v\u00e9cu trop souvent en fonction de cette imagination d\u2019ombre. Nous avons, trop souvent, et sur beaucoup de sujets, perdu le go\u00fbt et la conscience de la Lumi\u00e8re.<\/p>\n\n\n\n<p>Mais, nous n&rsquo;avons pas \u00ab&nbsp;que&nbsp;\u00bb perdu conscience de la Lumi\u00e8re&nbsp;!<\/p>\n\n\n\n<p>Dans l\u2019humanit\u00e9, il y a toujours une tr\u00e8s grande conscience de la Lumi\u00e8re\u2026 heureusement&nbsp;!<\/p>\n\n\n\n<p>Mais c&rsquo;est vrai que l&rsquo;ombre \u00ab\u00a0fait grand bruit\u00a0\u00bb&nbsp;!<\/p>\n\n\n\n<p>\u25cf<\/p>\n\n\n\n<p>Mais, en vrai, nous n&rsquo;avons pas tant \u00ab\u00a0imagin\u00e9\u00a0\u00bb l\u2019ombre, puisque nous avons dit que l&rsquo;ombre fait partie de la R\u00e9alit\u00e9&nbsp;?<\/p>\n\n\n\n<p><\/p>\n\n\n\n<p class=\"has-text-align-right\"><em>La question est l\u2019enfance de la r\u00e9ponse<\/em><\/p>\n\n\n\n<p>\u25a0<\/p>\n\n\n\n<p>C\u2019est une question int\u00e9ressante que tu poses l\u00e0&nbsp;! Quelle r\u00e9ponse allons-nous \u00eatre heureux d&rsquo;imaginer ensemble ?<\/p>\n\n\n\n<p>Car notre but dans nos entretiens, c&rsquo;est de penser, donc d&rsquo;imaginer, ce que nous sommes les plus heureux de penser, ce que nous sommes les plus heureux d&rsquo;imaginer&#8230; N&rsquo;est-ce pas ?<\/p>\n\n\n\n<p>\u25cf<\/p>\n\n\n\n<p>Oui! C&rsquo;est vrai, nous nous rencontrons pour cela.<\/p>\n\n\n\n<p>\u25a0<\/p>\n\n\n\n<p>\u00c0 partir du moment o\u00f9, \u00ab\u00a0nous\u00a0\u00bb, nous avons choisi de croire en l&rsquo;ombre que, \u00ab\u00a0nous\u00a0\u00bb, nous avions imagin\u00e9e, cela a fait partie de ce que nous pouvons appeler \u00ab&nbsp;notre r\u00e9alit\u00e9&nbsp;\u00bb \u2026 Mais pas \u00ab\u00a0La R\u00e9alit\u00e9\u00a0\u00bb&nbsp;!<\/p>\n\n\n\n<p>Nous pourrions dire qu\u2019elle fait partie de notre \u00ab&nbsp;r\u00e9alit\u00e9 imagin\u00e9e&nbsp;\u00bb ou peut-\u00eatre dans un langage plus moderne que c&rsquo;est un aspect de notre \u00ab&nbsp;r\u00e9alit\u00e9 virtuelle&nbsp;\u00bb \u2026<\/p>\n\n\n\n<p>Mais tout cela, que nous le nommions \u00ab\u00a0R\u00e9alit\u00e9 \u00c9ternelle\u00a0\u00bb, \u00ab\u00a0r\u00e9alit\u00e9 imagin\u00e9e\u00a0\u00bb, ou \u00ab\u00a0ombre\u00a0\u00bb qui est un aspect de note r\u00e9alit\u00e9 imagin\u00e9e, tout cela ne fait-il pas partie de la R\u00e9alit\u00e9 Divine, comme tout ce qui existe&nbsp;?&nbsp;<\/p>\n\n\n\n<p>Et la R\u00e9alit\u00e9 Divine, Elle, n\u2019est-Elle pas que Lumi\u00e8re&nbsp;?<\/p>\n\n\n\n<p>\u25cf<\/p>\n\n\n\n<p>Ah ben oui&nbsp;!<\/p>\n\n\n\n<p>\u25a0<\/p>\n\n\n\n<p>Si tu veux, avant que l\u2019homme n\u2019existe il n\u2019y avait \u00ab\u00a0que\u00a0\u00bb la Lumi\u00e8re. La Lumi\u00e8re se manifestait, Seule, dans les min\u00e9raux, dans les v\u00e9g\u00e9taux, et puis dans les animaux\u2026<\/p>\n\n\n\n<p>Ainsi, par exemple, les animaux, eux, ne connaissaient pas l\u2019ombre.&nbsp;<\/p>\n\n\n\n<p>Les animaux ne pouvaient pas imaginer l&rsquo;ombre\u2026 <\/p>\n\n\n\n<p>Les \u00catres animaux, mais \u00e9galement, les \u00catres v\u00e9g\u00e9taux et les \u00catres min\u00e9raux, ne pouvaient pas vivre selon autre chose que la Loi Divine qu&rsquo;est la Lumi\u00e8re. <\/p>\n\n\n\n<p>Tous n\u2019avaient pas encore de libre arbitre humain. Ils ne pouvait donc vivre que  selon la Lumi\u00e8re, avec une certaine conscience\u2026 Mais sans une \u00ab\u00a0libert\u00e9\u00a0\u00bb de conscience&#8230; <\/p>\n\n\n\n<p>Ils y avaient bien, et il y a toujours, une conscience min\u00e9rale, une conscience v\u00e9g\u00e9tale et une conscience animale.<\/p>\n\n\n\n<p>Mais tous ces \u00catres, innombrables, ont v\u00e9cu chacun leur conscience, oui, bien s\u00fbr&#8230; Mais, jusqu&rsquo;\u00e0 l\u00e0, sans le libre arbitre, c&rsquo;est \u00e0 dire sans la libert\u00e9 de conscience qui ne nous a \u00e9t\u00e9 donn\u00e9 que lorsque l&rsquo;\u00catre humain a pris naissance sur notre plan\u00e8te\u2026&nbsp;<\/p>\n\n\n\n<p>Mais, \u00e0 partir du moment o\u00f9 l\u2019homme est apparu, avec ce fameux \u00ab&nbsp;libre arbitre&nbsp;\u00bb, il a pu, rapidement, trop souvent, m\u00e9suser de cette \u00ab&nbsp;libre conscience&nbsp;\u00bb pour perdre conscience de la Lumi\u00e8re, plut\u00f4t que pour avoir une belle ouverture permanente de la conscience de la Lumi\u00e8re qui aurait d\u00fb ainsi se r\u00e9pandre, \u00e0 partir de lui et en toute libert\u00e9 sur toute la terre\u2026<\/p>\n\n\n\n<p><\/p>\n\n\n\n<p class=\"has-text-align-right\"><em>Nous reprenons conscience du Paradis<\/em><\/p>\n\n\n\n<p>Heureusement, finalement, ceci se r\u00e9alisera \u00e0 la fin de cette p\u00e9riode d\u2019ombre que nous vivons depuis environ 150.000 ans&nbsp;: nous retrouverons l&rsquo;\u00e9tat de Paradis&nbsp;!&nbsp;<\/p>\n\n\n\n<p>C\u2019est-\u00e0-dire que nous revivrons uniquement selon la Lumi\u00e8re\u2026 selon notre conscience toujours grandissante de la Lumi\u00e8re.<\/p>\n\n\n\n<p>Mais, cela n\u2019arrivera, \u00e0 mon point de vue, que lorsque nous aurons r\u00e9ussi \u00e0 reconna\u00eetre la Lumi\u00e8re dans \u00ab\u00a0toute\u00a0\u00bb l\u2019ombre que nous avions imagin\u00e9e jusqu&rsquo;\u00e0 l\u00e0 et que donc, nous avions v\u00e9cu.<\/p>\n\n\n\n<p>Car nous vivons ce que nous pensons&#8230; Chacun de nous vit vraiment ce qu&rsquo;il pense&#8230; <\/p>\n\n\n\n<p>Alors, l\u00e0,  il n\u2019y aura plus d\u2019ombre. Toute l\u2019ombre aura \u00e9t\u00e9 rendue \u00e0 la Lumi\u00e8re. Et donc m\u00eame nos m\u00e9moires, que l\u2019on avait crues ombreuses, seront reconnues Lumi\u00e8re.<\/p>\n\n\n\n<p>\u25cf<\/p>\n\n\n\n<p>Mais alors, cela veut-il dire que l\u2019ombre\u2026&nbsp;disparaitra ?<\/p>\n\n\n\n<p>\u25a0<\/p>\n\n\n\n<p>Oui&nbsp;! L\u2019ombre, elle, elle a un d\u00e9but et une fin\u2026&nbsp;Toujours&nbsp;!<\/p>\n\n\n\n<p>C&rsquo;est la Lumi\u00e8re avec laquelle nous l&rsquo;avons \u00ab\u00a0fabriqu\u00e9e\u00a0\u00bb qui, Elle, est \u00c9ternelle, mais pas l&rsquo;ombre\u2026<\/p>\n\n\n\n<p>\u25cf<\/p>\n\n\n\n<p>Oui, mais elle fait partie du jeu de Dieu&nbsp;!<\/p>\n\n\n\n<p>\u25a0<\/p>\n\n\n\n<p>Non&nbsp;! Elle fait partie de \u00ab&nbsp;notre&nbsp;\u00bb jeu&nbsp;! Je veux dire qu&rsquo;elle est permise par Dieu, du fait de son Amour Parfait et \u00c9ternel&#8230; Du fait de Sa Foi Absolue en nous.<\/p>\n\n\n\n<p>L&rsquo;\u00c9nergie de l&rsquo;ombre, sa R\u00e9alit\u00e9 profonde, c\u2019est la Lumi\u00e8re\u2026 mais dont l\u2019\u00catre humain a pu perdre, librement, conscience.&nbsp;<\/p>\n\n\n\n<p>C\u2019est cette perte de conscience qui nous appartient&nbsp;!&nbsp;<\/p>\n\n\n\n<p>Mais, Dieu, Lui, Il ne peut pas perdre conscience de Lui-m\u00eame\u2026 N&rsquo;est-ce pas ?<\/p>\n\n\n\n<p>\u25cf<\/p>\n\n\n\n<p>Non&nbsp;! Bien s\u00fbr&#8230;<\/p>\n\n\n\n<p>\u25a0<\/p>\n\n\n\n<p>L\u2019animal, lui, ne peut pas ralentir l&rsquo;ouverture naturelle de sa conscience animale\u2026<\/p>\n\n\n\n<p>Mais nous, les \u00catres humains, nous avons pu ralentir l&rsquo;ouverture naturelle de la conscience humaine de la Lumi\u00e8re, gr\u00e2ce \u00e0 ce fameux libre arbitre qui nous a \u00e9t\u00e9 donn\u00e9 et dont nous avons pu m\u00e9suser&nbsp;!<\/p>\n\n\n\n<p>Et l\u00e0, nous avons cr\u00e9\u00e9 l\u2019ombre illusoire\u2026 Et nous l&rsquo;avons, imm\u00e9diatement, v\u00e9cue&nbsp;! Et d\u00e8s que nous la vivons appara\u00eet notre merveilleuse souffrance lumineuse qui, depuis son d\u00e9but, nous invite \u00e0 l&rsquo;aimer&#8230; C&rsquo;est \u00e0 dire \u00e0 la rendre \u00e0 la Lumi\u00e8re.<\/p>\n\n\n\n<p>L\u2019ombre n\u2019est pas une cr\u00e9ation de la Lumi\u00e8re, c\u2019est une libre d\u00e9cision de l\u2019homme\u2026 Mais La structure de l\u2019ombre, son \u00e9nergie, sa masse, son tissu, c\u2019est n\u00e9cessairement de la Lumi\u00e8re Pure.<\/p>\n\n\n\n<p>Car, il n\u2019y a que la Lumi\u00e8re qui Existe&nbsp;!<\/p>\n\n\n\n<p>C&rsquo;est bien l\u00e0 ce que nous sommes les plus heureux de penser, tous les deux ?<\/p>\n\n\n\n<p>\u25cf<\/p>\n\n\n\n<p>Oui&nbsp;! je vois bien cela de mieux en mieux\u2026<\/p>\n\n\n\n<p><\/p>\n\n\n\n<p class=\"has-text-align-right\"><em>Seule la Lumi\u00e8re Existe<\/em><\/p>\n\n\n\n<p>\u25a0<\/p>\n\n\n\n<p>Il n\u2019y a rien d\u2019autre possible.&nbsp;<\/p>\n\n\n\n<p>\u25cf<\/p>\n\n\n\n<p>Non&nbsp;! il n\u2019y a rien d\u2019autre&nbsp;! C\u2019est vrai&nbsp;!<\/p>\n\n\n\n<p>\u25a0<\/p>\n\n\n\n<p>Toute cette ombre, c\u2019est de la Lumi\u00e8re Pure dont nous avons seulement perdu conscience&nbsp;!&nbsp;<\/p>\n\n\n\n<p>Et notre perte de conscience nous a fait cr\u00e9er des syst\u00e8mes de pens\u00e9e ombreuses, des formes ombreuses et des relations ombreuses \u2026&nbsp;Avec nous-m\u00eames, avec les autres \u00catres humains et avec tous les autres \u00catres qu&rsquo;ils soient min\u00e9raux, v\u00e9g\u00e9taux ou animaux \u00e9galement&#8230;<\/p>\n\n\n\n<p>Et finalement, cette perte de conscience a quand m\u00eame eu un impact consid\u00e9rable sur la totalit\u00e9 de la plan\u00e8te\u2026 <\/p>\n\n\n\n<p>Mais, c&rsquo;est un impact uniquement \u00ab&nbsp;momentan\u00e9&nbsp;\u00bb ! C&rsquo;est un impact qui bien que d&rsquo;apparence tr\u00e8s puissant \u00e0 nos yeux, tant qu&rsquo;ils ont choisi de voir l&rsquo;ombre s\u00e9par\u00e9e de la Lumi\u00e8re, aura cependant une fin\u2026<\/p>\n\n\n\n<p>\u25cf<\/p>\n\n\n\n<p>C\u2019est d\u2019ailleurs quand m\u00eame \u00e9tonnant que quelque chose qui ne soit pas r\u00e9el, cette ombre\u2026 puisse atteindre la R\u00e9alit\u00e9&nbsp;!<\/p>\n\n\n\n<p>\u25a0<\/p>\n\n\n\n<p>En fait, l\u2019ombre \u00ab&nbsp;n\u2019atteint pas&nbsp;\u00bb la R\u00e9alit\u00e9 dont elle aurait \u00e9t\u00e9 pr\u00e9tendument s\u00e9par\u00e9e\u2026 <\/p>\n\n\n\n<p>Non&nbsp;! l\u2019ombre \u00ab&nbsp;reste&nbsp;\u00bb une avec la R\u00e9alit\u00e9-Lumi\u00e8re depuis son d\u00e9but et jusqu\u2019\u00e0 sa fin\u2026<\/p>\n\n\n\n<p>Car en effet, la R\u00e9alit\u00e9-Lumi\u00e8re est \u00c9ternelle et Omnipr\u00e9sente\u2026 et Elle inclut tout, y compris toute l\u2019ombre que nous avons pu imaginer comme s\u00e9par\u00e9e d&rsquo;Elle&nbsp;!<\/p>\n\n\n\n<p>L\u2019ombre n\u2019a \u00e9t\u00e9 que la perte de conscience \u00ab\u00a0par l\u2019humain\u00a0\u00bb de cette R\u00e9alit\u00e9\u2026 et ceci depuis le presque d\u00e9but de l&rsquo;humanit\u00e9 et malgr\u00e9 le rappel courageux des \u00catres les plus \u00e9lev\u00e9s qui sont venus et revenus pour cela&nbsp;!<\/p>\n\n\n\n<p>En fait, nous avons dit que ce n\u2019\u00e9tait pas r\u00e9el parce que nous avons pr\u00e9tendu croire en la division&nbsp;! <\/p>\n\n\n\n<p>Nous avons cru que Dieu n&rsquo;\u00e9tait pas Tout&#8230; Nous avons cru que des aspects de nos \u00c2mes, de nos Pens\u00e9es et de nos Corps n&rsquo;\u00e9taient pas de Dieu&#8230;<\/p>\n\n\n\n<p>Nous nous sommes perdus dans\u00a0\u00bbl&rsquo;incroyance\u00a0\u00bb&#8230;<\/p>\n\n\n\n<p>Ainsi, nous avons perdu conscience de la Lumi\u00e8re dans certains de ses aspects que nous avons nomm\u00e9s alors, le plus souvent, \u00ab&nbsp;ombre&nbsp;\u00bb ou bien \u00ab\u00a0le mal\u00a0\u00bb\u2026<\/p>\n\n\n\n<p>Donc&nbsp;:&nbsp;<\/p>\n\n\n\n<p>Chaque fois que nous sommes rest\u00e9s bien conscients de la Lumi\u00e8re, nous avons pens\u00e9 et dit que \u00ab\u00a0Tout \u00c9tait Lumi\u00e8re\u00a0\u00bb\u2026&nbsp;<\/p>\n\n\n\n<p>Mais, lorsque, tr\u00e8s souvent, nous avons choisi de perdre conscience de la Lumi\u00e8re dans certains aspects de l&rsquo;existence, nous avons alors pr\u00e9tendu que \u00e7a c\u2019\u00e9tait l\u2019ombre, c&rsquo;\u00e9tait le mal, et que cette ombre n\u2019\u00e9tait pas la Lumi\u00e8re&nbsp;!&nbsp;<\/p>\n\n\n\n<p>Alors, nous avons donc bien pr\u00e9tendu que la Lumi\u00e8re n\u2019\u00e9tait pas Tout&nbsp;! Elle \u00e9tait soi-disant tout, sauf l\u2019ombre\u2026 Mais donc pas \u00ab\u00a0Absolument Tout\u00a0\u00bb&nbsp;!<\/p>\n\n\n\n<p>Mais, qu&rsquo;avec sa libre conscience, l\u2019homme ait pr\u00e9tendu que la Lumi\u00e8re n\u2019\u00e9tait pas Tout n\u2019a, en rien, chang\u00e9 le Tout que la Lumi\u00e8re Est depuis toujours et pour toujours.<\/p>\n\n\n\n<p>Cela n\u2019a divis\u00e9 le Tout&nbsp;qu\u2019en imagination&nbsp;! Cela n\u2019a cr\u00e9\u00e9 qu\u2019une illusion de s\u00e9paration&nbsp;!<\/p>\n\n\n\n<p><\/p>\n\n\n\n<p class=\"has-text-align-right\"><em>Yeux ouverts, yeux ferm\u00e9s&nbsp;: Lumi\u00e8re \u00c9ternelle<\/em><\/p>\n\n\n\n<p>Regarde&nbsp;! Voici une petite illustration qui va tenter d&rsquo;imager ce que nous sommes en train de dire&nbsp;!&nbsp;<\/p>\n\n\n\n<p>Tu existes, n\u2019est-ce pas ? Et tu es bien, l\u00e0, en face de moi&nbsp;? \u2026 Donc, avec mes yeux, je te vois, en face de moi\u2026 n\u2019est-ce pas&nbsp;?<\/p>\n\n\n\n<p>\u25cf<\/p>\n\n\n\n<p>Oui, bien s\u00fbr&nbsp;!<\/p>\n\n\n\n<p>\u25a0<\/p>\n\n\n\n<p>Tu existes, n\u2019est-ce pas ? Et je te vois&nbsp;?<\/p>\n\n\n\n<p>\u25cf<\/p>\n\n\n\n<p>Oui, c\u2019est vrai, sans aucun doute.<\/p>\n\n\n\n<p>\u25a0<\/p>\n\n\n\n<p>On est d\u2019accord&nbsp;!&nbsp;<\/p>\n\n\n\n<p>Maintenant, regarde, je ferme mes yeux&#8230; Et je ne te vois plus\u2026 J\u2019ai mis \u00ab\u00a0le voile\u00a0\u00bb de mes paupi\u00e8res devant mes yeux\u2026&nbsp;<\/p>\n\n\n\n<p>Je ne te vois plus, n\u2019est-ce pas&nbsp;?<\/p>\n\n\n\n<p>\u25cf<\/p>\n\n\n\n<p>Oui, bien s\u00fbr, puisque tu as ferm\u00e9 tes yeux&nbsp;!<\/p>\n\n\n\n<p>\u25a0<\/p>\n\n\n\n<p>Mais, est-ce que tu n\u2019existes plus parce que je ne te vois plus&nbsp;?<\/p>\n\n\n\n<p>\u25cf<\/p>\n\n\n\n<p>Non, bien s\u00fbr&nbsp;! J\u2019existe pareillement, que tu ais les yeux ouverts ou ferm\u00e9s&nbsp;!<\/p>\n\n\n\n<p>\u25a0<\/p>\n\n\n\n<p>Eh bien, c\u2019est la m\u00eame chose pour la R\u00e9alit\u00e9-Lumi\u00e8re&nbsp;:&nbsp;<\/p>\n\n\n\n<p>La Lumi\u00e8re a exist\u00e9 depuis toujours, bien avant que l&rsquo;homme puisse en avoir conscience&#8230;Bien avant que l\u2019homme puisse en perdre conscience \u00e9galement\u2026&nbsp;<\/p>\n\n\n\n<p>La Lumi\u00e8re a exist\u00e9 quand l\u2019homme en a perdu conscience\u2026&nbsp;<\/p>\n\n\n\n<p>Et la Lumi\u00e8re existera quand l\u2019homme en reprendra conscience&nbsp;!&nbsp;<\/p>\n\n\n\n<p>La Lumi\u00e8re est, tout simplement, \u00c9ternellement pr\u00e9sente et Infiniment Ind\u00e9pendante de notre libre conscience, c&rsquo;est \u00e0 dire de ce que, nous, nous choisissons de penser.<\/p>\n\n\n\n<p>La Lumi\u00e8re est \u00c9ternelle\u2026 C\u2019est la Vraie R\u00e9alit\u00e9 Divine Lumineuse \u00c9ternelle.&nbsp;<\/p>\n\n\n\n<p>Et l\u2019ombre&nbsp;? L&rsquo;ombre, c\u2019est simplement la perte de conscience, par l\u2019homme, de cette \u00c9ternit\u00e9\u2026<\/p>\n\n\n\n<p>\u25cf<\/p>\n\n\n\n<p>Oui&#8230; Ce n\u2019est qu\u2019une perte de conscience\u2026<\/p>\n\n\n\n<p>\u25a0<\/p>\n\n\n\n<p>Oui&nbsp;! Ce n&rsquo;est qu&rsquo;une perte de conscience qui n&rsquo;est que \u00ab\u00a0momentan\u00e9e\u00a0\u00bb\u2026&nbsp;<\/p>\n\n\n\n<p>Plus pr\u00e9cis\u00e9ment, c&rsquo;est un ralentissement momentan\u00e9e de la vitesse d&rsquo;ouverture originelle de la conscience dont tous les \u00catres b\u00e9n\u00e9ficient depuis toujours.<\/p>\n\n\n\n<p>Ce ralentissement momentan\u00e9e de la vitesse d&rsquo;ouverture originelle de la conscience par l&rsquo;homme, gr\u00e2ce \u00e0 son libre arbitre, gr\u00e2ce \u00e0 l&rsquo;usage maladroit de son libre arbitre, a \u00e9t\u00e9 le d\u00e9but de l&rsquo;ombre&#8230;<\/p>\n\n\n\n<p>Et cela a commenc\u00e9 au presque d\u00e9but de l&rsquo;humanit\u00e9&#8230;<\/p>\n\n\n\n<p>Et ensuite nous avons v\u00e9cu pendant des milliers d\u2019ann\u00e9es emm\u00eal\u00e9s avec cet ombre que nous avons, nous-m\u00eames, imagin\u00e9e\u2026&nbsp;<\/p>\n\n\n\n<p>Cela a cr\u00e9\u00e9 donc des cons\u00e9quences, des choix, des combats.&nbsp;<\/p>\n\n\n\n<p>Nous nous sommes pr\u00e9tendus s\u00e9par\u00e9s les uns des autres&#8230; Nous nous sommes combattus les uns les autres\u2026 Nous avons combattu tous les \u00catres de la terre&#8230; <\/p>\n\n\n\n<p>\u00c9galement, nous avons pr\u00e9tendu sans cesse devoir choisir entre l\u2019ombre et la Lumi\u00e8re\u2026<\/p>\n\n\n\n<p>\u25cf<\/p>\n\n\n\n<p>Et nous avons foutu la plan\u00e8te en l\u2019air&nbsp;!<\/p>\n\n\n\n<p>\u25a0<\/p>\n\n\n\n<p>La plan\u00e8te, elle s\u2019en sortira tr\u00e8s bien, avec ou sans nous&nbsp;!<\/p>\n\n\n\n<p>Comme elle l&rsquo;a toujours fait, elle nourrira un mouvement d&rsquo;ouverture de la conscience&#8230; Et si jamais nous disparaissions, cette ouverture aboutirait, \u00e0 nouveau, mais bien plus tard, \u00e0 la libre conscience&#8230; Ce serait alors une nouvelle humanit\u00e9&#8230;<\/p>\n\n\n\n<p>Mais, cela est peu probable&#8230; Et notre plan\u00e8te s&rsquo;en sortira tr\u00e8s bien \u00ab\u00a0avec\u00a0\u00bb nous&#8230; Malgr\u00e9 toutes les difficult\u00e9s que notre ombre lui a pos\u00e9es.<\/p>\n\n\n\n<p><\/p>\n\n\n\n<p class=\"has-text-align-right\"><em>La Lumi\u00e8re, Seule Solution de l&rsquo;ombre&nbsp;<\/em><\/p>\n\n\n\n<p>\u25cf<\/p>\n\n\n\n<p>Mais, quelle est la solution pour que l\u2019humanit\u00e9 puisse rester, harmonieusement, sur sa plan\u00e8te terre&nbsp;?&nbsp;<\/p>\n\n\n\n<p>\u25a0<\/p>\n\n\n\n<p>La seule solution pour nous tous, c\u2019est de reprendre conscience de la V\u00e9ritable Lumi\u00e8re, y compris \u00ab&nbsp;dans&nbsp;\u00bb l\u2019ombre que nous avons imagin\u00e9e de toute pi\u00e8ce&#8230; Cette ombre n\u2019a \u00e9t\u00e9, en R\u00e9alit\u00e9, \u00ab\u00a0fabriqu\u00e9e\u00a0\u00bb, par l&rsquo;\u00catre humain, \u00ab\u00a0que de Lumi\u00e8re\u00a0\u00bb&nbsp;!<\/p>\n\n\n\n<p>En effet :<\/p>\n\n\n\n<p><em>\u00ab\u00a0C&rsquo;est la conscience qui fait toute la diff\u00e9rence.\u00a0\u00bb<\/em><\/p>\n\n\n\n<p>\u25cf<\/p>\n\n\n\n<p>C\u2019est vraiment la seule solution\u2026&nbsp;?<\/p>\n\n\n\n<p>Alors, pourquoi ne le faisons-nous pas&nbsp;?<\/p>\n\n\n\n<p>\u25a0<\/p>\n\n\n\n<p>Jusqu&rsquo;\u00e0 l\u00e0, nous avons simplement beaucoup manqu\u00e9 de courage&#8230; Et de bien d&rsquo;autres vertus&#8230;<\/p>\n\n\n\n<p>Alors, aujourd&rsquo;hui, ayons le plus grand courage qui soit&#8230; Le courage de permettre \u00e0 nouveau \u00e0 notre ouverture naturelle de la conscience, qui a \u00e9t\u00e9 celle de tous les \u00catres, de reprendre l&rsquo;augmentation originelle de sa vitesse &nbsp;!<\/p>\n\n\n\n<p>En effet, depuis le presque d\u00e9but de l&rsquo;humanit\u00e9, par l&rsquo;usage maladroit de leur libre arbitre tout nouveau, les \u00catres humains que nous sommes ont frein\u00e9 cette augmentation originelle de la vitesse d&rsquo;ouverture de leur conscience \u00e0 la Lumi\u00e8re&#8230;<\/p>\n\n\n\n<p>Heureusement, sans jamais arriver \u00e0 la bloquer totalement&nbsp;! Ce qui est impossible.<\/p>\n\n\n\n<p>Jusque l\u00e0, cette vitesse d&rsquo;ouverture de la conscience avait toujours augment\u00e9 de plus en plus chez tous les \u00catres&#8230; Min\u00e9raux, puis v\u00e9g\u00e9taux puis animaux&#8230; Et cette vitesse aurait d\u00fb continuer \u00e0 s&rsquo;acc\u00e9l\u00e9rer, mais exponentiellement, chez les humains gr\u00e2ce au libre arbitre qu&rsquo;ils ont re\u00e7u&#8230;<\/p>\n\n\n\n<p>La sagesse du dicton nous dit : \u00ab\u00a0Chassons le naturel, il revient au galop\u00a0\u00bb&nbsp;&#8230;<\/p>\n\n\n\n<p>Ainsi, ayons le courage de nous laisser reprendre conscience de la V\u00e9ritable R\u00e9alit\u00e9&#8230;<\/p>\n\n\n\n<p>Voyons alors, \u00e0 chaque fois, progressivement, cette ombre particuli\u00e8re dont nous prenons conscience \u00e0 cet instant particulier, \u00ab&nbsp;gu\u00e9rir&nbsp;\u00bb, de mieux en mieux, de son retard de conscience, parce que nous l\u2019\u00e9levons \u00e0 la Lumi\u00e8re, nous la rendons \u00e0 Dieu, nous l\u2019aimons&#8230;<\/p>\n\n\n\n<p>Au lieu de la combattre, comme nous l&rsquo;avons fait depuis des dizaines de mill\u00e9naires, ayons le courage de ne voir dans cet ombre que la Lumi\u00e8re \u00ab\u00a0qu\u2019elle ne peut qu&rsquo;\u00eatre\u00a0\u00bb en R\u00e9alit\u00e9\u2026<\/p>\n\n\n\n<p>\u00c9clairons-l\u00e0 donc&#8230; de la Lumi\u00e8re qu&rsquo;elle est depuis toujours&nbsp;!<\/p>\n\n\n\n<p>Ayons ce courage&#8230;<\/p>\n\n\n\n<p>Et ainsi, \u00e0 chaque fois que nous oserons le faire, il y aura une ombre, parmi les innombrables ombres que nous avons imagin\u00e9es, qui tendra vers sa fin tant esp\u00e9r\u00e9e\u2026<\/p>\n\n\n\n<p>Et de ce fait, \u00e0 chaque fois un peu plus, nous ouvrirons \u00e0 nouveau, toujours plus rapidement, notre conscience \u00e0 la Lumi\u00e8re\u2026<\/p>\n\n\n\n<p>Aussi vite que nous le choisirons, nous reprendrons alors notre rythme originel d\u2019ouverture naturelle \u00e0 la conscience de la Lumi\u00e8re.<\/p>\n\n\n\n<p>\u25cf<\/p>\n\n\n\n<p>Mais en pratique, comment pouvons-nous faire ?<\/p>\n\n\n\n<p>\u25a0<\/p>\n\n\n\n<p>Eh bien, prenons un petit exemple&nbsp;: si nous avons v\u00e9cu une col\u00e8re ombreuse qui, donc, \u00e9tait accompagn\u00e9e instantan\u00e9ment d&rsquo;une souffrance qui nous signalait l&rsquo;ombre-m\u00eame de cette col\u00e8re&#8230;<\/p>\n\n\n\n<p>En effet, l&rsquo;ombre est toujours accompagn\u00e9e de \u00ab\u00a0sa belle douleur\u00a0\u00bb qui nous invite \u00e0 r\u00e9ouvrir \u00e0 nouveau plus notre conscience \u00e0 la Lumi\u00e8re.<\/p>\n\n\n\n<p>Si donc, finalement, nous osons choisir courageusement, car il faut le plus grand courage pour cela, de ne reconna\u00eetre dans cette col\u00e8re douloureuse que la Lumi\u00e8re qui Seule existe&#8230;<\/p>\n\n\n\n<p>Alors, cette ombre, souvent si ancienne, va, dans notre conscience, retrouver instantan\u00e9ment son statut de Lumi\u00e8re&#8230; Elle va nous r\u00e9v\u00e9ler sa R\u00e9alit\u00e9-Lumi\u00e8re&nbsp;!<\/p>\n\n\n\n<p>Et l\u00e0&#8230; Cette col\u00e8re que nous avions v\u00e9cue ombreuse jusqu&rsquo;\u00e0 l\u00e0 et depuis des mill\u00e9naires, que nous avions pens\u00e9e ombreuse du fait de notre croyance en la s\u00e9paration\u2026 Eh bien, l\u00e0, nous reprenons bien conscience qu&rsquo;elle n\u2019\u00e9tait que Lumi\u00e8re Pure, n\u2019est-ce pas&nbsp;?<\/p>\n\n\n\n<p>\u25cf<\/p>\n\n\n\n<p>Oui&nbsp;! C&rsquo;est bien s\u00fbr&#8230; C&rsquo;est logique&#8230; C&rsquo;est la logique, si simple, de la Lumi\u00e8re.<\/p>\n\n\n\n<p>\u25a0<\/p>\n\n\n\n<p>Eh bien, ce jour o\u00f9 j&rsquo;ose m&rsquo;apercevoir de mon erreur et o\u00f9 j\u2019arrive \u00e0 d\u00e9cider de reconna\u00eetre cette col\u00e8re-l\u00e0 comme n\u2019\u00e9tant compl\u00e8tement que la Lumi\u00e8re Elle-m\u00eame&#8230; Alors, ce jour-l\u00e0, cette ombre particuli\u00e8re disparaitra puisque j\u2019aurais pris conscience de la Lumi\u00e8re qu&rsquo;Elle Est\u2026&nbsp;<\/p>\n\n\n\n<p>Et l\u00e0, c\u2019est termin\u00e9&nbsp;! il n\u2019y aura plus de perte de conscience de la Lumi\u00e8re dans cette col\u00e8re particuli\u00e8re que j&rsquo;avais v\u00e9cue&nbsp;!<\/p>\n\n\n\n<p>Cela sera la fin de l&rsquo;ombre en Elle.<\/p>\n\n\n\n<div style=\"height:41px\" aria-hidden=\"true\" class=\"wp-block-spacer\"><\/div>\n\n\n","protected":false},"excerpt":{"rendered":"<p>Mardi 17 ao\u00fbt 2021 ENTRETIEN N\u00b0&nbsp;5 De Deux Petits Artisans de la Lumi\u00e8re parmi d\u2019autres&nbsp;:&nbsp;\u25a0 et \u25cf Parler technique, c\u2019est aussi parler \u00ab\u00a0Lumi\u00e8re\u00ab\u00a0 \u25a0 Ton activit\u00e9 de transcription a-t-elle \u00e9t\u00e9 agr\u00e9able&nbsp;? Au niveau technique, tout va bien&nbsp;?&nbsp; \u25cf Oui&nbsp;! Mais, c\u2019est un peu crispant\u2026 Il faut que je fasse \u00e7a par petit bout, parce que, &hellip; <a href=\"https:\/\/behappy8.org\/?p=2080\" class=\"more-link\">Continuer la lecture<span class=\"screen-reader-text\"> de &laquo;&nbsp;Les 8 entretiens (1\u00e8re Partie du 5\u00e8me Entretien)&nbsp;&raquo;<\/span><\/a><\/p>\n","protected":false},"author":1,"featured_media":0,"comment_status":"open","ping_status":"open","sticky":false,"template":"","format":"chat","meta":{"footnotes":""},"categories":[2030],"tags":[865,2067,2036,2092,405,433,363,2056,2051,389,2105,2099,1511,678,356,169,9,2106,2047,2044,2076,2049,1169,2043,1877,2073,2070,2050,2040,705,2071,2059,2103,475,2090,2048,2081,2078,2093,2054,2057,2104,2058,2074,2101,272,2088,2087,2100,2039,2091,2077,768,2052,803,2089,2064,2085,8,163,760,2079,431,2080,2086,2060,1690,2102,226,2097,590,215,776,2094,2082,2062,1522,2083,2084,2098,2038,282,2061,2042,2068,658,949,2066,2072,2055,2075,2034,1048,2041,2053,2035,1369,2037,2045,2065,2095,432],"class_list":["post-2080","post","type-post","status-publish","format-chat","hentry","category-5eme-entretien-8","tag-150-000-ans","tag-acteur","tag-activite","tag-ames","tag-amour-inconditionnel","tag-animaux","tag-cain","tag-changement-de-perspective","tag-changement-profond","tag-choix","tag-colere-douloureuse","tag-combats","tag-conscience-animale","tag-conscience-de-la-lumiere","tag-consequences","tag-corps","tag-courage","tag-croyance-en-la-separation","tag-des-choses-extraordinaires","tag-des-propositions","tag-desequilibre","tag-dieu-est-infini","tag-dieu-est-tout","tag-discussion-philosophique","tag-don-de-dieu","tag-echappatoires","tag-echapper","tag-eternellement","tag-experimenter","tag-fermer-les-yeux","tag-fuir","tag-grande-habitude","tag-guerir","tag-imagination","tag-impact-puissant","tag-integrer","tag-inventer-lombre","tag-lenergie-de-lombre","tag-lincroyance","tag-lombre-divise","tag-lombre-est-la","tag-lombre-guerira","tag-lombre-imaginee","tag-la-fuite-est-saine","tag-la-lumiere-solution","tag-la-lumiere-dans-lombre","tag-la-masse-de-lombre","tag-la-permission-de-dieu","tag-la-planete","tag-la-pratique","tag-la-realite-lumiere","tag-la-structure-de-lombre","tag-la-fin-de-lombre","tag-le-but-a-atteindre","tag-le-mal","tag-le-tissu-de-lombre","tag-les-interdits","tag-liberte-de-conscience","tag-libre-arbitre","tag-lumiere","tag-manque-de-courage","tag-mesuser","tag-mineraux","tag-non-mesusage-de-lombre","tag-nos-memoires","tag-ombre-douloureuse","tag-ombre-illusoire","tag-ouverture-naturelle-de-conscience","tag-paradis","tag-paupieres","tag-pensees","tag-perte-de-conscience","tag-perte-de-conscience-momentanee","tag-pretentions","tag-question-reponse","tag-realite-absolue","tag-realite-divine","tag-realite-imaginee","tag-realite-virtuelle","tag-realite-lumiere","tag-reconnaissance-vocale","tag-repetition","tag-reve","tag-rhetorique","tag-role","tag-rythme-originel","tag-seule-la-lumiere-existe","tag-shakespeare","tag-solutions-parfaites","tag-soulagement-enorme","tag-systeme-ecologique","tag-technique","tag-transcription","tag-un-balai-sale","tag-un-but-definitif","tag-un-gros-travail","tag-un-jeu","tag-un-temps-fou","tag-une-conclusion","tag-une-conscience-de-dieu","tag-une-illusion-de-separation","tag-vegetaux","post_format-post-format-chat"],"_links":{"self":[{"href":"https:\/\/behappy8.org\/index.php?rest_route=\/wp\/v2\/posts\/2080","targetHints":{"allow":["GET"]}}],"collection":[{"href":"https:\/\/behappy8.org\/index.php?rest_route=\/wp\/v2\/posts"}],"about":[{"href":"https:\/\/behappy8.org\/index.php?rest_route=\/wp\/v2\/types\/post"}],"author":[{"embeddable":true,"href":"https:\/\/behappy8.org\/index.php?rest_route=\/wp\/v2\/users\/1"}],"replies":[{"embeddable":true,"href":"https:\/\/behappy8.org\/index.php?rest_route=%2Fwp%2Fv2%2Fcomments&post=2080"}],"version-history":[{"count":23,"href":"https:\/\/behappy8.org\/index.php?rest_route=\/wp\/v2\/posts\/2080\/revisions"}],"predecessor-version":[{"id":2196,"href":"https:\/\/behappy8.org\/index.php?rest_route=\/wp\/v2\/posts\/2080\/revisions\/2196"}],"wp:attachment":[{"href":"https:\/\/behappy8.org\/index.php?rest_route=%2Fwp%2Fv2%2Fmedia&parent=2080"}],"wp:term":[{"taxonomy":"category","embeddable":true,"href":"https:\/\/behappy8.org\/index.php?rest_route=%2Fwp%2Fv2%2Fcategories&post=2080"},{"taxonomy":"post_tag","embeddable":true,"href":"https:\/\/behappy8.org\/index.php?rest_route=%2Fwp%2Fv2%2Ftags&post=2080"}],"curies":[{"name":"wp","href":"https:\/\/api.w.org\/{rel}","templated":true}]}}