{"id":2084,"date":"2021-05-15T10:19:00","date_gmt":"2021-05-15T08:19:00","guid":{"rendered":"https:\/\/behappy8.org\/?p=2084"},"modified":"2024-10-03T11:10:38","modified_gmt":"2024-10-03T09:10:38","slug":"les-8-entretiens-2eme-partie-du-5eme-entretien","status":"publish","type":"post","link":"https:\/\/behappy8.org\/?p=2084","title":{"rendered":"Les 8 entretiens (2\u00e8me Partie du 5\u00e8me Entretien)"},"content":{"rendered":"\n\n\n\n\n<div style=\"height:39px\" aria-hidden=\"true\" class=\"wp-block-spacer\"><\/div>\n\n\n\n<figure class=\"wp-block-audio\"><audio controls src=\"https:\/\/behappy8.org\/wp-content\/uploads\/2024\/10\/Les-8-entretiens-2eme-Partie-du-5eme-Entretien.m4a\"><\/audio><\/figure>\n\n\n\n<div style=\"height:40px\" aria-hidden=\"true\" class=\"wp-block-spacer\"><\/div>\n\n\n\n<p class=\"has-text-align-right\"><em>La Lumi\u00e8re, Seule Solution de l&rsquo;ombre&nbsp;<\/em><\/p>\n\n\n\n<p>\u25cf <\/p>\n\n\n\n<p>Mais, quelle est la solution pour que l\u2019humanit\u00e9 puisse rester, harmonieusement, sur sa plan\u00e8te terre&nbsp;?&nbsp;<\/p>\n\n\n\n<p>\u25a0<\/p>\n\n\n\n<p>Eh bien&#8230; La seule solution pour nous tous, c\u2019est de reprendre conscience de la V\u00e9ritable Lumi\u00e8re, y compris \u00ab&nbsp;dans&nbsp;\u00bb l\u2019ombre que nous avons imagin\u00e9e de toute pi\u00e8ce&#8230; Cette ombre n\u2019a \u00e9t\u00e9, en R\u00e9alit\u00e9, \u00ab\u00a0fabriqu\u00e9e\u00a0\u00bb, par l&rsquo;\u00catre humain, \u00ab\u00a0que de Lumi\u00e8re\u00a0\u00bb&nbsp;!<\/p>\n\n\n\n<p>En effet :<\/p>\n\n\n\n<p><em>\u00ab\u00a0C&rsquo;est la conscience qui fait toute la diff\u00e9rence.\u00a0\u00bb<\/em><\/p>\n\n\n\n<p>\u25cf<\/p>\n\n\n\n<p>C\u2019est vraiment la seule solution\u2026&nbsp;?<\/p>\n\n\n\n<p>Alors, pourquoi ne le faisons-nous pas&nbsp;?<\/p>\n\n\n\n<p>\u25a0<\/p>\n\n\n\n<p>Jusqu&rsquo;\u00e0 l\u00e0, nous avons simplement beaucoup manqu\u00e9 de courage&#8230; Et de bien d&rsquo;autres vertus&#8230;<\/p>\n\n\n\n<p>Alors, aujourd&rsquo;hui, ayons le plus grand courage qui soit&nbsp;! &#8230; Le courage de permettre \u00e0 nouveau \u00e0 notre ouverture naturelle de la conscience, qui a \u00e9t\u00e9 celle de tous les \u00catres, de reprendre l&rsquo;augmentation originelle de sa vitesse &nbsp;!<\/p>\n\n\n\n<p>En effet, depuis le presque d\u00e9but de l&rsquo;humanit\u00e9, par l&rsquo;usage maladroit de leur libre arbitre tout nouveau, les \u00catres humains que nous sommes ont frein\u00e9 cette augmentation originelle de la vitesse d&rsquo;ouverture de leur conscience de la Lumi\u00e8re&#8230;<\/p>\n\n\n\n<p>Heureusement, sans jamais arriver \u00e0 la bloquer totalement&nbsp;! Ce qui est impossible.<\/p>\n\n\n\n<p>Jusque l\u00e0, cette vitesse d&rsquo;ouverture de la conscience avait toujours augment\u00e9 de plus en plus chez tous les \u00catres&#8230; Les \u00catres min\u00e9raux, puis les \u00catres v\u00e9g\u00e9taux, puis les \u00catres animaux&#8230; <\/p>\n\n\n\n<p>Et cette vitesse aurait d\u00fb continuer \u00e0 s&rsquo;acc\u00e9l\u00e9rer, mais exponentiellement, chez les humains gr\u00e2ce au libre arbitre qu&rsquo;ils ont re\u00e7u&#8230;<\/p>\n\n\n\n<p>La sagesse du dicton nous dit : \u00ab\u00a0Chassons le naturel, il revient au galop\u00a0\u00bb&nbsp;&#8230;<\/p>\n\n\n\n<p>Ainsi, ayons le courage de nous laisser reprendre conscience de la V\u00e9ritable R\u00e9alit\u00e9&#8230;<\/p>\n\n\n\n<p>Voyons alors, \u00e0 chaque fois, progressivement, cette ombre particuli\u00e8re dont nous prenons conscience \u00e0 cet instant particulier, \u00ab&nbsp;gu\u00e9rir&nbsp;\u00bb, de mieux en mieux, de son retard de conscience, parce que nous l\u2019\u00e9levons \u00e0 la Lumi\u00e8re, parce que nous la rendons \u00e0 Dieu, parce que nous l\u2019aimons&#8230;<\/p>\n\n\n\n<p>Au lieu de la combattre, comme nous l&rsquo;avons fait depuis des dizaines de mill\u00e9naires, ayons le courage de ne voir dans cette ombre que la Lumi\u00e8re \u00ab\u00a0qu\u2019elle ne peut qu&rsquo;\u00eatre\u00a0\u00bb en R\u00e9alit\u00e9\u2026<\/p>\n\n\n\n<p>\u00c9clairons-l\u00e0 donc&#8230; de la Lumi\u00e8re qu&rsquo;elle est depuis toujours&nbsp;!<\/p>\n\n\n\n<p>Ayons ce courage&#8230;<\/p>\n\n\n\n<p>Et ainsi, \u00e0 chaque fois que nous oserons le faire, il y aura une ombre, parmi les innombrables ombres que nous avons imagin\u00e9es, qui tendra vers sa fin tant esp\u00e9r\u00e9e\u2026<\/p>\n\n\n\n<p>Et de ce fait, \u00e0 chaque fois un peu plus, nous ouvrirons \u00e0 nouveau, toujours plus rapidement, notre conscience \u00e0 la Lumi\u00e8re\u2026<\/p>\n\n\n\n<p>Aussi vite que nous le choisirons, nous reprendrons alors notre rythme originel d\u2019ouverture naturelle \u00e0 la conscience de la Lumi\u00e8re.<\/p>\n\n\n\n<p>\u25cf<\/p>\n\n\n\n<p>Mais, en pratique, comment pouvons-nous faire ?<\/p>\n\n\n\n<p>\u25a0<\/p>\n\n\n\n<p>Eh bien, prenons un petit exemple&nbsp;: si nous avons v\u00e9cu une col\u00e8re ombreuse qui, donc, \u00e9tait accompagn\u00e9e instantan\u00e9ment d&rsquo;une souffrance qui nous signalait l&rsquo;ombre-m\u00eame de cette col\u00e8re&#8230;<\/p>\n\n\n\n<p>En effet, l&rsquo;ombre est toujours accompagn\u00e9e de \u00ab\u00a0sa belle douleur\u00a0\u00bb, de sa belle souffrance, qui nous invite \u00e0 r\u00e9ouvrir \u00e0 nouveau plus notre conscience \u00e0 la Lumi\u00e8re.<\/p>\n\n\n\n<p>Si donc, finalement, nous osons choisir courageusement, car il faut le plus grand courage pour cela, de ne reconna\u00eetre dans cette col\u00e8re douloureuse que la Lumi\u00e8re qui Seule existe&#8230;<\/p>\n\n\n\n<p>Alors, l\u00e0, cette ombre, souvent si ancienne, va, dans notre conscience, retrouver instantan\u00e9ment son statut de Lumi\u00e8re&#8230; Elle va nous r\u00e9v\u00e9ler sa R\u00e9alit\u00e9-Lumi\u00e8re&nbsp;!<\/p>\n\n\n\n<p>Et l\u00e0 alors&#8230; Cette col\u00e8re que nous avions v\u00e9cue ombreuse jusqu&rsquo;\u00e0 l\u00e0 et depuis des mill\u00e9naires, que nous avions pens\u00e9e ombreuse du fait de notre croyance en la s\u00e9paration\u2026 Eh bien, l\u00e0, nous reprenons bien conscience qu&rsquo;elle n\u2019\u00e9tait que Lumi\u00e8re Pure, n\u2019est-ce pas&nbsp;?<\/p>\n\n\n\n<p>\u25cf<\/p>\n\n\n\n<p>Oui&nbsp;! C&rsquo;est bien s\u00fbr&#8230; C&rsquo;est logique&#8230; C&rsquo;est la logique, si simple, de la Lumi\u00e8re.<\/p>\n\n\n\n<p>\u25a0<\/p>\n\n\n\n<p>Eh bien, ce jour o\u00f9 j&rsquo;ose m&rsquo;apercevoir de mon erreur et o\u00f9 j\u2019arrive \u00e0 d\u00e9cider de reconna\u00eetre cette col\u00e8re-l\u00e0 comme n\u2019\u00e9tant compl\u00e8tement que la Lumi\u00e8re Elle-m\u00eame&#8230; Alors, ce jour-l\u00e0, cette ombre particuli\u00e8re disparaitra puisque j\u2019aurais pris conscience de la Lumi\u00e8re qu&rsquo;Elle Est\u2026&nbsp;<\/p>\n\n\n\n<p>Et l\u00e0, c\u2019est termin\u00e9&nbsp;! il n\u2019y aura plus de perte de conscience de la Lumi\u00e8re dans cette col\u00e8re particuli\u00e8re que j&rsquo;avais v\u00e9cue&nbsp;!<\/p>\n\n\n\n<p>Cela sera la fin de l&rsquo;ombre en Elle.<\/p>\n\n\n\n<p>\u25cf<\/p>\n\n\n\n<p>Bon, mais\u2026<\/p>\n\n\n\n<p>\u25a0<\/p>\n\n\n\n<p>Pardon&nbsp;! Laisse-moi encore un tout petit moment pour pouvoir continuer\u2026<\/p>\n\n\n\n<p>\u25cf<\/p>\n\n\n\n<p>Oui, bien s\u00fbr&nbsp;!<\/p>\n\n\n\n<p>\u25a0<\/p>\n\n\n\n<p>Merci&nbsp;!<\/p>\n\n\n\n<p>L\u00e0, cette ombre gu\u00e9rie, qui nous a donc r\u00e9v\u00e9l\u00e9 la Lumi\u00e8re qu\u2019elle \u00e9tait en R\u00e9alit\u00e9, fait maintenant partie de nos m\u00e9moires et donc des m\u00e9moires de l\u2019humanit\u00e9.&nbsp;<\/p>\n\n\n\n<p>Et, \u00e0 partir de l\u00e0, nous allons, dor\u00e9navant, pouvoir nous appuyer sur cette m\u00e9moire rendue \u00e0 la Lumi\u00e8re pour continuer, un peu plus facilement, notre reprise de conscience de la Lumi\u00e8re dans d\u2019autres aspects de l\u2019ombre\u2026<\/p>\n\n\n\n<p>Cela fait comme on dit : \u00ab&nbsp;jurisprudence&nbsp;\u00bb \u2026<\/p>\n\n\n\n<p>\u25cf<\/p>\n\n\n\n<p>Je comprends\u2026<\/p>\n\n\n\n<p>\u25a0<\/p>\n\n\n\n<p>En effet, parfois, nous sommes heureux et nous pensons \u00e0 partir de la Lumi\u00e8re, \u00e0 propos de telle ou telle chose\u2026Mais, parfois nous ne voyons plus la Lumi\u00e8re dans telle ou telle autre chose\u2026<\/p>\n\n\n\n<p>\u25cf<\/p>\n\n\n\n<p>Oui\u2026 Je vois&#8230;<\/p>\n\n\n\n<p><\/p>\n\n\n\n<p class=\"has-text-align-right\"><em>Lumi\u00e8re-M\u00e9moire<\/em><\/p>\n\n\n\n<p>\u25a0<\/p>\n\n\n\n<p>Donc, avant, nous avions une masse de m\u00e9moire avec, par exemple, 50&nbsp;% de m\u00e9moires ombreuses et 50% de m\u00e9moires Lumineuses\u2026 Bien s\u00fbr, ces chiffres n&rsquo;ont aucune valeur scientifique&#8230; Ils sont tout \u00e0 fait arbitrairement imagin\u00e9s&#8230;<\/p>\n\n\n\n<p>Mais, si nous partons de cette hypoth\u00e8se imaginaire, nos m\u00e9moires \u00e9taient donc per\u00e7ues comme un m\u00e9lange de 50% de m\u00e9moires ombreuses et 50% de m\u00e9moires Lumineuse&#8230; Ce m\u00e9lange, pour nous, apparait donc comme des m\u00e9moires grises et non pas blanches&#8230; Alors qu&rsquo;elle ne peuvent \u00eatre que Lumi\u00e8re, bien s\u00fbr, dans la R\u00e9alit\u00e9-Lumi\u00e8re&nbsp;!&nbsp;<\/p>\n\n\n\n<p>Et, du fait de ces m\u00e9moires, soi-disant grises, qui ont envahi notre pass\u00e9, nous avons tous eu des p\u00e9riodes de hauts et de bas dans notre v\u00e9cu quotidien\u2026&nbsp;Des moments merveilleux et des moments terribles&#8230;<\/p>\n\n\n\n<p>Mais, chaque fois que nous r\u00e9ussissons \u00e0 reconna\u00eetre un peu plus que telle m\u00e9moire d\u2019ombre, mettons cette col\u00e8re particuli\u00e8re, n\u2019\u00e9tait en R\u00e9alit\u00e9 que de la Lumi\u00e8re Pure&#8230; Alors, l\u00e0, dans les exp\u00e9riences de cette col\u00e8re que nous pouvons encore continuer \u00e0 vivre, \u00e7a fait d\u00e9j\u00e0 \u00e7a de moins d\u2019ombre&nbsp;!<\/p>\n\n\n\n<p>Et l\u00e0, nous passons, par exemple maintenant \u00e0 52% de m\u00e9moires-Lumi\u00e8re et \u00e0 seulement 48&nbsp;% de m\u00e9moires ombreuses\u2026 dans notre mixte de m\u00e9moire.<\/p>\n\n\n\n<p>Et ainsi de suite \u00e0 chaque fois que nous avons ce courage&#8230; Et ainsi de suite encore\u2026 <\/p>\n\n\n\n<p>Donc, l&rsquo;aspect gris de nos m\u00e9moire s&rsquo;\u00e9claircit \u00e0 chaque fois que nous osons aimer, \u00e0 nouveau, un aspect de l&rsquo;ombre&#8230;<\/p>\n\n\n\n<p>\u25cf<\/p>\n\n\n\n<p>Oui ! C\u2019est logique\u2026<\/p>\n\n\n\n<p>\u25a0<\/p>\n\n\n\n<p>Mais n\u2019oublions pas que cette ombre, elle, elle est limit\u00e9e&#8230; Elle a eu un d\u00e9but et elle aura une fin\u2026 Alors que la Lumi\u00e8re, Elle, Elle est Infinie, Elle est \u00c9ternelle.<\/p>\n\n\n\n<p>Le d\u00e9but de l\u2019ombre, c\u2019est lorsque nous avons perdu conscience de la Lumi\u00e8re \u00c9ternelle dans un certain v\u00e9cu de notre existence\u2026<\/p>\n\n\n\n<p>Et la fin de cette m\u00eame ombre, c\u2019est lorsque nous reprenons conscience de la Lumi\u00e8re \u00c9ternelle\u2026 \u00ab\u00a0y compris dans cette ombre\u00a0\u00bb qui avait \u00e9t\u00e9 imagin\u00e9e dans ce m\u00eame v\u00e9cu&nbsp;!<\/p>\n\n\n\n<p>L\u2019ombre a une pseudo-masse, mais qui est limit\u00e9e\u2026 Elle arrivera donc in\u00e9vitablement \u00e0 sa fin&nbsp;!<\/p>\n\n\n\n<p>Nous allons \u00ab\u00a0grignoter de Lumi\u00e8re\u00a0\u00bb toute l\u2019ombre que nous avions imagin\u00e9e&nbsp;!&nbsp;<\/p>\n\n\n\n<p>\u25cf<\/p>\n\n\n\n<p>Oui, c\u2019est l\u00e0 une bien belle expression\u2026<\/p>\n\n\n\n<p>\u25a0<\/p>\n\n\n\n<p>Alors, pour nous aujourd\u2019hui, exprimer ces concepts, pourtant plein de bon sens, n\u2019est pas simple, car le langage que nous avons pris l\u2019habitude d\u2019utiliser est devenu tr\u00e8s ombreux au cours des \u00e2ges sombres que nous avons, tous, plus ou moins consciemment, choisi de vivre\u2026<\/p>\n\n\n\n<p>L\u2019ombre ne sait pas utiliser ces mots-l\u00e0 qui expriment la Lumi\u00e8re et seulement la Lumi\u00e8re\u2026<\/p>\n\n\n\n<p>Mais, nous allons r\u00e9cup\u00e9rer progressivement notre langage originel qui n\u2019exprime que la Lumi\u00e8re\u2026 et alors, les choses nous sembleront de plus en plus simples \u00e0 exprimer&#8230; et donc \u00e0 vivre&nbsp;!<\/p>\n\n\n\n<p>\u25cf<\/p>\n\n\n\n<p>Oui&nbsp;! Cela me semble s\u00fbr&nbsp;! C&rsquo;est vraiment ce que je suis, moi aussi, la plus heureuse de penser.<\/p>\n\n\n\n<p>\u25a0<\/p>\n\n\n\n<p>En tous cas, nous allons reconna\u00eetre de plus en plus la Lumi\u00e8re l\u00e0 o\u00f9 nous avions perdu conscience d\u2019Elle auparavant\u2026&nbsp;<\/p>\n\n\n\n<p>Et si nous sommes fid\u00e8les \u00e0 cette attitude qui consiste \u00e0 se rappeler que la Lumi\u00e8re Est Tout&#8230; mais vraiment Tout&nbsp;, alors&#8230; \u00e0 un moment donn\u00e9, nous allons avoir tout notre pass\u00e9, ou plut\u00f4t tout le pass\u00e9 de l\u2019humanit\u00e9, dans lequel nous n\u2019allons voir que la Lumi\u00e8re dont il \u00e9tait, en R\u00e9alit\u00e9, fait&#8230;<\/p>\n\n\n\n<p>Et l\u00e0, nous aurons retrouv\u00e9 le Paradis.<\/p>\n\n\n\n<p>Et l\u00e0, au Paradis, nous ne serons plus g\u00ean\u00e9s par nos m\u00e9moires\u2026 En effet, toutes ces m\u00e9moires auront \u00e9t\u00e9 reconnues pour ce qu\u2019elles ont toujours \u00e9t\u00e9 R\u00e9ellement&nbsp;: Lumi\u00e8re et seulement Pur Lumi\u00e8re&nbsp;!&nbsp;<\/p>\n\n\n\n<p>Dans ce futur merveilleux, mais r\u00e9el, nous aurons reconnu, que tout ce dont nous nous souvenons, tout ce qui s\u2019est pass\u00e9, toute notre histoire n\u2019est que de Lumi\u00e8re\u2026 Et ceci m\u00eame si nous en avions, dans notre pass\u00e9, fortement perdu conscience&nbsp;!<\/p>\n\n\n\n<p>Alors, l\u00e0, nous retrouverons la conscience du Paradis \u00c9ternel&#8230; Nous vivrons l\u2019\u00c9den.&nbsp;<\/p>\n\n\n\n<p>Et \u00e0 partir de l\u00e0, notre \u00e9volution reprendra son cours pr\u00e9vu originellement&#8230; Cette \u00e9volution consistera \u00e0 vivre uniquement dans la Joie, c\u2019est \u00e0 dire dans la conscience de l\u2019Infinit\u00e9 de la Lumi\u00e8re, dans l&rsquo;\u00c9ternit\u00e9 de son Amour\u2026&nbsp;<\/p>\n\n\n\n<p>Dans les p\u00e9riodes, limit\u00e9es, d\u2019ombre de notre pass\u00e9, nous n\u2019avions pu faire que des efforts, le plus souvent douloureux, pour rendre de plus en plus l\u2019ombre \u00e0 la Lumi\u00e8re, jusqu&rsquo;\u00e0 y arriver en totalit\u00e9\u2026 <\/p>\n\n\n\n<p>Mais l\u00e0, c\u2019est fini et pour toujours&nbsp;: nous allons continuer notre \u00e9volution dans ce Paradis retrouv\u00e9, dans cet \u00c9den originel, en ne passant que d\u2019instant de conscience de la Lumi\u00e8re&#8230; en instant de conscience encore plus grande de la Lumi\u00e8re\u2026<\/p>\n\n\n\n<p>L\u00e0, m\u00eame quand nous allons regarder notre histoire pass\u00e9e, nous n\u2019y verrons que la Lumi\u00e8re dont elle a \u00ab\u00a0r\u00e9ellement\u00a0\u00bb \u00e9t\u00e9 constitu\u00e9e.<\/p>\n\n\n\n<p>Et l\u00e0, dans notre Paradis retrouv\u00e9, nous ne serons jamais plus d\u00e9rang\u00e9s par nos m\u00e9moires.<\/p>\n\n\n\n<p>\u25cf<\/p>\n\n\n\n<p>Oui&nbsp;! Nous voulons vivre cet avenir&#8230; Et nous le vivrons&nbsp;!<\/p>\n\n\n\n<p>Mais, concr\u00e8tement, continuons \u00e0 prendre l\u2019exemple de la col\u00e8re&nbsp;: voir la Lumi\u00e8re dans la col\u00e8re, \u00e7a veut dire quoi&nbsp;?<\/p>\n\n\n\n<p><\/p>\n\n\n\n<p class=\"has-text-align-right\"><em>La merveilleuse \u00ab\u00a0mi-temps de retard<\/em>\u00ab\u00a0<\/p>\n\n\n\n<p>\u25a0<\/p>\n\n\n\n<p>Cela veut dire \u00eatre heureux d\u2019avoir v\u00e9cu cette col\u00e8re&nbsp;!<\/p>\n\n\n\n<p>Mais l\u00e0, il nous faut peut-\u00eatre parler de cet aspect dont j&rsquo;aurai pu te parler \u00e0 plusieurs reprises\u2026 Mais je ne l\u2019ai pas encore fait\u2026 Faisons-le maintenant&nbsp;!<\/p>\n\n\n\n<p>Comme moi, tu as entendu et probablement lu cette parole&nbsp;:&nbsp;<\/p>\n\n\n\n<p>\u00ab&nbsp;<em>Vous avez toujours une mi-temps de retard<\/em>&nbsp;\u00bb.&nbsp;<\/p>\n\n\n\n<p>Cela est dans les textes anciens et cela a \u00e9t\u00e9 redit\u2026<\/p>\n\n\n\n<p>\u25cf<\/p>\n\n\n\n<p>Oui, j&rsquo;ai entendu parler de cette \u00ab\u00a0mi-temps de retard\u00a0\u00bb&#8230;<\/p>\n\n\n\n<p>\u25a0<\/p>\n\n\n\n<p>Ce que j\u2019en comprends, pour l\u2019instant, c\u2019est ceci&nbsp;: le temps s\u2019\u00e9coule, comme cela&nbsp;: nous allons nous amuser \u00e0 le dessiner sur un axe qui va de la gauche vers la droite, comme nous le repr\u00e9sentons souvent.<\/p>\n\n\n\n<figure class=\"wp-block-image size-full is-resized\"><img loading=\"lazy\" decoding=\"async\" width=\"454\" height=\"161\" src=\"https:\/\/behappy8.org\/wp-content\/uploads\/2024\/09\/Une-mi-termps-de-retard.png\" alt=\"\" class=\"wp-image-2111\" style=\"width:631px;height:auto\" srcset=\"https:\/\/behappy8.org\/wp-content\/uploads\/2024\/09\/Une-mi-termps-de-retard.png 454w, https:\/\/behappy8.org\/wp-content\/uploads\/2024\/09\/Une-mi-termps-de-retard-300x106.png 300w\" sizes=\"auto, (max-width: 454px) 85vw, 454px\" \/><\/figure>\n\n\n\n<div style=\"height:40px\" aria-hidden=\"true\" class=\"wp-block-spacer\"><\/div>\n\n\n\n<p>Il semble que nous ne pouvons penser, pour l\u2019instant, qu\u2019une pens\u00e9e \u00e0 la fois\u2026 La science semble nous le d\u00e9montrer pour l&rsquo;instant&nbsp;!<\/p>\n\n\n\n<p>Il me semble \u00e9galement que nous pensons de plus en plus vite, notre ordinateur mental \u00e9tant de plus en plus rapide, car de plus en plus perfectionn\u00e9 par l\u2019usage que nous en faisons de plus en plus\u2026<\/p>\n\n\n\n<p>De ces faits, qui nous semblent \u00e9vidents, pour l&rsquo;instant, il r\u00e9sulte que nous ne prenons conscience de l\u2019instant que nous vivons&#8230; que l\u2019instant d\u2019apr\u00e8s&nbsp;!<\/p>\n\n\n\n<p>Alors, voyons ce que cela donne sur notre dessin&nbsp;:<\/p>\n\n\n\n<ul class=\"wp-block-list\">\n<li>Au temps \u00ab\u00a01\u00a0\u00bb, qui ne dure qu\u2019un instant, nous vivons une \u00e9motion, nous vivons quelque chose, nous vivons un ph\u00e9nom\u00e8ne\u2026&nbsp;<\/li>\n\n\n\n<li>Et, au temps suivant \u00ab\u00a02\u00a0\u00bb, justement avec \u00ab&nbsp;une mi-temps de retard&nbsp;\u00bb, nous prenons conscience que nous avons v\u00e9cu cette \u00e9motion au temps \u00ab\u00a01\u00a0\u00bb\u2026&nbsp;<\/li>\n\n\n\n<li>Et peut-\u00eatre qu\u2019au temps \u00ab\u00a03\u00a0\u00bb, avec une mi-temps de retard suppl\u00e9mentaire, nous commen\u00e7ons \u00e0 juger cette \u00e9motion v\u00e9cue au temps \u00ab\u00a01\u00a0\u00bb&nbsp;\u2026 ou bien \u00e0 observer la conscience que nous en avons eu au temps \u00ab&nbsp;2&nbsp;\u00bb &#8230; etc\u2026 etc&#8230;<\/li>\n<\/ul>\n\n\n\n<p>\u25cf<\/p>\n\n\n\n<p>Si j\u2019observe bien dans le d\u00e9tail, il me semble que c\u2019est vraiment comme cela que je fonctionne moi-m\u00eame\u2026 en effet&nbsp;! Parce que le temps ne dure qu\u2019un instant&nbsp;!<\/p>\n\n\n\n<p>Donc, en r\u00e9alit\u00e9, nous ne pouvons regarder qu\u2019une col\u00e8re \u00ab&nbsp;que nous avons eue&nbsp;\u00bb.<\/p>\n\n\n\n<p>\u25a0<\/p>\n\n\n\n<p>Oui&nbsp;! Nous vivons l&rsquo;instant&#8230; Mais, cet instant, nous ne pouvons l&rsquo;observer qu&rsquo;avec \u00ab\u00a0une mi-temps de retard\u00a0\u00bb \u00e0 un instant suivant&nbsp;!<\/p>\n\n\n\n<p>Ce sera soit l&rsquo;instant suivant imm\u00e9diat, soit un instant des ann\u00e9es apr\u00e8s&#8230;<\/p>\n\n\n\n<p>Mais, ce qui est s\u00fbr, c&rsquo;est que nous regardons sans arr\u00eat en arri\u00e8re&nbsp;! Nous regardons sans cesse ce que nous appelons le pass\u00e9&nbsp;!<\/p>\n\n\n\n<p>\u25cf<\/p>\n\n\n\n<p>Alors, c\u2019est \u00e7a \u00ab\u00a0la mi-temps de retard\u00a0\u00bb&nbsp;?<\/p>\n\n\n\n<p>\u25a0<\/p>\n\n\n\n<p>\u00c0 mon point de vue, oui&nbsp;! C\u2019est comme cela que je la comprends, en tout cas pour l\u2019instant\u2026<\/p>\n\n\n\n<p>\u25cf<\/p>\n\n\n\n<p>Mais, si nous n\u2019avions pas cette mi-temps de retard et que, au moment o\u00f9 nous vivons la col\u00e8re, nous l\u2019aimions&nbsp;?<\/p>\n\n\n\n<p>\u25a0<\/p>\n\n\n\n<p>Nous aurons toujours cette mi-temps de retard\u2026&nbsp;<\/p>\n\n\n\n<p>Et, bien s\u00fbr, cette mi-temps de retard, elle est Parfaite&nbsp;!<\/p>\n\n\n\n<p>Cette mi-temps de retard n\u2019est pas un probl\u00e8me en soi\u2026 En effet, dans la R\u00e9alit\u00e9, qui seule nous int\u00e9resse, seule la Lumi\u00e8re existe\u2026 Et donc, cette mi-temps de retard, comme tout ce qui existe ne peut \u00eatre que Lumi\u00e8re Merveilleuse&nbsp;!<\/p>\n\n\n\n<p>Mais, c\u2019est l\u2019usage que nous faisons de cette mi-temps de retard qui peut \u00eatre probl\u00e9matique pour nous\u2026 et pour tous&nbsp;!&nbsp;<\/p>\n\n\n\n<p>En effet, la v\u00e9ritable question \u00e0 se poser est : \u00ab\u00a0Quelle conscience allons-nous choisir d\u2019avoir de notre pass\u00e9, gr\u00e2ce \u00e0 notre mi-temps de retard&nbsp;?\u00a0\u00bb<\/p>\n\n\n\n<p>\u2022 En effet, si nous vivons une col\u00e8re qui r\u00e9sulte de notre perte de conscience de la Lumi\u00e8re ou bien de la perte de conscience par quelqu\u2019un d\u2019autre de la Lumi\u00e8re&#8230; et qu\u2019\u00e0 la mi-temps suivante, courageusement, nous osons \u00eatre heureux d\u2019avoir v\u00e9cu cette col\u00e8re\u2026&nbsp;<\/p>\n\n\n\n<p>Si nous avons le courage d\u2019aimer cette perte de conscience pr\u00e9c\u00e9dente de la Lumi\u00e8re, l\u00e0 nous utilisons bien cette mi-temps de retard pour avoir, \u00e0 nouveau, conscience de la Lumi\u00e8re\u2026 ce qui est son usage originel&nbsp;! <\/p>\n\n\n\n<p>C&rsquo;est l\u00e0 un usage Lumineux de notre mi-temps de retard\u2026 C&rsquo;est un usage Lumineux de l&rsquo;instant suivant\u2026 C&rsquo;est un usage lumineux de notre libre arbitre que notre mi-temps de retard permet et mat\u00e9rialise.<\/p>\n\n\n\n<p>\u2022 Mais, si nous vivons une col\u00e8re qui exprime notre perte de conscience de la Lumi\u00e8re, ou celle de quelqu\u2019un d\u2019autre et qu\u2019avec notre mi-temps de retard, nous continuons \u00e0 utiliser notre libre arbitre pour perdre conscience de la Lumi\u00e8re en condamnant cette col\u00e8re que nous avons v\u00e9cu l\u2019instant pr\u00e9c\u00e9dant, chez nous ou chez l\u2019autre\u2026 Nous faisons bien l\u00e0 un usage ombreux de notre mi-temps de retard, pourtant Parfaite\u2026 Et nous faisons un usage maladroit de notre libre arbitre.<\/p>\n\n\n\n<p>\u25cf<\/p>\n\n\n\n<p>Oui, mais, est-ce que l\u2019usage Lumineux de notre mi-temps de retard pour cette col\u00e8re va la transformer pour la prochaine fois&nbsp;?<\/p>\n\n\n\n<p><\/p>\n\n\n\n<p class=\"has-text-align-right\"><em>Transmutation du plomb en or<\/em><\/p>\n\n\n\n<p>\u25a0<\/p>\n\n\n\n<p>Oui, bien s\u00fbr&nbsp;!&nbsp;<\/p>\n\n\n\n<p>Cette col\u00e8re, \u00e9tant plus aim\u00e9e, mais pas encore compl\u00e8tement, elle va automatiquement revenir puisqu\u2019elle n\u2019est pas encore aim\u00e9e \u00e0 100%, pour l\u2019instant\u2026<\/p>\n\n\n\n<p>Mais imaginons que, pour l\u2019instant, nous ayons r\u00e9ussi \u00e0 l\u2019aimer \u00e0 60%&nbsp;! Alors, \u00e9videmment qu\u2019elle va se repr\u00e9senter en esp\u00e9rant obtenir justice, c&rsquo;est \u00e0 dire en esp\u00e9rant que les 40% restant, qui n\u2019ont pas encore \u00e9t\u00e9 aim\u00e9s, soient aim\u00e9s\u2026 Et l\u00e0, ce sera \u00e0 nous d\u2019avoir le courage d&rsquo;arriver \u00e0 l\u2019aimer encore plus\u2026&nbsp;<\/p>\n\n\n\n<p>Nous transmutons l&rsquo;ombre de cette col\u00e8re pass\u00e9e par l\u2019amour pr\u00e9sent\u2026 Nous grignotons la col\u00e8re d\u2019amour\u2026<\/p>\n\n\n\n<p>\u25cf<\/p>\n\n\n\n<p>Bon, j\u2019ai compris&nbsp;!&nbsp;<\/p>\n\n\n\n<p>Donc, c\u2019est vraiment \u00e0 chaque fois gr\u00e2ce \u00e0 cette mi-temps de retard que nous pouvons ouvrir notre conscience de la Lumi\u00e8re \u00ab&nbsp;dans&nbsp;\u00bb la col\u00e8re\u2026<\/p>\n\n\n\n<p>\u25a0<\/p>\n\n\n\n<p>Oui&nbsp;! C&rsquo;est gr\u00e2ce \u00e0 cette mi-temps de retard qui nous est offerte que notre libre arbitre peut s&rsquo;exprimer&#8230;<\/p>\n\n\n\n<p>Et nous prolongeons toujours la perte de conscience de la Lumi\u00e8re qui nous reste vers l\u2019avenir\u2026 dans le but d\u2019en reprendre conscience toujours plus\u2026 par un usage toujours plus sage de notre mi-temps de retard et de notre libre arbitre qu&rsquo;elle nous permet d&rsquo;exprimer.<\/p>\n\n\n\n<p>Et cette col\u00e8re, encore non aim\u00e9e \u00e0 100%, va n\u00e9cessairement revenir dans notre exp\u00e9rience de vie, chaque fois diff\u00e9rente, autant de fois que n\u00e9cessaire, pour \u00eatre toujours plus aim\u00e9e\u2026 jusqu\u2019\u00e0 \u00eatre totalement aim\u00e9e&nbsp;!&nbsp;<\/p>\n\n\n\n<p>La Lumi\u00e8re nous offre Son \u00c9ternit\u00e9 pour prendre ou reprendre conscience d\u2019Elle\u2026<\/p>\n\n\n\n<p>Ainsi, cette col\u00e8re, chez nous ou chez l\u2019autre, va se repr\u00e9senter autant de fois que n\u00e9cessaire pour que nous l\u2019aimions finalement \u00ab&nbsp;totalement&nbsp;\u00bb&nbsp;!&nbsp;<\/p>\n\n\n\n<p>En tous cas, aussi totalement qu\u2019un \u00catre humain puisse aimer\u2026<\/p>\n\n\n\n<p><\/p>\n\n\n\n<p class=\"has-text-align-right\"><em>Je pr\u00e9f\u00e8re \u00eatre heureux que comprendre\u2026<\/em> <em>Mais&#8230;<\/em><\/p>\n\n\n\n<p>\u25cf<\/p>\n\n\n\n<p>Moi, pour l\u2019instant, la seule chose que je peux, peut-\u00eatre, envisager, c\u2019est comprendre la col\u00e8re\u2026 Mais l\u2019aimer&nbsp;!?&nbsp;<\/p>\n\n\n\n<p>\u25a0<\/p>\n\n\n\n<p>Comprendre c\u2019est d\u00e9j\u00e0 pas mal&nbsp;!<\/p>\n\n\n\n<p>\u25cf<\/p>\n\n\n\n<p>C\u2019est en voir les m\u00e9canismes\u2026 Et me dire: \u00ab\u00a0\u00c7a, c\u2019est normal\u2026 \u00c7a non&nbsp;!\u00a0\u00bb.<\/p>\n\n\n\n<p>\u25a0<\/p>\n\n\n\n<p>Comprendre, ce n\u2019est pas mal, mais c\u2019est encore ombreux\u2026 C\u2019est encore, trop souvent, pi\u00e9g\u00e9 quelque part par l\u2019ombre&nbsp;!&nbsp;<\/p>\n\n\n\n<p>C\u2019est vraiment \u00eatre heureux d\u2019un instant que nous avons v\u00e9cu et non pas se contenter de le comprendre\u2026 qui nous int\u00e9resse au premier chef.<\/p>\n\n\n\n<p>Et posons-nous cette question toute b\u00eate pour essayer d\u2019exprimer la priorit\u00e9 profonde pour nous \u00ab&nbsp;d\u2019\u00eatre heureux&nbsp;\u00bb par rapport \u00e0 \u00ab&nbsp;comprendre&nbsp;\u00bb&nbsp;:<\/p>\n\n\n\n<p>Pr\u00e9f\u00e9rons-nous que nos parents, nos enfants ou notre conjoint nous comprennent ou bien qu\u2019ils nous aiment&nbsp;?<\/p>\n\n\n\n<p>Pr\u00e9f\u00e9rons-nous qu\u2019ils comprennent, par exemple, tous les rouages de notre raisonnement ou toutes les raisons de notre action\u2026 Ou bien pr\u00e9f\u00e9rons-nous qu\u2019ils soient heureux de tout ce que nous sommes, c\u2019est \u00e0 dire qu\u2019ils nous aiment sans condition&nbsp;?<\/p>\n\n\n\n<p><\/p>\n\n\n\n<p class=\"has-text-align-right\"><em>\u2026 Mais plus je suis heureux, mieux je comprends<\/em><\/p>\n\n\n\n<p>Notre exp\u00e9rience de tous les jours nous le montre&nbsp;:<\/p>\n\n\n\n<p>Tous, autant que nous sommes, nous pr\u00e9f\u00e9rons tous \u00eatre aim\u00e9s que compris\u2026 Mais, il est vrai que plus nous sommes aim\u00e9s, mieux nous nous sentons compris.<\/p>\n\n\n\n<p>Nous pr\u00e9f\u00e9rons tous \u00eatre heureux d&rsquo;un fait plut\u00f4t que de le comprendre\u2026 Mais, c&rsquo;et vrai : plus nous sommes heureux, mieux nous comprenons.<\/p>\n\n\n\n<p>Est-ce qu\u2019une chose qui t\u2019int\u00e9resse dans notre relation, ce n\u2019est pas d\u2019avoir affaire avec quelqu\u2019un qui a acquis une certaine virtuosit\u00e9 \u00e0 \u00eatre heureux de tout\u2026 et ceci d\u2019une fa\u00e7on encore un peu inhabituelle pour l\u2019instant dans notre soci\u00e9t\u00e9&nbsp;?<\/p>\n\n\n\n<p>\u25cf<\/p>\n\n\n\n<p>Oui, c\u2019est vrai, c\u2019est agr\u00e9able et enrichissant\u2026<\/p>\n\n\n\n<p>Mais alors ce que tu es en train de me dire c\u2019est que \u00ab&nbsp;\u00eatre heureux&nbsp;\u00bb et \u00ab&nbsp;aimer&nbsp;\u00bb c\u2019est pareil ?<\/p>\n\n\n\n<p>\u25a0<\/p>\n\n\n\n<p>Pour moi c\u2019est pareil. Dans mon langage personnel ces deux termes sont des synonymes\u2026<\/p>\n\n\n\n<p>\u25cf<\/p>\n\n\n\n<p>Mais, pour moi, cela me para\u00eet plus accessible \u00ab&nbsp;d\u2019\u00eatre heureuse&nbsp;\u00bb de ceci ou de cela parce que j\u2019y mets un sens\u2026 Mais \u00ab&nbsp;aimer&nbsp;\u00bb&nbsp;?!<\/p>\n\n\n\n<p>\u25a0<\/p>\n\n\n\n<p>Oui\u2026 tu as peut-\u00eatre raison\u2026 Chacun de nous a sa sensibilit\u00e9 personnelle, unique\u2026&nbsp;<\/p>\n\n\n\n<p>Chacun de nous a sa m\u00e9moire unique et donc sa propre \u00ab\u00a0conception initiale\u00a0\u00bb\u2026&nbsp;<\/p>\n\n\n\n<p>Et chacun de nous utilise les mots \u00e0 sa fa\u00e7on pour exprimer \u00ab\u00a0sa\u00a0\u00bb conscience\u2026<\/p>\n\n\n\n<p>\u25cf<\/p>\n\n\n\n<p>Oui, cela est vrai.<\/p>\n\n\n\n<p><\/p>\n\n\n\n<p class=\"has-text-align-right\"><em>Son Amour est Infini, pour toujours, le n\u00f4tre grandit en Lui&nbsp;<\/em><em><\/em><\/p>\n\n\n\n<p>&nbsp;\u25a0<\/p>\n\n\n\n<p>Mais, \u00ab&nbsp;aimer&nbsp;\u00bb, qu\u2019est-ce que c\u2019est&nbsp;? Fondamentalement, qu\u2019est-ce que c\u2019est&nbsp;?<\/p>\n\n\n\n<p>J\u2019aime une personne\u2026 Qu\u2019est-ce que cela veut dire fondamentalement&nbsp;?&nbsp;<\/p>\n\n\n\n<p>Il me semble bien que cela veut tout simplement dire que je suis heureux de tout ce qu\u2019est cette personne, avec de moins en moins de conditions\u2026&nbsp;<\/p>\n\n\n\n<p>Oui, en fait c\u2019est \u00e7a&nbsp;! Regarde&nbsp;! Si tout d\u2019un coup j&rsquo;exprime que je ne suis pas heureux d\u2019un aspect de toi, m\u00eame tout petit, que tu me pr\u00e9sentes&nbsp;: par exemple, de tes lunettes, ou de ta fa\u00e7on de coiffer tes cheveux&nbsp;! Vas-tu alors te sentir vraiment aim\u00e9e&nbsp;?<\/p>\n\n\n\n<p>\u25cf<\/p>\n\n\n\n<p>Non, c&rsquo;est vrai, pas comme je d\u00e9sire \u00eatre aim\u00e9e&nbsp;!<\/p>\n\n\n\n<p>C&rsquo;est vrai&nbsp;! Je suis bien oblig\u00e9e de reconna\u00eetre que je d\u00e9sire \u00eatre aim\u00e9e sans \u00ab\u00a0aucune\u00a0\u00bb condition\u2026&nbsp;<\/p>\n\n\n\n<p>\u25a0<\/p>\n\n\n\n<p>Alors&#8230; Comment savons-nous que quelqu\u2019un nous aime&nbsp;?<\/p>\n\n\n\n<p>Eh bien, nous savons que quelqu\u2019un nous aime parce que cette personne est heureuse de \u00ab&nbsp;tout&nbsp;\u00bb ce que, nous, nous lui pr\u00e9sentons de nous aujourd\u2019hui, sans une seule exception&nbsp;: \u00ab&nbsp;notre&nbsp;\u00bb pr\u00e9sent, \u00ab&nbsp;notre&nbsp;\u00bb pass\u00e9, \u00ab&nbsp;notre&nbsp;\u00bb avenir\u2026 Et l\u00e0 nous sommes rassur\u00e9e&nbsp;: l\u00e0, nous sommes certains que, aujourd\u2019hui, elle nous aime&nbsp;!<\/p>\n\n\n\n<p>\u25cf<\/p>\n\n\n\n<p>Oui, c\u2019est vrai&nbsp;! C&rsquo;est bien comme cela que je sais que quelqu&rsquo;un m&rsquo;aime&#8230;<\/p>\n\n\n\n<p>\u25a0<\/p>\n\n\n\n<p>Mais si, aujourd\u2019hui, cette personne est heureuse de tout ce que tu es, sauf d\u2019une seule chose dont elle ne sait pas, pour l&rsquo;instant, \u00eatre heureuse&nbsp;: par exemple la fa\u00e7on dont tu t\u2019es habill\u00e9e aujourd\u2019hui\u2026 et qu&rsquo;elle te l&rsquo;exprime&#8230; \u00c0 cet instant, vas-tu te sentir \u00ab&nbsp;vraiment aim\u00e9e&nbsp;\u00bb par elle&nbsp;?<\/p>\n\n\n\n<p>\u25cf<\/p>\n\n\n\n<p>Non, c&rsquo;est vrai, je vais me sentir mal aim\u00e9e, incompl\u00e8tement aim\u00e9e\u2026<\/p>\n\n\n\n<p>\u25a0<\/p>\n\n\n\n<p>Eh bien&nbsp;! \u00c0 partir de l\u00e0, si nous nous en tenons \u00e0 l\u2019essentiel, qui est d\u2019\u00eatre heureux de suite, nous n\u2019avons que quelques cascades d\u2019options possibles\u2026 <\/p>\n\n\n\n<p>Par exemple&nbsp;:<\/p>\n\n\n\n<p>\u2022 Grace \u00e0 notre patience et \u00e0 notre g\u00e9n\u00e9rosit\u00e9, gr\u00e2ce \u00e0 l\u2019amour que nous nous portons \u00e0 nous-m\u00eame et que nous portons \u00e0 l\u2019autre, nous remettons \u00e0 la mi-temps suivante l\u2019exp\u00e9rience \u00ab&nbsp;pourtant existentielle&nbsp;\u00bb de nous sentir aim\u00e9 par l\u2019autre tel que nous sommes\u2026 et nous avons, la mi-temps d\u2019apr\u00e8s, le courage de \u00ab&nbsp;choisir d\u2019\u00eatre heureux que l\u2019autre ne soit pas, pour l\u2019instant, capable d\u2019\u00eatre heureux de \u00ab\u00a0tout\u00a0\u00bb ce que nous sommes&nbsp;\u00bb&nbsp;:&nbsp;<\/p>\n\n\n\n<p>Alors, l\u00e0, nous l\u2019aimons lui, tel qu\u2019il est, sans aucune condition&nbsp;!<\/p>\n\n\n\n<p>Et l\u00e0, imm\u00e9diatement, nous sommes tous les deux r\u00e9compens\u00e9s&nbsp;: nous, de la joie d\u2019aimer et d\u2019\u00eatre heureux sans condition\u2026 et l\u2019autre, de se sentir aim\u00e9 sans condition et de pouvoir en \u00eatre heureux&nbsp;!<\/p>\n\n\n\n<p>D\u2019ailleurs, cette voie d\u2019amour peut prendre, pour simplifier, deux principales formes d\u2019expression&nbsp;:&nbsp;<\/p>\n\n\n\n<p>\u2022 Soit, avec joie, nous changeons de v\u00eatements pour exprimer notre bonheur et notre amour que l\u2019autre ne soit pas arriv\u00e9, jusqu\u2019\u00e0 l\u00e0, \u00e0 \u00eatre heureux du v\u00eatement que nous portions l\u2019instant d\u2019avant\u2026<\/p>\n\n\n\n<p>\u2022 Soit, avec joie, nous gardons le m\u00eame v\u00eatement, pour exprimer notre bonheur et notre amour que l\u2019autre ne soit pas arriv\u00e9, jusqu\u2019\u00e0 l\u00e0, \u00e0 \u00eatre heureux du v\u00eatement que nous portions ce m\u00eame instant d&rsquo;avant\u2026&nbsp;<\/p>\n\n\n\n<p>Dans ces deux formes d&rsquo;expression de notre amour, l\u2019autre re\u00e7oit \u00ab&nbsp;l\u2019essentiel&nbsp;: c&rsquo;est \u00e0 dire notre amour inconditionnel&nbsp;\u00bb&nbsp;! Il va, obligatoirement, le percevoir dans la joie que nous avons \u00e0 assumer l\u2019attitude que nous avons choisie&nbsp;: il re\u00e7oit notre confiance absolue en son amour.<\/p>\n\n\n\n<p>Dans ces deux voies, \u00e9galement, nous recevons nous-m\u00eame \u00ab&nbsp;l\u2019essentiel&nbsp;\u00bb&nbsp;: nous recevons le \u00ab&nbsp;salaire instantan\u00e9&nbsp;\u00bb qu\u2019est l\u2019amour et la joie que nous ressentons pour l\u2019autre, sans aucune condition\u2026<\/p>\n\n\n\n<p>Nous sommes, alors, des t\u00e9moins qui osons vivre et offrir \u00e0 ce m\u00eame instant notre espoir en nous et en l\u2019autre, notre amour de nous-m\u00eame et de l\u2019autre et notre foi en la Lumi\u00e8re\u2026<\/p>\n\n\n\n<p>\u25cf<\/p>\n\n\n\n<p>Mais si, par exemple, nous n\u2019avons pas, \u00e0 cet instant, ce fameux courage de \u00ab&nbsp;choisir d\u2019\u00eatre heureux que l\u2019autre ne soit pas pour l\u2019instant capable d\u2019\u00eatre heureux de tout ce que nous sommes nous&nbsp;\u00bb, comment proc\u00e9dons-nous\u2026 que se passe-t-il&nbsp;?<\/p>\n\n\n\n<p><\/p>\n\n\n\n<p class=\"has-text-align-right\"><em>Patience \u00c9ternelle de la Lumi\u00e8re<\/em><\/p>\n\n\n\n<p>\u25a0<\/p>\n\n\n\n<p>Alors, l\u00e0, en r\u00e9alit\u00e9, ce n\u2019est pas grave du tout&nbsp;!<\/p>\n\n\n\n<p>Simplement, nous allons \u00ab\u00a0choisir\u00a0\u00bb, de fa\u00e7on plus ou moins consciente, de revivre cette situation \u00ab&nbsp;o\u00f9 l\u2019autre n\u2019arrive pas \u00e0 \u00eatre heureux de tout ce que nous sommes&nbsp;\u00bb&#8230; Et ceci, autant de fois que n\u00e9cessaire pour que nous arrivions \u00e0 en \u00eatre nous-m\u00eame parfaitement heureux&nbsp;!<\/p>\n\n\n\n<p>L&rsquo;\u00c2me, que nous sommes, nous invite toujours \u00e0 revivre notre ombre imaginaire, jusqu\u2019\u00e0 ce que nous puissions reconna\u00eetre que la Lumi\u00e8re est \u00c9ternelle et Omnipr\u00e9sente&#8230;<\/p>\n\n\n\n<p>Et donc, nous revivons cette situation dans laquelle \u00ab&nbsp;l\u2019autre n\u2019arrive pas \u00e0 \u00eatre heureux de tout ce que nous sommes&nbsp;\u00bb&#8230;<\/p>\n\n\n\n<p>D&rsquo;une part, nous revivons cette situation jusqu&rsquo;\u00e0 ce que nous reprenions conscience que cette situation particuli\u00e8re n\u2019est en r\u00e9alit\u00e9 que la Lumi\u00e8re Pure dont nous avions simplement perdu conscience\u2026 <\/p>\n\n\n\n<p>D&rsquo;autre part, nous revivons cette situation jusqu&rsquo;\u00e0 ce que nous reprenions conscience, \u00e9galement, que \u00ab&nbsp;le fait que nous ne soyons pas arriv\u00e9s jusqu\u2019\u00e0 l\u00e0 \u00e0 en avoir conscience&nbsp;\u00bb n&rsquo;est en r\u00e9alit\u00e9, \u00e9galement, que la Lumi\u00e8re Pure&nbsp;!<\/p>\n\n\n\n<p>Nous n\u2019arr\u00eaterons jamais de vouloir Tout aimer, c&rsquo;est \u00e0 dire de vouloir \u00eatre heureux de Tout\u2026<\/p>\n\n\n\n<p>Jamais&nbsp;!<\/p>\n\n\n\n<p>Nous n\u2019arr\u00eaterons jamais de vouloir avoir toujours plus conscience de la Lumi\u00e8re, y compris, pour l\u2019instant, dans l\u2019ombre que nous avons imagin\u00e9e\u2026<\/p>\n\n\n\n<p>Jamais&nbsp;!<\/p>\n\n\n\n<p>Ce n\u2019est que justice d\u2019esp\u00e9rer de nous-m\u00eame que nous soyons heureux sans condition l\u2019instant suivant\u2026 et d\u2019esp\u00e9rer de l\u2019autre qu\u2019il soit heureux sans condition, quand il le voudra et le pourra\u2026<\/p>\n\n\n\n<p>Nous avons raison d\u2019esp\u00e9rer que cela arrive\u2026 Nous avons vraiment raison d\u2019essayer encore et encore\u2026&nbsp;jusqu&rsquo;\u00e0 ce que cela arrive.<\/p>\n\n\n\n<p>Car cela arrivera in\u00e9vitablement&nbsp;!&nbsp;<\/p>\n\n\n\n<p>Cela est d\u00e9j\u00e0 inscrit dans le futur de l\u2019humanit\u00e9.<\/p>\n\n\n\n<div style=\"height:40px\" aria-hidden=\"true\" class=\"wp-block-spacer\"><\/div>\n\n\n\n<p><em>L\u00e0, il y a eu un long silence\u2026 et puis\u2026<\/em><\/p>\n\n\n\n<div style=\"height:40px\" aria-hidden=\"true\" class=\"wp-block-spacer\"><\/div>\n\n\n\n<p>\u25cf<\/p>\n\n\n\n<p>En reprenant les textes que nous avons transcrits, je viens de lire que \u00ab&nbsp;vouloir que quelqu\u2019un soit autre que ce qu\u2019il est, c\u2019est tenter de prendre possession de lui\u2026&nbsp;\u00bb<\/p>\n\n\n\n<p><\/p>\n\n\n\n<p class=\"has-text-align-right\"><em>La Lumi\u00e8re est toujours l\u00e0, m\u00eame si nous l\u2019ignorons<\/em><em><\/em><\/p>\n\n\n\n<p>\u25a0<\/p>\n\n\n\n<p>Oui, \u00e7a, c\u2019est ce que nous appelons \u00ab\u00a0l\u2019ombre\u00a0\u00bb\u2026&nbsp;<\/p>\n\n\n\n<p>Mais en r\u00e9alit\u00e9, nous avons seulement \u00ab&nbsp;essay\u00e9&nbsp;\u00bb de prendre possession de lui, mais sans jamais y \u00eatre arriv\u00e9 r\u00e9ellement, car en effet, c\u2019est impossible gr\u00e2ce au libre-arbitre, gr\u00e2ce \u00e0 la libre conscience que nous sommes, chacun de nous\u2026<\/p>\n\n\n\n<p>Mais, cependant, oui&nbsp;! cette tentative de l\u2019impossible, c\u2019est l\u2019ombre\u2026<\/p>\n\n\n\n<p>\u25cf<\/p>\n\n\n\n<p>Cela m\u2019a agress\u00e9 parce que, par exemple, dans la relation m\u00e8re-enfant, ce n\u2019est que \u00e7a&nbsp;! On cherche tout le temps \u00e0 ce que l\u2019enfant soit autrement que ce qu\u2019il est.<\/p>\n\n\n\n<p>\u25a0<\/p>\n\n\n\n<p>Non&nbsp;! Ce n\u2019est pas \u00ab&nbsp;que&nbsp;\u00bb \u00e7a&nbsp;! Il ne faut pas exag\u00e9rer non plus en disant que ce n\u2019est \u00ab&nbsp;que&nbsp;\u00bb \u00e7a. Mais, cela a \u00e9t\u00e9, c&rsquo;est vrai, trop souvent \u00e7a\u2026<\/p>\n\n\n\n<p>&nbsp;Mais \u00e7a, c\u2019\u00e9tait l\u2019aspect ombreux de la relation\u2026 C\u2019\u00e9tait l\u2019ombre par laquelle nous nous \u00e9tions laiss\u00e9 envahir qui a fait que nous avons pu vouloir que l\u2019enfant soit autre que ce qu\u2019il est\u2026<\/p>\n\n\n\n<p>Mais, il n\u2019y a pas que \u00e7a dans la relation d\u2019une m\u00e8re avec un enfant. Ce n\u2019est pas 100 % \u00e7a\u2026 Ce n\u2019est pas vrai&nbsp;!<\/p>\n\n\n\n<p>Il y a aussi tout cet amour, tout ce courage d\u2019aimer l\u2019enfant tel il est, aussi&nbsp;! Il y a des tas de choses qu\u2019une m\u00e8re aime chez son enfant tel qu\u2019il est\u2026 Elle y arrive tr\u00e8s bien, le plus souvent&nbsp;!&nbsp;<\/p>\n\n\n\n<p>Mais, c&rsquo;est vrai, il y a aussi des aspects o\u00f9 elle n\u2019y est pas arriv\u00e9e. Cependant, c&rsquo;est tr\u00e8s, tr\u00e8s loin d&rsquo;\u00eatre la totalit\u00e9. Il ne faut pas noircir le tableau plus qu\u2019il ne l\u2019est&nbsp;!<\/p>\n\n\n\n<p>\u25cf<\/p>\n\n\n\n<p>Un sur trois&nbsp;! Chez moi il y a une de mes enfants&nbsp;avec laquelle, non, non, non&nbsp;! il n\u2019y a rien qui passe\u2026<\/p>\n\n\n\n<p>J\u2019ai encore essay\u00e9&nbsp;: je me suis dit \u00ab&nbsp;bon j\u2019essaye encore de l\u2019aimer telle qu\u2019elle est&nbsp;!&nbsp;\u00bb \u2026 Et c\u2019est l\u00e0 que j\u2019ai pris conscience que je voulais qu\u2019elle soit autrement que ce qu\u2019elle \u00e9tait&nbsp;!<\/p>\n\n\n\n<p><\/p>\n\n\n\n<p class=\"has-text-align-right\"><em>Le dernier instant est le premier \u00e0 aimer<\/em><em><\/em><\/p>\n\n\n\n<p>\u25a0<\/p>\n\n\n\n<p>Oui, je comprends&nbsp;! Et je suis en paix d\u2019entendre cela.<\/p>\n\n\n\n<p>Si tu veux, il faut toujours commencer par travailler l\u2019instant qui est \u00ab&nbsp;juste avant&nbsp;\u00bb. Je veux dire&nbsp;: il vaut mieux s\u2019int\u00e9resser en priorit\u00e9 \u00e0 la mi-temps la plus courte plut\u00f4t qu\u2019a une mi-temps plus longue\u2026&nbsp;<\/p>\n\n\n\n<p>\u25cf<\/p>\n\n\n\n<p>C\u2019est \u00e0 dire&nbsp;?<\/p>\n\n\n\n<p>\u25a0<\/p>\n\n\n\n<p>C\u2019est \u00e0 dire que nous avons dans nos m\u00e9moires des choses innombrables que nous n\u2019avons pas, pour l&rsquo;instant, r\u00e9ussi \u00e0 aimer&nbsp;: des m\u00e9moires de notre vie actuelle, des m\u00e9moires de nos vies pass\u00e9es, mais aussi des m\u00e9moires du pass\u00e9 de toute l\u2019humanit\u00e9\u2026&nbsp;<\/p>\n\n\n\n<p>\u00c9videmment, nous ne pouvons pas essayer d\u2019aller travailler tout \u00e7a d&rsquo;un seul coup\u2026&nbsp;<\/p>\n\n\n\n<p>C\u2019est en effet \u00e9norme&nbsp;! Et, vu notre all\u00e9geance \u00e0 l\u2019ombre depuis des mill\u00e9naires et des mill\u00e9naires, nous ne sommes vraiment pas capables, pour l&rsquo;instant, aujourd\u2019hui, d\u2019aimer tout \u00e7a\u2026 en une seule fois&nbsp;!<\/p>\n\n\n\n<p>\u25cf<\/p>\n\n\n\n<p>Oui, c\u2019est \u00e9norme et souvent, c&rsquo;est inaccessible&nbsp;!<\/p>\n\n\n\n<p>\u25a0<\/p>\n\n\n\n<p>En ce qui concerne les m\u00e9moires de cette vie, par les diff\u00e9rentes th\u00e9rapies disponibles dans notre soci\u00e9t\u00e9 aujourd\u2019hui, nous pouvons, peut-\u00eatre, les travailler par le biais de la pens\u00e9e ou bien par celui du corps \u2026<\/p>\n\n\n\n<p>Et, il faut bien le reconna\u00eetre, cela est d\u00e9j\u00e0 bien difficile\u2026 voire, pour l\u2019instant, impossible pour beaucoup trop d\u2019entre nous.<\/p>\n\n\n\n<p>Mais, en ce qui concerne les m\u00e9moires qui n\u2019appartiennent \u00ab\u00a0pas\u00a0\u00bb \u00e0 cette vie, on ne peut pas s\u2019y adresser avec nos pens\u00e9es ou avec notre corps&nbsp;: c\u2019est du domaine de l\u2019\u00c2me\u2026<\/p>\n\n\n\n<p>Mais, quelle conscience avons-nous de l\u2019\u00c2me&nbsp;?<\/p>\n\n\n\n<p>Alors, de tout ceci, il r\u00e9sulte que ce qui nous est le plus accessible pour l&rsquo;instant, c&rsquo;est \u00e0 dire ce que vraiment l\u00e0, \u00e0 cet instant, nous pouvons envisager d\u2019aimer, ce dont, l\u00e0, \u00e0 cet instant, nous pouvons envisager d\u2019\u00eatre heureux le plus facilement, c\u2019est tout simplement la mi-temps d\u2019avant\u2026 C\u2019est, tout simplement, ce que nous venons de vivre, \u00ab&nbsp;l\u00e0&nbsp;\u00bb, juste \u00e0 l&rsquo;instant pr\u00e9c\u00e9dent&nbsp;!&nbsp;<\/p>\n\n\n\n<p>C\u2019est la pens\u00e9e que nous avons eue juste-l\u00e0\u2026 C\u2019est l\u2019\u00e9motion que nous venons de ressentir, juste-l\u00e0\u2026 Ce sont les paroles que nous venons de dire ou que l\u2019on vient d&rsquo;entendre, juste-l\u00e0\u2026 Ce sont les actes que nous venons de faire ou les situations que nous venons de vivre\u2026 juste-l\u00e0, \u00e0 la mi-temps pr\u00e9c\u00e9dente&nbsp;!<\/p>\n\n\n\n<p>C\u2019est l\u00e0, notre m\u00e9moire qui nous est la plus accessible&nbsp;: c\u2019est notre m\u00e9moire imm\u00e9diate\u2026 En effet, nous la voyons encore clairement, nous en avons encore une tr\u00e8s bonne conscience\u2026 Et elle se propose tr\u00e8s clairement \u00e0 notre amour, \u00e0 notre joie&#8230; Si nous voulons bien le reconna\u00eetre !<\/p>\n\n\n\n<p>Eh bien, en pratique, il n\u2019y a pour nous que cette seule priorit\u00e9&nbsp;! Et c\u2019est \u00e0 elle, avec notre mi-temps de retard, qu\u2019il nous faut faire face en premier\u2026 C\u2019est elle qu\u2019il nous faut apprendre \u00e0 aimer en priorit\u00e9\u2026 Car nous en avons encore une claire m\u00e9moire.<\/p>\n\n\n\n<p>Essayons peut-\u00eatre de nous la repr\u00e9senter, cette m\u00e9moire imm\u00e9diate, en utilisant \u00e0 nouveau la ligne du temps que nous avions dessin\u00e9 tout \u00e0 l\u2019heure pour r\u00e9aliser ce qu\u2019\u00e9tait \u00ab&nbsp;une mi-temps de retard&nbsp;\u00bb&nbsp;:<\/p>\n\n\n\n<div style=\"height:30px\" aria-hidden=\"true\" class=\"wp-block-spacer\"><\/div>\n\n\n\n<figure class=\"wp-block-image size-full is-resized\"><img loading=\"lazy\" decoding=\"async\" width=\"454\" height=\"161\" src=\"https:\/\/behappy8.org\/wp-content\/uploads\/2024\/09\/Une-mi-termps-de-retard.png\" alt=\"\" class=\"wp-image-2111\" style=\"width:628px;height:auto\" srcset=\"https:\/\/behappy8.org\/wp-content\/uploads\/2024\/09\/Une-mi-termps-de-retard.png 454w, https:\/\/behappy8.org\/wp-content\/uploads\/2024\/09\/Une-mi-termps-de-retard-300x106.png 300w\" sizes=\"auto, (max-width: 454px) 85vw, 454px\" \/><\/figure>\n\n\n\n<div style=\"height:32px\" aria-hidden=\"true\" class=\"wp-block-spacer\"><\/div>\n\n\n\n<p>Donc, ce dont nous avons le plus de conscience et ce sur quoi nous avons le plus de pouvoir, c\u2019est \u00ab&nbsp;la mi-temps juste avant&nbsp;\u00bb \u2026 C\u2019est l\u2019instant que nous venons juste de vivre\u2026<\/p>\n\n\n\n<p>Par exemple, sur notre sch\u00e9ma, \u00e0 l&rsquo;instant \u00ab\u00a04\u00a0\u00bb, ce dont nous avons la conscience la plus claire, c&rsquo;est l&rsquo;instant \u00ab\u00a03\u00a0\u00bb et non pas l&rsquo;instant \u00ab\u00a02\u00a0\u00bb et encore moins l&rsquo;instant \u00ab\u00a01\u00a0\u00bb etc&#8230;<\/p>\n\n\n\n<p>Lorsque nous vivons l&rsquo;instant \u00ab\u00a04\u00a0\u00bb, cet instant \u00ab\u00a03\u00a0\u00bb, qui est l&rsquo;instant juste pr\u00e9c\u00e9dent, est encore tout frais dans notre m\u00e9moire&#8230; <\/p>\n\n\n\n<p>Eh bien, c\u2019est, en priorit\u00e9, cette m\u00e9moire la plus proche, que nous devons envisager d\u2019aimer, plut\u00f4t que d\u2019essayer d\u2019aimer une m\u00e9moire plus ancienne, m\u00eame si celle-ci semble peut-\u00eatre beaucoup plus importante ou si elle semble exister depuis beaucoup plus longtemps\u2026<\/p>\n\n\n\n<p>En effet, \u00eatre heureux de ces m\u00e9moires plus anciennes ou plus importantes, c&rsquo;est pour nous, trop souvent encore, impossible \u00e0 faire aujourd&rsquo;hui\u2026<\/p>\n\n\n\n<p>Ceci du fait des nombreux \u00e9v\u00e8nements qui ont \u00e9t\u00e9 v\u00e9cus et dont chacun d&rsquo;entre eux a laiss\u00e9 une trace, c&rsquo;est \u00e0 dire une m\u00e9moire. <\/p>\n\n\n\n<p>Il y a donc de tr\u00e8s nombreuses m\u00e9moires qui se sont install\u00e9es entre ces m\u00e9moires anciennes et cet instant que nous sommes en train de vivre l\u00e0.<\/p>\n\n\n\n<p>Alors, apprenons donc \u00e0 aimer d\u2019abord ce qui est facile\u2026 Et ensuite nous aborderons de plus en plus facilement ce qui nous \u00e9tait m\u00eame jusqu\u2019\u00e0 l\u00e0 impossible&nbsp;!<\/p>\n\n\n\n<p>La mi-temps juste pr\u00e9c\u00e9dente, c\u2019est la plus accessible\u2026 et c\u2019est elle qui nous offre le fait le plus imm\u00e9diat, le plus simple, \u00e0 aimer&nbsp;!<\/p>\n\n\n\n<p>Aimer quelque chose d\u2019ancien et \u00e9norme, c\u2019est bien s\u00fbr plus difficile pour la plupart d&rsquo;entre nous\u2026 <\/p>\n\n\n\n<p>Alors apprenons d\u2019abord \u00e0 aimer des choses plus petites et plus accessibles&nbsp;: <\/p>\n\n\n\n<p>La mi-temps pr\u00e9c\u00e9dente est, en g\u00e9n\u00e9ral, la plus accessible et la plus facile \u00e0 aimer&nbsp;!<\/p>\n\n\n\n<div style=\"height:41px\" aria-hidden=\"true\" class=\"wp-block-spacer\"><\/div>\n\n\n\n\n\n\n\n<p><\/p>\n","protected":false},"excerpt":{"rendered":"<p>La Lumi\u00e8re, Seule Solution de l&rsquo;ombre&nbsp; \u25cf Mais, quelle est la solution pour que l\u2019humanit\u00e9 puisse rester, harmonieusement, sur sa plan\u00e8te terre&nbsp;?&nbsp; \u25a0 Eh bien&#8230; La seule solution pour nous tous, c\u2019est de reprendre conscience de la V\u00e9ritable Lumi\u00e8re, y compris \u00ab&nbsp;dans&nbsp;\u00bb l\u2019ombre que nous avons imagin\u00e9e de toute pi\u00e8ce&#8230; Cette ombre n\u2019a \u00e9t\u00e9, en &hellip; <a href=\"https:\/\/behappy8.org\/?p=2084\" class=\"more-link\">Continuer la lecture<span class=\"screen-reader-text\"> de &laquo;&nbsp;Les 8 entretiens (2\u00e8me Partie du 5\u00e8me Entretien)&nbsp;&raquo;<\/span><\/a><\/p>\n","protected":false},"author":1,"featured_media":0,"comment_status":"open","ping_status":"open","sticky":false,"template":"","format":"chat","meta":{"footnotes":""},"categories":[2030],"tags":[373,2143,2140,283,2113,2119,2156,2121,879,2129,9,2120,479,2117,2171,467,2159,48,2167,2147,2152,2150,2132,2115,2144,2128,728,534,2135,2145,52,418,1420,2155,2151,2166,2122,2109,272,2168,2107,2116,768,2127,2165,2160,2114,1533,2154,2130,8,708,163,760,320,2125,2124,2126,1293,1163,438,2141,2162,2164,2153,2133,2170,2139,2111,136,2110,1567,2138,2102,226,2134,2136,2149,2161,2098,2163,2118,658,2148,992,949,995,655,912,2142,2169,2137,1029,2146,2112,2158,2157],"class_list":["post-2084","post","type-post","status-publish","format-chat","hentry","category-5eme-entretien-8","tag-aimer","tag-aimer-encore-plus","tag-aimer-la-colere","tag-aimer-sans-condition","tag-bloquer-totalement","tag-cesser-de-combattre","tag-choisir-de-revivre-une-situation","tag-colere-ombreus","tag-comprendre","tag-concepts-plein-de-bon-sens","tag-courage","tag-eclairons-lombre","tag-eden","tag-elever-a-la-lumiere","tag-encore-frais-dans-note-memoire","tag-enfant","tag-esperance","tag-eternite","tag-etre-en-paix","tag-etre-heureux-et-aimer","tag-etre-un-temoin","tag-experience-existentielle","tag-futur-merveilleux-mais-reel","tag-galop","tag-grignoter-damour","tag-grignoter-lombre-de-lumiere","tag-guerison","tag-humanite","tag-infinite","tag-je-prefere-etre-heureux-que-comprendre","tag-joie","tag-jurisprudence","tag-justice","tag-lespoir","tag-lessentiel-etre-heureux","tag-linstant-juste-avant","tag-la-belle-douleur","tag-la-conscience-fait-la-difference","tag-la-lumiere-dans-lombre","tag-la-mi-temps-la-plus-courtte","tag-la-seule-solution","tag-la-veritable-realite","tag-la-fin-de-lombre","tag-le-debut-de-lombre","tag-le-dernier-instant","tag-le-futur-de-lhumanite","tag-le-naturel","tag-le-plus-grand-courage","tag-le-salaire-instantane","tag-les-mots-de-la-lumiere","tag-libre-arbitre","tag-libre-conscience","tag-lumiere","tag-manque-de-courage","tag-memoires","tag-memoires-blanches","tag-memoires-de-lhumanite","tag-memoires-grises","tag-memoires-lumineuses","tag-memoires-ombreuses","tag-mere","tag-mi-temps-de-retard-parfaite","tag-ne-pas-exagerer","tag-noircir-le-tableau","tag-notre-espoir","tag-notre-histoire","tag-notre-memoire-la-plus-accessible","tag-nous-regardons-le-passe","tag-nouveau-libre-arbitre","tag-ombre","tag-ombre-fabriquee","tag-ombre-imaginee","tag-ordinateur-mental","tag-ouverture-naturelle-de-conscience","tag-paradis","tag-paradis-eternel","tag-paradis-retrouve","tag-patience-et-generosite","tag-prendre-possession-de-lautre","tag-realite-lumiere","tag-relation-mere-enfant","tag-rendre-a-dieu","tag-rythme-originel","tag-savoir-que-quelquun-nous-aime","tag-science","tag-seule-la-lumiere-existe","tag-societe","tag-souffrance","tag-transcrire","tag-transmutation-du-plomb-en-or","tag-travailler-les-memoires","tag-une-mi-temps-de-retard","tag-une-pensee-a-la-fois","tag-une-virtuosite-a-etre-heureux","tag-vitesse-douverture-de-la-conscience","tag-vouloir-etre-heureux-de-tout","tag-vouloir-tout-aimer","post_format-post-format-chat"],"_links":{"self":[{"href":"https:\/\/behappy8.org\/index.php?rest_route=\/wp\/v2\/posts\/2084","targetHints":{"allow":["GET"]}}],"collection":[{"href":"https:\/\/behappy8.org\/index.php?rest_route=\/wp\/v2\/posts"}],"about":[{"href":"https:\/\/behappy8.org\/index.php?rest_route=\/wp\/v2\/types\/post"}],"author":[{"embeddable":true,"href":"https:\/\/behappy8.org\/index.php?rest_route=\/wp\/v2\/users\/1"}],"replies":[{"embeddable":true,"href":"https:\/\/behappy8.org\/index.php?rest_route=%2Fwp%2Fv2%2Fcomments&post=2084"}],"version-history":[{"count":25,"href":"https:\/\/behappy8.org\/index.php?rest_route=\/wp\/v2\/posts\/2084\/revisions"}],"predecessor-version":[{"id":2209,"href":"https:\/\/behappy8.org\/index.php?rest_route=\/wp\/v2\/posts\/2084\/revisions\/2209"}],"wp:attachment":[{"href":"https:\/\/behappy8.org\/index.php?rest_route=%2Fwp%2Fv2%2Fmedia&parent=2084"}],"wp:term":[{"taxonomy":"category","embeddable":true,"href":"https:\/\/behappy8.org\/index.php?rest_route=%2Fwp%2Fv2%2Fcategories&post=2084"},{"taxonomy":"post_tag","embeddable":true,"href":"https:\/\/behappy8.org\/index.php?rest_route=%2Fwp%2Fv2%2Ftags&post=2084"}],"curies":[{"name":"wp","href":"https:\/\/api.w.org\/{rel}","templated":true}]}}