{"id":2091,"date":"2021-05-15T10:18:00","date_gmt":"2021-05-15T08:18:00","guid":{"rendered":"https:\/\/behappy8.org\/?p=2091"},"modified":"2024-10-11T08:46:11","modified_gmt":"2024-10-11T06:46:11","slug":"les-8-entretiens-3eme-partie-du-5eme-entretien","status":"publish","type":"post","link":"https:\/\/behappy8.org\/?p=2091","title":{"rendered":"Les 8 entretiens (3\u00e8me Partie du 5\u00e8me Entretien)"},"content":{"rendered":"\n\n\n\n\n<div style=\"height:50px\" aria-hidden=\"true\" class=\"wp-block-spacer\"><\/div>\n\n\n\n<figure class=\"wp-block-audio\"><audio controls src=\"https:\/\/behappy8.org\/wp-content\/uploads\/2024\/10\/Les-8-entretiens-3eme-Partie-du-5eme-Entretien.m4a\" autoplay><\/audio><figcaption class=\"wp-element-caption\">les 8 Entretiens : 3\u00e8me Partie du 5\u00e8me Entretien<\/figcaption><\/figure>\n\n\n\n<div style=\"height:53px\" aria-hidden=\"true\" class=\"wp-block-spacer\"><\/div>\n\n\n\n<p>C\u2019est l\u00e0, notre m\u00e9moire qui nous est la plus accessible&nbsp;: c\u2019est notre m\u00e9moire imm\u00e9diate\u2026 En effet, nous la voyons encore clairement, nous en avons encore une tr\u00e8s bonne conscience\u2026 Et elle se propose tr\u00e8s clairement \u00e0 notre amour, \u00e0 notre joie&#8230; Si nous voulons bien le reconna\u00eetre !<\/p>\n\n\n\n<p>Eh bien, en pratique, il n\u2019y a pour nous que cette seule priorit\u00e9&nbsp;! Et c\u2019est \u00e0 elle, avec notre mi-temps de retard, qu\u2019il nous faut faire face en premier\u2026 C\u2019est elle qu\u2019il nous faut apprendre \u00e0 aimer en priorit\u00e9\u2026 Car nous en avons encore une claire m\u00e9moire.<\/p>\n\n\n\n<p>Essayons peut-\u00eatre de nous la repr\u00e9senter, cette m\u00e9moire imm\u00e9diate, en utilisant \u00e0 nouveau la ligne du temps que nous avions dessin\u00e9 tout \u00e0 l\u2019heure pour r\u00e9aliser ce qu\u2019\u00e9tait \u00ab&nbsp;une mi-temps de retard&nbsp;\u00bb&nbsp;:<\/p>\n\n\n\n<div style=\"height:30px\" aria-hidden=\"true\" class=\"wp-block-spacer\"><\/div>\n\n\n\n<figure class=\"wp-block-image size-full is-resized\"><img loading=\"lazy\" decoding=\"async\" width=\"454\" height=\"161\" src=\"https:\/\/behappy8.org\/wp-content\/uploads\/2024\/09\/Une-mi-termps-de-retard.png\" alt=\"\" class=\"wp-image-2111\" style=\"width:628px;height:auto\" srcset=\"https:\/\/behappy8.org\/wp-content\/uploads\/2024\/09\/Une-mi-termps-de-retard.png 454w, https:\/\/behappy8.org\/wp-content\/uploads\/2024\/09\/Une-mi-termps-de-retard-300x106.png 300w\" sizes=\"auto, (max-width: 454px) 85vw, 454px\" \/><\/figure>\n\n\n\n<div style=\"height:32px\" aria-hidden=\"true\" class=\"wp-block-spacer\"><\/div>\n\n\n\n<p>Donc, ce dont nous avons le plus de conscience et ce sur quoi nous avons le plus de pouvoir, c\u2019est \u00ab&nbsp;la mi-temps juste avant&nbsp;\u00bb \u2026 C\u2019est l\u2019instant que nous venons juste de vivre\u2026<\/p>\n\n\n\n<p>Par exemple, sur notre sch\u00e9ma, \u00e0 l&rsquo;instant \u00ab\u00a04\u00a0\u00bb, ce dont nous avons la conscience la plus claire, c&rsquo;est l&rsquo;instant \u00ab\u00a03\u00a0\u00bb et non pas l&rsquo;instant \u00ab\u00a02\u00a0\u00bb et encore moins l&rsquo;instant \u00ab\u00a01\u00a0\u00bb etc&#8230;<\/p>\n\n\n\n<p>Lorsque nous vivons l&rsquo;instant \u00ab\u00a04\u00a0\u00bb, cet instant \u00ab\u00a03\u00a0\u00bb, qui est l&rsquo;instant juste pr\u00e9c\u00e9dent, est encore tout frais dans notre m\u00e9moire&#8230; <\/p>\n\n\n\n<p>Eh bien, c\u2019est, en priorit\u00e9, cette m\u00e9moire la plus proche, que nous devons envisager d\u2019aimer, plut\u00f4t que d\u2019essayer d\u2019aimer une m\u00e9moire plus ancienne, m\u00eame si celle-ci semble peut-\u00eatre beaucoup plus importante ou si elle semble exister depuis, bien s\u00fbr, beaucoup plus longtemps\u2026<\/p>\n\n\n\n<p>En effet, \u00eatre heureux de ces m\u00e9moires plus anciennes ou plus importantes, c&rsquo;est pour nous, trop souvent encore, impossible \u00e0 faire aujourd&rsquo;hui\u2026<\/p>\n\n\n\n<p>Ceci du fait des nombreux \u00e9v\u00e8nements qui ont \u00e9t\u00e9 v\u00e9cus et dont chacun d&rsquo;entre eux a laiss\u00e9 une trace, c&rsquo;est \u00e0 dire une m\u00e9moire. <\/p>\n\n\n\n<p>Il y a donc de tr\u00e8s nombreuses m\u00e9moires qui se sont install\u00e9es entre ces m\u00e9moires anciennes et cet instant que nous sommes en train de vivre l\u00e0.<\/p>\n\n\n\n<p>Alors, apprenons donc \u00e0 aimer d\u2019abord ce qui est facile\u2026 Et ensuite nous aborderons de plus en plus facilement ce qui nous \u00e9tait m\u00eame jusqu\u2019\u00e0 l\u00e0 impossible&nbsp;!<\/p>\n\n\n\n<p>La mi-temps juste pr\u00e9c\u00e9dente, c\u2019est la plus accessible\u2026 et c\u2019est elle qui nous offre le fait le plus imm\u00e9diat, le plus simple, \u00e0 aimer&nbsp;!<\/p>\n\n\n\n<p>Aimer quelque chose d\u2019ancien et \u00e9norme, c\u2019est bien s\u00fbr plus difficile pour la plupart d&rsquo;entre nous\u2026 <\/p>\n\n\n\n<p>Alors apprenons d\u2019abord \u00e0 aimer des choses plus petites et plus accessibles&nbsp;: <\/p>\n\n\n\n<p>La mi-temps pr\u00e9c\u00e9dente est, en g\u00e9n\u00e9ral, la plus accessible et la plus facile \u00e0 aimer&nbsp;!<\/p>\n\n\n\n<p>Aimer quelque chose d\u2019ancien et d&rsquo;\u00e9norme, c\u2019est bien s\u00fbr plus difficile pour la plupart d&rsquo;entre nous\u2026<\/p>\n\n\n\n<p>Alors, apprenons d\u2019abord \u00e0 aimer des choses plus petites et plus accessibles&nbsp;:<\/p>\n\n\n\n<p>Or, la mi-temps juste pr\u00e9c\u00e9dente est, en g\u00e9n\u00e9ral, la plus accessible et la plus facile \u00e0 apprendre \u00e0 aimer&nbsp;!<\/p>\n\n\n\n<p><\/p>\n\n\n\n<p class=\"has-text-align-right\"><em>Aimer ne pas aimer<\/em>&nbsp;<em>!<\/em><\/p>\n\n\n\n<p>Ainsi, prenons l\u2019exemple que tu viens de nous proposer&nbsp;: prenons l\u2019instant o\u00f9 tu as pris conscience que \u00ab&nbsp;tu voulais que ta fille soit autrement que ce qu\u2019elle est&nbsp;!&nbsp;\u00bb<\/p>\n\n\n\n<p>L\u00e0, si nous nous nous rappelons bien de ce que nous venons de dire, il est clair que l\u2019urgence, n\u2019est pas \u00ab&nbsp;d\u2019arriver \u00e0 aimer ta fille telle qu\u2019elle est&nbsp;\u00bb, ce qui, pour l\u2019instant, est en g\u00e9n\u00e9ral \u00e9norme pour chacun de nous et donc pour toi \u00e9galement&#8230; <\/p>\n\n\n\n<p>Mais c\u2019est bien, tout simplement d&rsquo;abord, d\u2019apprendre \u00e0 envisager, puis \u00e0 choisir, d&rsquo;\u00eatre heureuse de ce sentiment que tu viens d\u2019avoir, juste \u00e0 la mi-temps pr\u00e9c\u00e9dente\u2026&nbsp;<\/p>\n\n\n\n<p>L\u00e0, l&rsquo;urgence est donc, d&rsquo;abord, d&rsquo;arriver \u00e0 \u00eatre heureuse de \u00ab&nbsp;cette volont\u00e9 que tu as que ta fille soit diff\u00e9rente de ce qu\u2019elle est&nbsp;\u00bb que tu viens de ressentir l\u00e0.<\/p>\n\n\n\n<p>C\u2019est cette volont\u00e9 ombreuse que tu viens de ressentir \u00e0 nouveau qu\u2019il faut, d\u2019abord envisager, puis r\u00e9ussir \u00e0 aimer\u2026 La priorit\u00e9, \u00e0 cet instant, c\u2019est d\u2019apprendre \u00e0 \u00eatre heureuse que \u00ab&nbsp;toi, tu ne sois pas, pour l&rsquo;instant, arriv\u00e9e \u00e0 \u00eatre heureuse de ce qu\u2019est ta fille&nbsp;\u00bb&nbsp;!<\/p>\n\n\n\n<p>\u00c7a, c\u2019est plus accessible\u2026 et, \u00e7a, tu peux le faire&nbsp;!<\/p>\n\n\n\n<p>\u25cf<\/p>\n\n\n\n<p>Ah Oui&nbsp;! C\u2019est fou&nbsp;! Mais, comment est-ce possible&nbsp;?&nbsp;<\/p>\n\n\n\n<p>J\u2019avais d\u00e9j\u00e0 oubli\u00e9 cette possibilit\u00e9 fondamentale\u2026&nbsp;! Comment ai-je fait pour oublier cette priorit\u00e9\u2026&nbsp;<\/p>\n\n\n\n<p>Mais c\u2019est trop important \u00e7a ! C\u2019est exactement \u00e7a&nbsp;!<\/p>\n\n\n\n<p>\u25a0<\/p>\n\n\n\n<p>Oui ! Il faut vraiment que nous nous adressions \u00e0 ce qui est le plus proche. C\u2019est l\u00e0 que nous pouvons le mieux appliquer ce pouvoir qui nous est donn\u00e9 dans cet instant&nbsp;: \u00ab&nbsp;le pouvoir de cet instant&nbsp;\u00bb \u2026<\/p>\n\n\n\n<p>Le pouvoir de cet instant, nous pouvons aussi l&rsquo;appeler  \u00ab\u00a0le Libre Arbitre\u00a0\u00bb.<\/p>\n\n\n\n<p>C\u2019est, un peu comme le fait que, sur le plan physique, j\u2019ai, \u00e9videmment, plus de pouvoir sur ce qui est \u00e0 port\u00e9e de ma main que sur ce qui est \u00e0 10 m\u00e8tres ou \u00e0 1000 kilom\u00e8tres. <\/p>\n\n\n\n<p>Ainsi, j\u2019ai le pouvoir de toucher la table sur laquelle je travaille, de la d\u00e9placer, de la manipuler\u2026 Mais je n\u2019arrive pas, avec ma m\u00eame main, \u00e0 d\u00e9placer la table que je vois par la fen\u00eatre dans le jardin\u2026&nbsp;Et encore moins celle qui est dans ton appartement \u00e0 10 km.<\/p>\n\n\n\n<p>Plus quelque chose est loin et moins j\u2019ai de pouvoir mat\u00e9riel, visible, sur elle&nbsp;!<\/p>\n\n\n\n<p>Eh bien, c\u2019est la m\u00eame chose pour les m\u00e9moires&nbsp;: Si une m\u00e9moire est lointaine, nous n\u2019avons que peu, ou peut-\u00eatre m\u00eame pas du tout, de pouvoir imm\u00e9diat sur elle\u2026 Mais, plus une m\u00e9moire est proche, plus nous avons de pouvoir imm\u00e9diat sur elle\u2026&nbsp;<\/p>\n\n\n\n<p>Et pour ce qui nous int\u00e9resse, plus une m\u00e9moire est proche plus nous pouvons choisir facilement d\u2019en \u00eatre heureux.<\/p>\n\n\n\n<p>Plus une m\u00e9moire est proche, plus nous pouvons prendre facilement conscience qu\u2019elle est Lumi\u00e8re&nbsp;!<\/p>\n\n\n\n<p>\u25cf<\/p>\n\n\n\n<p>Oui ! Mais je vois bien l\u00e0 ce que je faisais jusqu&rsquo;\u00e0 l\u00e0&#8230; Moi, je faisais une confusion, en ce qui concerne le fait \u00ab&nbsp;d\u2019aimer&nbsp;\u00bb&#8230; Je croyais que la priorit\u00e9 c\u2019\u00e9tait d\u2019aimer ma fille telle qu\u2019elle est\u2026 Et je n\u2019y suis pas arriv\u00e9\u2026&nbsp;<\/p>\n\n\n\n<p>Mais non&nbsp;! Ma priorit\u00e9, c\u2019est d\u2019aimer d\u2019abord le sentiment que j\u2019avais \u00e0 propos de ma fille&nbsp;!<\/p>\n\n\n\n<p>C\u2019est carr\u00e9ment une nuance \u00e9norme&nbsp;!<\/p>\n\n\n\n<p>\u25a0<\/p>\n\n\n\n<p>Oui, mais, d&rsquo;abord, le plus important, c&rsquo;est que cela d\u00e9place ce qui est \u00e0 aimer de ta fille&#8230; \u00e0 toi !<\/p>\n\n\n\n<p>C\u2019est-\u00e0-dire que, en proc\u00e9dant comme nous venons de le dire, au lieu de continuer \u00e0 penser que ta fille est le centre de ta souffrance, tu te permets de reconna\u00eetre que c\u2019est \u00ab\u00a0toi\u00a0\u00bb qui est la seule responsable de ta perte de conscience de la Lumi\u00e8re.&nbsp;<\/p>\n\n\n\n<p>Et, l\u00e0, cette souffrance-l\u00e0, elle t&rsquo;appartient, elle est tienne&nbsp;! Et tu vas enfin pouvoir la r\u00e9soudre, car, l\u00e0, elle est \u00e0 port\u00e9e de \u00ab&nbsp;ta&nbsp;\u00bb main&nbsp;!<\/p>\n\n\n\n<p>\u25cf<\/p>\n\n\n\n<p>Oui&nbsp;! \u00c7a para\u00eet logique.<\/p>\n\n\n\n<p>\u25a0<\/p>\n\n\n\n<p>Parce que, sinon, tu n\u2019y es pas arriv\u00e9e&nbsp;!<\/p>\n\n\n\n<p>Et c\u2019est vrai que tu n\u2019y es pas arriv\u00e9e parce que \u00ab&nbsp;ce qu\u2019est ta fille&nbsp;\u00bb est hors de port\u00e9e de ta main&nbsp;: tu n\u2019es pas responsable de ce qu\u2019est ta fille\u2026 <\/p>\n\n\n\n<p>Mais, pour arriver \u00e0 ta fille, tu passais \u00e0 travers un filtre, celui de ta conception trop ombreuse de ta fille&nbsp;!<\/p>\n\n\n\n<p>La conception que nous avons de quelqu&rsquo;un n&rsquo;est qu&rsquo;une masse de pens\u00e9es&#8230; Certaines de ces pens\u00e9es nous sommes heureux de les penser, d&rsquo;autres nous ne le sommes pas du tout.<\/p>\n\n\n\n<p>Il est utile, ici, de nous souvenir de la parole de Gandhi, lorsqu&rsquo;il dit : <\/p>\n\n\n\n<p>\u00ab&nbsp;<em>Sois ce que tu veux que le monde devienne<\/em>&nbsp;\u00bb.&nbsp;<\/p>\n\n\n\n<p>Donc, en fait, Gandhi nous ram\u00e8ne \u00ab\u00a0ici\u00a0\u00bb, \u00e0 nous-m\u00eame, et il nous dit \u00ab&nbsp;Arr\u00eate de vouloir changer le monde, mais toi, sois d&rsquo;abord ce que tu veux que le monde devienne\u2026&nbsp;\u00bb&nbsp;<\/p>\n\n\n\n<p>Agissons localement&nbsp;! Agissons en nous&nbsp;!<\/p>\n\n\n\n<p>Cessons donc de vouloir agir l\u00e0-bas, sur les autres, loin de nous, alors que nous ne sommes, souvent, m\u00eame pas encore capables d\u2019agir efficacement ici, en nous\u2026<\/p>\n\n\n\n<p><\/p>\n\n\n\n<p class=\"has-text-align-right\"><em>Aimer petit pour aimer grand<\/em><em><\/em><\/p>\n\n\n\n<p>\u25cf<\/p>\n\n\n\n<p>Mais, comment je peux arriver \u00e0 cela\u2026 Comment je peux aimer ce que je suis&nbsp;? Comment je peux aimer la mauvaise m\u00e8re que je suis\u2026 Cette m\u00e8re qui ne sait pas aimer sa fille telle qu\u2019elle est&nbsp;!<\/p>\n\n\n\n<p>\u25a0<\/p>\n\n\n\n<p>Oui&nbsp;! Cela est un jugement ombreux que tu portais sur toi-m\u00eame, depuis des ann\u00e9es&nbsp;! C\u2019est-\u00e0-dire&nbsp;: \u00ab\u00a0Je suis mauvaise\u00a0\u00bb, \u00ab\u00a0Je n\u2019arrive pas \u00e0 aimer cette fille, ma fille, comme elle est\u00a0\u00bb\u2026&nbsp;<\/p>\n\n\n\n<p>Mais, laquelle de ces pens\u00e9es-l\u00e0 as-tu, un jour, \u00e9t\u00e9 heureuse de penser&nbsp;?<\/p>\n\n\n\n<p>\u25cf<\/p>\n\n\n\n<p>&#8230; Aucune, bien s\u00fbr&nbsp;!<\/p>\n\n\n\n<p>\u25a0<\/p>\n\n\n\n<p>C&rsquo;est toujours une erreur de ne pas \u00eatre heureux de quelque chose, de ne pas \u00ab\u00a0aimer\u00a0\u00bb quelque chose.<\/p>\n\n\n\n<p>Si Dieu Est Tout, n&rsquo;oublions pas que chaque fois que nous n&rsquo;aimons pas quelque chose, c&rsquo;est Dieu Lui-m\u00eame que nous choisissons de ne pas aimer&#8230;<\/p>\n\n\n\n<p>Or pour nous deux, \u00ab\u00a0Dieu Est Tout\u00a0\u00bb, n&rsquo;est-ce pas ?<\/p>\n\n\n\n<p>\u25cf<\/p>\n\n\n\n<p>Oui&nbsp;! Bien s\u00fbr&nbsp;!<\/p>\n\n\n\n<p>\u25a0<\/p>\n\n\n\n<p>Donc, l\u00e0, maintenant, c\u2019est bien cette pens\u00e9e que tu as et que tu exprimes en disant \u00ab&nbsp;je suis mauvaise&nbsp;\u00bb qu\u2019il faut bien envisager d&rsquo;aimer&nbsp;!&nbsp;N&rsquo;est-ce pas ?<\/p>\n\n\n\n<p>\u25cf<\/p>\n\n\n\n<p>Oui, c&rsquo;est \u00e9vident&#8230; Tu as raison&#8230; Mais \u00ab\u00a0ce n&rsquo;est pas facile\u00a0\u00bb&nbsp;!<\/p>\n\n\n\n<p>\u25a0<\/p>\n\n\n\n<p>L\u00e0, je te trahirais si je ne te posais pas notre question si simple, mais si profonde et sur laquelle nous nous sommes bien mis d&rsquo;accord&#8230; Alors, je te la pose :<\/p>\n\n\n\n<p>\u00ab\u00a0As-tu \u00e9t\u00e9 heureuse de penser \u00ab\u00a0Ce n&rsquo;est pas facile\u00a0\u00bb,&nbsp;comme tu viens de le faire&nbsp;?<\/p>\n\n\n\n<p>\u25cf<\/p>\n\n\n\n<p>Non ! Je reconnais que je n&rsquo;ai pas \u00e9t\u00e9 heureuse de la penser&#8230; Mais, voil\u00e0, c&rsquo;est sorti&nbsp;!<\/p>\n\n\n\n<p>\u25a0<\/p>\n\n\n\n<p>C&rsquo;est sorti de ton \u00c2me ou de tes m\u00e9moires ?<\/p>\n\n\n\n<p>\u25cf<\/p>\n\n\n\n<p>C&rsquo;est clairement sorti de mes m\u00e9moires, c&rsquo;est \u00e0 dire de mes habitudes de penser ce que je ne suis pas heureuse de penser sur ce sujet&#8230;<\/p>\n\n\n\n<p>\u25a0<\/p>\n\n\n\n<p>C\u2019est l\u00e0 la racine du probl\u00e8me&nbsp;: c&rsquo;est ce type de penser comme \u00ab&nbsp;je suis mauvaise&nbsp;\u00bb ou bien \u00ab&nbsp;je n&rsquo;ai jamais su \u00eatre heureuse d\u2019\u00eatre mauvaise&nbsp;\u00bb ou bien encore \u00ab&nbsp;c&rsquo;est difficile d&rsquo;aimer ceci ou cela\u00a0\u00bb etc&#8230;&nbsp;!<\/p>\n\n\n\n<p>La racine d&rsquo;un probl\u00e8me, c&rsquo;est toujours d&rsquo;avoir choisi de penser ce que nous n&rsquo;\u00e9tions pas du tout heureux de penser.<\/p>\n\n\n\n<p>Or, \u00e0 propos du sujet que tu as choisis d&rsquo;aborder tout \u00e0 l&rsquo;heure, la racine du probl\u00e8me, ce n\u2019est pas ta fille&nbsp;! Ce n\u2019est m\u00eame pas la relation que tu as avec elle&nbsp;! C\u2019est&nbsp;la pens\u00e9e&nbsp;: \u00ab&nbsp;Je suis mauvaise&nbsp;\u00bb.&nbsp;Que tu n&rsquo;as jamais \u00e9t\u00e9 heureuse de penser !<\/p>\n\n\n\n<p>Or si nous approfondissons par exemple cette pens\u00e9e \u00ab\u00a0Je suis mauvaise\u00a0\u00bb, que d\u00e9couvrons-nous&nbsp;?<\/p>\n\n\n\n<p>Eh bien&nbsp;! Cette pens\u00e9e que tu n&rsquo;as jamais \u00e9t\u00e9 heureuse de penser, nous ne pouvons la penser que si nous pensons \u00e9galement des pens\u00e9es telles que \u00ab&nbsp;Je ne suis pas une enfant de Dieu&nbsp;\u00bb, ou bien \u00ab&nbsp;Je ne suis pas parfaite&nbsp;\u00bb&#8230; Et \u00e0 un moment donn\u00e9, nous sommes honn\u00eatement oblig\u00e9s de reconna\u00eetre que la pens\u00e9e \u00ab\u00a0Je suis mauvaise\u00a0\u00bb est n\u00e9cessairement associ\u00e9e \u00e0 la pens\u00e9e \u00ab\u00a0Je ne crois plus en Dieu\u00a0\u00bb&#8230;<\/p>\n\n\n\n<p>En effet, comment Dieu peut-Il ne pas \u00eatre Parfait ?&#8230; Et comment peut-Il cr\u00e9er une cr\u00e9ature \u00ab\u00a0mauvaise\u00a0\u00bb ?<\/p>\n\n\n\n<p>Oui&nbsp;! Pour nous qui croyons vraiment de plus en plus que \u00ab\u00a0Dieu Est Tout\u00a0\u00bb, nous pouvons prendre conscience de cela&nbsp;!<\/p>\n\n\n\n<p>Puisque Dieu, le Parfait, nous cr\u00e9e\u2026 Il nous cr\u00e9e parfaits, \u00e9videmment\u2026&nbsp;! <\/p>\n\n\n\n<p>Mais, trop souvent encore, nous l&rsquo;oublions, \u00ab\u00a0nous en perdons la conscience\u00a0\u00bb&nbsp;! <\/p>\n\n\n\n<p>Et alors, quelle chute d&rsquo;un instant, dans l&rsquo;incroyance&nbsp;! Et quelle douleur nous est offerte pour nous signaler que nous avons perdu, l\u00e0, la foi en notre Dieu \u00ab\u00a0qui Est tout\u00a0\u00bb&#8230; Et qui est la chose la plus importante pour nous.<\/p>\n\n\n\n<p>\u25cf<\/p>\n\n\n\n<p>C\u2019est fondamental&nbsp;! On l\u2019a surement dit 10.000 fois, mais il faut le redire, le redire&#8230; et le redire&nbsp;! Parce que cela a quand m\u00eame du mal \u00e0 rentrer\u2026<\/p>\n\n\n\n<p>Je refaisais exactement le m\u00eame truc&nbsp;! Exactement l&rsquo;inverse de ce que je d\u00e9sire le plus faire : Croire en Dieu, toujours plus !<\/p>\n\n\n\n<p>\u25a0<\/p>\n\n\n\n<p>C\u2019est pour cela qu\u2019il y a un travail immense, quasiment infini, qui nous attend pour que l&rsquo;ombre disparaisse&nbsp;! Non, \u00ab\u00a0pas vraiment\u00a0\u00bb infini parce que, heureusement, l\u2019ombre a eu un d\u00e9but et elle aura une fin\u2026<\/p>\n\n\n\n<p>Mais, en tout cas, c\u2019est quand m\u00eame un \u00e9norme travail&nbsp;: nous sommes en route pour aimer tout \u00ab&nbsp;notre pass\u00e9&nbsp;\u00bb dont nous n\u2019avons pas, jusqu\u2019\u00e0 l\u00e0, \u00e9t\u00e9 heureux\u2026 <\/p>\n\n\n\n<p>Mais pas seulement notre petit pass\u00e9 personnel \u00e0 nous, mais \u00e9galement le pass\u00e9 de toute l\u2019humanit\u00e9 qui est le notre\u2026<\/p>\n\n\n\n<p>\u25cf<\/p>\n\n\n\n<p>En plus&nbsp;! Oui&nbsp;!<\/p>\n\n\n\n<p>\u25a0<\/p>\n\n\n\n<p>C\u2019est \u00e0 dire que nous ne retrouverons la conscience du Paradis Terrestre, nous ne revivrons dans l\u2019\u00c9den sur notre Terre, que lorsque toute l\u2019humanit\u00e9 aura reconnu la V\u00e9ritable Lumi\u00e8re dans toutes ses m\u00e9moires\u2026 <\/p>\n\n\n\n<p>Donc, vu de l\u00e0 o\u00f9 nous partons aujourd\u2019hui, \u00e9videmment qu\u2019il y a du travail&nbsp;!<\/p>\n\n\n\n<p>Nous n\u2019avons pas \u00e0 nous le cacher : il y a un \u00e9norme chantier devant nous pour que nous arrivions \u00e0 aimer toute l\u2019ombre que l\u2019humanit\u00e9 a imagin\u00e9e et finalement mat\u00e9rialis\u00e9e \u00e0 ce point&nbsp;!<\/p>\n\n\n\n<p>C\u2019est \u00e9norme, tout en n\u2019\u00e9tant pas infini, car seule la Lumi\u00e8re V\u00e9ritable est \u00c9ternelle et Infinie\u2026<\/p>\n\n\n\n<p>\u25cf<\/p>\n\n\n\n<p>Oui, heureusement\u2026<\/p>\n\n\n\n<p>\u25a0<\/p>\n\n\n\n<p>Mais quand m\u00eame&nbsp;! Nous avons fait cela tellement bien, tellement beaucoup, que \u00e7a fait une masse de pertes de conscience tr\u00e8s importante&#8230;<\/p>\n\n\n\n<p>\u25cf<\/p>\n\n\n\n<p>Oui! \u00c9norme&nbsp;!<\/p>\n\n\n\n<p>\u25a0<\/p>\n\n\n\n<p>Oui&nbsp;! Nous avons cach\u00e9 la Lumi\u00e8re \u00e0 notre conscience \u00e0 pleins, pleins, d\u2019endroits de nos \u00catres&nbsp;!<\/p>\n\n\n\n<p>Nous avons tellement tout pollu\u00e9 d\u2019ombre que, maintenant, sur la terre, aucune forme de vie n\u2019est pas d\u00e9rang\u00e9e par l&rsquo;ombre que nous, les \u00catres humains, avons mis en place&nbsp;!<\/p>\n\n\n\n<p>\u25cf<\/p>\n\n\n\n<p>Je n\u2019en reviens pas de ma logique, l\u00e0&nbsp;! J\u2019essayais d\u2019aimer\u2026 ma fille\u2026 en fait&nbsp;!<\/p>\n\n\n\n<p>\u25a0<\/p>\n\n\n\n<p>En cela, tu avais raison, mais comment exprimer notre amour \u00e0 nos enfants si nous ne sommes pas capables de nous l\u2019exprimer \u00e0 nous-m\u00eame&nbsp;?<\/p>\n\n\n\n<p>\u00ab&nbsp;<em>Aime ton prochain comme toi-m\u00eame<\/em>&nbsp;\u00bb nous a-t-on dit\u2026<\/p>\n\n\n\n<p>Comment notre soleil peut-il \u00e9clairer notre terre sans s\u2019\u00eatre d\u2019abord \u00e9clair\u00e9 lui-m\u00eame&nbsp;?<\/p>\n\n\n\n<p>L\u2019Amour-Lumi\u00e8re est Omnipr\u00e9sent, bien s\u00fbr\u2026 <\/p>\n\n\n\n<p>Mais la conscience de l\u2019Amour, elle, ne se r\u00e9pand-elle pas autour de nous \u00ab&nbsp;\u00e0 partir de nous&nbsp;\u00bb \u2026 \u00e0 partir de la conscience de l\u2019Amour en nous-m\u00eame, pour nous-m\u00eame&nbsp;?<\/p>\n\n\n\n<p>\u25cf<\/p>\n\n\n\n<p>Si&nbsp;! Et c\u2019est logique\u2026<\/p>\n\n\n\n<p><\/p>\n\n\n\n<p class=\"has-text-align-right\"><em>Nul n\u2019\u00e9chappe \u00e0 l\u2019Amour&nbsp;Infini<\/em><em><\/em><\/p>\n\n\n\n<p>\u25a0<\/p>\n\n\n\n<p>Tu as, bien s\u00fbr, toujours eu raison \u00ab&nbsp;d\u2019essayer&nbsp;\u00bb d\u2019aimer ta fille, c\u2019est \u00e0 dire d\u2019essayer d\u2019avoir conscience de l\u2019Amour que tu es pour elle, comme pour tout\u2026 Tu as toujours eu raison d&rsquo;essayer d\u2019avoir conscience de l\u2019Amour qu\u2019elle est pour toi, comme pour tout&nbsp;!<\/p>\n\n\n\n<p>Car si l\u2019Amour-Lumi\u00e8re est Omnipr\u00e9sent, nous en sommes, tous, totalement tiss\u00e9s, comme tout ce qui existe\u2026&nbsp;<\/p>\n\n\n\n<p>Tout est Amour pour tout&nbsp;! Nous sommes tous Amour les uns pour les autres\u2026 L\u00e0, au moins, il n\u2019y a pas de doute&#8230; Bien s\u00fbr, si nous nous rappelons que Dieu Est Tout&nbsp;!<\/p>\n\n\n\n<p>Mais, \u00ab&nbsp;<em>C\u2019est la conscience qui fait toute la diff\u00e9rence&nbsp;<\/em>\u00bb \u2026<\/p>\n\n\n\n<p>Ce n\u2019est \u00ab&nbsp;que&nbsp;\u00bb la conscience qui fait toute la diff\u00e9rence&nbsp;!<\/p>\n\n\n\n<p>Nous avons tous, plus ou moins, beaucoup perdu conscience de la Lumi\u00e8re et nous cherchons tous, seulement, \u00e0 en reprendre conscience\u2026<\/p>\n\n\n\n<p>Et cela se fait d\u2019abord \u00e0 partir du centre de conscience que nous sommes, chacun de nous\u2026 Et, \u00e0 partir de l\u00e0, cette conscience se r\u00e9pand autour de nous\u2026 \u00ab&nbsp;sur notre prochain&nbsp;\u00bb&nbsp;!<\/p>\n\n\n\n<p>Bien s\u00fbr&nbsp;! Tu aimes que ta fille&nbsp;! Depuis toujours et pour toujours\u2026 Cela est Absolu&#8230; Et c&rsquo;est bien, effectivement ce que nous sommes les plus heureux de penser&#8230;<\/p>\n\n\n\n<p>Mais, tu ne peux en prendre conscience qu\u2019en reconnaissant que tu t\u2019aimes toi-m\u00eame, sans condition, depuis toujours et pour toujours\u2026<\/p>\n\n\n\n<p>Et ainsi, plus nous sommes capables d\u2019exprimer l\u2019Amour \u00e0 nous-m\u00eame, plus nous sommes capables de l\u2019exprimer \u00e0 notre enfant.<\/p>\n\n\n\n<p>Soyons heureux, aujourd\u2019hui, d\u2019avoir pu croire que nous n\u2019avions pas aim\u00e9\u2026<\/p>\n\n\n\n<p>Soyons heureux, maintenant, d\u2019avoir pu croire que nous n\u2019avions pas \u00e9t\u00e9 aim\u00e9s&nbsp;!<\/p>\n\n\n\n<p>M\u00eame si cela exprime peut-\u00eatre un peu moins la v\u00e9rit\u00e9, on peut en pratique r\u00e9sumer tr\u00e8s crument tout cela en disant&nbsp;:&nbsp;<\/p>\n\n\n\n<p>\u00ab&nbsp;Tu ne peux aimer ta fille qu\u2019en \u00e9tant heureuse de ne pas l\u2019avoir aim\u00e9e.&nbsp;\u00bb<\/p>\n\n\n\n<p>Ou plut\u00f4t et beaucoup plus pr\u00e9cis\u00e9ment : \u00ab\u00a0Tu ne peux reconna\u00eetre, aujourd&rsquo;hui, que tu aimes ta fille qu&rsquo;en \u00e9tant heureuse d&rsquo;avoir pr\u00e9tendu que tu ne l&rsquo;aimais pas\u00a0\u00bb.<\/p>\n\n\n\n<p>\u25cf<\/p>\n\n\n\n<p>Mais&#8230; Tu te rends compte de ce que tu dis&nbsp;?<\/p>\n\n\n\n<p><\/p>\n\n\n\n<p class=\"has-text-align-right\"><em>Seule la Lumi\u00e8re peut sauver l\u2019ombre<\/em><em><\/em><\/p>\n\n\n\n<p>\u25a0<\/p>\n\n\n\n<p>Pr\u00e9tendre \u00e9clairer l\u2019ombre avec de l\u2019ombre\u2026 \u00c7a, c\u2019est envisager de compliquer encore le labyrinthe&nbsp;! \u00c7a, c\u2019est le pi\u00e8ge dans lequel nous sommes tomb\u00e9s des milliards de fois depuis le presque d\u00e9but de l\u2019humanit\u00e9\u2026<\/p>\n\n\n\n<p>\u00c7a n\u2019a jamais march\u00e9\u2026 Et cela ne marchera jamais&nbsp;! C\u2019est impossible\u2026<\/p>\n\n\n\n<p>Rajouter des d\u00e9dales suppl\u00e9mentaires au labyrinthe tr\u00e8s, tr\u00e8s, compliqu\u00e9 que nous avons d\u00e9j\u00e0 fabriqu\u00e9, cela nous permettrais seulement d&rsquo;avoir l&rsquo;impression que nous sommes encore plus perdus&#8230;<\/p>\n\n\n\n<p>\u25cf<\/p>\n\n\n\n<p>Je comprends, cela ne marchera jamais, mais\u2026<\/p>\n\n\n\n<p>\u25a0<\/p>\n\n\n\n<p>Allez&nbsp;! Additionner de l\u2019ombre \u00e0 de l\u2019ombre ne donnera jamais de la lumi\u00e8re&nbsp;!<\/p>\n\n\n\n<p>Seule la Lumi\u00e8re peut r\u00e9v\u00e9ler \u00e0 l&rsquo;ombre que nous avons imagin\u00e9e qu\u2019elle n\u2019est que la Lumi\u00e8re dont on avait simplement perdu conscience\u2026<\/p>\n\n\n\n<p>Seule la Lumi\u00e8re r\u00e9v\u00e8le \u00e0 l\u2019ombre sa v\u00e9ritable nature Lumineuse\u2026<\/p>\n\n\n\n<p>Nous pouvons nous amuser \u00e0 dire : <\/p>\n\n\n\n<p>                 1 \u2022 Ombre&nbsp;&nbsp;+&nbsp;&nbsp;Lumi\u00e8re&nbsp;&nbsp;=&nbsp;&nbsp;Lumi\u00e8re&nbsp;!<\/p>\n\n\n\n<p>2 \u2022 Ombre&nbsp;&nbsp;+&nbsp;&nbsp;ombre&nbsp;&nbsp;=&nbsp;&nbsp;ombre&#8230; + encore ombre&#8230; + encore ombre&#8230; etc. = finalement, Lumi\u00e8re&nbsp;!<\/p>\n\n\n\n<p>La proposition 1 est, de loin la plus simple, la plus directe, la plus efficace&#8230;<\/p>\n\n\n\n<p>La proposition 2 d\u00e9crit la construction de l&rsquo;illusion d&rsquo;un labyrinthe d&rsquo;ombres qui rendra de plus en plus compliqu\u00e9e la r\u00e9alisation que toute ces ombres ne sont que la Lumi\u00e8re dont nous avions perdu conscience.<\/p>\n\n\n\n<p>\u25cf<\/p>\n\n\n\n<p>Tr\u00e8s bien&nbsp;! La 1\u00e8re maxime, \u00ab\u00a0ombre + Lumi\u00e8re = Lumi\u00e8re\u00a0\u00bb est celle qui \u00e9claire\u2026 et que je dois mettre quelque part sur mon mur&nbsp;!<\/p>\n\n\n\n<p>\u25a0<\/p>\n\n\n\n<p>En effet, si nous voulons plus de conscience de la Lumi\u00e8re, il faut \u00ab&nbsp;ombre + Lumi\u00e8re&nbsp;\u00bb&nbsp;!  Il faut que nous osions \u00e9clairer l&rsquo;ombre de sa propre Lumi\u00e8re qu&rsquo;elle est en r\u00e9alit\u00e9.<\/p>\n\n\n\n<p>Et l\u00e0, il y a un mouvement, l\u00e0, il y a une diminution de l\u2019ombre\u2026 Parce que, face \u00e0 la Lumi\u00e8re, l\u2019ombre, elle est transmut\u00e9e&nbsp;: le plomb est transmut\u00e9 en or&nbsp;!<\/p>\n\n\n\n<p><\/p>\n\n\n\n<p class=\"has-text-align-right\"><em>Notre amie la culpabilit\u00e9<\/em><\/p>\n\n\n\n<p>\u25cf<\/p>\n\n\n\n<p>Ah, c\u2019est pour cela qu\u2019un bon ami s\u2019\u00e9tait tellement f\u00e2ch\u00e9 quand je lui avais parl\u00e9 de la culpabilit\u00e9\u2026 C\u2019est \u00e7a, en fait&nbsp;!<\/p>\n\n\n\n<p>\u25a0<\/p>\n\n\n\n<p>Le probl\u00e8me, il est&nbsp;: qu\u2019il faut toujours aller \u00e0 ce qui est le plus pr\u00e8s de nous\u2026&nbsp;&nbsp;Ici\u2026 pas l\u00e0-bas, l\u00e0-bas\u2026 Il faut tout de suite se demander&nbsp;:&nbsp;<\/p>\n\n\n\n<p>\u00ab&nbsp;Mais qu\u2019est-ce que nous \u00e9tions en train de ne pas aimer qui \u00e9tait le plus proche de nous&nbsp;?&nbsp;\u00bb<\/p>\n\n\n\n<p>\u25cf<\/p>\n\n\n\n<p>Eh bien, c\u2019est moi&nbsp;!<\/p>\n\n\n\n<p>\u25a0<\/p>\n\n\n\n<p>Oui ! C&rsquo;est toi&nbsp;! Et, c\u2019est une r\u00e9action bien habituelle encore, chez les \u00catres humains, que tu as eu l\u00e0&#8230; <\/p>\n\n\n\n<p>Tu n\u2019es pas arriv\u00e9e \u00e0 \u00eatre heureuse de ce qu\u2019est ta fille et, \u00e7a, jusqu&rsquo;\u00e0 aujourd&rsquo;hui, tu ne te l\u2019\u00e9tais jamais pardonn\u00e9 !<\/p>\n\n\n\n<p>Tu n\u2019avais pas voulu t\u2019aimer comme \u00e7a&nbsp;! Ce n\u2019\u00e9tait pas possible. Tu n\u2019avais pas voulu t\u2019aimer dans ce refus, jusqu\u2019\u00e0 aujourd\u2019hui en tout cas \u2026&nbsp;<\/p>\n\n\n\n<p>\u25cf<\/p>\n\n\n\n<p>Oui, c\u2019est cela&nbsp;!<\/p>\n\n\n\n<p>\u25a0<\/p>\n\n\n\n<p>Oui ! Mais pour te faire l&rsquo;avocat de ce refus de t\u2019aimer toi-m\u00eame, tu t&rsquo;es dit&nbsp;: \u00ab&nbsp;Mais comment est-ce que je vais m\u2019aimer alors que je ne suis pas arriv\u00e9e \u00e0 aimer ma fille&nbsp;?&nbsp;\u00bb<\/p>\n\n\n\n<p>L&rsquo;ombre met toujours les priorit\u00e9 \u00e0 l&rsquo;envers&#8230; Elle va nous inviter \u00e0 penser : \u00ab\u00a0Je n&rsquo;ai pas le droit de m&rsquo;aimer moi-m\u00eame, si je n&rsquo;aime pas ma fille\u00a0\u00bb&#8230; C&rsquo;est typique de l&rsquo;ombre&nbsp;!<\/p>\n\n\n\n<p>C\u2019est, l\u00e0, le premier chainon de la chaine de notre labyrinthe&nbsp;: Si nous ne r\u00e9solvons pas ce premier chainon, nous ne pouvons pas travailler la suite&nbsp;! C\u2019est impossible&nbsp;!&nbsp;<\/p>\n\n\n\n<p>Et comme nous l\u2019avons dit plusieurs fois&nbsp;: \u00ab&nbsp;Je ne suis libre que de ce que j\u2019aime\u2026 Mais, je suis li\u00e9 \u00e0 tout ce que j\u2019ai pr\u00e9tendu ne pas aimer\u2026&nbsp;\u00bb<\/p>\n\n\n\n<p>Je suis li\u00e9 en effet, sainement, merveilleusement, \u00e0 tout ce que je n\u2019ai pas accept\u00e9 d\u2019aimer\u2026 C&rsquo;est \u00e0 dire que tout ce que je n\u2019ai pas aim\u00e9 revient, sans cesse, \u00e0 ma conscience, dans ma vie, pour que je l\u2019aime&#8230; C&rsquo;est une belle obsession&#8230; Nous sommes obs\u00e9d\u00e9s d&rsquo;aimer Tout&nbsp;!<\/p>\n\n\n\n<p>C\u2019est sain, c\u2019est juste&nbsp;! \u00c7a revient pour que je l\u2019aime. Notre pulsion originelle, c\u2019est de vouloir tout aimer\u2026 et cela bien au-del\u00e0 de tous nos pr\u00e9jug\u00e9s acquis de notre l\u2019ombre.<\/p>\n\n\n\n<p>Mais souvent, jusqu\u2019\u00e0 aujourd\u2019hui, nous avons pu choisir de fuir, sainement, le probl\u00e8me\u2026 Par soumission \u00e0 l\u2019ombre, nous avons essay\u00e9 d\u2019\u00e9chapper \u00e0 cette d\u00e9cision d\u2019aimer. <\/p>\n\n\n\n<p>Mais c\u2019\u00e9tait tout simplement parce que, pour l\u2019instant, nous n\u2019\u00e9tions pas capables de le faire\u2026&nbsp;Alors, jusqu&rsquo;\u00e0 l\u00e0, c&rsquo;\u00e9tait la meilleure d\u00e9cision de faire comme cela&nbsp;! Attendre&#8230;<\/p>\n\n\n\n<p>Mais, cependant, nous n\u2019avons jamais pu l\u00e2cher le morceau&nbsp;! Nous avons continu\u00e9, r\u00e9guli\u00e8rement, d\u2019essayer jusqu\u2019\u00e0 aujourd\u2019hui\u2026 Et nous avons continu\u00e9 jusqu\u2019\u00e0 y arriver\u2026<\/p>\n\n\n\n<p>Et nous y arriverons&nbsp;! Il n&rsquo;y a aucun doute&#8230;<\/p>\n\n\n\n<p><\/p>\n\n\n\n<p class=\"has-text-align-right\"><em>Notre destin in\u00e9vitable&nbsp;: Tout aimer<\/em>&nbsp;!<\/p>\n\n\n\n<p>Et, par exemple, on a pu penser \u00ab&nbsp;Je n\u2019arrive pas \u00e0 aimer ma fille telle qu\u2019elle est\u2026 et, \u00e7a, ce n\u2019est pas bien&nbsp;!&nbsp;\u00bb<\/p>\n\n\n\n<p>Mais, nous n&rsquo;avons pas pu \u00e9chapper \u00e0 notre v\u00e9ritable destin qui est de reconna\u00eetre la Lumi\u00e8re en tout, c\u2019est \u00e0 dire de tout aimer&nbsp;!<\/p>\n\n\n\n<p>Alors, nous revivons ce \u00ab&nbsp;\u00c7a, ce n\u2019est pas bien&nbsp;\u00bb pour arriver \u00e0 \u00eatre heureux de ce \u00ab&nbsp;\u00c7a ce n\u2019est pas bien&nbsp;\u00bb&nbsp;!<\/p>\n\n\n\n<p>\u25cf<\/p>\n\n\n\n<p>Oui, oui\u2026<\/p>\n\n\n\n<p>\u25a0<\/p>\n\n\n\n<p>Et nous avan\u00e7ons ainsi peu \u00e0 peu comme \u00e7a, par cercles de conscience de plus en plus larges dont nous sommes le centre\u2026&nbsp;<\/p>\n\n\n\n<p>Nous voulons d\u2019abord aimer ce qui est le plus proche de nous, ce qui est le plus facile et le plus urgent d\u2019aimer, pour passer, d\u00e8s que nous y sommes arriv\u00e9s, \u00e0 ce qui est juste un peu plus loin de nous\u2026 et puis un peu plus loin\u2026 etc.<\/p>\n\n\n\n<p>\u25cf<\/p>\n\n\n\n<p>Alors, je n\u2019en reviens pas de ne pas avoir vu \u00e7a&nbsp;!&nbsp;<\/p>\n\n\n\n<p>Apr\u00e8s tout ce que nous avons d\u00e9j\u00e0 dit\u2026 C\u2019est vraiment l\u2019habitude qui m\u2019a fait refaire la m\u00eame erreur&nbsp;!<\/p>\n\n\n\n<p><\/p>\n\n\n\n<p class=\"has-text-align-right\"><em>Qu\u2019a-t-on appris sans r\u00e9p\u00e9ter&nbsp;? Rien&nbsp;!<\/em><\/p>\n\n\n\n<p>\u25a0<\/p>\n\n\n\n<p>Apprendre, c\u2019est r\u00e9p\u00e9ter disait mon p\u00e8re&nbsp;! Il faut simplement accepter avec joie de r\u00e9p\u00e9ter pour apprendre confortablement et efficacement\u2026&nbsp;<\/p>\n\n\n\n<p>Nos vieilles habitudes se sont install\u00e9es par la r\u00e9p\u00e9tition\u2026 Et les nouvelles habitudes s\u2019installeront par la r\u00e9p\u00e9tition\u2026<\/p>\n\n\n\n<p>\u25cf<\/p>\n\n\n\n<p>Oui, bien s\u00fbr, c\u2019est vrai&#8230;<\/p>\n\n\n\n<p>\u25a0<\/p>\n\n\n\n<p>Toi, de la m\u00eame fa\u00e7on, un jour, tu me surprendras en train de r\u00e9p\u00e9ter une vieille habitude ombreuse\u2026 et gentiment, tu m\u2019aideras \u00e0 en prendre conscience\u2026 et \u00e0 installer une nouvelle habitude lumineuse\u2026<\/p>\n\n\n\n<p>\u25cf<\/p>\n\n\n\n<p>Tu crois&nbsp;?<\/p>\n\n\n\n<p>\u25a0<\/p>\n\n\n\n<p>Non, je ne le crois pas&nbsp;! J\u2019en suis s\u00fbr\u2026 Et tu l&rsquo;as fait d\u00e9j\u00e0 plusieurs fois, sans t&rsquo;en apercevoir ! Et je t&rsquo;en remercie.<\/p>\n\n\n\n<p>Mais, revenons \u00e0 notre sujet du moment&nbsp;: il y a toujours une priorit\u00e9 absolue&nbsp;: c\u2019est d\u2019aimer enfin ce qui est le plus \u00e0 port\u00e9e de notre main, c\u2019est d\u2019\u00eatre heureux, d\u2019abord, de ce qui est le plus proche de nous\u2026<\/p>\n\n\n\n<p>\u25cf<\/p>\n\n\n\n<p>Et alors donc, \u00e0 ce moment-l\u00e0&nbsp;: d\u2019abord \u00ab\u00a0aimer ce que je suis\u00a0\u00bb\u2026<\/p>\n\n\n\n<p>\u25a0<\/p>\n\n\n\n<p>Oui ! C&rsquo;est cela&#8230; Mais moi, l\u00e0, je suis, en apparence, \u00ab&nbsp;ext\u00e9rieur&nbsp;\u00bb \u00e0 toi\u2026 <\/p>\n\n\n\n<p>Donc, par rapport \u00e0 toi, c&rsquo;est un avantage parce que je peux te regarder l\u00e9g\u00e8rement plus calmement que tu ne peux te regarder toi-m\u00eame. <\/p>\n\n\n\n<p>Du coup, il y a un d\u00e9calage et cela me donne un autre regard, un peu plus lointain et donc plus calme. Mais, c\u2019est tout\u2026 Et toi, tu fais pareil avec moi.<\/p>\n\n\n\n<p>Toi, tu me verras, un jour, r\u00e9agir ombreusement\u2026 Et tu me diras&nbsp;: \u00ab&nbsp;Mais, tu me dis toujours qu\u2019il faut aller \u00e0 l\u2019urgence\u2026 et tu ne le fais pas\u2026 Tu ne vas pas \u00e0 l\u2019urgence, tu ne vas pas \u00e0 la priorit\u00e9&nbsp;! Tu mets une esp\u00e8ce de barri\u00e8re&nbsp;\u00bb.<\/p>\n\n\n\n<p>Or, c\u2019est la premi\u00e8re barri\u00e8re, la plus accessible, c&rsquo;est celle qu\u2019il faut aimer en premier\u2026 ce n\u2019est pas la 3<sup>\u00e8me<\/sup>&nbsp;ou la 30<sup>\u00e8me<\/sup>&nbsp;\u2026<\/p>\n\n\n\n<p>Et puis les autres barri\u00e8res se pr\u00e9senteront, bien s\u00fbr, en temps utile au portillon de notre conscience\u2026<\/p>\n\n\n\n<p>Aimer l\u2019instant pr\u00e9c\u00e9dent est plus imm\u00e9diatement possible que d\u2019aimer un instant plus lointain\u2026 C\u2019est \u00e9videmment plus accessible.<\/p>\n\n\n\n<p>\u25cf<\/p>\n\n\n\n<p>Donc l\u00e0, il s\u2019agit en priorit\u00e9 d\u2019\u00eatre heureuse de ce que je suis\u2026<\/p>\n\n\n\n<p><\/p>\n\n\n\n<p class=\"has-text-align-right\"><em>Le pass\u00e9 est pass\u00e9, l\u2019avenir est \u00e0 venir\u2026 seul le pr\u00e9sent est pr\u00e9sent<\/em><em><\/em><\/p>\n\n\n\n<p>\u25a0<\/p>\n\n\n\n<p>\u00catre heureuse que toi, tu ne sois pas arriv\u00e9e \u00e0 ressentir l\u2019amour pour ta fille telle qu\u2019elle \u00e9tait&nbsp;!&nbsp;&nbsp;<\/p>\n\n\n\n<p>Attention&nbsp;! Il est pr\u00e9f\u00e9rable de mettre cela au \u00ab\u00a0temps pass\u00e9\u00a0\u00bb&nbsp;: tout simplement parce que cela fait r\u00e9ellement d\u00e9j\u00e0 parti du pass\u00e9\u2026 C\u2019est en effet, en toute v\u00e9rit\u00e9, dans le pass\u00e9 que, jusqu\u2019\u00e0 cet instant, \u00ab&nbsp;tu n\u2019\u00e9tais pas arriv\u00e9e \u00e0 \u00eatre heureuse de ta fille telle qu&rsquo;elle \u00e9tait&nbsp;\u00bb \u2026&nbsp;<\/p>\n\n\n\n<p>Que ce soit un pass\u00e9 imm\u00e9diat ou un pass\u00e9 lointain, c\u2019est de toutes les fa\u00e7ons dans le pass\u00e9\u2026 Il y a toujours, au minimum, une mi-temps de retard de notre pens\u00e9e, et donc, bien s\u00fbr, de notre parole, sur les faits&nbsp;!<\/p>\n\n\n\n<p>Nous ne pouvons pas changer les faits qui eux, \u00e0 cet instant pr\u00e9sent, appartiennent toujours au pass\u00e9\u2026 Mais une simple mi-temps apr\u00e8s les faits, nous sommes d\u00e9j\u00e0 libre de choisir la conscience que nous sommes heureux d&rsquo;avoir \u00e0 leur propos\u2026<\/p>\n\n\n\n<p class=\"has-text-align-left\">Et \u00ab&nbsp;<em>la conscience c\u2019est ce qui fait toute la diff\u00e9rence&nbsp;\u00bb<\/em>&nbsp;!<\/p>\n\n\n\n<p>On peut s\u2019amuser \u00e0 dire que le pass\u00e9 \u00ab&nbsp;pousse&nbsp;\u00bb le pr\u00e9sent devant lui\u2026 et que la conscience que je choisis d\u2019en avoir au pr\u00e9sent \u00ab&nbsp;pousse&nbsp;\u00bb l\u2019avenir devant lui\u2026<\/p>\n\n\n\n<p>Le merveilleux avantage de notre mi-temps de retard, c\u2019est qu&rsquo;elle permet \u00e0 notre libre arbitre de s&rsquo;exprimer.<\/p>\n\n\n\n<p>\u25cf&nbsp;&nbsp;&nbsp;&nbsp;&nbsp;&nbsp;&nbsp;&nbsp;&nbsp;&nbsp;&nbsp;&nbsp;&nbsp;&nbsp;&nbsp;&nbsp;&nbsp;&nbsp;&nbsp;&nbsp;&nbsp;&nbsp;&nbsp;&nbsp;&nbsp;&nbsp;&nbsp;&nbsp;&nbsp;&nbsp;&nbsp;&nbsp;&nbsp;&nbsp;&nbsp;&nbsp;&nbsp;&nbsp;&nbsp;&nbsp;&nbsp;&nbsp;&nbsp;&nbsp;&nbsp;&nbsp;&nbsp;&nbsp;&nbsp;&nbsp;&nbsp;<\/p>\n\n\n\n<p>C\u2019est que, gr\u00e2ce \u00e0 cette mi-temps de retard, tu peux parler au pass\u00e9&nbsp;?<\/p>\n\n\n\n<p>Oui&#8230; C&rsquo;est vrai ! Cette histoire de mi-temps de retard nous permet de parler au pass\u00e9\u2026<\/p>\n\n\n\n<p>\u25a0<\/p>\n\n\n\n<p>Oui ! Cela permet de nous d\u00e9gager du pass\u00e9\u2026 Sans notre mi-temps de retard, nous ne pourrions jamais nous en lib\u00e9rer.&nbsp;<\/p>\n\n\n\n<p>\u25cf<\/p>\n\n\n\n<p>Eh bien, oui&nbsp;!<\/p>\n\n\n\n<p><\/p>\n\n\n\n<p class=\"has-text-align-right\"><em>Nous avons toujours une mi-temps de retard<\/em><em><\/em><\/p>\n\n\n\n<p>\u25a0<\/p>\n\n\n\n<p>Cette mi-temps de retard n\u2019est pas une mal\u00e9diction\u2026 C\u2019est le Plan de Dieu. Nous fonctionnons comme cela depuis l\u2019origine\u2026 C\u2019est de la Pure Lumi\u00e8re\u2026&nbsp;<\/p>\n\n\n\n<p>Mais, nous avions imagin\u00e9, assez facilement sous la pression de l\u2019ombre, que c\u2019\u00e9tait une mal\u00e9diction\u2026&nbsp;<\/p>\n\n\n\n<p>Cela a \u00e9t\u00e9 le r\u00e9sultat de notre habitude ombreuse de toujours d\u00e9moniser tout\u2026 Tout a \u00e9t\u00e9 imagin\u00e9 mauvais\u2026<\/p>\n\n\n\n<p>Donc, m\u00eame cette mi-temps de retard, qui nous offre notre libert\u00e9 de penser, a \u00e9t\u00e9 pr\u00e9tendue mauvaise.<\/p>\n\n\n\n<p>C\u2019est un peu comme si nous avions dit que cette terre sur laquelle nous vivons est mauvaise\u2026 ou comme si nous avions dit que respirer, ce n\u2019est pas bien&nbsp;!<\/p>\n\n\n\n<p>\u25cf<\/p>\n\n\n\n<p>C\u2019est \u00e9norme&nbsp;! C\u2019est vraiment tr\u00e8s important&nbsp;!<\/p>\n\n\n\n<p>Parce que, je comprends l\u00e0 que c&rsquo;est gr\u00e2ce \u00e0 cette mi-temps de retard que j&rsquo;ai la libert\u00e9 de penser par exemple \u00ab\u00a0J&rsquo;ai toujours \u00ab\u00a0<em>eu<\/em>\u00a0\u00bb peur de la mort\u00a0\u00bb au pass\u00e9, plut\u00f4t que de penser \u00ab\u00a0j&rsquo;ai toujours peur de la mort\u00a0\u00bb au pr\u00e9sent.<\/p>\n\n\n\n<p>Notre mi-temps de retard est notre garantie de pouvoir exercer notre libre arbitre.<\/p>\n\n\n\n<p>Je peux, par exemple, prendre conscience que j\u2019aime, maintenant, ce que j\u2019ai v\u00e9cu tout \u00e0 l&rsquo;heure\u2026<\/p>\n\n\n\n<p>Je peux \u00e9galement penser, et donc vivre, \u00ab\u00a0Je suis libre \u00e0 cet instant de prendre conscience de la Lumi\u00e8re, quoique j\u2019en ai pens\u00e9 jusqu\u2019\u00e0 l\u00e0\u2026\u00a0\u00bb<\/p>\n\n\n\n<p>Gr\u00e2ce \u00e0 ma mi-temps de retard, je peux choisir d&rsquo;aimer avoir \u00e9t\u00e9 ce que j\u2019ai \u00e9t\u00e9.<\/p>\n\n\n\n<p>\u25a0<\/p>\n\n\n\n<p>Oui&nbsp;! Maintenant, \u00e0 cette seconde pr\u00e9sente, tu peux choisir d&rsquo;\u00eatre heureuse de ne pas \u00eatre arriv\u00e9, jusqu\u2019\u00e0 l\u00e0, \u00e0 ressentir l\u2019amour pour ta fille telle qu\u2019elle \u00e9tait.<\/p>\n\n\n\n<p>\u25cf<\/p>\n\n\n\n<p>Du coup, le fait de mettre cela au pass\u00e9 me permet de passer \u00e0 autre chose\u2026 Sinon ce n\u2019est pas possible&nbsp;!<\/p>\n\n\n\n<p>\u25a0<\/p>\n\n\n\n<p>Oui&nbsp;! Sinon nous sommes verrouill\u00e9s&nbsp;! Nous nous interdisions l\u2019usage sain de cette mi-temps de retard&#8230; et donc du libre arbitre qu&rsquo;elle permet, en pensant toujours au pr\u00e9sent ce qui \u00e9tait du pass\u00e9\u2026&nbsp;<\/p>\n\n\n\n<p>Nous nous condamnions ainsi \u00e0 un avenir qui ne pouvait que reproduire notre pass\u00e9.<\/p>\n\n\n\n<p><\/p>\n\n\n\n<p class=\"has-text-align-right\"><em>Le pr\u00e9sent, c\u2019est le plus important<\/em><em><\/em><\/p>\n\n\n\n<p>Le pr\u00e9sent, c\u2019est la libert\u00e9&nbsp;!&nbsp;<\/p>\n\n\n\n<p>Ce que nous regardons appartient toujours au pass\u00e9\u2026 et \u00e0 cet instant, nous imaginons l\u2019avenir\u2026<\/p>\n\n\n\n<p>C\u2019est au pr\u00e9sent que nous rendons notre pass\u00e9 \u00e0 la Lumi\u00e8re\u2026 <\/p>\n\n\n\n<p>Et c\u2019est au pr\u00e9sent que nous offrons notre avenir \u00e0 la Lumi\u00e8re\u2026&nbsp;<\/p>\n\n\n\n<p>Le pr\u00e9sent, c\u2019est le plus important&nbsp;: c\u2019est l\u00e0 que s\u2019exprime notre libre arbitre.<\/p>\n\n\n\n<p>\u25cf<\/p>\n\n\n\n<p>L\u00e0, j\u2019ai senti la diff\u00e9rence entre le dire au pr\u00e9sent, dans le genre\u2026 \u00ab&nbsp;je suis heureuse&nbsp;<em>de ne pas aimer<\/em>&nbsp;ma fille&nbsp;\u00bb \u2026<\/p>\n\n\n\n<p>\u25a0<\/p>\n\n\n\n<p>Voil\u00e0&nbsp;! \u00c7a, c\u2019est une fa\u00e7on ombreuse, traditionnelle et devenue officielle, de penser\u2026<\/p>\n\n\n\n<p>\u25cf<\/p>\n\n\n\n<p>Et \u00e7a me plombait compl\u00e8tement&nbsp;!<\/p>\n\n\n\n<p>En revanche, si je dis&nbsp;: \u00ab&nbsp;Je suis heureuse&nbsp;<em>de ne pas avoir pu aimer<\/em>&nbsp;ma fille jusqu\u2019\u00e0 maintenant&nbsp;\u00bb \u2026 c\u2019est comme si, d\u2019un coup, enfin, je me lib\u00e9rais de ma culpabilit\u00e9\u2026 et je peux alors me mettre, enfin, \u00e0 l\u2019aimer.<\/p>\n\n\n\n<p>\u25a0<\/p>\n\n\n\n<p>Oui&nbsp;! Tout d\u2019un coup, tu te mets dans la v\u00e9ritable position&nbsp;: tu reconnais le fonctionnement lumineux de la mi-temps de retard et tu rentabilises cette merveilleuse mi-temps de retard\u2026<\/p>\n\n\n\n<p>\u25cf<\/p>\n\n\n\n<p>\u2026 Et je m&rsquo;offre un belle avenir !<\/p>\n\n\n\n<p>\u25a0<\/p>\n\n\n\n<p>Oui&nbsp;! Du coup, les choses vont \u00e9voluer, le mouvement de la vie peut reprendre \u00e0 son rythme originel, naturel, parce que tu viens d\u2019oser reconna\u00eetre \u00ab\u00a0la\u00a0\u00bb Vraie V\u00e9rit\u00e9&nbsp;:&nbsp;<\/p>\n\n\n\n<p>La V\u00e9rit\u00e9, c\u2019est que tu es parfaite et que, \u00e0 cet instant, tu t\u2019aimes, telle que tu as \u00e9t\u00e9, telle que tu es et telle que tu seras\u2026<\/p>\n\n\n\n<p>Tu n&rsquo;ignores plus cette perfection en mettant le pass\u00e9 au pr\u00e9sent, comme l\u2019ombre nous l\u2019avait appris.<\/p>\n\n\n\n<p>\u25cf<\/p>\n\n\n\n<p>Non\u2026<\/p>\n\n\n\n<p>\u25a0<\/p>\n\n\n\n<p>Il y a toujours cette Perfection qui est reconnue, en avant, comme une esp\u00e8ce de bouclier de Lumi\u00e8re\u2026 Cette conscience de la Perfection avance devant toi et elle te tire vers un avenir o\u00f9 tout est possible, un avenir agr\u00e9able, enthousiasmant\u2026&nbsp; un avenir de Lumi\u00e8re&#8230; Le seul Avenir qui soit R\u00e9el.<\/p>\n\n\n\n<p>Donc l\u00e0, nous d\u00e9couvrons que la mi-temps de retard n\u2019est pas un probl\u00e8me&nbsp;: C\u2019est vrai que l\u2019on a pu en faire un usage ombreux, mais \u00e0 chaque instant, elle peut nous permettre d\u2019exprimer la Lumi\u00e8re, de vivre la Lumi\u00e8re en conscience grandissante\u2026<\/p>\n\n\n\n<p>\u25cf<\/p>\n\n\n\n<p>Tu vois comme moi combien c\u2019est important de prendre des exemples concrets\u2026<\/p>\n\n\n\n<p>\u25a0<\/p>\n\n\n\n<p>Oui, parce que c\u2019est l\u00e0 qu\u2019il y a la solution\u2026<\/p>\n\n\n\n<p>\u25cf<\/p>\n\n\n\n<p>Oui, et du coup tu vois d\u2019autres choses.&nbsp;<\/p>\n\n\n\n<p>J\u2019avais cru comprendre ce m\u00e9canisme et tout\u2026 Mais, en fait, je n\u2019avais pas du tout saisi tout cela.<\/p>\n\n\n\n<p><\/p>\n\n\n\n<p class=\"has-text-align-right\"><em>Aimer\u2026 comprendre\u2026 vivre<\/em><em><\/em><\/p>\n\n\n\n<p>\u25a0<\/p>\n\n\n\n<p>Tu l\u2019avais compris\u2026 Mais c\u2019est une chose de comprendre le m\u00e9canisme et c\u2019est une autre chose de le vivre \u00e0 chaque instant, courageusement\u2026<\/p>\n\n\n\n<p>\u25cf<\/p>\n\n\n\n<p>Oui, c\u2019est \u00e9vident\u2026<\/p>\n\n\n\n<p>\u25a0<\/p>\n\n\n\n<p>Mais, il faut s\u2019attendre, avec joie, \u00e0 ce qu\u2019au prochain instant, l\u2019ombre se pr\u00e9sente \u00e0 nouveau \u00e0 notre conscience\u2026 et ceci parce que l\u00e0 nous avons compris un truc&nbsp;: nous avons r\u00e9ussi \u00e0 voir la Lumi\u00e8re dans un de ses aspects\u2026&nbsp;<\/p>\n\n\n\n<p>Et donc, hop&nbsp;! L\u2019instant d\u2019apr\u00e8s l\u2019ombre va pr\u00e9senter \u00e0 notre conscience un de ses autres aspects\u2026 pour qu\u2019il soit \u00e9galement gu\u00e9ri par notre conscience de l&rsquo;amour&nbsp;!<\/p>\n\n\n\n<p>&nbsp;Nous \u00e9tions dans \u00ab&nbsp;l\u2019incroyance&nbsp;\u00bb \u2026 nous avions perdu conscience de l\u2019\u00c9ternit\u00e9 de la Lumi\u00e8re\u2026<\/p>\n\n\n\n<p>Et l\u2019ombre vient, plus clairement, \u00e0 notre conscience parce que nous sommes enfin pr\u00eats \u00e0 l\u2019accueillir, alors que nous l\u2019avions condamn\u00e9e et combattue pendant si longtemps.<\/p>\n\n\n\n<p>Mais, l\u00e0, les uns apr\u00e8s les autres, nous choisissons de reconna\u00eetre le Divin dans les instants que nous avons v\u00e9cus, avec tous nos actes, toutes nos pens\u00e9es, toutes nos \u00e9motions\u2026&nbsp;<\/p>\n\n\n\n<p>L\u00e0, nous sommes des \u00ab&nbsp;croyants&nbsp;\u00bb, avec tous les avantages d\u2019\u00eatre des enfants conscients de la Lumi\u00e8re \u00c9ternelle en Tout&nbsp;!<\/p>\n\n\n\n<p>\u25cf<\/p>\n\n\n\n<p>Cette fa\u00e7on de raisonner te donne du coup \u00e0 nouveau la jouissance de notre belle libert\u00e9\u2026 C\u2019est la seule fa\u00e7on d\u2019avoir une possibilit\u00e9 d\u2019\u00e9voluer.<\/p>\n\n\n\n<p>\u25a0<\/p>\n\n\n\n<p>Moi, je le vois comme cela\u2026 Nous pouvons l\u2019exprimer de diff\u00e9rentes fa\u00e7ons, bien s\u00fbr, mais c\u2019est comme \u00e7a\u2026<\/p>\n\n\n\n<p>\u25cf<\/p>\n\n\n\n<p>\u00c7a te lib\u00e8re du pass\u00e9\u2026<\/p>\n\n\n\n<p>\u25a0<\/p>\n\n\n\n<p>Oui, mais pour \u00e7a, pour \u00eatre lib\u00e9rer du pass\u00e9, il faut abandonner l\u2019id\u00e9e d\u2019une mi-temps ombreuse\u2026 Il faut retrouver, et reconna\u00eetre, le v\u00e9ritable usage de cette mi-temps de retard, Don de Dieu parmi l&rsquo;Infini des autres Dons de Dieu&#8230;<\/p>\n\n\n\n<p>\u25cf<\/p>\n\n\n\n<p>C&rsquo;est vrai que l\u2019id\u00e9e toute tordu que j\u2019avais, c\u2019\u00e9tait de penser que je devais \u00ab\u00a0changer\u00a0\u00bb la chose\u2026&nbsp;<\/p>\n\n\n\n<p>Mais non, je dois simplement l\u2019aimer&nbsp;! Et \u00e0 force d&rsquo;\u00eatre aim\u00e9e, \u00e0 un moment donn\u00e9, cette chose particuli\u00e8re ne se r\u00e9p\u00e8tera plus de fa\u00e7on obsessionnelle, comme c&rsquo;\u00e9tait le cas&#8230;<\/p>\n\n\n\n<p>Ce n\u2019est pas la chose que j\u2019avais \u00e0 changer en elle-m\u00eame\u2026 Mais ce que je choisissais de voir qu&rsquo;elle est&nbsp;!<\/p>\n\n\n\n<p>\u25a0<\/p>\n\n\n\n<p>Est-ce que je choisis de voir la Lumi\u00e8re \u00c9ternelle et Bienfaisante qu&rsquo;elle est, ou bien bien est-ce que je choisis de perdre conscience de la Lumi\u00e8re \u00c9ternelle et Bienfaisante qu&rsquo;elle est&nbsp;?<\/p>\n\n\n\n<p>Oui ! Tu as raison\u2026 parce que cette chose ne peut \u00eatre n\u00e9cessairement que la Lumi\u00e8re Omnipr\u00e9sente&#8230; Comme tout ce qui existe&nbsp;!<\/p>\n\n\n\n<p>Il s\u2019agit simplement de reconna\u00eetre la Lumi\u00e8re l\u00e0 o\u00f9 Elle a toujours \u00e9t\u00e9, c&rsquo;est \u00e0 dire partout, \u00ab\u00a0y compris dans l\u2019ombre\u00a0\u00bb, c\u2019est tout\u2026<\/p>\n\n\n\n<p>Ce n\u2019est que comme cela que nous pouvons comprendre cette invitation re\u00e7ue il y a 2000 ans&nbsp;: \u00ab&nbsp;Aimez votre ennemi&nbsp;\u00bb \u2026<\/p>\n\n\n\n<p>\u25cf<\/p>\n\n\n\n<p>Oui, mais l\u00e0, dans le cas qui nous int\u00e9resse, c&rsquo;est encore plus pr\u00e9cis&nbsp;:<\/p>\n\n\n\n<p>Je ne vais pas aimer en premier la chose que j&rsquo;avais cru devoir aimer, c\u2019est-\u00e0-dire \u00ab&nbsp;le fait de ne pas aimer ma fille&nbsp;\u00bb, mais je vais m\u2019aimer en premier moi-m\u00eame dans \u00ab&nbsp;le fait de n\u2019avoir pas su, jusqu&rsquo;\u00e0 l\u00e0, aimer ma fille.&nbsp;\u00bb<\/p>\n\n\n\n<p>Et ce n\u2019est pas, du tout, la m\u00eame chose\u2026<\/p>\n\n\n\n<div style=\"height:51px\" aria-hidden=\"true\" class=\"wp-block-spacer\"><\/div>\n\n\n\n\n\n\n\n<p><\/p>\n","protected":false},"excerpt":{"rendered":"<p>C\u2019est l\u00e0, notre m\u00e9moire qui nous est la plus accessible&nbsp;: c\u2019est notre m\u00e9moire imm\u00e9diate\u2026 En effet, nous la voyons encore clairement, nous en avons encore une tr\u00e8s bonne conscience\u2026 Et elle se propose tr\u00e8s clairement \u00e0 notre amour, \u00e0 notre joie&#8230; Si nous voulons bien le reconna\u00eetre ! Eh bien, en pratique, il n\u2019y a &hellip; <a href=\"https:\/\/behappy8.org\/?p=2091\" class=\"more-link\">Continuer la lecture<span class=\"screen-reader-text\"> de &laquo;&nbsp;Les 8 entretiens (3\u00e8me Partie du 5\u00e8me Entretien)&nbsp;&raquo;<\/span><\/a><\/p>\n","protected":false},"author":1,"featured_media":0,"comment_status":"open","ping_status":"open","sticky":false,"template":"","format":"chat","meta":{"footnotes":""},"categories":[2030],"tags":[],"class_list":["post-2091","post","type-post","status-publish","format-chat","hentry","category-5eme-entretien-8","post_format-post-format-chat"],"_links":{"self":[{"href":"https:\/\/behappy8.org\/index.php?rest_route=\/wp\/v2\/posts\/2091","targetHints":{"allow":["GET"]}}],"collection":[{"href":"https:\/\/behappy8.org\/index.php?rest_route=\/wp\/v2\/posts"}],"about":[{"href":"https:\/\/behappy8.org\/index.php?rest_route=\/wp\/v2\/types\/post"}],"author":[{"embeddable":true,"href":"https:\/\/behappy8.org\/index.php?rest_route=\/wp\/v2\/users\/1"}],"replies":[{"embeddable":true,"href":"https:\/\/behappy8.org\/index.php?rest_route=%2Fwp%2Fv2%2Fcomments&post=2091"}],"version-history":[{"count":15,"href":"https:\/\/behappy8.org\/index.php?rest_route=\/wp\/v2\/posts\/2091\/revisions"}],"predecessor-version":[{"id":2233,"href":"https:\/\/behappy8.org\/index.php?rest_route=\/wp\/v2\/posts\/2091\/revisions\/2233"}],"wp:attachment":[{"href":"https:\/\/behappy8.org\/index.php?rest_route=%2Fwp%2Fv2%2Fmedia&parent=2091"}],"wp:term":[{"taxonomy":"category","embeddable":true,"href":"https:\/\/behappy8.org\/index.php?rest_route=%2Fwp%2Fv2%2Fcategories&post=2091"},{"taxonomy":"post_tag","embeddable":true,"href":"https:\/\/behappy8.org\/index.php?rest_route=%2Fwp%2Fv2%2Ftags&post=2091"}],"curies":[{"name":"wp","href":"https:\/\/api.w.org\/{rel}","templated":true}]}}