{"id":2101,"date":"2021-05-15T10:14:00","date_gmt":"2021-05-15T08:14:00","guid":{"rendered":"https:\/\/behappy8.org\/?p=2101"},"modified":"2025-03-26T15:50:28","modified_gmt":"2025-03-26T14:50:28","slug":"les-8-entretiens-7eme-partie-du-5eme-entretien","status":"publish","type":"post","link":"https:\/\/behappy8.org\/?p=2101","title":{"rendered":"Les 8 entretiens (7\u00e8me Partie du 5\u00e8me Entretien)"},"content":{"rendered":"\n\n\n\n\n<div style=\"height:48px\" aria-hidden=\"true\" class=\"wp-block-spacer\"><\/div>\n\n\n\n<figure class=\"wp-block-audio\"><audio controls src=\"https:\/\/behappy8.org\/wp-content\/uploads\/2025\/03\/Les-8-entretiens-7eme-Partie-du-5eme-Entretien.m4a\"><\/audio><figcaption class=\"wp-element-caption\">Les 8 Entretiens (7\u00e8me Partie du 5\u00e8me Entretien<\/figcaption><\/figure>\n\n\n\n<div style=\"height:47px\" aria-hidden=\"true\" class=\"wp-block-spacer\"><\/div>\n\n\n\n<p class=\"has-text-align-right\"><em>Tous pour Un, Un pour Tous<\/em><\/p>\n\n\n\n<p>Nous sommes tous humains, et quelque part toute partie de chaque \u00eatre humain fait partie de moi.&nbsp;<\/p>\n\n\n\n<p>Nous ne sommes pas oblig\u00e9s d\u2019\u00eatre des experts en tout&nbsp;: expert en physique, en math\u00e9matiques, expert en anglais, en dessin, expert en science cosmologique, en musique etc&#8230;<\/p>\n\n\n\n<p>Nous ne le pouvons pas dans les 24 heures dont nous disposons chaque jour, chacun de nous.<\/p>\n\n\n\n<p>Mais, nous pouvons profiter des progr\u00e8s de chacun. Nous sommes tous ensemble&#8230; Et nous avan\u00e7ons ensemble&#8230; Comme \u00ab\u00a0Un\u00a0\u00bb.<\/p>\n\n\n\n<p>Je peux profiter de la musique que quelqu\u2019un joue, comme si c\u2019\u00e9tait moi qui la faisais\u2026 et en effet, c\u2019est moi qui la fait aussi\u2026 si nous sommes Un&nbsp;!<\/p>\n\n\n\n<p>\u25cf<\/p>\n\n\n\n<p>Oui&nbsp;! C\u2019est \u00e7a la coop\u00e9ration.<\/p>\n\n\n\n<p>\u25a0<\/p>\n\n\n\n<p>Oui&nbsp;! nous sommes tous ensemble et nous avan\u00e7ons.<\/p>\n\n\n\n<div style=\"height:30px\" aria-hidden=\"true\" class=\"wp-block-spacer\"><\/div>\n\n\n\n<p class=\"has-text-align-right\"><em>Nous sommes tous dou\u00e9s&#8230; pour tous&nbsp;!<\/em><\/p>\n\n\n\n<p>Nous avons tous des zones de performance o\u00f9 nous sommes plus dou\u00e9s dans l\u2019int\u00e9r\u00eat de tous.&nbsp;<\/p>\n\n\n\n<p>Par exemple, en ce qui me concerne, je sais que ce pour quoi je suis le plus dou\u00e9 dans cette vie-ci, c\u2019est de faire ce que nous sommes en train de faire ensemble&nbsp;: c\u2019est-\u00e0-dire, d&rsquo;une part apprendre \u00e0 \u00eatre toujours plus heureux moi-m\u00eame et d&rsquo;autre part, aider les autres qui le d\u00e9sirent \u00e0 faire de m\u00eame. <\/p>\n\n\n\n<p>Comme chacun, j&rsquo;ai bien s\u00fbr de nombreux autres dons, mais il n\u2019y a rien d\u2019autre dans quoi je sois plus dou\u00e9 que cela : \u00eatre heureux et aider les autres \u00e0 l&rsquo;\u00eatre&nbsp;!<\/p>\n\n\n\n<p>Et l\u00e0, dans cette activit\u00e9, je suis excellent et je m\u2019am\u00e9liore tous les jours\u2026 C\u2019est l\u00e0 o\u00f9 j\u2019ai le sentiment d\u2019\u00eatre le plus performant et le plus utile \u00e0 la communaut\u00e9 des \u00catres\u2026<\/p>\n\n\n\n<p>Et c&rsquo;est bien compr\u00e9hensible, puisque je travaille ce don pendant des heures tous les jours, et de plus en plus&#8230; Et cela depuis des ann\u00e9es&nbsp;!<\/p>\n\n\n\n<p>Et tous les dons dont nous h\u00e9ritons de nos anc\u00eatres et de nos vies ant\u00e9rieures et que nous pratiquons vont s&rsquo;\u00e9panouir en nous au fur et \u00e0 mesure o\u00f9 nous les utilisons.<\/p>\n\n\n\n<p>Bien s\u00fbr, je suis sensible \u00e0 la musique et je sais que j&rsquo;ai le don de la musique, mais dans cette vie, il est clair que je ne serai pas moi-m\u00eame un grand musicien\u2026<\/p>\n\n\n\n<p>Depuis que je suis jeune, je dessine bien, mais l\u00e0 aussi je sais qu&rsquo;avant la fin de cette vie-ci je ne serai pas un grand artiste graphique\u2026 <\/p>\n\n\n\n<p>J&rsquo;adore \u00e9galement danser depuis toujours, mais je suis bien loin d&rsquo;\u00eatre un bon danseur dans cette vie-ci&#8230; etc.<\/p>\n\n\n\n<p>Et l\u00e0, c&rsquo;est bien compr\u00e9hensible \u00e9galement, puisque  je suis loin de passer autant de temps \u00e0 pratiquer ces autres dons qui me plaisent pourtant&#8230; <\/p>\n\n\n\n<p>En effet, je ne les pratique que quelques heures par semaines \u00e0 quelques heures par an&nbsp;!<\/p>\n\n\n\n<div style=\"height:30px\" aria-hidden=\"true\" class=\"wp-block-spacer\"><\/div>\n\n\n\n<p class=\"has-text-align-right\"><em>Il y a une place pour chacun&#8230;<\/em><\/p>\n\n\n\n<p>\u00catre \u00e0 notre place&nbsp;?&nbsp;<\/p>\n\n\n\n<p>\u00catre \u00e0 notre place, c\u2019est faire, dans l\u2019int\u00e9r\u00eat de tous, ce que nous sommes le plus heureux de faire,&nbsp;<\/p>\n\n\n\n<p>C\u2019est penser, dans l\u2019int\u00e9r\u00eat de tous, ce que nous sommes le plus heureux de penser,&nbsp;<\/p>\n\n\n\n<p>C\u2019est dire, dans l\u2019int\u00e9r\u00eat de tous, ce que nous sommes le plus heureux de dire\u2026<\/p>\n\n\n\n<p>Voil\u00e0&nbsp;! Si nous faisons cela, nous sommes bien \u00e0 notre place, nous sommes bien int\u00e9gr\u00e9s\u2026 et nous sommes le plus utile pour tous.<\/p>\n\n\n\n<p>Et alors, nous profitons \u00e9galement du meilleur de chacun&nbsp;!<\/p>\n\n\n\n<div style=\"height:30px\" aria-hidden=\"true\" class=\"wp-block-spacer\"><\/div>\n\n\n\n<p class=\"has-text-align-right\"><em>S\u2019aimer soi-m\u00eame pour adorer la Lumi\u00e8re<\/em><em><\/em><\/p>\n\n\n\n<p>\u25cf<\/p>\n\n\n\n<p>Moi, l\u00e0, je me rends bien compte, en tout cas dans l\u2019instant en ce moment, que j\u2019ai beaucoup de mal avec le concept d\u2019amour de soi\u2026<\/p>\n\n\n\n<p>Si j\u2019ai des soucis, ce sont des soucis d\u2019amour de moi, des soucis d\u2019estime de moi\u2026<\/p>\n\n\n\n<p>\u25a0<\/p>\n\n\n\n<p>Alors l\u00e0, si tu le veux bien, je mettrai d\u2019abord ces m\u00eames phrases, que tu viens de dire, au pass\u00e9.&nbsp;<\/p>\n\n\n\n<p>Ceci pour gagner un point. Pour lib\u00e9rer ta mi-temps de retard\u2026 et permettre ainsi l\u2019expression de ton libre arbitre.<\/p>\n\n\n\n<p>\u25cf<\/p>\n\n\n\n<p>Oh yes&nbsp;! Oui&nbsp;! Bien s\u00fbr&nbsp;!<\/p>\n\n\n\n<p>\u25a0<\/p>\n\n\n\n<p>Donc, alors, cela devient&nbsp;: \u00ab&nbsp;J\u2019avais&nbsp;\u00bb beaucoup de mal\u2026<\/p>\n\n\n\n<p>\u25cf<\/p>\n\n\n\n<p>Oui : \u00ab&nbsp;J\u2019avais&nbsp;\u00bb beaucoup de mal et une grande difficult\u00e9 \u00e0 \u00eatre, jusqu\u2019\u00e0 maintenant, contente de moi.&nbsp;<\/p>\n\n\n\n<p>\u25a0<\/p>\n\n\n\n<p>Bravo ! C&rsquo;est tellement mieux d\u00e9j\u00e0.<\/p>\n\n\n\n<p>\u25cf<\/p>\n\n\n\n<p>Les instants et les \u00e9tapes qui se suivent, j\u2019ai un travail \u00e0 faire l\u00e0-dessus, essentiellement&nbsp;!<\/p>\n\n\n\n<p>Et c\u2019est vrai que j\u2019ai\u2026 non pardon&nbsp;!&nbsp;\u00ab&nbsp;J\u2019avais&nbsp;\u00bb plein de st\u00e9r\u00e9otypes dans la t\u00eate&nbsp;: qu\u2019il fallait \u00eatre comme ceci, qu\u2019il fallait \u00eatre comme cela\u2026<\/p>\n\n\n\n<p>\u25a0<\/p>\n\n\n\n<p>Et c\u2019est le cas de nous tous&nbsp;! Ce sont des st\u00e9r\u00e9otypes que nous nous sommes balanc\u00e9s les uns aux autres depuis des ann\u00e9es\u2026 depuis des mill\u00e9naires\u2026 depuis Ca\u00efn&nbsp;! C&rsquo;est ainsi que, dans notre tradition occidentale, nous nommons le premier homme qui l&rsquo;a fait&#8230;<\/p>\n\n\n\n<p>\u25cf<\/p>\n\n\n\n<p>Et \u00e0 chaque fois je me laisse surprendre, ce n\u2019est pas du tout la vie que j\u2019attendais qui se pr\u00e9sente.<\/p>\n\n\n\n<p>\u25a0<\/p>\n\n\n\n<p>Alors, quand tu dis \u00ab&nbsp;je me laisse surprendre&nbsp;\u00bb que veux-tu dire ?<\/p>\n\n\n\n<p>\u25cf<\/p>\n\n\n\n<p>Parce que je suis dans l\u2019instant\u2026 Et je suis surprise de ce qui se pr\u00e9sente \u00e0 cet instant.<\/p>\n\n\n\n<p>\u25a0<\/p>\n\n\n\n<p>Et quelle est le but de se laisser surprendre&nbsp;?&nbsp;<\/p>\n\n\n\n<p><em>Silence\u2026<\/em><\/p>\n\n\n\n<p>Le but de se laisser surprendre, c\u2019est bien d\u2019\u00eatre heureuse de se laisser surprendre\u2026 N&rsquo;est-ce pas ?<\/p>\n\n\n\n<p>C\u2019est tout&nbsp;: c\u2019est tr\u00e8s, tr\u00e8s, simple&nbsp;!<\/p>\n\n\n\n<p>\u25cf<\/p>\n\n\n\n<p>Oui, oui et oui, c\u2019est vrai&nbsp;!<\/p>\n\n\n\n<p><\/p>\n\n\n\n<p class=\"has-text-align-right\"><em>La joie manifeste l\u2019adoration<\/em><em><\/em><\/p>\n\n\n\n<p>\u25a0<\/p>\n\n\n\n<p>Le but d\u2019un instant, c\u2019est que nous en soyons heureux\u2026<\/p>\n\n\n\n<p>\u25cf<\/p>\n\n\n\n<p>Eh bien c\u2019est \u00e7a&nbsp;! \u00c0 chaque fois, c\u2019est cela qui sort&nbsp;: profond\u00e9ment je suis une personne joyeuse\u2026<\/p>\n\n\n\n<p>\u25a0<\/p>\n\n\n\n<p>Mais\u2026 est-ce que cet instant, que tu me d\u00e9cris maintenant, et o\u00f9 \u00ab&nbsp;tu es arriv\u00e9e&nbsp;\u00bb \u00e0 jouir de la Lumi\u00e8re profond\u00e9ment, a plus de valeur que l\u2019instant o\u00f9 \u00ab&nbsp;tu n\u2019y es pas arriv\u00e9e&nbsp;?<\/p>\n\n\n\n<p>&nbsp;\u25cf<\/p>\n\n\n\n<p>Ho&nbsp;! Tu m\u2019\u00e9nerves&nbsp;!<\/p>\n\n\n\n<p>\u25a0<\/p>\n\n\n\n<p>Il n\u2019a pas plus de valeur<\/p>\n\n\n\n<p>\u25cf<\/p>\n\n\n\n<p>Mais si&nbsp;!<\/p>\n\n\n\n<p>\u25a0<\/p>\n\n\n\n<p>Non&nbsp;! Il n\u2019a pas plus de valeur&nbsp;!<\/p>\n\n\n\n<p>\u25cf<\/p>\n\n\n\n<p>Si&nbsp;! Si, si&nbsp;!<\/p>\n\n\n\n<p>\u25a0<\/p>\n\n\n\n<p>Non&nbsp;! Et tu le sais bien&nbsp;! Profond\u00e9ment ! Car tu es fondamentalement, et majoritairement, une croyante en Dieu \u00c9ternel, Infini et Omnipr\u00e9sent&nbsp;!<\/p>\n\n\n\n<p>Il ne faut pas que nous perdions la conscience de ceci lorsque nous raisonnons.&nbsp;<\/p>\n\n\n\n<p>Un instant, quel qu\u2019il soit, n\u2019a que la valeur absolue de la Lumi\u00e8re&nbsp;! Ni plus, ni moins !&nbsp;<\/p>\n\n\n\n<p>Il ne peut pas y avoir plus ou moins de Dieu dans un instant\u2026 quoi que nous ayons pu pr\u00e9tendre.<\/p>\n\n\n\n<p>\u25cf<\/p>\n\n\n\n<p>Oui&nbsp;! c\u2019est vrai\u2026 et je le sais au plus haut de moi&nbsp;!<\/p>\n\n\n\n<p>Mais la perte de conscience de la Lumi\u00e8re m\u2019a une fois de plus coll\u00e9 \u00e0 la peau.<\/p>\n\n\n\n<p>\u25a0<\/p>\n\n\n\n<p>Oui!&nbsp; Mais cela n\u2019a aucune gravit\u00e9\u2026 car, d\u2019une part cela ne change en rien la Nature de la Lumi\u00e8re\u2026 Et d\u2019autre part, fid\u00e8lement, nous revivrons tous ce type d\u2019instant pour y reconnaitre toujours mieux la Nature Infinie de la Lumi\u00e8re\u2026 Et ceci, jusqu&rsquo;\u00e0 le reconna\u00eetre totalement&nbsp;!<\/p>\n\n\n\n<p>\u25cf<\/p>\n\n\n\n<p>Oui, l\u00e0 heureusement, \u00e7a, j\u2019ai pu le dire au pass\u00e9&nbsp;: ce qui me permet de dire, \u00e0 cet instant, au pr\u00e9sent que maintenant je suis heureuse de l\u2019\u00e9tat dans lequel j\u2019\u00e9tais hier&nbsp;! Mais \u00e0 l\u2019instant o\u00f9 je le vivais hier je n\u2019ai pas su choisir d&rsquo;\u00eatre heureuse de le vivre\u2026<\/p>\n\n\n\n<p>\u25a0<\/p>\n\n\n\n<p>Bravo ! Mais cependant, posons-nous la question suivante : est-ce que cet instant-l\u00e0, hier, o\u00f9 tu \u00e9tais moins consciente de la Lumi\u00e8re est-il moins Divin que cet instant-ci o\u00f9 tu en est plus consciente ? <\/p>\n\n\n\n<p>\u25cf<\/p>\n\n\n\n<p>Ben oui&nbsp;! Parce qu\u2019il n\u2019y avait pas la joie&nbsp;!<\/p>\n\n\n\n<p>\u25a0<\/p>\n\n\n\n<p>Eh bien non&nbsp;! En effet, il faut que nous fassions bien la diff\u00e9rence entre d&rsquo;une part la Lumi\u00e8re&nbsp;Divine qui a une valeur Absolue et \u00c9ternelle et la conscience que nous choisissons d&rsquo;en avoir&#8230; <\/p>\n\n\n\n<p>Dans ces deux instants que tu as v\u00e9cus, il y avait, obligatoirement, autant de Lumi\u00e8re Absolue, mais seulement moins ou plus de conscience d&rsquo;Elle&#8230; Et donc moins ou plus de Joie&nbsp;!<\/p>\n\n\n\n<p>Et c&rsquo;est la conscience qui fait toute la diff\u00e9rence&#8230;<\/p>\n\n\n\n<p>\u25cf<\/p>\n\n\n\n<p>Oh l\u00e0 l\u00e0&nbsp;! C\u2019est bien s\u00fbr&nbsp;! Ce que tu dis est vrai&#8230;<\/p>\n\n\n\n<p><\/p>\n\n\n\n<p class=\"has-text-align-right\"><em>\u00catres de conscience de la Lumi\u00e8re<\/em><em><\/em><\/p>\n\n\n\n<p>\u25a0<\/p>\n\n\n\n<p>Attention, ce n\u2019est pas pareil&nbsp;!&nbsp;<\/p>\n\n\n\n<p>Nous sommes des \u00catres de conscience.&nbsp;<\/p>\n\n\n\n<p>La Lumi\u00e8re nous ne pouvons pas y toucher&nbsp;! Nous ne pouvons pas la changer\u2026 C\u2019est Dieu\u2026&nbsp;<\/p>\n\n\n\n<p>\u25cf<\/p>\n\n\n\n<p>Oui, c\u2019est une histoire de de conscience\u2026<\/p>\n\n\n\n<p>\u25a0<\/p>\n\n\n\n<p>Simplement&nbsp;! Nous, nous pouvons seulement choisir d\u2019en \u00eatre conscients ou pas.<\/p>\n\n\n\n<p>Nous sommes des consciences de Dieu, des libres consciences de Dieu !<\/p>\n\n\n\n<p>\u25cf<\/p>\n\n\n\n<p>Mais, je me vois bien hier en train de me dire&nbsp;: \u00ab&nbsp;Je manque de conscience de la Lumi\u00e8re \u00e0 cet instant&nbsp;\u00bb&nbsp;\u2026 Mais cela ne m\u2019a pas plus mis dans la joie&nbsp;!<\/p>\n\n\n\n<p>\u25a0<\/p>\n\n\n\n<p>Alors, \u00e0 cet instant, tu aurais pu, peut-\u00eatre, par exemple, te dire&nbsp;: \u00ab&nbsp;Apparemment, \u00e0 cet instant que je viens de vivre, j\u2019ai perdu une peu conscience de la Lumi\u00e8re&nbsp;\u00bb&nbsp;\u2026 et ensuite, oser apprendre \u00e0 \u00eatre heureuse d&rsquo;en avoir diminu\u00e9 ta conscience&nbsp;!<\/p>\n\n\n\n<p>\u25cf<\/p>\n\n\n\n<p>Mais je ne sais pas si, effectivement, je n\u2019ai pas essay\u00e9 de faire ce que tu me proposes l\u00e0.<\/p>\n\n\n\n<p><\/p>\n\n\n\n<p class=\"has-text-align-right\"><em>L\u2019ombre, un cadeau merveilleux<\/em><em><\/em><\/p>\n\n\n\n<p>\u25a0<\/p>\n\n\n\n<p>Bravo encore ! C\u2019est, en effet, ce qu\u2019il faut que nous fassions de mieux en mieux, tout simplement !<\/p>\n\n\n\n<p>Et \u00e0 partir de l\u00e0, tu rentabilises cette perte de conscience que tu as pu avoir.&nbsp;<\/p>\n\n\n\n<p>Parce que, en r\u00e9alit\u00e9, lorsque nous prenons conscience de l\u2019ombre c\u2019est, en r\u00e9alit\u00e9, un cadeau&nbsp;!&nbsp;Un merveilleux cadeau&nbsp;!<\/p>\n\n\n\n<p>Comprenons que la prise de conscience de l\u2019ombre est une invitation \u00e0 une prise de conscience encore plus grande de la Lumi\u00e8re&nbsp;! C\u2019est l\u2019occasion de voir encore mieux la Lumi\u00e8re.<\/p>\n\n\n\n<p>C\u2019est donc un cadeau merveilleux.<\/p>\n\n\n\n<p>\u25cf<\/p>\n\n\n\n<p>Je l\u2019ai bien vu que je n\u2019\u00e9tais pas dans la Lumi\u00e8re\u2026<\/p>\n\n\n\n<p>\u25a0<\/p>\n\n\n\n<p>Ah, l\u00e0, je te demande pardon&nbsp;! Mais vu notre accord, je ne peux pas te laisser dire cela&#8230;<\/p>\n\n\n\n<p>Bien s\u00fbr, que tu \u00e9tais \u00ab&nbsp;dans&nbsp;\u00bb la Lumi\u00e8re&nbsp;! Comment aurais-tu pu ne pas \u00eatre dans la Lumi\u00e8re qui est Omnipr\u00e9sente ? &#8230; Mais simplement, \u00e0 cet instant, tu n&rsquo;\u00e9tais pas dans la \u00ab\u00a0conscience\u00a0\u00bb de cette Lumi\u00e8re \u00c9ternelle.&nbsp;<\/p>\n\n\n\n<p>Maintenant&#8230; De prendre conscience de cela la mi-temps d\u2019apr\u00e8s, c\u2019\u00e9tait le m\u00eame cadeau qui t\u2019\u00e9tait re-pr\u00e9sent\u00e9 \u00e0 nouveau&#8230; En effet, tu avais l\u00e0 une nouvelle occasion d&rsquo;augmenter ta conscience de la Lumi\u00e8re et donc ta joie, \u00ab\u00a0gr\u00e2ce \u00e0 cette prise de conscience\u00a0\u00bb que tu venais \u00e0 nouveau d&rsquo;avoir perdu conscience de la Lumi\u00e8re&#8230;<\/p>\n\n\n\n<p>Oui ! C&rsquo;est comme \u00e0 chaque instant de nos vies, chaque instant de notre vie est, toujours, une nouvelle occasion de choisir une augmentation de notre conscience de la Lumi\u00e8re\u2026<\/p>\n\n\n\n<p>C\u2019est le top ! Nous ne pouvons pas avoir mieux que cela pour l\u2019instant&nbsp;: chaque instant \u00ab&nbsp;est&nbsp;\u00bb une invitation \u00e0 une augmentation de notre conscience de la Lumi\u00e8re.&nbsp;<\/p>\n\n\n\n<p>Quel que soit l\u2019instant d\u2019avant, ou m\u00eame les millions d\u2019instants d\u2019avant, chaque instant que nous vivons est une invitation de Dieu \u00e0 Lui-m\u00eame\u2026 Chaque instant est une invitation \u00e0 l&rsquo;ouverture, toujours plus grande, de notre conscience de Lui.<\/p>\n\n\n\n<p>Ainsi, nous pouvons dire qu\u2019\u00e0 chaque instant, Il nous ouvre ses bras&nbsp;!<\/p>\n\n\n\n<p>\u00c0 chaque instant Il nous accueille et, nous, nous acceptons ou pas d&rsquo;en prendre conscience&nbsp;!<\/p>\n\n\n\n<p>Et c&rsquo;est ainsi que, si nous croyons que Dieu est Infini, \u00c9ternel et Omnipr\u00e9sent, alors nous pouvons reconna\u00eetre facilement que chaque instant est Parfait. <\/p>\n\n\n\n<p>Et, donc, tous les instants que nous avons v\u00e9cu depuis toujours l\u2019ont \u00e9t\u00e9 que nous en ayons eu conscience ou pas&nbsp;!<\/p>\n\n\n\n<p><\/p>\n\n\n\n<p class=\"has-text-align-right\"><em>C\u2019est la conscience qui fait toute la diff\u00e9rence<\/em><em><\/em><\/p>\n\n\n\n<p>Il faut que nous arr\u00eations cette diff\u00e9renciation entre, d&rsquo;une part, un soi-disant instant o\u00f9 nous avons \u00e9t\u00e9 id\u00e9aux et, d&rsquo;autre part, un soi-disant instant o\u00f9 nous avons \u00e9t\u00e9 nuls, \u00e9go\u00efstes, violents&#8230; <\/p>\n\n\n\n<p>Il n\u2019y a pas de diff\u00e9rence R\u00e9elle entre ces deux types d\u2019instants du point de vue de Dieu tant que nous croyons en Lui profond\u00e9ment&nbsp;: Il est Infiniment Bon !&nbsp;Il est infiniment pr\u00e9sent&nbsp;!<\/p>\n\n\n\n<p>Il ne peut y avoir qu\u2019une simple diff\u00e9rence de conscience de notre part.<\/p>\n\n\n\n<p>\u25cf<\/p>\n\n\n\n<p>Alors, la seule chose que nous pouvons \u00ab&nbsp;travailler&nbsp;\u00bb, c\u2019est notre conscience&nbsp;?<\/p>\n\n\n\n<p>\u25a0<\/p>\n\n\n\n<p>Voil\u00e0&nbsp;! Nous voulons que cette diff\u00e9rence de conscience n\u2019existe plus parce qu\u2019elle n\u2019exprime pas la R\u00e9alit\u00e9 de nos vies.<\/p>\n\n\n\n<p>Faisons tout ce qu\u2019il faut pour que progressivement nous r\u00e9unissions de plus en plus ce point A et ce point B que nous avions imagin\u00e9s s\u00e9par\u00e9s&nbsp;! Cette distance illusoire qui les s\u00e9pare, nous l\u2019avons appel\u00e9 souffrance&#8230; Et elle doit r\u00e9v\u00e9ler son \u00ab\u00a0inexistence\u00a0\u00bb\u2026&nbsp;<\/p>\n\n\n\n<p>Elle doit r\u00e9v\u00e9ler sa parfaite \u00ab\u00a0inexistence\u00a0\u00bb&nbsp;!<\/p>\n\n\n\n<p>Oui, c\u2019est une distance que nous avions \u00ab\u00a0imagin\u00e9e\u00a0\u00bb entre A et B\u2026 Et d\u00e8s l\u2019instant o\u00f9 nous abandonnons l\u2019id\u00e9e d\u2019une distance entre ces deux points, nous n\u2019avons plus aucun poids sur les \u00e9paules\u2026 Et toute la plus grande Beaut\u00e9 Naturelle peut \u00eatre v\u00e9cue.&nbsp;<\/p>\n\n\n\n<p>Si nous osons le r\u00e9aliser, nous venons alors de reconna\u00eetre plus de la Lumi\u00e8re que nous n\u2019en avions jamais reconnue jusque-l\u00e0.<\/p>\n\n\n\n<p>Et l\u00e0, nous venons de g\u00e9rer agr\u00e9ablement une m\u00e9moire, gr\u00e2ce \u00e0 cette fameuse mi-temps de retard.<\/p>\n\n\n\n<p>\u25cf<\/p>\n\n\n\n<p>C\u2019est quand m\u00eame le discours tout \u00e0 fait inverse de celui dont nous avions l\u2019habitude&nbsp;!<\/p>\n\n\n\n<p><\/p>\n\n\n\n<p class=\"has-text-align-right\"><em>Une habitude est un choix<\/em><em><\/em><\/p>\n\n\n\n<p>\u25a0<\/p>\n\n\n\n<p>Oui, c&rsquo;est vrai&#8230; Mais, en tous cas, c&rsquo;est ainsi que nous venons de reconna\u00eetre, encore plus la Lumi\u00e8re que nous ne l\u2019avions fait jusqu\u2019\u00e0 l\u00e0&nbsp;!<\/p>\n\n\n\n<p>Et, de mon point de vue, cela ne va pas s\u2019arr\u00eater\u2026 Jamais&nbsp;! Jusqu\u2019\u00e0 ce que tous les humains aiment \u00ab\u00a0toute\u00a0\u00bb l\u2019ombre qu\u2019ils avaient imagin\u00e9e.<\/p>\n\n\n\n<p>Nous n\u2019y sommes donc pas encore&nbsp;!<\/p>\n\n\n\n<p>\u25cf<\/p>\n\n\n\n<p>Je ne sais pas si nous avons beaucoup de temps pour faire cela ?<\/p>\n\n\n\n<p>\u25a0<\/p>\n\n\n\n<p>Le temps de Dieu est l&rsquo;\u00c9ternit\u00e9&nbsp;! Il n\u2019y a donc pas de souci.<\/p>\n\n\n\n<p>Nous avons Son \u00c9ternit\u00e9 et non pas un temps d\u00e9fini.<\/p>\n\n\n\n<p>\u25cf<\/p>\n\n\n\n<p>Oui mais l\u2019humain&nbsp;? L\u2019Humanit\u00e9 peut dispara\u00eetre&nbsp;!<\/p>\n\n\n\n<p>\u25a0<\/p>\n\n\n\n<p>Les \u00c2mes ne peuvent pas dispara\u00eetre\u2026<\/p>\n\n\n\n<p>\u25cf<\/p>\n\n\n\n<p>Non, mais si elles ne peuvent pas se r\u00e9incarner&nbsp;?<\/p>\n\n\n\n<p>\u25a0<\/p>\n\n\n\n<p>L\u00e0, c&rsquo;est vraiment un bon moment pour se poser la question que le jeu du BeHappy propose : \u00ab\u00a0Est-ce que j&rsquo;ai pens\u00e9 l\u00e0 ce que j&rsquo;\u00e9tais le plus heureux de penser, oui ou non&nbsp;?\u00a0\u00bb<\/p>\n\n\n\n<p>Et l\u00e0, tout va se pr\u00e9ciser en moins d&rsquo;une seconde&nbsp;!<\/p>\n\n\n\n<p>Nous ne voulons pas oublier le fait, plein de bon sens, que notre but, \u00ab\u00a0\u00e0 chaque instant, c&rsquo;est d&rsquo;\u00eatre heureux\u00a0\u00bb, simplement heureux&#8230;<\/p>\n\n\n\n<p>Non seulement que, nous, nous soyons heureux, c&rsquo;est le plus important pour nous-m\u00eame, mais c&rsquo;est \u00e9galement le plus important pour tous les autres \u00catres, qu&rsquo;ils soient min\u00e9raux, v\u00e9g\u00e9taux, animaux et bien s\u00fbr humains&#8230;<\/p>\n\n\n\n<p>Et du point de vue b\u00eatement pratique, nous ne pouvons \u00eatre heureux qu&rsquo;en pensant ce que nous sommes les plus heureux de penser.<\/p>\n\n\n\n<p>Comment \u00eatre heureux en pensant ce que nous ne sommes pas heureux de penser&nbsp;? Nous n&rsquo;y sommes \u00ab\u00a0jamais\u00a0\u00bb, mais vraiment jamais, arriv\u00e9s&nbsp;!<\/p>\n\n\n\n<p>Alors, par exemple, ce que je suis le plus heureux de penser \u00e0 cet instant, c&rsquo;est qu&rsquo;il y aura toujours quelques rescap\u00e9s quelque part&nbsp;! Parce qu\u2019ils seront dans une situation particuli\u00e8re, dans un lieu particulier\u2026 Et peut-\u00eatre dans une qualit\u00e9 de pens\u00e9e particuli\u00e8re&nbsp;! Bref! Ce sont les \u00ab\u00a0cafards\u00a0\u00bb de l\u2019humanit\u00e9\u2026<\/p>\n\n\n\n<p><em>Rires\u2026<\/em><em><\/em><\/p>\n\n\n\n<p>Et puis, il y a les animaux\u2026&nbsp;Et certains r\u00e9sisteront, sans aucun doute&#8230; Alors, l&rsquo;\u00e9volution reprendra son cours , comme il y a quelque millions d&rsquo;ann\u00e9es plus t\u00f4t ?<\/p>\n\n\n\n<p>Ou alors, le Plan de Dieu proposera une autre alternative que nous ne pouvons m\u00eame pas imaginer aujourd\u2019hui\u2026<\/p>\n\n\n\n<p>Et il y a bien d&rsquo;autres pens\u00e9es que je suis tout \u00e0 fait heureux de penser sur ce th\u00e8mes&#8230; Lorsque nous sommes heureux, nous sommes tr\u00e8s cr\u00e9atifs&nbsp;!<\/p>\n\n\n\n<p>Mais, l\u00e0, en tous les cas, ce que je sais vraiment, ce que je suis toujours plus heureux de penser, c\u2019est que \u00ab\u00a0cet instant\u00a0\u00bb, c\u2019est-\u00e0-dire celui que je suis en train de vivre \u00ab\u00a0l\u00e0\u00a0\u00bb, c\u2019est Dieu Lui-m\u00eame&nbsp;! <\/p>\n\n\n\n<p>Et, toujours plus, je veux L&rsquo;honorer&#8230;<\/p>\n\n\n\n<p><\/p>\n\n\n\n<p class=\"has-text-align-right\"><em>L\u2019Existence se d\u00e9couvre de plus en plus\u2026 \u00e0 Elle-m\u00eame<\/em><em><\/em><\/p>\n\n\n\n<p>Je ne le sais \u00ab&nbsp;pas absolument&nbsp;\u00bb, car il n&rsquo;y a que Dieu qui soit Absolu&#8230; Et nous, nous ne sommes que des consciences qui nous ouvrons \u00e0 son Absolu depuis toujours et pour toujours\u2026 Mais ce qui est s\u00fbr, c&rsquo;est que je le sais de mieux en mieux&nbsp;!<\/p>\n\n\n\n<p>Et je choisis de toujours aimer \u00ab\u00a0cet\u00a0\u00bb instant qui pour moi est v\u00e9cu soit dans une acc\u00e9l\u00e9ration de l&rsquo;ouverture naturelle de notre conscience de la Lumi\u00e8re\u2026 soit dans un ralentissement de cette m\u00eame ouverture naturelle de notre conscience \u00e0 la Lumi\u00e8re.&nbsp;<\/p>\n\n\n\n<p>Mais, ce que je suis le plus heureux de penser, c&rsquo;est que cet instant est, comme tous les instants&nbsp;: Parfait&nbsp;!&nbsp;<\/p>\n\n\n\n<p>Bien s\u00fbr, l\u2019instant d\u2019apr\u00e8s, je pourrais le nier\u2026 et penser&nbsp;: \u00a0\u00bb&nbsp;Non&nbsp;! cet instant n\u2019a pas \u00e9t\u00e9 un instant d\u2019ouverture de ma conscience\u2026 Cette col\u00e8re que je viens de vivre n\u2019a pas \u00e9t\u00e9 un instant d\u2019ouverture \u00e0 la Lumi\u00e8re&nbsp;! etc&#8230;\u00a0\u00bb<\/p>\n\n\n\n<p>Mais, non&nbsp;! Ce n\u2019est pas vrai&nbsp;! En effet, \u00e0 cet instant j\u2019ai l\u2019occasion d\u2019aimer encore plus cette perte de conscience que j\u2019ai eu l\u2019instant auparavant\u2026<\/p>\n\n\n\n<p>\u25cf<\/p>\n\n\n\n<p>C\u2019est bien&nbsp;: tu en parles au pass\u00e9\u2026<\/p>\n\n\n\n<p>\u25a0<\/p>\n\n\n\n<p>Et donc, cet instant a bien \u00e9t\u00e9 une occasion d\u2019une ouverture suppl\u00e9mentaire de notre conscience de la Lumi\u00e8re\u2026 Et ceci, m\u00eame si cet instant est une m\u00e9moire ancienne&nbsp;! &#8230; Il est Parfait&nbsp;!<\/p>\n\n\n\n<p><em>Silence\u2026&nbsp;<\/em><em><\/em><\/p>\n\n\n\n<p><\/p>\n\n\n\n<p class=\"has-text-align-right\"><em>La r\u00e9p\u00e9tition est Universelle<\/em><em><\/em><\/p>\n\n\n\n<p>Tous les \u00catres que nous sommes sont dans un travail r\u00e9p\u00e9titif, dans une merveilleuse spirale ascendante d\u2019ouverture de nos consciences\u2026<\/p>\n\n\n\n<p>Il faut nous r\u00e9galer de la r\u00e9p\u00e9tition qu&rsquo;est cette spirale de toute la Cr\u00e9ation. Cette r\u00e9p\u00e9tition, c\u2019est la Vie Elle-m\u00eame\u2026 C\u2019est le Plan de Dieu\u2026 C\u2019est Dieu Lui-m\u00eame\u2026<\/p>\n\n\n\n<p>Et d\u2019ailleurs, si nous regardons le cosmos, o\u00f9 n\u2019y a-t-il pas de r\u00e9p\u00e9titions&nbsp;? Ce n\u2019est que de la r\u00e9p\u00e9tition&#8230; des spirales de r\u00e9p\u00e9titions&nbsp;:<\/p>\n\n\n\n<p>Une plan\u00e8te qui tourne autour de son soleil\u2026 r\u00e9p\u00e9tition en spirale\u2026<\/p>\n\n\n\n<p>Un soleil qui tourne dans sa galaxie\u2026 r\u00e9p\u00e9tition en spirale\u2026<\/p>\n\n\n\n<p>Un \u00e9lectron qui tourne autour de son noyau&#8230; r\u00e9p\u00e9tition en spirale \u00e9galement&#8230;<\/p>\n\n\n\n<p>Et ce ne sont que trois exemples parmi une infinit\u00e9\u2026<\/p>\n\n\n\n<p>Et donc, malgr\u00e9 toutes ces r\u00e9p\u00e9titions universelles, la m\u00eame terre ne repasse jamais deux fois au m\u00eame endroit, car pendant ce m\u00eame temps o\u00f9 elle tourne autour de son soleil, celui-ci a tourn\u00e9 autour de sa galaxie\u2026 etc.<\/p>\n\n\n\n<p>Ainsi, nos r\u00e9p\u00e9titions se font en spirale, comme toutes les r\u00e9p\u00e9titions de tout l\u2019univers\u2026 et \u00e0 la fin d\u2019un tour de notre spirale nous ne sommes plus au m\u00eame endroit&nbsp;: nous avons avanc\u00e9\u2026 <\/p>\n\n\n\n<p>Nous avons avanc\u00e9 dans notre conscience de l\u2019Univers et donc de la Lumi\u00e8re&nbsp;!<\/p>\n\n\n\n<p>C\u2019est la Nature, c\u2019est la Vie, c\u2019est Dieu s\u2019exprimant.<\/p>\n\n\n\n<p>Validons chacune de nos r\u00e9p\u00e9titions&nbsp;: soyons simplement heureux de vivre et donc de r\u00e9p\u00e9ter.<\/p>\n\n\n\n<p>\u25cf<\/p>\n\n\n\n<p>Pour l\u2019instant, ce n\u2019est pas ce qui me g\u00eanait\u2026 Mais, le plus difficile, c\u2019\u00e9tait la formulation de cet instant par rapport \u00e0 l\u2019instant pr\u00e9c\u00e9dent, c\u2019est \u00e0 dire ce que l\u2019on a vu tout \u00e0 l\u2019heure : \u00ab&nbsp;J\u2019aime ce que j\u2019ai \u00e9t\u00e9&nbsp;\u00bb.&nbsp;<\/p>\n\n\n\n<p>Et ce n\u2019est pas j\u2019aime ce que j\u2019ai fait\u2026 mais j\u2019aime ce que j\u2019ai \u00e9t\u00e9.&nbsp;<\/p>\n\n\n\n<p>\u25a0<\/p>\n\n\n\n<p>Mais, c\u2019est pareil&nbsp;: c\u2019est \u00ab&nbsp;J\u2019aime tout ce qui est&nbsp;\u00bb ou \u00ab&nbsp;J\u2019aime les instants d\u2019avant avec toutes leurs composantes&nbsp;\u00bb Mais, que tu le nommes \u00ab&nbsp;J\u2019ai fait&nbsp;\u00bb ou que tu le nommes \u00ab&nbsp;J\u2019ai \u00e9t\u00e9&nbsp;\u00bb &#8230; ou de toutes les autres fa\u00e7ons que tu choisiras\u2026&nbsp;Tout ce qui existe n&rsquo;est que de la Lumi\u00e8re \u00e0 reconna\u00eetre et \u00e0 aimer, sans conditions aucunes\u2026<\/p>\n\n\n\n<p>\u25cf<\/p>\n\n\n\n<p>Ah oui c&rsquo;est vrai, c&rsquo;est pareil\u2026 Mais pourtant, il m&rsquo;a sembl\u00e9 tout \u00e0 l\u2019heure qu&rsquo;il y avait des nuances.<\/p>\n\n\n\n<p><\/p>\n\n\n\n<p class=\"has-text-align-right\"><em>La libert\u00e9 du temps pr\u00e9sent<\/em><\/p>\n\n\n\n<p>\u25a0<\/p>\n\n\n\n<p>Voil\u00e0&nbsp;! Le probl\u00e8me auquel nous faisions face au d\u00e9part et dont nous avons parl\u00e9 il y a peu, c\u2019\u00e9tait que, \u00e0 propos de ta relation avec ta fille, tu parlais au pr\u00e9sent de faits pass\u00e9s.<\/p>\n\n\n\n<p>C\u2019est-\u00e0-dire que tu disais : \u00ab&nbsp;Je n\u2019arrive pas \u00e0 \u00eatre heureuse de ce qu\u2019est ma fille&nbsp;\u00bb \u2026&nbsp;<\/p>\n\n\n\n<p>Cette fa\u00e7on de faire, qui a \u00e9t\u00e9 la plus commune jusqu&rsquo;\u00e0 l&rsquo;instant qui vient de passer, d\u00e9crit au temps pr\u00e9sent un fait qui, en r\u00e9alit\u00e9, appartient au pass\u00e9.<\/p>\n\n\n\n<p>Et la proposition que nous nous faisions, c\u2019\u00e9tait tout simplement d\u2019oser parler au temps pass\u00e9 de ce qui appartient au pass\u00e9 et d\u2019utiliser le temps pr\u00e9sent pour d\u00e9crire le temps pr\u00e9sent.<\/p>\n\n\n\n<p>C\u2019est une question tr\u00e8s pratique\u2026 c\u2019est un peu comme si tu veux \u00e9crire&nbsp;: il faut simplement prendre un stylo et puis \u00e9crire\u2026 C\u2019est simple et tr\u00e8s pratique.<\/p>\n\n\n\n<p>Ainsi, du coup, sur le m\u00eame sujet, cela peut donner, par exemple&nbsp;:&nbsp;<\/p>\n\n\n\n<p>Pour parler du pass\u00e9&nbsp;: \u00ab&nbsp;Je n\u2019\u00e9tais pas arriv\u00e9, jusqu\u2019\u00e0 aujourd\u2019hui, \u00e0 \u00eatre heureuse de ce qu\u2019\u00e9tait ma fille&nbsp;\u00bb \u2026<\/p>\n\n\n\n<p>Pour parler du pr\u00e9sent&nbsp;:&nbsp;<\/p>\n\n\n\n<p>\u00ab&nbsp;Je suis heureuse de ce qu\u2019est ma fille&nbsp;\u00bb \u2026 ou bien&nbsp;:<\/p>\n\n\n\n<p>\u00ab&nbsp;J\u2019apprends aujourd\u2019hui \u00e0 \u00eatre heureuse de ce qu\u2019est ma fille&nbsp;\u00bb&nbsp;\u2026 ou bien&nbsp;encore&nbsp;:<\/p>\n\n\n\n<p>\u00ab&nbsp;Je suis plus heureuse aujourd\u2019hui de ce qu\u2019est ma fille que je ne l\u2019ai jamais \u00e9t\u00e9&nbsp;\u00bb \u2026&nbsp;<\/p>\n\n\n\n<p>Etc. etc\u2026<\/p>\n\n\n\n<p>\u25cf<\/p>\n\n\n\n<p>Oui, c\u2019est vrai\u2026 Je crois mieux comprendre encore\u2026 Mais, il faut beaucoup le r\u00e9p\u00e9ter pour que je l\u2019int\u00e8gre toujours mieux&nbsp;!<\/p>\n\n\n\n<p><\/p>\n\n\n\n<p class=\"has-text-align-right\"><em>L\u2019instant du libre arbitre<\/em><em><\/em><\/p>\n\n\n\n<p>\u25a0<\/p>\n\n\n\n<p>C\u2019est pour cela que nous apprenons \u00e0 r\u00e9p\u00e9ter sans cesse ce que nous sommes les plus heureux de r\u00e9p\u00e9ter&nbsp;!<\/p>\n\n\n\n<p>L\u00e0, il s\u2019agit simplement d&rsquo;une petite astuce qui consiste \u00e0 apprendre \u00e0 parler au pass\u00e9 des faits pass\u00e9s et \u00e0 parler au pr\u00e9sent de la d\u00e9cision que nous prenons au pr\u00e9sent.<\/p>\n\n\n\n<p>Nous pouvons abandonner cette habitude ombreuse qui consistait \u00e0 parler au pr\u00e9sent des faits pass\u00e9s\u2026 Cessons de faire un usage maladroit de notre mi-temps de retard qui originellement, et toujours, nous permet de vivre notre libre arbitre.<\/p>\n\n\n\n<p>R\u00e9p\u00e9tons sans cesse nos actes de foi.<\/p>\n\n\n\n<p>\u25cf<\/p>\n\n\n\n<p>Merci de m\u2019avoir r\u00e9p\u00e9t\u00e9 ceci\u2026 Cela me fait du bien de le r\u00e9entendre\u2026.<\/p>\n\n\n\n<p><\/p>\n\n\n\n<p class=\"has-text-align-right\"><em>Le soleil \u00e9claire la terre comme lui-m\u00eame<\/em><em><\/em><\/p>\n\n\n\n<p>Mais alors, une autre difficult\u00e9 que j\u2019avais, c\u2019\u00e9tait que c\u2019\u00e9tait moi qu\u2019il fallait aimer en premier dans cette exp\u00e9rience\u2026 et non pas ma fille.&nbsp;<\/p>\n\n\n\n<p>\u25a0<\/p>\n\n\n\n<p><em>\u00ab&nbsp;Aime ton prochain&nbsp;comme toi-m\u00eame.&nbsp;\u00bb<\/em><\/p>\n\n\n\n<p>J\u2019interpr\u00e8te pour l\u2019instant cette parole de la fa\u00e7on suivante&nbsp;: Apprend \u00e0 t\u2019aimer toi-m\u00eame et ensuite aime ton prochain comme tu sais enfin t\u2019aimer toi-m\u00eame.<\/p>\n\n\n\n<p>Quelle que soit notre attitude, quelle que soit notre fa\u00e7on de fonctionner, prenons d\u2019abord conscience de la Lumi\u00e8re en nous, dans \u00ab&nbsp;notre&nbsp;\u00bb attitude\u2026&nbsp;<\/p>\n\n\n\n<p>Dans ton cas, il s\u2019agissait d\u2019\u00eatre heureuse du fait que toi-m\u00eame, tu n\u2019\u00e9tais pas arriver \u00e0 \u00eatre heureuse de ton attitude vis \u00e0 vis de ta fille.<\/p>\n\n\n\n<p>Ce sera toujours comme \u00e7a&nbsp;: il nous faut revenir au centre.&nbsp;<\/p>\n\n\n\n<p><em>\u00ab&nbsp;Soyez (\u00e0 cet instant) ce que vous voulez que le monde devienne.&nbsp;\u00bb<\/em><em><\/em><\/p>\n\n\n\n<p>C\u2019est la proposition que nous faisait Gandhi.<\/p>\n\n\n\n<p>Et arr\u00eatons de vouloir que le monde change, sans changer nous-m\u00eame.<\/p>\n\n\n\n<p>Comment le monde va-t-il changer sans mon accord&nbsp;? Si, moi, je ne vote pas moi-m\u00eame pour cela ? Comment va-t-il faire&nbsp;?<\/p>\n\n\n\n<p>Il est bien s\u00fbr n\u00e9cessaire que je sois heureux, si je d\u00e9sire que le monde devienne heureux.<\/p>\n\n\n\n<p>C&rsquo;est ce \u00e0 quoi nous travaillons\u2026 Et nous y arrivons de mieux en mieux&#8230;<\/p>\n\n\n\n<p>Et lorsque nous n\u2019y arrivons pas encore&nbsp;: ce n\u2019est pas grave&nbsp;! Nous allons, de toutes les fa\u00e7ons, r\u00e9essayer jusqu\u2019\u00e0 r\u00e9ussir\u2026 comme le petit enfant qui apprend \u00e0 marcher&nbsp;: il essaye jusqu\u2019\u00e0 y arriver\u2026 et puis c\u2019est tout&nbsp;! \u2026 Et, bien s\u00fbr, il y arrive&nbsp;!<\/p>\n\n\n\n<p>Il y a donc cette merveilleuse r\u00e9p\u00e9tition qui s\u2019impose \u00e0 nous dans tous les domaines pour pouvoir, toujours plus ouvrir, notre conscience \u00e0 la Lumi\u00e8re\u2026 Et ceci jusqu\u2019\u00e0 ce qu&rsquo;il n&rsquo;y ait plus qu&rsquo;Elle \u00e0 notre conscience.<\/p>\n\n\n\n<p><\/p>\n\n\n\n<p class=\"has-text-align-right\"><em>Rien n\u2019est \u00e0 combattre\u2026 Tout est \u00e0 aimer<\/em><em><\/em><\/p>\n\n\n\n<p>Et c\u2019est ainsi que, depuis le d\u00e9but de l\u2019ombre, nous r\u00e9p\u00e9tons cette ombre, pour l\u2019aimer.<\/p>\n\n\n\n<p>Mais, soumis \u00e0 la programmation intense de cette ombre-m\u00eame que nous avons nous-m\u00eame imagin\u00e9e, nous avons, jusqu\u2019\u00e0 l\u00e0, il faut bien le reconna\u00eetre, beaucoup r\u00e9sist\u00e9 \u00e0 aimer l\u2019ombre\u2026&nbsp;<\/p>\n\n\n\n<p>Et ainsi, nous avons combattu\u2026 et combattu encore l\u2019ombre\u2026 sans, bien s\u00fbr, jamais r\u00e9ussir \u00e0 l\u2019\u00e9liminer en la combattant&nbsp;!<\/p>\n\n\n\n<p>Aujourd\u2019hui, nous r\u00e9alisons de mieux en mieux que ce combat sera toujours perdu d\u2019avance\u2026 Et que la seule fa\u00e7on de faire pour que l\u2019ombre gu\u00e9risse de son \u00ab\u00a0inexistence\u00a0\u00bb va \u00eatre de prendre le fil d&rsquo;Ariane de l\u2019Amour Inconditionnel et de le suivre fid\u00e8lement.<\/p>\n\n\n\n<p>\u25cf<\/p>\n\n\n\n<p>Pour que l&rsquo;ombre gu\u00e9risse de son \u00ab\u00a0inexistence\u00a0\u00bb ? Que veux-tu dire&nbsp;?<\/p>\n\n\n\n<p>\u25a0<\/p>\n\n\n\n<p>Je veux dire que l&rsquo;ombre ne peut pas gu\u00e9rir de son existence, puisqu&rsquo;elle n&rsquo;existe pas&nbsp;! En effet nous ne croyons que l&rsquo;ombre existe que parce que nous avons perdu conscience de la Lumi\u00e8re&#8230;<\/p>\n\n\n\n<p>Si \u00ab\u00a0Dieu est Tout\u00a0\u00bb, ce sur quoi, tous les deux, nous sommes d&rsquo;accord, n&rsquo;est-ce pas, il n&rsquo;y a que la Lumi\u00e8re qu&rsquo;Il Est qui \u00ab\u00a0Existe\u00a0\u00bb&#8230;<\/p>\n\n\n\n<p>Rien d&rsquo;autre que Lui n&rsquo;Existe !<\/p>\n\n\n\n<p>Et l&rsquo;ombre n&rsquo;est donc que la perte de conscience que \u00ab\u00a0Seul Dieu Existe\u00a0\u00bb.<\/p>\n\n\n\n<p>\u25cf<\/p>\n\n\n\n<p>C\u2019est pour cela que les seules consignes qui nous sont donn\u00e9es par la sage tradition sont de rester calmes, dans le bien-\u00eatre, de n\u2019agresser personne, de ne pas monter au cr\u00e9neau\u2026 etc.<\/p>\n\n\n\n<p>\u25a0<\/p>\n\n\n\n<p>Oui&nbsp;! Et en effet, ce n\u2019est pas la lune qui nous est demand\u00e9 l\u00e0\u2026 Non&nbsp;! C\u2019est quelque chose d\u2019accessible. C\u2019est quelque chose d\u2019agr\u00e9able\u2026 On peut vraiment le faire&#8230; Nous pouvons tranquillement le faire\u2026<\/p>\n\n\n\n<p>\u25cf<\/p>\n\n\n\n<p>Pourtant, je suis coquine&nbsp;: je me suis encore surprise hier \u00e0 vouloir convaincre quelqu\u2019un.<\/p>\n\n\n\n<p>C\u2019est quand m\u00eame tenace, ces habitudes\u2026<\/p>\n\n\n\n<p>\u25a0<\/p>\n\n\n\n<p>Oui, mais tu vois, maintenant, tu as la conscience de cette habitude pour pouvoir apprendre \u00e0 l\u2019aimer. Et tu vas simplement la r\u00e9p\u00e9ter jusqu\u2019\u00e0 ce que tu sois tout \u00e0 fait heureuse de l\u2019avoir fait&nbsp;!<\/p>\n\n\n\n<p>N\u2019oublions pas que \u00a0\u00bb Nous sommes libres de tout ce que nous aimons, mais nous sommes li\u00e9s, par l\u2019Amour Inconditionnel, \u00e0 tout ce que nous avons pr\u00e9tendu ne pas aimer\u2026\u00a0\u00bb<\/p>\n\n\n\n<p>C\u2019est simple&nbsp;! Tout existe pour que nous soyons heureux que cela existe\u2026 Tout existe pour que nous l\u2019aimions\u2026 Tout existe pour que nous adorions Dieu qui Est Tout&nbsp;! \u2026<\/p>\n\n\n\n<p>Car Dieu est Tout.<\/p>\n\n\n\n<p>Et \u00e0 chaque fois que nous aimons un peu mieux quoi que ce soit, notre pourcentage de conscience de la Lumi\u00e8re augmente\u2026 Et, bien s\u00fbr, notre pourcentage d\u2019ombre, c&rsquo;est \u00e0 dire notre pourcentage de perte de conscience de la Lumi\u00e8re, diminue.<\/p>\n\n\n\n<p>Et ainsi de suite\u2026 tac\u2026 tac\u2026 tac\u2026<\/p>\n\n\n\n<p>C\u2019est un travail\u2026 tr\u00e8s humble, tr\u00e8s petit\u2026 mais totalement efficace&nbsp;!<\/p>\n\n\n\n<p>\u25cf<\/p>\n\n\n\n<p>Oui, mais cela demande beaucoup d\u2019humilit\u00e9\u2026<\/p>\n\n\n\n<p><\/p>\n\n\n\n<p class=\"has-text-align-right\"><em>\u00ab&nbsp;Aimez vos ennemis&nbsp;\u00bb&nbsp;\u2026 Aimez votre ombre<\/em><em><\/em><\/p>\n\n\n\n<p>\u25a0<\/p>\n\n\n\n<p>Oui, il nous suffit de proc\u00e9der par une perte de conscience de la Lumi\u00e8re apr\u00e8s l\u2019autre, petit \u00e0 petit\u2026<\/p>\n\n\n\n<p>Il suffit en effet que nous reconnaissions la Lumi\u00e8re dans chaque tout petit instant de notre existence&#8230;<\/p>\n\n\n\n<p>Et ceci, y compris bien s\u00fbr dans ces nombreux petits instants o\u00f9 nous avions perdu conscience de la Lumi\u00e8re en nous et que, finalement, nous en avions conclu que nous n&rsquo;\u00e9tions nous-m\u00eame que de l\u2019ombre\u2026<\/p>\n\n\n\n<p>Aimons simplement ce que nous sommes en train de vivre \u00e0 cet instant\u2026&nbsp;<\/p>\n\n\n\n<p>Discernons de plus en plus Dieu dans cet instant que nous sommes en train, nous m\u00eame, de vivre.<\/p>\n\n\n\n<p>Abandonnons ces projets beaucoup trop grands, comme, par exemple&nbsp;:&nbsp;<\/p>\n\n\n\n<p>\u00ab&nbsp;Ne plus jamais se mettre en col\u00e8re&nbsp;\u00bb, ou bien&nbsp;:<\/p>\n\n\n\n<p>\u00ab&nbsp;Ne plus jamais critiquer qui que ce soit&nbsp;\u00bb, ou bien encore&nbsp;<\/p>\n\n\n\n<p>\u00ab&nbsp;Ne plus jamais manquer de foi&nbsp;\u00bb&nbsp;\u2026 etc.&nbsp;<\/p>\n\n\n\n<p>Engageons-nous courageusement dans des projets essentiels, les projets les plus simples possible qui sont vraiment \u00e0 notre port\u00e9e \u00e0 chaque instant&nbsp;:&nbsp;<\/p>\n\n\n\n<p>Vivons ce petit instant parfait que nous allons vivre le plus agr\u00e9ablement possible\u2026&nbsp;<\/p>\n\n\n\n<p>Ayons la conscience la plus grande possible de la Lumi\u00e8re qu\u2019est cet instant\u2026<\/p>\n\n\n\n<p>Par exemple, des projets comme&nbsp;:&nbsp;<\/p>\n\n\n\n<p>\u00ab&nbsp;Aimer l\u2019\u00e9motion que nous venons de vivre, telle qu\u2019elle \u00e9tait&nbsp;\u00bb,&nbsp;<\/p>\n\n\n\n<p>\u00ab&nbsp;\u00catre heureux que l\u2019autre soit ce qu\u2019il \u00e9tait l&rsquo;instant pr\u00e9c\u00e9dent\u2026 bon ou m\u00e9chant&nbsp;!&nbsp;\u00bb,&nbsp;<\/p>\n\n\n\n<p>\u00ab&nbsp;\u00catre heureux de respirer&#8230; ou \u00eatre heureux de mal respirer&nbsp;\u00bb,&nbsp;<\/p>\n\n\n\n<p>\u00ab&nbsp;\u00catre heureux d&rsquo;avoir bien dormir&nbsp;\u00bb,&nbsp;<\/p>\n\n\n\n<p>\u00ab&nbsp;\u00catre heureux d\u2019avoir mal dormi&nbsp;\u00bb \u2026<\/p>\n\n\n\n<p>\u25cf<\/p>\n\n\n\n<p>Mais, cela me semble \u00eatre de tr\u00e8s grands projets, pour lesquels il faut une grande certitude et une grande conviction&nbsp;!<\/p>\n\n\n\n<p><\/p>\n\n\n\n<p class=\"has-text-align-right\"><em>Acte de foi sur acte de foi<\/em><em><\/em><\/p>\n\n\n\n<p>\u25a0<\/p>\n\n\n\n<p>Oui&nbsp;! Bien s\u00fbr, c\u2019est vrai\u2026 Il nous faut revenir \u00e0 l\u2019essentiel qui est fait de ces petits instants qui sont tous la Perfection en existence\u2026 si Dieu est Tout&nbsp;!<\/p>\n\n\n\n<p>Mais, Dieu n\u2019est-il pas Tout&nbsp;?<\/p>\n\n\n\n<p>Dieu n\u2019est-il que la moiti\u00e9 de Tout&nbsp;?<\/p>\n\n\n\n<p>Nous apprenons \u00e0 vivre le plus conscient possible de la Lumi\u00e8re en toutes choses\u2026 y compris dans le soi-disant \u00ab&nbsp;mal&nbsp;\u00bb&nbsp;!<\/p>\n\n\n\n<p>\u25cf<\/p>\n\n\n\n<p>Mais, cela, nous ne pouvons en prendre conscience qu\u2019un peu apr\u00e8s&nbsp;?<\/p>\n\n\n\n<p>\u25a0<\/p>\n\n\n\n<p>Oui, c\u2019est vrai&nbsp;! Nous ne pouvons en prendre conscience qu\u2019avec notre fameuse mi-temps de retard\u2026 Avec cette merveilleuse mi-temps de retard qui semble \u00eatre une des garanties de notre libre arbitre.<\/p>\n\n\n\n<p>Mais, quand nous disons \u00ab&nbsp;apr\u00e8s&nbsp;\u00bb \u2026 cet \u00ab&nbsp;apr\u00e8s&nbsp;\u00bb il peut \u00eatre infiniment court\u2026 Il est d\u2019autant plus court que nous nous d\u00e9cidons rapidement \u00e0 faire cet acte de foi, qui consiste simplement&nbsp;\u00e0 Aimer ce que nous n\u2019avions jamais envisag\u00e9 d\u2019Aimer jusqu\u2019\u00e0 l\u00e0&nbsp;! \u2026 C\u2019est \u00e0 dire \u00ab&nbsp;Aimer notre ennemi&nbsp;\u00bb&nbsp;!<\/p>\n\n\n\n<p><em>Un silence&#8230;<\/em><\/p>\n\n\n\n<p>\u25cf<\/p>\n\n\n\n<p>Aimer notre ennemi, aimer l\u2019ombre\u2026 c\u2019est beau&nbsp;!<\/p>\n\n\n\n<p>\u25a0<\/p>\n\n\n\n<p>Et c\u2019est vrai que cette d\u00e9cision peut \u00eatre tr\u00e8s rapide\u2026 voir pratiquement instantan\u00e9\u2026 Je dis \u00ab&nbsp;pratiquement&nbsp;\u00bb parce que nous sommes toujours en retard d\u2019une mi-temps, la fameuse mi-temps parfaite&nbsp;!<\/p>\n\n\n\n<p>\u25cf<\/p>\n\n\n\n<p>Et, au moment o\u00f9 nous d\u00e9cidons d\u2019aimer, par exemple, ce qui est dans notre sac \u00e0 dos, celui-ci s\u2019all\u00e8ge de suite&nbsp;!<\/p>\n\n\n\n<p>Et la sensation que nous avons est simplement de vivre\u2026 Enfin vivre&nbsp;!<\/p>\n\n\n\n<p>\u25a0<\/p>\n\n\n\n<p>Oui vivre vraiment&nbsp;! Vivre avec toute cette masse de conscience et d\u2019inconscience de la Lumi\u00e8re que nous avons, cependant, \u00e0 cet instant\u2026<\/p>\n\n\n\n<p>\u25cf<\/p>\n\n\n\n<p>Vivre heureux, tel que nous sommes, tel que le monde est \u00e0 cet instant&nbsp;?<\/p>\n\n\n\n<p><\/p>\n\n\n\n<p class=\"has-text-align-right\"><em>Le pr\u00e9sent&nbsp;: le grand joker<\/em><em><\/em><\/p>\n\n\n\n<p>\u25a0<\/p>\n\n\n\n<p>Le pr\u00e9sent est ma\u00eetre du pass\u00e9 et de l\u2019avenir\u2026 Il est leur clef&nbsp;!<\/p>\n\n\n\n<p>Si nous reprenons notre dessin du 8 couch\u00e9 qui symbolise l&rsquo;infini&#8230; Eh bien, le point de rencontre des deux boucles peut symboliser pour nous \u00ab\u00a0l\u2019instant\u00a0\u00bb, c&rsquo;est l\u2019endroit o\u00f9 se rencontre le pass\u00e9 et l\u2019avenir.<\/p>\n\n\n\n<p>\u00ab\u00a0L&rsquo;instant\u00a0\u00bb, c&rsquo;est l\u00e0 que se d\u00e9cide le pass\u00e9 et l&rsquo;avenir&nbsp;!<\/p>\n\n\n\n<p>\u00c9videmment, cet instant se d\u00e9place en permanence, entrainant avec lui les boucles du pass\u00e9 et de l\u2019avenir\u2026 qui \u00e9voluent d\u2019instant en instant elles aussi&#8230; selon cet instant !<\/p>\n\n\n\n<p>Je trouve que ces boucles symbolisent bien que le pass\u00e9 est totalement pr\u00e9sent dans l\u2019instant, ainsi que l\u2019avenir.<\/p>\n\n\n\n<p>Le pass\u00e9 part de l\u2019instant et y revient\u2026 et tout cela se d\u00e9place pendant cet instant\u2026 Et il se passe la m\u00eame chose pour l\u2019avenir.<\/p>\n\n\n\n<p>\u00c0 cet instant, nous avons la vision de tous les avenirs possibles qui reviennent \u00e0 notre conscience\u2026&nbsp;<\/p>\n\n\n\n<p>Avec notre libre arbitre humain quel avenir allons-nous choisir, avec notre mi-temps de retard&nbsp;?&nbsp;<\/p>\n\n\n\n<p>Et l\u00e0, \u00e0 ce m\u00eame instant, nous avons \u00e9galement tout le pass\u00e9 qui nourrit cet instant. Quelle relation avec le pass\u00e9 allons-nous choisir, toujours avec notre mi-temps de retard&nbsp;?&nbsp;<\/p>\n\n\n\n<p>Allons-nous choisir, \u00e0 cet instant, d\u2019aimer ou de ne pas aimer cet avenir et ce pass\u00e9&nbsp;?<\/p>\n\n\n\n<p>Allons-nous choisir de reconna\u00eetre la Lumi\u00e8re \u00c9ternelle dans ce pass\u00e9 et dans cet avenir, ou allons-nous choisir d\u2019en perdre conscience une fois de plus\u2026 et ainsi vivre l\u2019ombre&nbsp;?<\/p>\n\n\n\n<p>Ce 8 horizontal donne une belle image simple et qui nous parle. Il symbolise bien notre point de conscience \u00e0 cet instant\u2026 Cette conscience que nous choisissons \u00e0 chaque instant gr\u00e2ce \u00e0 notre libre arbitre.<\/p>\n\n\n\n<p>\u25cf<\/p>\n\n\n\n<p>Oui, c\u2019est bien cela&nbsp;!<\/p>\n\n\n\n<p><\/p>\n\n\n\n<p class=\"has-text-align-right\"><em>Tout l\u2019univers vote&#8230; en temps r\u00e9el&nbsp;!<\/em><\/p>\n\n\n\n<p>\u25a0<\/p>\n\n\n\n<p>Cependant, je pense qu\u2019il ne faut pas que nous nous disions&nbsp;: \u00ab&nbsp;Dans 100 ans, il faut que j\u2019aie fini le travail&nbsp;\u00bb&nbsp;: Cela, ce n\u2019est tout simplement pas possible&nbsp;!&nbsp;<\/p>\n\n\n\n<p>Ce n\u2019est pas \u00e0 nous seul de dire cela. C\u2019est \u00e0 toute humanit\u00e9 de le dire, car toute l\u2019humanit\u00e9 est concern\u00e9e\u2026 Et peut-\u00eatre que c\u2019est m\u00eame tout l\u2019univers qui est concern\u00e9&nbsp;!<\/p>\n\n\n\n<p>Nous sommes un vote\u2026 Nous ne sommes pas toute la d\u00e9cision\u2026 Nous ne sommes pas le chef de tout le monde\u2026 Nous sommes un vote parmi une infinit\u00e9 d\u2019autres votes que constitue toute l\u2019humanit\u00e9, toute notre plan\u00e8te et voir m\u00eame tout l\u2019univers&nbsp;!<\/p>\n\n\n\n<p>Ce sont tous ces votes qui vont d\u00e9cider combien de temps nous allons tous ensemble, mettre pour reconna\u00eetre la Lumi\u00e8re dans toute l\u2019ombre, et ceci sans exception\u2026 <\/p>\n\n\n\n<p>Et c&rsquo;est ainsi que, tous ensemble, nous vivrons \u00e0 nouveau l\u2019Eden qui attend notre ouverture de conscience sur le fait absolument r\u00e9el que Tout est Lumi\u00e8re\u2026 y compris l\u2019ombre que nous avions imagin\u00e9e jusqu\u2019\u00e0 l\u00e0.<\/p>\n\n\n\n<p>Peu importe&nbsp;! Parce que si nous sommes de plus en plus heureux, si nous osons fonctionner avec une conscience toujours plus grande de la Lumi\u00e8re dans le pass\u00e9 et dans l\u2019avenir, nous sommes bien de plus en plus heureux. <\/p>\n\n\n\n<p>De quoi, alors, pouvons-nous nous plaindre&nbsp;?<\/p>\n\n\n\n<p>Le but de la vie, n\u2019est-il pas d\u2019\u00eatre de plus en plus heureux\u2026 Oui ou non&nbsp;?<\/p>\n\n\n\n<p>De toute les fa\u00e7ons une fois que nous serons tous de retour \u00e0 la conscience du Paradis, ce sera exactement la m\u00eame chose&nbsp;: nous serons aussi, tous, de plus en plus heureux\u2026 La dynamique ne changera pas&nbsp;!<\/p>\n\n\n\n<p>Seulement, dans un premier temps qui est le temps actuel, les choses sur lesquelles notre ouverture de conscience de la Lumi\u00e8re s\u2019applique, c\u2019est, le plus souvent, de l\u2019ombre\u2026&nbsp;<\/p>\n\n\n\n<p>Et \u00e0 chaque fois que nous r\u00e9ussissons \u00e0 reconna\u00eetre la Lumi\u00e8re dans de l\u2019ombre, il y a moins d\u2019ombre\u2026 <\/p>\n\n\n\n<p>Mais, un jour toute l\u2019ombre sera aim\u00e9e et r\u00e9v\u00e8lera la Lumi\u00e8re qu\u2019elle est en R\u00e9alit\u00e9\u2026 Alors, il ne restera plus que notre conscience de la Lumi\u00e8re.<\/p>\n\n\n\n<p>&nbsp;Et, \u00e0 partir de l\u00e0, nous continuerons, \u00ab\u00a0pour toujours\u00a0\u00bb, \u00e0 fonctionner, exactement de la m\u00eame fa\u00e7on, avec une conscience toujours plus grande de la Lumi\u00e8re.<\/p>\n\n\n\n<p>\u25cf<\/p>\n\n\n\n<p>Pour toujours ?<\/p>\n\n\n\n<p>\u25a0<\/p>\n\n\n\n<p>Oui ! La Lumi\u00e8re n&rsquo;est-Elle pas \u00c9ternelle&nbsp;?<\/p>\n\n\n\n<p>\u25cf<\/p>\n\n\n\n<p>Si, bien s\u00fbr\u00a0! La Lumi\u00e8re est \u00c9ternelle.<\/p>\n\n\n\n<p>\u25a0<\/p>\n\n\n\n<p>Alors, l&rsquo;\u00c9ternit\u00e9, c&rsquo;est la soit-disant dur\u00e9e qu&rsquo;il faut \u00e0 notre conscience pour s&rsquo;ouvrir, toujours plus, sur l&rsquo;\u00c9ternel&nbsp;!<\/p>\n\n\n\n<div style=\"height:60px\" aria-hidden=\"true\" class=\"wp-block-spacer\"><\/div>\n\n\n\n\n","protected":false},"excerpt":{"rendered":"<p>Tous pour Un, Un pour Tous Nous sommes tous humains, et quelque part toute partie de chaque \u00eatre humain fait partie de moi.&nbsp; Nous ne sommes pas oblig\u00e9s d\u2019\u00eatre des experts en tout&nbsp;: expert en physique, en math\u00e9matiques, expert en anglais, en dessin, expert en science cosmologique, en musique etc&#8230; Nous ne le pouvons pas &hellip; <a href=\"https:\/\/behappy8.org\/?p=2101\" class=\"more-link\">Continuer la lecture<span class=\"screen-reader-text\"> de &laquo;&nbsp;Les 8 entretiens (7\u00e8me Partie du 5\u00e8me Entretien)&nbsp;&raquo;<\/span><\/a><\/p>\n","protected":false},"author":1,"featured_media":0,"comment_status":"open","ping_status":"open","sticky":false,"template":"","format":"chat","meta":{"footnotes":""},"categories":[2030],"tags":[],"class_list":["post-2101","post","type-post","status-publish","format-chat","hentry","category-5eme-entretien-8","post_format-post-format-chat"],"_links":{"self":[{"href":"https:\/\/behappy8.org\/index.php?rest_route=\/wp\/v2\/posts\/2101","targetHints":{"allow":["GET"]}}],"collection":[{"href":"https:\/\/behappy8.org\/index.php?rest_route=\/wp\/v2\/posts"}],"about":[{"href":"https:\/\/behappy8.org\/index.php?rest_route=\/wp\/v2\/types\/post"}],"author":[{"embeddable":true,"href":"https:\/\/behappy8.org\/index.php?rest_route=\/wp\/v2\/users\/1"}],"replies":[{"embeddable":true,"href":"https:\/\/behappy8.org\/index.php?rest_route=%2Fwp%2Fv2%2Fcomments&post=2101"}],"version-history":[{"count":17,"href":"https:\/\/behappy8.org\/index.php?rest_route=\/wp\/v2\/posts\/2101\/revisions"}],"predecessor-version":[{"id":2437,"href":"https:\/\/behappy8.org\/index.php?rest_route=\/wp\/v2\/posts\/2101\/revisions\/2437"}],"wp:attachment":[{"href":"https:\/\/behappy8.org\/index.php?rest_route=%2Fwp%2Fv2%2Fmedia&parent=2101"}],"wp:term":[{"taxonomy":"category","embeddable":true,"href":"https:\/\/behappy8.org\/index.php?rest_route=%2Fwp%2Fv2%2Fcategories&post=2101"},{"taxonomy":"post_tag","embeddable":true,"href":"https:\/\/behappy8.org\/index.php?rest_route=%2Fwp%2Fv2%2Ftags&post=2101"}],"curies":[{"name":"wp","href":"https:\/\/api.w.org\/{rel}","templated":true}]}}