{"id":2104,"date":"2021-05-15T10:13:00","date_gmt":"2021-05-15T08:13:00","guid":{"rendered":"https:\/\/behappy8.org\/?p=2104"},"modified":"2025-04-06T10:23:50","modified_gmt":"2025-04-06T08:23:50","slug":"les-8-entretiens-8eme-partie-du-5eme-entretien","status":"publish","type":"post","link":"https:\/\/behappy8.org\/?p=2104","title":{"rendered":"Les 8 entretiens (8\u00e8me Partie du 5\u00e8me Entretien)"},"content":{"rendered":"\n\n\n\n\n<div style=\"height:42px\" aria-hidden=\"true\" class=\"wp-block-spacer\"><\/div>\n\n\n\n<figure class=\"wp-block-audio\"><audio controls src=\"https:\/\/behappy8.org\/wp-content\/uploads\/2025\/04\/Les-8-Entretiens-8eme-Partie-du-5eme-Entretien.m4a\" loop><\/audio><figcaption class=\"wp-element-caption\">Le 8 Entretiens (8\u00e8me Partie du 5\u00e8me Entretien)<\/figcaption><\/figure>\n\n\n\n<div style=\"height:66px\" aria-hidden=\"true\" class=\"wp-block-spacer\"><\/div>\n\n\n\n<p>Peu importe&nbsp;! Parce que si \u00e0&nbsp;chaque&nbsp;instant,&nbsp;nous sommes de plus en plus heureux, si nous osons fonctionner avec une conscience toujours plus grande de la Lumi\u00e8re dans le pass\u00e9 et dans l\u2019avenir,alors nous serons vraiment de plus en plus heureux.<\/p>\n\n\n\n<p>De quoi, alors, pouvons-nous nous plaindre&nbsp;?<\/p>\n\n\n\n<p>Le but de la vie, n\u2019est-il pas d\u2019\u00eatre de plus en plus heureux\u2026 Oui ou non&nbsp;?<\/p>\n\n\n\n<p>De toute les fa\u00e7ons une fois que, au bout d&rsquo;un temps probablement assez long, nous serons tous de retour \u00e0 la conscience du Paradis, ce sera exactement la m\u00eame chose&nbsp;: nous serons l\u00e0 aussi, tous, de plus en plus heureux\u2026 La dynamique ne changera pas&nbsp;!<\/p>\n\n\n\n<p>\u2022 Seulement&#8230; Dans un premier temps, qui est le temps actuel, les choses sur lesquelles notre ouverture de conscience de la Lumi\u00e8re s\u2019applique, sont, le plus souvent, de l\u2019ombre\u2026&nbsp;<\/p>\n\n\n\n<p>Et \u00e0 chaque fois que nous r\u00e9ussissons \u00e0 reconna\u00eetre la Lumi\u00e8re dans cette ombre, il y a moins d\u2019ombre\u2026<\/p>\n\n\n\n<p>\u2022 Mais, un jour toute cette ombre aura \u00e9t\u00e9 aim\u00e9e et alors elle r\u00e9v\u00e8lera compl\u00e8tement la Lumi\u00e8re qu\u2019elle a toujours \u00e9t\u00e9 en R\u00e9alit\u00e9, mais dont nous avions perdu conscience\u2026 Alors, l\u00e0, il ne restera plus que notre conscience de la Lumi\u00e8re.<\/p>\n\n\n\n<p>&nbsp;Et, \u00e0 partir de l\u00e0, nous continuerons, \u00ab\u00a0pour toujours\u00a0\u00bb, \u00e0 fonctionner, exactement de la m\u00eame fa\u00e7on, avec une conscience toujours plus grande de la Lumi\u00e8re&#8230; Et sans la g\u00e8ne que nous imposait l&rsquo;ombre, puisqu&rsquo;elle aura r\u00e9v\u00e9l\u00e9 sa non-existence&nbsp;!<\/p>\n\n\n\n<p>\u25cf<\/p>\n\n\n\n<p>Pour toujours ?<\/p>\n\n\n\n<p>\u25a0<\/p>\n\n\n\n<p>Oui ! La Lumi\u00e8re n&rsquo;est-Elle pas \u00c9ternelle&nbsp;?<\/p>\n\n\n\n<p>\u25cf<\/p>\n\n\n\n<p>Si, bien s\u00fbr&nbsp;! La Lumi\u00e8re est \u00c9ternelle.<\/p>\n\n\n\n<p>\u25a0<\/p>\n\n\n\n<p>Alors, l&rsquo;\u00c9ternit\u00e9, c&rsquo;est la soit-disant dur\u00e9e qu&rsquo;il faut \u00e0 notre conscience pour s&rsquo;ouvrir, toujours plus, sur l&rsquo;\u00c9ternel&nbsp;!<\/p>\n\n\n\n<div style=\"height:20px\" aria-hidden=\"true\" class=\"wp-block-spacer\"><\/div>\n\n\n\n<p class=\"has-text-align-right\"><em>Grandir, ce n\u2019est pas arriver au bout<\/em><\/p>\n\n\n\n<p>Donc, nous ne serons jamais au bout de notre ouverture de conscience de la Lumi\u00e8re\u2026 Jamais&nbsp;! Car la Lumi\u00e8re est Infinie\u2026 et pour d\u00e9couvrir l\u2019Infini, il nous faut bien ce que l&rsquo;on appelle l\u2019\u00c9ternit\u00e9\u2026 n\u2019est-ce pas&nbsp;?<\/p>\n\n\n\n<p>Il y aura donc pour toujours des progr\u00e8s, et encore des progr\u00e8s \u00e0 faire\u2026 des d\u00e9couvertes merveilleuses pour toujours\u2026 Mais qui se feront alors de joie en joie&nbsp;!<\/p>\n\n\n\n<p>Alors que souvent, jusqu\u2019\u00e0 l\u00e0, il y avait cette trop fameuse habitude prise par l\u2019imagination de croire que le point A, o\u00f9 nous sommes, et le point B, o\u00f9 nous devrions arriver, \u00e9taient diff\u00e9rents et, bien s\u00fbr, \u00e0 une certaine distance douloureuse l\u2019un de l\u2019autre.&nbsp;<\/p>\n\n\n\n<p>Dans cette vision nous avions pr\u00e9tendu que nous devions atteindre un but qui se trouvait loin de nous\u2026<\/p>\n\n\n\n<p>Ensuite, d\u00e9s que nous osons abandonner l\u2019id\u00e9e d\u2019atteindre ce but \u00e9loign\u00e9 de nous, alors, les m\u00e9moires de nos pertes de conscience de la Lumi\u00e8re, donc nos m\u00e9moires d\u2019ombre, se pr\u00e9sentent, sans cesse \u00e0 notre conscience, pour que nous les aimions&#8230; puisque maintenant, nous nous r\u00e9v\u00e9lons en \u00eatre capables&nbsp;!&nbsp;<\/p>\n\n\n\n<p>Et l\u00e0, pendant un temps, nous allons vivre peut-\u00eatre des moments d\u2019h\u00e9sitation\u2026 Et alors, \u00e0 ce m\u00eame instant, nous vivrons cette merveilleuse souffrance Lumineuse qui est ce signal de la Lumi\u00e8re Elle-m\u00eame qui nous dit&nbsp;: \u00ab&nbsp;Tiens, il se pr\u00e9sente \u00e0 ta conscience quelque chose que tu es maintenant pr\u00eat \u00e0 aimer\u2026 et pourtant, pour l\u2019instant, tu h\u00e9sites et tu ne l\u2019aimes pas encore&nbsp;!&nbsp;\u00bb<\/p>\n\n\n\n<p>La souffrance est une proph\u00e9tie d\u2019un avenir meilleur possible.<\/p>\n\n\n\n<p>\u25cf<\/p>\n\n\n\n<p>De toutes les fa\u00e7ons, l\u2019int\u00e9r\u00eat c\u2019est quand m\u00eame d\u2019apprendre simplement \u00e0 vivre les choses en \u00e9tant le plus heureux possible \u00e0 notre niveau&nbsp;! Tout ceci en sachant que tout le monde est engag\u00e9 dans ce m\u00eame travail.<\/p>\n\n\n\n<p><\/p>\n\n\n\n<p class=\"has-text-align-right\"><em>Une question si simple<\/em><em><\/em><\/p>\n\n\n\n<p>\u25a0<\/p>\n\n\n\n<p>C\u2019est pour cela que, \u00e0 mon avis, du point de vue pratique&nbsp;les questions&nbsp;:<\/p>\n\n\n\n<p>\u00ab&nbsp;Est-ce que je pense l\u00e0 ce que je suis le plus heureux de penser&nbsp;?&nbsp;\u00bb<\/p>\n\n\n\n<p>\u00ab&nbsp;Est-ce que je dis l\u00e0 ce que je suis le plus heureux de dire&nbsp;?&nbsp;\u00bb&nbsp;<\/p>\n\n\n\n<p>\u00ab&nbsp;Est-ce que je fais l\u00e0 ce que je suis le plus heureux de faire&nbsp;?&nbsp;\u00bb<\/p>\n\n\n\n<p>Ce sont des questions simples, pratiques, que chacun de nous peut se poser, quel que soit son niveau de conscience\u2026<\/p>\n\n\n\n<p>\u2026 Et, l\u00e0, en moins d\u2019une seconde chacun de nous a la r\u00e9ponse pr\u00e9cise&nbsp;:&nbsp;<\/p>\n\n\n\n<p>\u2022 Soit c\u2019est un \u00ab&nbsp;oui spontan\u00e9&nbsp;\u00bb, c\u2019est \u00e0 dire \u00ab\u00a0un oui qui prend moins d\u2019une seconde\u00a0\u00bb et l\u00e0 nous savons que c\u2019est l\u2019\u00c2me, expression de la Lumi\u00e8re en nous, qui a parl\u00e9&nbsp;!<\/p>\n\n\n\n<p>\u2022 Soit nous n\u2019arrivons pas \u00e0 r\u00e9pondre \u00ab&nbsp;oui&nbsp;\u00bb en moins d\u2019une seconde\u2026 et l\u00e0, il nous faut bien reconna\u00eetre que c\u2019est un \u00ab&nbsp;non&nbsp;\u00bb et que la source de notre pens\u00e9e, de notre parole ou de notre acte c\u2019\u00e9tait nos m\u00e9moires encore riches en ombre.&nbsp;<\/p>\n\n\n\n<p>Et l\u00e0, en fait, ce n\u2019est pas grave&nbsp;! En effet, nous savons que nous est offerte une fois de plus, \u00e0 cet instant, l\u2019occasion d\u2019augmenter notre conscience de la Lumi\u00e8re en choisissant librement de penser maintenant ce que nous sommes les plus heureux de penser, de dire ce que nous sommes les plus heureux de dire et de faire ce que nous sommes les plus heureux de faire\u2026&nbsp;<\/p>\n\n\n\n<p>Et ceci, bien s\u00fbr, c&rsquo;est une joie&nbsp;!<\/p>\n\n\n\n<p>\u25cf<\/p>\n\n\n\n<p>Ce qui est claire, c\u2019est que cette conscience, que nous sommes tous dans ce m\u00eame travail, a au moins l\u2019effet d\u2019enlever de notre sac \u00e0 dos ce c\u00f4t\u00e9 de \u00ab&nbsp;r\u00e9ussite seulement personnelle&nbsp;\u00bb qui, a mon avis, est un danger spirituel&#8230; Le pire de tous&nbsp;!&nbsp;<\/p>\n\n\n\n<p>Et du coup cela am\u00e8ne beaucoup de respect, beaucoup d\u2019\u00e9coute pour tout le monde, de savoir que nous nous en sortirons tous ensemble&#8230; ou pas du tout&nbsp;! <\/p>\n\n\n\n<p>Nous avons d\u00e9j\u00e0 entendu ce genre de pens\u00e9es : \u00ab\u00a0Tous pour un, un pour tous !\u00a0\u00bb<\/p>\n\n\n\n<p>\u25a0<\/p>\n\n\n\n<p>Eh bien&nbsp;! L\u00e0, ce que nous sommes vraiment les plus heureux de penser, c\u2019est&nbsp;: \u00ab&nbsp;Nous nous en sortirons tous ensemble&nbsp;\u00bb. C\u2019est l\u00e0 ce que nous sommes tous vraiment les plus heureux de penser\u2026 et toi \u00e9galement, n\u2019est-ce pas&nbsp;?<\/p>\n\n\n\n<p>Maintenant, est-ce que en pensant \u00ab&nbsp;ou pas du tout&nbsp;\u00bb, j&rsquo;ai pens\u00e9 l\u00e0 ce que j&rsquo;\u00e9tais le plus heureux de penser&nbsp;? La r\u00e9ponse est clairement \u00ab&nbsp;non&nbsp;\u00bb&nbsp;: c\u2019est donc l\u2019ombre qui en \u00e9tait la source.<\/p>\n\n\n\n<p>Nous voyons donc, dans ce petit exemple, que le d\u00e9but d\u2019une phrase peut \u00eatre inspir\u00e9 par l\u2019\u00c2me et donc Lumineux\u2026 et que la fin de la m\u00eame phrase peut avoir sa source dans les m\u00e9moires et \u00eatre donc trop souvent ombreuse\u2026<\/p>\n\n\n\n<p>\u25cf<\/p>\n\n\n\n<p>Oui, c\u2019est bien vrai que ce que je suis vraiment la plus heureuse de penser, c\u2019est par exemple&nbsp;: \u00ab&nbsp;Nous pouvons nous en sortir et nous y arriverons tous ensemble.&nbsp;\u00bb<\/p>\n\n\n\n<p><em>Rires\u2026<\/em><em><\/em><\/p>\n\n\n\n<p>\u25a0<\/p>\n\n\n\n<p>Oui, en effet, dans la R\u00e9alit\u00e9 qu&rsquo;est la Lumi\u00e8re, le succ\u00e8s est obligatoire\u2026 Il n\u2019y a donc pas de souci \u00e0 se faire\u2026 Et, toujours, le premier pas \u00e0 faire pour se rapprocher du jour de ce succ\u00e8s in\u00e9vitable, c\u2019est que nous soyons heureux \u00e0 cet instant\u2026 de cet instant&nbsp;!<\/p>\n\n\n\n<p>\u25cf<\/p>\n\n\n\n<p>Oui, c&rsquo;est vrai : \u00ab Nous pouvons et nous y arriverons tous ensemble&nbsp;!&nbsp;\u00bb Un point c\u2019est tout&nbsp;!<\/p>\n\n\n\n<p>\u25a0<\/p>\n\n\n\n<p>Eh bien oui&nbsp;! Tu vois comme \u00e7a vient\u2026 au galop&nbsp;! <\/p>\n\n\n\n<p>Le dicton ne dit-il pas : \u00ab\u00a0Chassez le naturel, il revient au galop\u00a0\u00bb.<\/p>\n\n\n\n<p>Tout vient \u00e0 notre conscience pour \u00eatre aim\u00e9\u2026 Tout vient pour \u00eatre gu\u00e9ri\u2026 Cela ne se pr\u00e9sente pas \u00e0 nous pour rien, stupidement&nbsp;! C\u2019est dans le Plan de la Lumi\u00e8re que nous aimions tout\u2026&nbsp;<\/p>\n\n\n\n<p>C\u2019est la Lumi\u00e8re Infinie qui nous am\u00e8ne \u00e0 la conscience la chose que nous voulons aimer et que nous n\u2019avions pas encore aim\u00e9e\u2026<\/p>\n\n\n\n<p><em>Silence\u2026<\/em><em><\/em><\/p>\n\n\n\n<p><\/p>\n\n\n\n<p class=\"has-text-align-right\"><em>D\u2019o\u00f9 que nous partions, c\u2019est de la Lumi\u00e8re<\/em><em><\/em><\/p>\n\n\n\n<p>\u25cf<\/p>\n\n\n\n<p>J\u2019ai beaucoup aim\u00e9 une des petites nouvelles qu\u2019a \u00e9crite une amie\u2026 Elle y raconte une histoire de science-fiction\u2026 Et l\u00e0, finalement, dans son histoire, nous sommes arriv\u00e9s \u00e0 une soci\u00e9t\u00e9 humaine d\u00e9j\u00e0 tr\u00e8s \u00e9volu\u00e9e qui \u00e9tait pr\u00eate \u00e0 entrer au Paradis\u2026 Mais, manque de pot, il restait encore un groupuscule de quelques personnes qui refusaient d\u2019une certaine fa\u00e7on la Lumi\u00e8re\u2026 Et du coup rien ne pouvait se faire&nbsp;!&nbsp;<\/p>\n\n\n\n<p>Alors, bien s\u00fbr, ils ont essay\u00e9 de ramener ces personnes dans la Lumi\u00e8re\u2026 en tout cas de les accompagner pour que tout le monde puisse passer dans la Lumi\u00e8re\u2026 Sinon personne ne passait&nbsp;!<\/p>\n\n\n\n<p>\u25a0<\/p>\n\n\n\n<p>Oui, c\u2019est int\u00e9ressant ! Mais, dans cette histoire telles que tu me la racontes, il y a un probl\u00e8me&nbsp;: c\u2019est le fait d\u2019avoir pr\u00e9tendu que \u00ab&nbsp;ces personnes soient bloqu\u00e9es et que du coup, rien ne pouvait se faire&nbsp;\u00bb \u2026&nbsp;<\/p>\n\n\n\n<p>\u25cf<\/p>\n\n\n\n<p>Oui&nbsp;! \u00c7a, c\u2019est s\u00fbr&nbsp;!<\/p>\n\n\n\n<p>\u25a0<\/p>\n\n\n\n<p>Et \u00e7a, il est \u00e9vident que l\u2019auteur n\u2019\u00e9tait pas heureux de le penser, ni bien s\u00fbr ses personnages\u2026 En effet comment pouvons-nous \u00eatre heureux de penser que certains peuvent \u00eatre \u00ab\u00a0bloqu\u00e9s\u00a0\u00bb par d&rsquo;autres ? Que devient le libre arbitre&nbsp;?<\/p>\n\n\n\n<p>\u25cf<\/p>\n\n\n\n<p>Ah non&nbsp;! Bien s\u00fbr&nbsp;! Elles emp\u00eachaient tout le monde de rentrer au Paradis&nbsp;: il n\u2019y a pas de quoi les aimer&nbsp;!<\/p>\n\n\n\n<p><em>Rires\u2026<\/em><em><\/em><\/p>\n\n\n\n<p>Oui&nbsp;!&#8230; Je vois bien ce que tu vas me dire\u2026 Je le vois bien&nbsp;!<\/p>\n\n\n\n<p>\u25a0<\/p>\n\n\n\n<p>Oui, je suis s\u00fbr que tu le vois bien&#8230; <\/p>\n\n\n\n<p>En fait, prenons conscience que celui qui regarde ce type de situation avec ce genre de perte de conscience de la Lumi\u00e8re est en train, lui aussi, de participer activement au verrouillage de la situation\u2026 <\/p>\n\n\n\n<p>Pas tout seul, bien s\u00fbr&nbsp;: chaque \u00eatre y participe proportionnellement \u00e0 son inconscience de la Lumi\u00e8re en toute chose\u2026<\/p>\n\n\n\n<p>Quand nous disons que quelqu\u2019un n\u2019est \u00ab&nbsp;pas avanc\u00e9&nbsp;\u00bb, qu\u2019il n\u2019est \u00ab&nbsp;pas \u00e9veill\u00e9&nbsp;\u00bb, et qu\u2019il nous bloque\u2026 nous sommes, en v\u00e9rit\u00e9, en train de nous bloquer nous-m\u00eame\u2026<\/p>\n\n\n\n<p>Le regard que nous portons alors sur cette personne, est \u00e9videmment un regard qui a sa source dans l\u2019ombre, c\u2019est \u00e0 dire dans notre perte de conscience, \u00e0 nous, de l\u2019Omnipr\u00e9sence de la Lumi\u00e8re \u00c9ternelle\u2026 Et l\u00e0, nous sommes bien partie prenante du blocage&nbsp;!<\/p>\n\n\n\n<p><em>\u00ab&nbsp;Sois ce que tu veux que le monde devienne&nbsp;\u00bb,&nbsp;<\/em>nous dit Gandhi.<\/p>\n\n\n\n<p>Soyons conscient de la Lumi\u00e8re en toute chose, si nous voulons que le monde soit conscient de la Lumi\u00e8re en toute chose&nbsp;!<\/p>\n\n\n\n<p><\/p>\n\n\n\n<p class=\"has-text-align-right\"><em>O\u00f9 que nous arrivions, c\u2019est \u00ab\u00a0dans\u00a0\u00bb la Lumi\u00e8re<\/em><\/p>\n\n\n\n<p>\u25cf<\/p>\n\n\n\n<p>Bon, d\u2019accord&nbsp;! Mais ils ont quand m\u00eame emp\u00each\u00e9 tout le reste du monde de passer au Paradis\u2026&nbsp;<\/p>\n\n\n\n<p>Et l\u00e0 il faut quand m\u00eame les aimer&nbsp;?<\/p>\n\n\n\n<p>\u25a0<\/p>\n\n\n\n<p>Oui&nbsp;! Bien s\u00fbr&nbsp;! Il faut les aimer encore plus&nbsp;!&nbsp;<\/p>\n\n\n\n<p>Et alors&nbsp;?&nbsp;<\/p>\n\n\n\n<p>Celui qui regarde un \u00catre humain avec ce sombre pr\u00e9jug\u00e9, \u00ab\u00a0il nous bloque\u00a0\u00bb est en train, lui-m\u00eame, de participer au verrouillage, d&rsquo;abord de cet \u00catre qu&rsquo;il juge, mais \u00e9galement de lui-m\u00eame et de tous les autres \u00catres&nbsp;!<\/p>\n\n\n\n<p>Le regard ombreux qu\u2019il porte sur cette personne a tendance \u00e0 g\u00eaner cette personne\u2026 et bien s\u00fbr \u00e0 le g\u00eaner lui-m\u00eame\u2026<\/p>\n\n\n\n<p>\u25cf<\/p>\n\n\n\n<p>Voil\u00e0 un exemple concret\u2026 Et je ne vois pas bien comment penser autrement\u2026<\/p>\n\n\n\n<p>\u25a0<\/p>\n\n\n\n<p>Bon&nbsp;! Ben l\u00e0, pour penser autrement, il suffit simplement que nous nous posions la question suivante que nous nous sommes pos\u00e9e souvent avec ma compagne&nbsp;: \u00ab&nbsp;Comment faire pour raconter une histoire o\u00f9 il n\u2019y a aucune ombre&nbsp;?&nbsp;\u00bb<\/p>\n\n\n\n<p>\u25cf<\/p>\n\n\n\n<p>Oui mais \u00e7a c\u2019est autre chose&nbsp;!&nbsp;<\/p>\n\n\n\n<p>Mais, moi, ce que je suis en train de me demander, c\u2019est&nbsp;: comment je pourrais penser autrement de ce type de personnes l\u00e0&nbsp;?<\/p>\n\n\n\n<p>\u25a0<\/p>\n\n\n\n<p>Et bien, en reconnaissant simplement la v\u00e9rit\u00e9&nbsp;! Ces \u00catres-l\u00e0, comme tout ce qui existe, sont parfaits, ils sont faits de Lumi\u00e8re Pure&nbsp;!<\/p>\n\n\n\n<p>La Lumi\u00e8re, dont nous essayons de parler ensemble depuis quelques semaines, n\u2019est-Elle pas Infinie, \u00c9ternelle, Omnipr\u00e9sente, Amour Parfait\u2026&nbsp;?<\/p>\n\n\n\n<p><em>\u00ab&nbsp;C\u2019est la conscience qui fait toute la diff\u00e9rence.&nbsp;\u00bb<\/em><em><\/em><\/p>\n\n\n\n<p>Dans cette histoire, ces personnages-l\u00e0 sont des consciences de la Lumi\u00e8re en croissance comme toute la cr\u00e9ation&nbsp;! C\u2019est tout&nbsp;! <\/p>\n\n\n\n<p>Il est bien s\u00fbr que, quelle soit leur conscience \u00e0 un moment donn\u00e9, ces \u00catres ne peuvent \u00eatre que tiss\u00e9es de la Lumi\u00e8re Parfaite, depuis toujours et pour toujours\u2026&nbsp;<\/p>\n\n\n\n<p>Ayons confiance&nbsp;!<\/p>\n\n\n\n<p>Ne voyons en eux \u00ab&nbsp;que&nbsp;\u00bb la Lumi\u00e8re dont ils sont faits\u2026<\/p>\n\n\n\n<p>Choisissons de ne croire que ce que nous sommes les plus heureux de croire.<\/p>\n\n\n\n<p>Le plus grand des courages, c\u2019est d\u2019\u00eatre heureux\u2026 C\u2019est aussi la plus grande g\u00e9n\u00e9rosit\u00e9&nbsp;!<\/p>\n\n\n\n<p>\u25cf<\/p>\n\n\n\n<p>Et donc, nous attendons&nbsp;?<\/p>\n\n\n\n<p><\/p>\n\n\n\n<p class=\"has-text-align-right\"><em>La plus belle action, c\u2019est d\u2019\u00eatre heureux de la faire<\/em><em><\/em><\/p>\n\n\n\n<p>\u25a0<\/p>\n\n\n\n<p>Non&nbsp;! Nous n&rsquo;attendons pas passivement ! Heureux, nous sommes actifs\u2026 Heureux, nous sommes les plus actifs qu\u2019il nous est possible d\u2019\u00eatre&nbsp;!&nbsp;<\/p>\n\n\n\n<p>Voir toujours plus la Lumi\u00e8re en toute chose, avoir une conscience toujours plus grande de la Lumi\u00e8re, \u00e7a c\u2019est \u00eatre vraiment actifs&nbsp;!<\/p>\n\n\n\n<p>Toute cette ouverture de conscience \u00e0 la Lumi\u00e8re, c\u2019est l\u2019activit\u00e9 m\u00eame\u2026&nbsp;<\/p>\n\n\n\n<p>C\u2019est la Vie&nbsp;!<\/p>\n\n\n\n<p>C\u2019est la Vie depuis toujours&nbsp;! C\u2019est la Vie depuis les min\u00e9raux que nous avons \u00e9t\u00e9 et que nous sommes encore\u2026 C\u2019est la Vie depuis les v\u00e9g\u00e9taux que nous avons \u00e9t\u00e9 et que nous sommes encore\u2026 C\u2019est encore la Vie depuis les animaux que nous avons \u00e9t\u00e9 et que nous sommes encore\u2026 Et maintenant, depuis peu c\u2019est la Vie humaine qui contient tous les autres r\u00e8gnes\u2026<\/p>\n\n\n\n<p>Et l\u00e0 il serait int\u00e9ressant de relire \u00ab&nbsp;Le Ph\u00e9nom\u00e8ne Humain&nbsp;\u00bb de Teilhard de Chardin, qui est un auteur passionnant\u2026<\/p>\n\n\n\n<p>D\u00e9j\u00e0, au si\u00e8cle dernier, lui nous d\u00e9crivait, la vie comme une ouverture de conscience au Divin, toujours associ\u00e9e \u00e0 une complexification de la structure qui puisse permettre cette conscience\u2026&nbsp;<\/p>\n\n\n\n<p>Il d\u00e9crivait le min\u00e9ral avec une certaine ouverture de conscience\u2026 Puis le v\u00e9g\u00e9tal avec une ouverture de conscience augment\u00e9e et aussi une plus grande complexit\u00e9\u2026 Puis il d\u00e9crivait l\u2019animal qui a une ouverture de conscience encore augment\u00e9e et une complexit\u00e9 organisationnelle encore plus grande\u2026 Et puis il a d\u00e9crit l\u2019humain qui a une conscience qui, elle, augmente \u00e0 une vitesse exponentielle, ceci en m\u00eame temps que la complexit\u00e9 de son organisation structurelle&nbsp;!<\/p>\n\n\n\n<p>Et l\u00e0, je remercie \u00e9galement Nassim Haramein, et beaucoup d\u2019autres, de nous apporter une compr\u00e9hension nouvelle et tr\u00e8s int\u00e9ressante de tout cela \u00e9galement\u2026&nbsp;<\/p>\n\n\n\n<p><\/p>\n\n\n\n<p class=\"has-text-align-right\"><em>Conscience, cerveau, humanit\u00e9\u2026 Exponentielles<\/em><\/p>\n\n\n\n<p>Donc la vie, c\u2019est une ouverture de conscience avec, \u00e9videmment, toutes les structures physiques n\u00e9cessaires \u00e0 cette ouverture de conscience\u2026 Il y a une coh\u00e9rence qui fait qu\u2019une complexit\u00e9 nouvelle de la mati\u00e8re appara\u00eet pour chacune de ces ouvertures de conscience de la Lumi\u00e8re\u2026<\/p>\n\n\n\n<p>Et en particulier un cerveau qui se \u00ab\u00a0complexise\u00a0\u00bb accompagne ainsi toujours cette conscience qui s\u2019ouvre, s\u2019ouvre et s\u2019ouvre encore plus rapidement&nbsp;!<\/p>\n\n\n\n<p>Il y a donc \u00ab&nbsp;les 3 aspects en Un&nbsp;\u00bb qui \u00e9voluent ! Et ils \u00e9voluent parfaitement ensemble, bien s\u00fbr&nbsp;: l\u2019\u00c2me, la Pens\u00e9e et le Corps&#8230; Ensemble, comme un seul \u00catre qu&rsquo;ils sont&nbsp;!<\/p>\n\n\n\n<p>Si nous \u00e9tudions le cerveau, par exemple, nous sommes bien oblig\u00e9s de voir qu\u2019il \u00e9volue en augmentant toujours plus sa complexit\u00e9 en particulier vers l\u2019avant&nbsp;: lobe frontal, lobe pr\u00e9frontal et nous observons la suite\u2026 avec ce lobe plan\u00e9taire qui se mat\u00e9rialise de plus en plus autour de lui&nbsp;!<\/p>\n\n\n\n<p>\u25cf<\/p>\n\n\n\n<p>Oui, tout cela est bien vrai&nbsp;! Je suis en train de voir que si je porte ce regard-l\u00e0, c\u2019est comme si, dans cette histoire, ces humains qui, soi-disant emp\u00eachent les autres d\u2019entrer au Paradis n\u2019emp\u00eachent pas les autres r\u00e9ellement d\u2019y entrer\u2026<\/p>\n\n\n\n<p>Mais, c\u2019est un peu comme si, tout d\u2019un coup, je m&rsquo;\u00e9tais dit qu\u2019il fallait supprimer les animaux parce qu\u2019ils ne sont pas des humains&nbsp;!<\/p>\n\n\n\n<p>\u25a0<\/p>\n\n\n\n<p>Oui, c&rsquo;est en effet une bonne illustration&nbsp;!<\/p>\n\n\n\n<p>\u25cf<\/p>\n\n\n\n<p>Je comprends maintenant que ces humains \u00ab&nbsp;dissidents&nbsp;\u00bb dans cette histoire ne font en r\u00e9alit\u00e9 que pr\u00e9senter aux autres l\u2019ombre qu\u2019il est absolument n\u00e9cessaire d\u2019aimer enfin pour que toute la terre puisse enfin revivre au Paradis\u2026 humains, animaux, v\u00e9g\u00e9taux et min\u00e9raux\u2026 ensemble&nbsp;!<\/p>\n\n\n\n<p><\/p>\n\n\n\n<p class=\"has-text-align-right\"><em>La Vie Infinie est Une<\/em><\/p>\n\n\n\n<p>\u25a0<\/p>\n\n\n\n<p>Oui, c\u2019est bien cela&nbsp;! Et en fait, dans cette histoire dont tu m\u2019as parl\u00e9e, comme malheureusement encore dans la r\u00e9alit\u00e9 qu\u2019elle d\u00e9crit, c\u2019est la totalit\u00e9 des humains qui ne sont pas suffisamment conscients de la Lumi\u00e8re pour vivre le Paradis, comme cela est pr\u00e9vu depuis toujours\u2026<\/p>\n\n\n\n<p>La Vie est Une\u2026 Nous ne sommes s\u00e9par\u00e9s de rien\u2026 vraiment de rien&nbsp;! Nous partageons toutes les responsabilit\u00e9s avec tous\u2026<\/p>\n\n\n\n<p>Chacun de nous peut participer activement \u00e0 changer le cours des choses.<\/p>\n\n\n\n<p>Nous sommes puissants par notre Unit\u00e9.<\/p>\n\n\n\n<p>\u25cf<\/p>\n\n\n\n<p>Oui, oui, mais comment proc\u00e9der&nbsp;?<\/p>\n\n\n\n<p>\u25a0<\/p>\n\n\n\n<p>Cette histoire est int\u00e9ressante\u2026 Et il faut que nous r\u00e9agissions avec la plus grande justesse dont nous sommes capables\u2026<\/p>\n\n\n\n<p>\u25cf<\/p>\n\n\n\n<p>Mais l\u00e0, j\u2019aimerais comprendre quelle attitude avoir\u2026&nbsp;<\/p>\n\n\n\n<p>Bon d\u2019accord&nbsp;: dans un premier temps, il faut que nous les aimions.<\/p>\n\n\n\n<p>\u25a0<\/p>\n\n\n\n<p>Eh bien&nbsp;! Voil\u00e0, c\u2019est tout&nbsp;! Nous devons aimer les autres tels qu\u2019ils sont \u00e0 cet instant\u2026<\/p>\n\n\n\n<p>Bien s\u00fbr nous devons aimer toute la Lumi\u00e8re qu\u2019ils sont, comme nous, avec leur conscience de la Lumi\u00e8re\u2026 ce qui est en g\u00e9n\u00e9ral plut\u00f4t facile\u2026&nbsp;<\/p>\n\n\n\n<p>Mais, nous devons \u00e9galement aimer leur inconscience de la Lumi\u00e8re, ce qui, si nous suivons les injonctions de l\u2019ombre, nous a \u00e9t\u00e9 interdit depuis le presque d\u00e9but de l&rsquo;humanit\u00e9&nbsp;!<\/p>\n\n\n\n<p>\u25cf<\/p>\n\n\n\n<p>Oui, c\u2019est vrai&nbsp;! Aimer l\u2019ombre nous a \u00e9t\u00e9 interdit par l\u2019ombre elle-m\u00eame depuis ce presque d\u00e9but de l\u2019humanit\u00e9\u2026<\/p>\n\n\n\n<p>Et je vois qu&rsquo;aujourd&rsquo;hui, j\u2019ai continu\u00e9 \u00e0 raisonner pour me faire l\u2019avocat de l\u2019ombre et d\u00e9fendre un combat\u2026&nbsp;<\/p>\n\n\n\n<p>Alors que je ne veux vraiment que reconna\u00eetre que l\u2019ombre n\u2019est rien d\u2019autre que la Lumi\u00e8re dont j\u2019avais perdu conscience\u2026&nbsp;<\/p>\n\n\n\n<p>Je sais que l\u2019Amour est \u00ab\u00a0la seule solution\u00a0\u00bb\u2026&nbsp;<\/p>\n\n\n\n<p>Mais, savons-nous vraiment ce qu\u2019est vraiment l\u2019Amour&nbsp;?<\/p>\n\n\n\n<p>\u25a0<\/p>\n\n\n\n<p>Non&nbsp;! Nous ne pouvons savoir ce qu\u2019est l\u2019Amour Infini\u2026 Et pourtant nous l\u2019avons toujours cherch\u00e9 et le chercherons toujours.<\/p>\n\n\n\n<p>L\u2019Amour, c\u2019est un myst\u00e8re pour nous\u2026 c\u2019est l\u2019Infini Myst\u00e8re de Dieu&nbsp;!<\/p>\n\n\n\n<p>\u25cf<\/p>\n\n\n\n<p>Mais comment faire&nbsp;? \u2026 Comment pouvons-nous avancer et ouvrir notre conscience de la Lumi\u00e8re dans nos relations avec les autres&nbsp;?<\/p>\n\n\n\n<p><\/p>\n\n\n\n<p class=\"has-text-align-right\"><em>La Lumi\u00e8re&nbsp;: l\u2019Unique Pouvoir qui soit<\/em><em><\/em><\/p>\n\n\n\n<p>\u25a0<\/p>\n\n\n\n<p>C\u2019est simple&nbsp;: d\u2019abord il nous faut abandonner toute tentation de vouloir les changer.&nbsp;! Nous ne pouvons pas agir sur eux, les manipuler sans respecter leur libre arbitre\u2026 Il n\u2019y a aucun bouton sur lesquels on puisse appuyer pour les faire changer autrement qu\u2019\u00e0 \u00ab\u00a0leur rythme\u00a0\u00bb.<\/p>\n\n\n\n<p>Chacun de nous est dans son \u00e9volution naturelle, personnelle, unique\u2026 et parfaite&nbsp;!<\/p>\n\n\n\n<p>Nous voulons aimer les autres dans \u00ab&nbsp;leur&nbsp;\u00bb \u00e9volution.&nbsp;<\/p>\n\n\n\n<p>Nous choisissons de les aimer de toute notre nature jusqu\u2019\u00e0 ce que \u00ab&nbsp;eux&nbsp;\u00bb vivent une ouverture de leur conscience de la Lumi\u00e8re \u00e0 \u00ab\u00a0leur\u00a0\u00bb fa\u00e7on.<\/p>\n\n\n\n<p>Qu\u2019ils prennent conscience du Divin \u00e0 leur rythme qui est, n\u00e9cessairement, parfait ! &#8230; Si Dieu est Tout&#8230;<\/p>\n\n\n\n<p>Pour cela, il suffit que nous arr\u00eations de pr\u00e9tendre qu\u2019il y a des \u00eatres qui sont plus pleins de la Lumi\u00e8re que d\u2019autres.&nbsp;<\/p>\n\n\n\n<p>Reconnaissons, nous-m\u00eame, que la Lumi\u00e8re est \u00ab\u00a0Omnipr\u00e9sente\u00a0\u00bb.<\/p>\n\n\n\n<p>Lorsque nous jugeons les autres comme inf\u00e9rieurs \u00e0 nous, nous sommes dans l\u2019incroyance. Nous ne croyons pas alors en Dieu Omnipr\u00e9sent&#8230;<\/p>\n\n\n\n<p>Donc il faut que nous redevenions croyants. Pour cela il suffit que nous acceptions de voir la Lumi\u00e8re l\u00e0 o\u00f9 Elle est\u2026 c\u2019est-\u00e0-dire Absolument Partout&nbsp;!<\/p>\n\n\n\n<p>\u25cf<\/p>\n\n\n\n<p>Oui&nbsp;! mais plus ou moins cach\u00e9e\u2026&nbsp;<\/p>\n\n\n\n<p>\u25a0<\/p>\n\n\n\n<p>Chacun en est plus ou moins conscient\u2026 ou inconscient&nbsp;!<\/p>\n\n\n\n<p>Tant que nous avons regard\u00e9 les autres en pr\u00e9tendant qu\u2019ils nous freinaient&nbsp;: nous venions, nous-m\u00eame, \u00e0 ce m\u00eame instant, de perdre conscience de la Lumi\u00e8re en eux\u2026 et donc en nous&nbsp;!<\/p>\n\n\n\n<p>\u25cf<\/p>\n\n\n\n<p>Tu es en train de me dire que c&rsquo;est nous qui avec notre regard avions imagin\u00e9 de l\u2019ombre en eux, et du coup nous avions rajout\u00e9 encore une couche d\u2019ombre \u00e0 l\u2019ombre\u2026?<\/p>\n\n\n\n<p>\u25a0<\/p>\n\n\n\n<p>Oui&nbsp;! C\u2019est s\u00fbr&nbsp;! Nous avons rajout\u00e9 une ombre en persistant \u00e0 croire dans la s\u00e9paration.<\/p>\n\n\n\n<p>De l\u2019ombre + de l\u2019ombre n\u2019a jamais donn\u00e9 plus de conscience de la Lumi\u00e8re&nbsp;!<\/p>\n\n\n\n<p>\u25cf<\/p>\n\n\n\n<p>Oui, c\u2019est \u00e9vident&nbsp;!<\/p>\n\n\n\n<p>\u25a0<\/p>\n\n\n\n<p>Quelque part, trop souvent, nous avons persist\u00e9, encore, \u00e0 croire en l\u2019existence r\u00e9elle de l\u2019ombre\u2026<\/p>\n\n\n\n<p><\/p>\n\n\n\n<p class=\"has-text-align-right\"><em>Proph\u00e9tie<\/em><em><\/em><\/p>\n\n\n\n<p>C\u2019est pour cela que nous ne pourrons retrouver et vivre, \u00e0 nouveau, le Paradis pour tous que lorsque toute l\u2019humanit\u00e9, sans aucune exception, aimera toute l\u2019ombre qu\u2019elle avait imagin\u00e9e.&nbsp;<\/p>\n\n\n\n<p>Alors, il n\u2019y aura plus d\u2019ombre&nbsp;!&nbsp;<\/p>\n\n\n\n<p>Toute l\u2019ombre aura \u00e9t\u00e9 rendue \u00e0 la Lumi\u00e8re&nbsp;!<\/p>\n\n\n\n<p>Cela se passe de fa\u00e7on totalement spontan\u00e9e, naturelle. Il n\u2019y a pas besoin d\u2019une r\u00e9flexion bas\u00e9e sur les m\u00e9moires\u2026&nbsp;<\/p>\n\n\n\n<p>Tout simplement, il n\u2019y a plus de sac \u00e0 dos\u2026 Z\u00e9ro sac \u00e0 dos&nbsp;! Donc il n\u2019y a plus de poids. Le sac \u00e0 dos est compl\u00e8tement aim\u00e9&nbsp;!<\/p>\n\n\n\n<p>Ou alors, autre image tr\u00e8s belle, ce sac \u00e0 dos de nos m\u00e9moires ne contient plus que la Lumi\u00e8re reconnue dans ce que nous avions cru \u00eatre l\u2019ombre\u2026&nbsp;<\/p>\n\n\n\n<p>Et alors, quelle l\u00e9g\u00e8ret\u00e9&nbsp;!<\/p>\n\n\n\n<p>Et, \u00e0 partir de l\u00e0, la suite de l\u2019\u00e9volution se fait de fa\u00e7on tr\u00e8s naturelle\u2026 On \u00ab&nbsp;tombe&nbsp;\u00bb dans la conscience de la Lumi\u00e8re pour toujours\u2026 On \u00ab&nbsp;tombe&nbsp;\u00bb dans le Paradis&nbsp;! Sans s\u2019en rendre compte\u2026&nbsp;<\/p>\n\n\n\n<p>\u00c7a nous tombe dessus\u2026 et, comme tu l\u2019as dit, nous nous demandons : \u00ab\u00a0D\u2019o\u00f9 cela nous vient-il ?\u00a0\u00bb\u2026 Qu\u2019est-ce que l\u2019on a fait pour vivre cette Lumi\u00e8re, enfin&nbsp;? Comment se fait-il que ce soit si simple, si naturel&nbsp;?<\/p>\n\n\n\n<p>Bien s\u00fbr, auparavant, il y aura eu beaucoup de changements fondamentaux dans tous les domaines&nbsp;: philosophiques, techniques, scientifiques, politiques, artistiques etc\u2026 Et puis lorsque la derni\u00e8re ombre aura \u00e9t\u00e9 reconnue pour ce qu\u2019elle est, Lumi\u00e8re Pure, l\u00e0, nous basculerons dans la conscience toujours plus grande de la Lumi\u00e8re Infinie, sans plus aucune douleur.<\/p>\n\n\n\n<p>C\u2019est au-del\u00e0 de l\u2019exponentiel&nbsp;!<\/p>\n\n\n\n<p>Cela nous est offert.<\/p>\n\n\n\n<p>Alors, nous retrouvons la conscience v\u00e9ritable de notre nature, cette conscience de la Lumi\u00e8re Absolue&nbsp;: tout le pass\u00e9 est aim\u00e9, tout l\u2019avenir est simple et lumineux et tout est v\u00e9cu dans la conscience du Divin\u2026<\/p>\n\n\n\n<p>Nous avons, alors, retrouv\u00e9 notre \u00e9tat naturel d\u2019adoration&nbsp;!<\/p>\n\n\n\n<p>Nous avons retrouv\u00e9 l\u2019usage naturel de notre libre arbitre\u2026<\/p>\n\n\n\n<p>Tout fonctionne comme cela aurait toujours d\u00fb fonctionner depuis toujours\u2026<\/p>\n\n\n\n<p><em>Silence\u2026<\/em><em><\/em><\/p>\n\n\n\n<p><\/p>\n\n\n\n<p class=\"has-text-align-right\"><em>Nous croyons aujourd\u2019hui, plus qu\u2019hier et bien moins que demain<\/em><em><\/em><\/p>\n\n\n\n<p>\u25cf<\/p>\n\n\n\n<p>C\u2019est rigolo, cette fa\u00e7on de penser\u2026<\/p>\n\n\n\n<p>Je n\u2019avais m\u00eame pas vu le regard que je portais\u2026.<\/p>\n\n\n\n<p>\u25a0<\/p>\n\n\n\n<p>C\u2019est normal&nbsp;! C\u2019est comme cela que nous avan\u00e7ons\u2026<\/p>\n\n\n\n<p>Oui&nbsp;! Tu n\u2019avais pas vu le regard que tu portais, mais maintenant tu l\u2019as vu&#8230; Et c\u2019est \u00e7a qui fait la mutation.&nbsp;<\/p>\n\n\n\n<p>Nous passons ainsi d\u2019une certaine incroyance \u00e0 une croyance encore un peu plus grande\u2026 et ainsi de suite\u2026<\/p>\n\n\n\n<p>Comment faire autrement&nbsp;?<\/p>\n\n\n\n<p>\u25cf<\/p>\n\n\n\n<p>Oui&nbsp;! C\u2019est s\u00fbr&nbsp;! C\u2019est comme si j\u2019avais \u00e9t\u00e9 impr\u00e9gn\u00e9e d\u2019une id\u00e9ologie et que je ne savais parler que cette langue\u2026 Voil\u00e0&nbsp;! C\u2019\u00e9tait comme \u00e7a&nbsp;!<\/p>\n\n\n\n<p>C\u2019est comme s\u2019il fallait que nous apprenions le vocabulaire d\u2019une autre langue\u2026<\/p>\n\n\n\n<p>\u25a0<\/p>\n\n\n\n<p>Oui mais, attention ! Ce vocabulaire de l\u2019autre langue doit inclure tout le vocabulaire de la langue ancienne.<\/p>\n\n\n\n<p>On ne peut pas combattre la langue ancienne&nbsp;: il faut l\u2019aimer, il faut \u00eatre heureux qu\u2019elle existe\u2026 Combattre, ce serait continuer \u00e0 imaginer l\u2019ombre et croire en elle, au lieu de prendre conscience qu\u2019elle n\u2019\u00e9tait que la Lumi\u00e8re dont nous avions perdu conscience\u2026<\/p>\n\n\n\n<p>Nous ne voulons pas \u00ab&nbsp;combattre&nbsp;\u00bb, m\u00eame un simple \u00ab&nbsp;point&nbsp;\u00bb sur un \u00ab&nbsp;i&nbsp;\u00bb \u2026<\/p>\n\n\n\n<p><\/p>\n\n\n\n<p class=\"has-text-align-right\"><em>Rien n\u2019est \u00e0 abandonner, tout est \u00e0 aimer.<\/em><em><\/em><\/p>\n\n\n\n<p class=\"has-text-align-left\">En effet, rien n\u2019est \u00e0 combattre, tout est \u00e0 aimer.<\/p>\n\n\n\n<p>Mais quand nous disons \u00ab&nbsp;rien&nbsp;\u00bb \u2026 c\u2019est vraiment \u00ab&nbsp;rien&nbsp;\u00bb&nbsp;!<\/p>\n\n\n\n<p>C\u2019est un rien qui grandit, qui grandit et qui va finalement tout comprendre, une chose apr\u00e8s l\u2019autre\u2026<\/p>\n\n\n\n<p>Le nouveau langage doit donc inclure toutes les lettres et tous les mots de l\u2019ancien langage\u2026 Il doit donc inclure, amoureusement, toute l\u2019ancienne langue et y reconna\u00eetre la Lumi\u00e8re Absolue.<\/p>\n\n\n\n<p>Cela ne se fera pas par la disparition de quelque chose\u2026<\/p>\n\n\n\n<p>\u25cf<\/p>\n\n\n\n<p>Oui, \u00e7a, c\u2019est vrai&nbsp;!<\/p>\n\n\n\n<p>\u25a0<\/p>\n\n\n\n<p>\u2026 Mais cela se fera par la prise de conscience de la Lumi\u00e8re dans cette chose\u2026 et dans toute chose\u2026 etc&#8230;<\/p>\n\n\n\n<p>\u25cf<\/p>\n\n\n\n<p>Il faut donc que nous y arrivions\u2026<\/p>\n\n\n\n<p>\u25a0<\/p>\n\n\n\n<p>De toutes les fa\u00e7ons, tout ce qui n\u2019a pas \u00e9t\u00e9 aim\u00e9 se repr\u00e9sente \u00e0 notre conscience pour \u00eatre aim\u00e9&nbsp;!<\/p>\n\n\n\n<p>Donc, tout, absolument tout, sera finalement aim\u00e9.<\/p>\n\n\n\n<p>Il y a, en nous, un d\u00e9sir de conscience de la Lumi\u00e8re infiniment plus grand que nos peurs ombreuses limit\u00e9es qu\u2019ont mis en place nos pertes de conscience de la Lumi\u00e8re.&nbsp;<\/p>\n\n\n\n<p>Il n\u2019y a pas de soucis \u00e0 se faire, pas de programme \u00e0 mettre en place\u2026 Cela se fait selon la logique la plus belle.&nbsp;<\/p>\n\n\n\n<p>Cela se fait n\u00e9cessairement de la fa\u00e7on la plus confortable, la plus efficace.<\/p>\n\n\n\n<p>\u25cf<\/p>\n\n\n\n<p>Vraiment&nbsp;?<\/p>\n\n\n\n<p>\u25a0<\/p>\n\n\n\n<p>Ah oui&nbsp;! Regarde la crise actuelle\u2026<\/p>\n\n\n\n<p>\u25cf<\/p>\n\n\n\n<p>Eh bien, en quoi est-elle confortable\u2026&nbsp;?<\/p>\n\n\n\n<p>\u25a0<\/p>\n\n\n\n<p>Elle est confortable, parce que nous choisissons d\u2019\u00eatre confortable \u00ab&nbsp;dans&nbsp;\u00bb cette crise.<\/p>\n\n\n\n<p>Notre qu\u00eate, c\u2019est bien quand m\u00eame d\u2019\u00eatre heureux, l\u00e0&nbsp;?<\/p>\n\n\n\n<p>\u25cf<\/p>\n\n\n\n<p>Oui&nbsp;! bien s\u00fbr&nbsp;!<\/p>\n\n\n\n<p>\u25a0<\/p>\n\n\n\n<p>Eh bien, voil\u00e0&nbsp;!<\/p>\n\n\n\n<p>\u25cf<\/p>\n\n\n\n<p>Oui&nbsp;! Actuellement, tel que c\u2019est\u2026 et \u00e9galement plus tard si cela devenait pire&nbsp;!<\/p>\n\n\n\n<p>\u25a0<\/p>\n\n\n\n<p>C\u2019est cette joie qui abandonne toutes les conditions, les unes apr\u00e8s les autres, cette fid\u00e9lit\u00e9 \u00e0 la croyance optimum en la Lumi\u00e8re en toutes choses, qui construit la suite\u2026&nbsp;<\/p>\n\n\n\n<p>Nous comprenons bien que tant que les \u00c2mes les plus conscientes de la Lumi\u00e8re n\u2019y arrivent pas, elles reviennent le nombre de fois n\u00e9cessaires pour y arriver et alors la crise se prolonge&#8230; jusqu\u2019\u00e0 ce qu\u2019elles y arrivent&nbsp;!<\/p>\n\n\n\n<p>\u25cf<\/p>\n\n\n\n<p>J\u2019ai l\u2019impression qu\u2019il n\u2019y en a pas beaucoup qui appr\u00e9cient\u2026<\/p>\n\n\n\n<p>\u25a0<\/p>\n\n\n\n<p>Mais, en route, tout le monde progresse\u2026 Il y a une progression au-del\u00e0 des apparences\u2026 Si, si&nbsp;!<\/p>\n\n\n\n<p><\/p>\n\n\n\n<p class=\"has-text-align-right\"><em>Que ceux qui osent le savoir le sachent&nbsp;!<\/em><\/p>\n\n\n\n<p>Osons penser ce que nous sommes les plus heureux de penser&nbsp;!<\/p>\n\n\n\n<p>Nous ne voulons pas l\u00e2cher le morceau&nbsp;! Nous voulons r\u00e9ussir&nbsp;! Il peut se pr\u00e9senter tous les brouillages de l\u2019ombre possible&nbsp;: nous voulons r\u00e9ussir\u2026 et nous r\u00e9ussirons&nbsp;!<\/p>\n\n\n\n<p>Nous voulons&nbsp;voir la Lumi\u00e8re dans ce qui se passe\u2026 Nous voulons voir la conscience qui s\u2019ouvre en chacun\u2026 Nous ne l\u00e2chons pas le morceau&nbsp;!<\/p>\n\n\n\n<p>\u25cf<\/p>\n\n\n\n<p>Non&nbsp;! C\u2019est s\u00fbr que ce n\u2019est pas possible autrement, parce que sinon il n\u2019y a plus rien qui tient&nbsp;!<\/p>\n\n\n\n<p>\u25a0<\/p>\n\n\n\n<p>Badaboum&nbsp;! Sinon on continu dans l\u2019obscurit\u00e9 ombreuse\u2026 Et cela mettra 100.000 ans de plus, ou plus\u2026 Nous ne savons pas&nbsp;!<\/p>\n\n\n\n<p>Le&nbsp;temps ne nous est pas compt\u00e9\u2026 Alors nous pouvons souffrir autant que nous voulons, mais ce n\u2019est pas cela que nous voulons\u2026&nbsp;<\/p>\n\n\n\n<p>Ce que nous voulons, c\u2019est retrouver le plus rapidement possible cet \u00e9tat soi-disant perdu de Paradis, cet \u00e9tat naturel de l\u2019Eden&nbsp;!<\/p>\n\n\n\n<p>Et cela ne peut se faire qu\u2019en grignotant l\u2019ombre de Lumi\u00e8re\u2026<\/p>\n\n\n\n<p>Nous n\u2019avons pas d\u2019autres solutions&nbsp;: il faut que nous \u00e9clairions l\u2019ombre de la Lumi\u00e8re dont elle est tiss\u00e9e\u2026<\/p>\n\n\n\n<p>L\u2019ombre n\u2019est que la Lumi\u00e8re \u00c9ternelle et Omnipr\u00e9sente dont nous avions simplement perdu conscience&nbsp;: alors reprenons conscience&nbsp;!<\/p>\n\n\n\n<p><em>Silence\u2026<\/em><\/p>\n\n\n\n<p>\u25cf<\/p>\n\n\n\n<p>J\u2019avais bien aim\u00e9, quand m\u00eame, cette image qui \u00e9tait que \u00ab&nbsp;quand nous combattons l\u2019ombre nous rajoutons de l\u2019ombre \u00e0 l\u2019ombre\u2026&nbsp;\u00bb<\/p>\n\n\n\n<p>Et la suivante, c\u2019est \u00ab&nbsp;Voir la Lumi\u00e8re partout&nbsp;\u00bb \u2026&nbsp;<\/p>\n\n\n\n<p>Eh bien pourquoi pas&nbsp;?&nbsp;<\/p>\n\n\n\n<p>Nous analysons les situations&nbsp;diff\u00e9remment\u2026 Mais quelles que soient les situations, il ne faut rien combattre&nbsp;!&nbsp;<\/p>\n\n\n\n<p>\u25a0<\/p>\n\n\n\n<p>Oui ! C\u2019est la non-violence du Christ&nbsp;que Gandhi a si bien pratiqu\u00e9&nbsp;!&nbsp;<\/p>\n\n\n\n<p>Soyons fid\u00e8les&nbsp;! Soyons croyants en la Lumi\u00e8re Parfaite&nbsp;! Et soyons aussi courageux&nbsp;: Nous n\u2019avons pas d\u2019autre option&nbsp;!<\/p>\n\n\n\n<p>\u25cf<\/p>\n\n\n\n<p>Oui, nous avions parl\u00e9, la derni\u00e8re fois, du courage\u2026<\/p>\n\n\n\n<p>\u25a0<\/p>\n\n\n\n<p>\u00ab&nbsp;C\u2019est par l\u00e0\u2026 C\u2019est par l\u00e0&nbsp;\u00bb&nbsp;: nous n\u2019avons vraiment aucune autre option\u2026<\/p>\n\n\n\n<p>Nous savons bien que c\u2019est \u00ab\u00a0\u00e7a\u00a0\u00bb, quand nous raisonnons de plus en plus sainement, comme nous apprenons \u00e0 le faire\u2026 Nous sentons que c\u2019est \u00e7a\u2026&nbsp;<\/p>\n\n\n\n<p>Nous le savons&nbsp;!<\/p>\n\n\n\n<p>\u25cf<\/p>\n\n\n\n<p>Oui&nbsp;! Ce n\u2019est pas un probl\u00e8me de foi ou de croyance&nbsp;! C\u2019est un probl\u00e8me de fonctionnement.<\/p>\n\n\n\n<p><\/p>\n\n\n\n<p class=\"has-text-align-right\"><em>L\u2019Humilit\u00e9 de la Lumi\u00e8re<\/em><em><\/em><\/p>\n\n\n\n<p>\u25a0<\/p>\n\n\n\n<p>Apr\u00e8s, il faut avoir l\u2019humilit\u00e9 du travail\u2026 l\u2019humilit\u00e9 de la r\u00e9p\u00e9tition&nbsp;du travail\u2026 Instant apr\u00e8s instant\u2026 Tout petit instant apr\u00e8s tout petit instant&nbsp;!<\/p>\n\n\n\n<p>Rentabilisons \u00ab&nbsp;cette merveilleuse petite mi-temps de retard&nbsp;\u00bb qui nous est offerte pour pouvoir vivre notre libre arbitre&#8230; Et ainsi changer l\u2019option et oser \u00eatre heureux de ce que, \u00e0 l\u2019instant d\u2019avant, nous n\u2019avions pas os\u00e9 \u00eatre heureux.<\/p>\n\n\n\n<p>\u00c0 ce petit instant, nous faisons de notre mieux\u2026 et nous r\u00e9cup\u00e9rons le plus agr\u00e9ablement possible l\u2019usage de notre libre arbitre dont nous avions maladroitement perdu conscience\u2026<\/p>\n\n\n\n<p>Cela nous permet d\u2019augmenter, de fa\u00e7on naturel et douce, notre conscience de la Lumi\u00e8re \u00e0 propos de cette petite chose que nous avons v\u00e9cu l\u2019instant d\u2019avant.<\/p>\n\n\n\n<p>Et ainsi, instant par instant\u2026 Nous sommes tout petits et tout efficaces&nbsp;!<\/p>\n\n\n\n<p>Et n\u2019oublions pas que le temps ne nous est pas compt\u00e9\u2026 Ne comptons pas en temps\u2026 mais en \u00c9ternit\u00e9&nbsp;!<\/p>\n\n\n\n<p>Je veux dire&nbsp;: 1000 ans, 10.000, 100.000 ans\u2026 ce sont des dur\u00e9es que nous avons d\u00e9j\u00e0 v\u00e9cu de nombreuses fois sur la terre\u2026<\/p>\n\n\n\n<p>Et nos m\u00e9moires nous disent que des \u00catres merveilleux viennent et reviennent r\u00e9guli\u00e8rement pour nous encourager, sur ce chemin sur lequel nous marchons, \u00e0 avoir toujours plus de conscience de la Lumi\u00e8re \u2026<\/p>\n\n\n\n<p>Ils sont fid\u00e8les \u00e0 la Lumi\u00e8re\u2026 et ils croient en nous&nbsp;! Alors, ils reviennent et reviennent encore\u2026 Ils reviendront toujours&nbsp;! Quel courage&nbsp;!<\/p>\n\n\n\n<p>Suivons leurs traces&#8230;<\/p>\n\n\n\n<div style=\"height:41px\" aria-hidden=\"true\" class=\"wp-block-spacer\"><\/div>\n\n\n\n<p class=\"has-text-align-center\"><em>Click, nous coupons l&rsquo;enregistrement de cette 8\u00e8me partie du 5\u00e8me Entretien&#8230;<\/em><\/p>\n\n\n\n<p class=\"has-text-align-center\"><em>Et, c&rsquo;est la fin de ce 5<sup>\u00e8me<\/sup>&nbsp;Entretiens<\/em><\/p>\n\n\n\n\n\n\n\n<p><\/p>\n","protected":false},"excerpt":{"rendered":"<p>Peu importe&nbsp;! Parce que si \u00e0&nbsp;chaque&nbsp;instant,&nbsp;nous sommes de plus en plus heureux, si nous osons fonctionner avec une conscience toujours plus grande de la Lumi\u00e8re dans le pass\u00e9 et dans l\u2019avenir,alors nous serons vraiment de plus en plus heureux. De quoi, alors, pouvons-nous nous plaindre&nbsp;? Le but de la vie, n\u2019est-il pas d\u2019\u00eatre de plus &hellip; <a href=\"https:\/\/behappy8.org\/?p=2104\" class=\"more-link\">Continuer la lecture<span class=\"screen-reader-text\"> de &laquo;&nbsp;Les 8 entretiens (8\u00e8me Partie du 5\u00e8me Entretien)&nbsp;&raquo;<\/span><\/a><\/p>\n","protected":false},"author":1,"featured_media":0,"comment_status":"open","ping_status":"open","sticky":false,"template":"","format":"chat","meta":{"footnotes":""},"categories":[2030],"tags":[],"class_list":["post-2104","post","type-post","status-publish","format-chat","hentry","category-5eme-entretien-8","post_format-post-format-chat"],"_links":{"self":[{"href":"https:\/\/behappy8.org\/index.php?rest_route=\/wp\/v2\/posts\/2104","targetHints":{"allow":["GET"]}}],"collection":[{"href":"https:\/\/behappy8.org\/index.php?rest_route=\/wp\/v2\/posts"}],"about":[{"href":"https:\/\/behappy8.org\/index.php?rest_route=\/wp\/v2\/types\/post"}],"author":[{"embeddable":true,"href":"https:\/\/behappy8.org\/index.php?rest_route=\/wp\/v2\/users\/1"}],"replies":[{"embeddable":true,"href":"https:\/\/behappy8.org\/index.php?rest_route=%2Fwp%2Fv2%2Fcomments&post=2104"}],"version-history":[{"count":15,"href":"https:\/\/behappy8.org\/index.php?rest_route=\/wp\/v2\/posts\/2104\/revisions"}],"predecessor-version":[{"id":2443,"href":"https:\/\/behappy8.org\/index.php?rest_route=\/wp\/v2\/posts\/2104\/revisions\/2443"}],"wp:attachment":[{"href":"https:\/\/behappy8.org\/index.php?rest_route=%2Fwp%2Fv2%2Fmedia&parent=2104"}],"wp:term":[{"taxonomy":"category","embeddable":true,"href":"https:\/\/behappy8.org\/index.php?rest_route=%2Fwp%2Fv2%2Fcategories&post=2104"},{"taxonomy":"post_tag","embeddable":true,"href":"https:\/\/behappy8.org\/index.php?rest_route=%2Fwp%2Fv2%2Ftags&post=2104"}],"curies":[{"name":"wp","href":"https:\/\/api.w.org\/{rel}","templated":true}]}}