{"id":2130,"date":"2021-05-15T11:15:00","date_gmt":"2021-05-15T09:15:00","guid":{"rendered":"https:\/\/behappy8.org\/?p=2130"},"modified":"2024-09-26T11:16:44","modified_gmt":"2024-09-26T09:16:44","slug":"les-8-entretiens-6eme-partie-du-4eme-entretien","status":"publish","type":"post","link":"https:\/\/behappy8.org\/?p=2130","title":{"rendered":"Les 8 entretiens (6\u00e8me Partie du 4\u00e8me Entretien)"},"content":{"rendered":"\n\n\n\n\n<div style=\"height:40px\" aria-hidden=\"true\" class=\"wp-block-spacer\"><\/div>\n\n\n\n<figure class=\"wp-block-audio\"><audio controls src=\"https:\/\/behappy8.org\/wp-content\/uploads\/2024\/09\/Les-8-entretiens-6eme-Partie-du-4eme-Entretien.m4a\"><\/audio><\/figure>\n\n\n\n<div style=\"height:44px\" aria-hidden=\"true\" class=\"wp-block-spacer\"><\/div>\n\n\n\n<p class=\"has-text-align-left\">\u25cf<\/p>\n\n\n\n<p>Alors, il faut r\u00e9p\u00e9ter&nbsp;!<\/p>\n\n\n\n<p>\u25a0<\/p>\n\n\n\n<p>Oui, c\u2019est vrai&nbsp;! Il faut r\u00e9p\u00e9ter\u2026 pour arriver un jour \u00e0 la virtuosit\u00e9,&nbsp;<\/p>\n\n\n\n<p>Et pour l\u2019instant, c\u2019est pour la parole, comme pour la pens\u00e9e&nbsp;! Nous sommes oblig\u00e9s de prendre un temps d\u2019arr\u00eat avant de parler\u2026&nbsp;<\/p>\n\n\n\n<p>Simplement le temps de v\u00e9rifier si, \u00e0 cet instant, si ce que notre \u00c2me nous invite \u00e0 dire ou \u00e0 ne pas dire, \u00e0 exprimer ou \u00e0 ne pas exprimer, c&rsquo;est bien ce que nous allons dire, c&rsquo;est bien ce que nous allons exprimer&#8230; Pensons-nous et disons-nous ce que nous sommes bien le plus heureux de penser et de dire\u2026 Et ceci \u00e0 cette personne particuli\u00e8re ou \u00e0 ce groupe de personnes particulier\u2026<\/p>\n\n\n\n<p>Pour l\u2019instant, il nous faut prendre un peu de temps \u00e0 chaque fois parce que nous ne sommes pas encore virtuose&nbsp;!<\/p>\n\n\n\n<p>En effet, de m\u00eame qu\u2019il faut r\u00e9p\u00e9ter un mouvement de danse pour devenir de plus en plus rapide et harmonieux dans son ex\u00e9cution, de m\u00eame, bien s\u00fbr, il faut r\u00e9p\u00e9ter un mouvement de pens\u00e9e pour \u00eatre de plus en plus rapide \u00e0 penser cette pens\u00e9e\u2026\u00a0puis \u00e0 l&rsquo;exprimer.<\/p>\n\n\n\n<p>Et ceci jusqu\u2019\u00e0 devenir un virtuose \u00e0 penser ce que l\u2019on est le plus heureux de penser&nbsp;!<\/p>\n\n\n\n<p>Pour l\u2019instant nous avons encore des m\u00e9canismes ombreux qui retardent la prise de conscience de la Lumi\u00e8re \u00e0 chaque instant\u2026&nbsp;<\/p>\n\n\n\n<p>Mais, ce temps de retard va de plus en plus se raccourcir, c\u2019est in\u00e9vitable avec notre entrainement par la r\u00e9p\u00e9tition\u2026&nbsp;<\/p>\n\n\n\n<p>Et au fur et \u00e0 mesure les circuits neurologiques vont \u00eatre mis en place pour pouvoir penser et reconna\u00eetre de plus en plus vite la Lumi\u00e8re l\u00e0 o\u00f9 Elle est&#8230; C\u2019est \u00e0 dire Partout\u00a0!<\/p>\n\n\n\n<p><em>Silence\u2026<\/em><\/p>\n\n\n\n<p><\/p>\n\n\n\n<p class=\"has-text-align-right\"><em>La science, conscience vivante de l\u2019Unit\u00e9<\/em><\/p>\n\n\n\n<p>Maintenant, je glisse de ce sujet sur un autre&nbsp;: \u00ab&nbsp;As-tu eu l\u2019occasion d\u2019\u00e9couter des vid\u00e9os de Nassim Haramein&nbsp;?<\/p>\n\n\n\n<p>\u25cf<\/p>\n\n\n\n<p>Oui il y a quelques ann\u00e9es\u2026<\/p>\n\n\n\n<p>\u25a0<\/p>\n\n\n\n<p>C\u2019est int\u00e9ressant ce qu\u2019il dit sur la conscience\u2026<\/p>\n\n\n\n<p>\u25cf<\/p>\n\n\n\n<p>J\u2019aimerais bien le r\u00e9\u00e9couter\u2026 Est-ce toujours accessible&nbsp;?<\/p>\n\n\n\n<p>\u25a0<\/p>\n\n\n\n<p>Oui\u00a0! Il y a toujours de nombreuses vid\u00e9os de lui qui sont accessibles sur internet. Mais la plupart sont en anglais&#8230; Et derni\u00e8rement, je viens de m\u2019abonner \u00e0 un site qui se nomme Ga\u00efa pour pouvoir y voir ses nouvelles conf\u00e9rences en fran\u00e7ais.<\/p>\n\n\n\n<p>Je trouve la fa\u00e7on dont il le fait tr\u00e8s int\u00e9ressante\u2026 Le regard qu\u2019il a est tr\u00e8s int\u00e9ressant\u2026 et \u00e7a colle avec notre sensibilit\u00e9\u2026\u00a0C&rsquo;est une physique unifi\u00e9e.<\/p>\n\n\n\n<p>\u25cf<\/p>\n\n\n\n<p>Moi, j\u2019aime bien\u2026 Je suis tr\u00e8s attir\u00e9e par la physique\u2026 J\u2019ai eu des moments d\u2019exp\u00e9riences spirituelles importantes li\u00e9es \u00e0 la physique\u2026&nbsp;<\/p>\n\n\n\n<p>Il n\u2019a pas \u00e9crit de bouquins&nbsp;?<\/p>\n\n\n\n<p>\u25a0<\/p>\n\n\n\n<p>Non\u00a0! seulement un tout petit livre qui est une transcription de l&rsquo;une de ses conf\u00e9rence\u2026 C\u2019est tout en dialogue ou en conf\u00e9rence&#8230; Parfois en fran\u00e7ais, mail le plus souvent en anglais.<\/p>\n\n\n\n<p>Mais bien s\u00fbr il y a ses travaux scientifiques qui sont d\u00e9crits dans des \u00ab&nbsp;papiers&nbsp;\u00bb, des \u00e9crits scientifiques qui sont difficile d\u2019acc\u00e8s pour le profane\u2026<\/p>\n\n\n\n<p>Sinon, ce sont des vid\u00e9os qui sont tr\u00e8s int\u00e9ressantes, mais le plus souvent en anglais.<\/p>\n\n\n\n<p>La premi\u00e8re vid\u00e9o que j\u2019avais vu de lui il y a quelques ann\u00e9es et qui m\u2019avait bien instruit, c\u2019est celle d\u2019une conf\u00e9rence \u00e0 Paris en 2016\u2026 Elle est toujours en ligne&#8230; Et elle donne un bon r\u00e9sum\u00e9 de sa d\u00e9marche scientifique, jusqu&rsquo;\u00e0 l&rsquo;\u00e9poque&#8230; C&rsquo;est d\u00e9j\u00e0 beaucoup : elle dure environ trois heures.<\/p>\n\n\n\n<p>Depuis, il a bien s\u00fbr continu\u00e9 son chemin de d\u00e9couverte. C&rsquo;est tr\u00e8s beau\u00a0!<\/p>\n\n\n\n<p>\u25cf<\/p>\n\n\n\n<p>Oui, \u00e7a fait bien longtemps que je ne l\u2019ai pas entendu.<\/p>\n\n\n\n<p>\u25a0<\/p>\n\n\n\n<p>Il \u00e9volue sans cesse dans sa qu\u00eate scientifique, avec son \u00e9quipe\u2026 Et depuis peu, il est arriv\u00e9 \u00e0 relier la conscience et la physique la plus pointue\u2026 Et \u00e7a, c&rsquo;est vraiment tr\u00e8s int\u00e9ressant\u00a0!<\/p>\n\n\n\n<p>\u00c0 mon avis, c\u2019est le physicien, parmi ceux que je connais, qui est le plus proche de \u00ab\u00a0la Vraie Physique\u00a0\u00bb.\u00a0C&rsquo;est lui qui a la vision la plus claire de la v\u00e9rit\u00e9<\/p>\n\n\n\n<p>Il n\u2019a suivi aucun cursus universitaire officiel\u2026 Il n\u2019a donc pas de dipl\u00f4me universitaire\u2026<\/p>\n\n\n\n<p>\u25cf<\/p>\n\n\n\n<p>Il n\u2019est pas issu d\u2019une universit\u00e9&nbsp;?<\/p>\n\n\n\n<p>\u25a0<\/p>\n\n\n\n<p>Non, non&nbsp;! C\u2019est un physicien autodidacte\u2026 Et, de ce fait, il s\u2019est instruit \u00e0 son rythme lui-m\u00eame, depuis sa jeunesse\u2026<\/p>\n\n\n\n<p>\u25cf<\/p>\n\n\n\n<p>Donc, il n\u2019a pas \u00e9t\u00e9 d\u00e9form\u00e9&nbsp;!<\/p>\n\n\n\n<p>\u25a0<\/p>\n\n\n\n<p>Oui\u00a0! C\u2019est bien un physicien auto-form\u00e9, free-lance\u00a0! Du coup, il ne s\u2019est pas fait coincer dans le moule des th\u00e9ories officielles. Une vraie chance pour lui\u2026 et pour nous\u00a0!\u00a0<\/p>\n\n\n\n<p>Ainsi, il a pu avoir un regard, sur la science et sur la vie, beaucoup plus lib\u00e9r\u00e9es de l\u2019ombre des universit\u00e9s qui, bien s\u00fbr, comme tout le reste ont de l\u2019ombre. C\u2019est normal\u2026 et du coup, il est moins ombreux\u00a0!<\/p>\n\n\n\n<p>\u25cf<\/p>\n\n\n\n<p>Ah, c\u2019est pour cela qu\u2019il est clair&nbsp;et qu\u2019il peut inventer d\u2019autres visions&nbsp;!<\/p>\n\n\n\n<p><\/p>\n\n\n\n<p class=\"has-text-align-right\"><em>Propagande Libre\u00a0: \u00ab\u00a0Dieu Est Tout\u00a0\u00bb<\/em><\/p>\n\n\n\n<p>\u25a0<\/p>\n\n\n\n<p>Oui\u00a0! Ses positions sont diff\u00e9rentes de celles de scientifiques plus officiels\u2026<\/p>\n\n\n\n<p>C\u2019est un peu comme un enfant qui n\u2019aurait pas subi une pression trop importante de l\u2019\u00e9ducation et de la propagande officielle\u2026 Il a \u00e9tudi\u00e9 pendant des ann\u00e9es tout seul, souvent dans son camping-car, tout en faisant des petits boulots, souvent en relation avec la nature\u2026<\/p>\n\n\n\n<p>En effet, il est difficile de faire des ann\u00e9es d\u2019\u00e9tude dans le circuit officiel sans perdre des plumes de conscience de la Lumi\u00e8re\u2026 ceci du fait de la pression constante de l\u2019ombre qui souvent est bien cach\u00e9e derri\u00e8re de belles v\u00e9rit\u00e9s, dans les cadres officielles\u2026&nbsp;<\/p>\n\n\n\n<p>De ce fait, depuis toujours, ce sont le plus souvent ceux qui sont arriv\u00e9s \u00e0 passer, au moins en partie, en dehors des chemins officiels qui font les d\u00e9couvertes du Divin les plus importantes pour l\u2019humanit\u00e9\u2026&nbsp;<\/p>\n\n\n\n<p>Les autres, ils ont une forte tendance \u00e0 r\u00e9p\u00e9ter ce qui leur a \u00e9t\u00e9 enseign\u00e9 sans l\u2019enrichir de nouvelles visions issues de leur \u00c2me\u2026 et , du coup, ils n\u2019innovent que peu\u00a0!<\/p>\n\n\n\n<p>Une fois que nous nous sommes engag\u00e9s sur les traces des autres skieurs, il n\u2019est pas toujours facile de les quitter, ces traces\u00a0! Et si ces traces ne font que tourner en rond, il n\u2019est pas facile de ne pas tourner en rond soi-m\u00eame\u00a0!<\/p>\n\n\n\n<p>Nassim, lui, a beaucoup appris tout seul, bien s\u00fbr en se nourrissant des connaissances existant dans les livres et les conf\u00e9rences auxquelles ils pouvait participer, mais librement, \u00e0 sa fa\u00e7on, \u00e0 son rythme\u2026 Il a grappill\u00e9 \u00e0 droite \u00e0 gauche, avec joie\u00a0!<\/p>\n\n\n\n<p>C\u2019est pour \u00e7a qu\u2019il est diff\u00e9rent\u2026Il est \u00ab&nbsp;a-normal&nbsp;\u00bb, c\u2019est \u00e0 dire hors norme, mais je trouve qu\u2019il est, dans sa pratique de la science, plus conscient de la Lumi\u00e8re que beaucoup d\u2019autres.<\/p>\n\n\n\n<p>\u25cf<\/p>\n\n\n\n<p>Ah, c\u2019est une bonne id\u00e9e, je vais le r\u00e9\u00e9couter\u2026<\/p>\n\n\n\n<p>Et&#8230; l\u2019autre personne dont tu m\u2019as parl\u00e9\u2026 c\u2019est Teilhard de Chardin, n&rsquo;est-ce pas\u00a0?<\/p>\n\n\n\n<p>\u25a0<\/p>\n\n\n\n<p>Oui\u00a0! Lui, sans avoir eu les donn\u00e9es physiques que nous pouvons dont nous pouvons disposer aujourd\u2019hui, il a fait d\u2019une fa\u00e7on un peu \u00ab\u00a0\u00e9sot\u00e9rique\u00a0\u00bb \u2026<\/p>\n\n\n\n<p>C\u2019est un scientifique\u2026<\/p>\n\n\n\n<p>\u25cf<\/p>\n\n\n\n<p>Oui, c\u2019est un scientifique, mais avec les donn\u00e9es de l\u2019\u00e9poque, il a effectu\u00e9 un travail \u00e9norme&nbsp;! Il a \u00e9t\u00e9 tr\u00e8s courageux\u2026<\/p>\n\n\n\n<p><\/p>\n\n\n\n<p class=\"has-text-align-right\"><em>Vivante, la vraie science enrichie notre spiritualit\u00e9<\/em><\/p>\n\n\n\n<p>\u25a0<\/p>\n\n\n\n<p>Oui, j&rsquo;ai \u00e9t\u00e9 et je suis encore tr\u00e8s enrichi par la lecture de ses \u00e9crits\u00a0! Lui aussi a travaill\u00e9 de fa\u00e7on scientifique. Son livre le plus connu, \u00ab\u00a0Le Ph\u00e9nom\u00e8ne Humain\u00a0\u00bb, est le livre d\u2019un scientifique\u2026 mais une science qui, l\u00e0 aussi, enrichie notre spiritualit\u00e9\u2026 sans en avoir l\u2019air\u00a0!<\/p>\n\n\n\n<p>J\u2019en suis toujours \u00e0 le relire\u2026 et j\u2019y capte, \u00e0 chaque fois de nouvelles informations int\u00e9ressantes\u2026 C\u2019\u00e9tait un visionnaire, lui aussi\u00a0! Il avait des visions tr\u00e8s belles, mais, c\u2019est aussi un excellent \u00e9crivain\u00a0! Il est si agr\u00e9able \u00e0 lire\u2026<\/p>\n\n\n\n<p>Dans son contexte de l&rsquo;\u00e9poque, comme tu le dis, il a \u00e9t\u00e9 tr\u00e8s courageux, mais aussi prudent et il est vrai que tout ce qu\u2019il a \u00e9crit de plus important n\u2019a \u00e9t\u00e9 \u00e9dit\u00e9 qu\u2019apr\u00e8s sa mort\u2026<\/p>\n\n\n\n<p>\u25cf<\/p>\n\n\n\n<p>Et il en a bav\u00e9\u00a0! On ne peut pas dire qu\u2019il a \u00e9t\u00e9 reconnu par l&rsquo;\u00e9glise, son \u00e9glise\u00a0!<\/p>\n\n\n\n<p>Mais, n\u2019emp\u00eache que pendant sa vie, lui, il a r\u00e9ussi \u00e0 rester dans le moule des j\u00e9suites\u2026 il n\u2019a heurt\u00e9 personne de front. Il a accept\u00e9, il a ob\u00e9i mais \u00e7a ne l\u2019a pas fait d\u00e9vier de ce qu\u2019il avait \u00e0 dire.<\/p>\n\n\n\n<p>Et finalement, l\u2019int\u00e9r\u00eat de ses \u00e9crits a \u00e9t\u00e9 reconnu r\u00e9cemment par le Vatican\u2026<\/p>\n\n\n\n<p>\u25a0<\/p>\n\n\n\n<p>C\u2019est vrai\u00a0! Mais, il a agi prudemment et intelligemment\u2026 Il a choisi que ses ouvrages les plus subversifs, les plus diff\u00e9rents, et les plus int\u00e9ressants, ne soient publi\u00e9s qu\u2019apr\u00e8s sa mort\u00a0!<\/p>\n\n\n\n<p>Il y a des gens courageux dans tous les domaines et certaines de ces \u00ab\u00a0locomotives\u00a0\u00bb de l\u2019humanit\u00e9 ont r\u00e9ussi \u00e9chapp\u00e9 de diff\u00e9rentes mani\u00e8res au moule de l\u2019ombre\u2026 Elles ont r\u00e9ussi \u00e0 ne pas se faire enfermer par l\u2019ombre\u2026 ni la leur, ni celle de leur soci\u00e9t\u00e9\u00a0!<\/p>\n\n\n\n<p>\u25cf<\/p>\n\n\n\n<p>En fait, tu vois, ce n\u2019est pas le m\u00eame type de courage&nbsp;: il y en a un, Teilhard, qui est vraiment rest\u00e9 dans le moule du moule du moule&nbsp;!&nbsp;<\/p>\n\n\n\n<p>\u25a0<\/p>\n\n\n\n<p>C\u2019est vrai, en tant que chr\u00e9tien, catholique\u2026 et en plus j\u00e9suite&nbsp;! C\u2019est difficile de faire mieux comme moule&nbsp;!<\/p>\n\n\n\n<p>\u25cf<\/p>\n\n\n\n<p>\u2026 et l\u2019autre, Nassim, lui, il a \u00e9t\u00e9 compl\u00e8tement \u00e0 l\u2019ext\u00e9rieur.\u00a0<\/p>\n\n\n\n<p>En fait ce courage, il est donc d&rsquo;ailleurs\u00a0!<\/p>\n\n\n\n<p>\u25a0<\/p>\n\n\n\n<p>Oui\u00a0! C\u2019est le courage d\u2019oser penser ce que tu es le plus heureux de penser&#8230; et \u00e0 un moment donn\u00e9 d\u2019oser l\u2019exprimer de fa\u00e7on respectueuse et g\u00e9n\u00e9reuse.<\/p>\n\n\n\n<p>\u25cf<\/p>\n\n\n\n<p>Finalement, le courage, c\u2019est accepter son \u00e9vidence int\u00e9rieur\u2026<\/p>\n\n\n\n<p><\/p>\n\n\n\n<p class=\"has-text-align-right\"><em>Allo&nbsp;! \u00c2me que je suis, je m\u2019\u00e9coute&nbsp;!<\/em><\/p>\n\n\n\n<p>\u25a0<\/p>\n\n\n\n<p>Dans notre monde actuel, le grand courage c\u2019est d\u2019\u00e9couter l\u2019\u00c2me. Tout simplement.<\/p>\n\n\n\n<p>\u25cf<\/p>\n\n\n\n<p>Non pas seulement : c\u2019est d\u2019\u00e9couter et d\u2019ob\u00e9ir&nbsp;!<\/p>\n\n\n\n<p>\u25a0<\/p>\n\n\n\n<p>Oui, tu as raison, c\u2019est vrai en fait\u00a0: \u00e9couter et entendre\u2026 Le mot \u00ab\u00a0ob\u00e9ir\u00a0\u00bb n\u2019est peut-\u00eatre pas ici le plus adapt\u00e9, parce que l\u2019\u00c2me n\u2019est pas une \u00ab\u00a0autorit\u00e9\u00a0\u00bb au sens ombreux du terme. Pour l\u2019instant, il vaut peut-\u00eatre mieux chercher un autre mot\u00a0?<\/p>\n\n\n\n<p>\u25cf<\/p>\n\n\n\n<p>Peut-\u00eatre \u00ab\u00a0ob\u00e9dience\u00a0\u00bb. C\u2019est le c\u00f4t\u00e9 \u00ab\u00a0adh\u00e9sion\u00a0\u00bb \u2026.<\/p>\n\n\n\n<p>\u25a0<\/p>\n\n\n\n<p>Il faut entendre l\u2019\u00c2me, l\u2019\u00e9couter, et agir librement selon son message. Mais ce n\u2019est pas \u00ab&nbsp;ob\u00e9ir&nbsp;\u00bb, avec le sens qui est, pour l\u2019instant, trop souvent donn\u00e9 \u00e0 ce mot.<\/p>\n\n\n\n<p>Peut-\u00eatre, me semble-t-il, que le probl\u00e8me que le mot \u00ab\u00a0ob\u00e9ir\u00a0\u00bb pose ici, c&rsquo;est qu&rsquo;il nous permet d\u2019imaginer facilement l\u2019\u00c2me comme s\u00e9par\u00e9e de nous. Comme si l\u2019\u00c2me \u00e9tait un \u00ab\u00a0ma\u00eetre\u00a0\u00bb attendant notre soumission\u2026 comme si nous pr\u00e9tendions que l\u2019\u00c2me et nous nous sommes bien deux et diff\u00e9rents\u2026 Alors que l\u2019\u00c2me, c\u2019est nous\u00a0!<\/p>\n\n\n\n<p>\u25cf<\/p>\n\n\n\n<p>Mais alors, l\u2019ob\u00e9dience, c\u2019est quoi&nbsp;?<\/p>\n\n\n\n<p>\u25a0<\/p>\n\n\n\n<p>Je ne connais pas bien le mot \u00ab&nbsp;ob\u00e9dience&nbsp;\u00bb \u2026&nbsp;<\/p>\n\n\n\n<p>Mais c\u2019est l\u00e0 l\u2019occasion de mieux le conna\u00eetre\u2026 Regardons-le ensembles dans le dictionnaire\u00a0: alors ,l\u00e0 , il nous dit que ses synonymes peuvent \u00eatre \u00ab\u00a0soumission, d\u00e9pendance, servitude, suj\u00e9tion subordination, ob\u00e9issance, asservissement etc\u2026\u00a0\u00bb \u2026\u00a0<\/p>\n\n\n\n<p>Alors non\u00a0! Tous ces mots ne nous conviennent pas, pour l\u2019instant, pour d\u00e9crire la relation merveilleuse d\u2019Unit\u00e9 et de Libert\u00e9 parfaite qu\u2019il y a entre l\u2019\u00c2me que je suis, la Pens\u00e9e que je suis et le Corps que je suis\u2026<\/p>\n\n\n\n<p>C\u2019est l\u2019ombre qui a imagin\u00e9 ces concepts et les mots pour les d\u00e9crire\u2026 Il y a eu l\u00e0 une perte de conscience \u00e9vidente de la Lumi\u00e8re Infinie et Omnipr\u00e9sente\u00a0!<\/p>\n\n\n\n<p>En fait, je crois que, \u00e0 cet instant, nous pouvons entendre l\u2019\u00c2me libre que nous sommes\u2026 \u00e0 ce m\u00eame instant, nous pouvons prendre conscience de la Pens\u00e9e libre que nous sommes\u2026 et \u00e0 ce m\u00eame instant \u00e9galement, le Corps libre, que nous sommes, peut l\u2019exprimer en acte\u2026<\/p>\n\n\n\n<p>L\u2019\u00c2me que je suis, la Pens\u00e9e que je suis et le Corps que je suis, c\u2019est \u00ab\u00a0moi en un et en l\u2019Un\u00a0\u00bb\u00a0!<\/p>\n\n\n\n<p>Rien que je sois ne doit \u00ab&nbsp;ob\u00e9ir&nbsp;\u00bb \u00e0 rien que je sois&nbsp;!<\/p>\n\n\n\n<p>Je ne suis en train d\u2019ob\u00e9ir \u00e0 rien\u2026 sauf, \u00e9ventuellement et douloureusement, \u00e0 de l\u2019ombre que j\u2019ai cr\u00e9\u00e9e de toute pi\u00e8ce en perdant conscience de la Lumi\u00e8re.<\/p>\n\n\n\n<p>Nous sommes des libres consciences qui disposons, justement, du Libre Arbitre\u2026<\/p>\n\n\n\n<p>Et nous apprenons \u00e0 utiliser le Libre Arbitre que nous sommes dans son usage originel, dans son usage naturel, pour fonctionner harmonieusement et librement selon le Plan Divin\u2026 Plan Divin qui n\u2019exige de nous aucune \u00ab&nbsp;ob\u00e9issance&nbsp;\u00bb&nbsp;!<\/p>\n\n\n\n<p>\u25cf<\/p>\n\n\n\n<p>Oui\u00a0! Oui\u00a0!J\u2019entends tr\u00e8s bien\u00a0! Je suis content de l\u2019avoir vu, parce que c\u2019\u00e9tait encore l\u00e0 une forme de dissociation, de s\u00e9paration de ma part\u2026<\/p>\n\n\n\n<p><\/p>\n\n\n\n<p class=\"has-text-align-right\"><em>Tout mot nomme Dieu<\/em><\/p>\n\n\n\n<p>\u25a0<\/p>\n\n\n\n<p>Mais, attention, je discutais l\u00e0 sur le mot \u00ab&nbsp;ob\u00e9ir&nbsp;\u00bb, en fonction de l\u2019usage que l\u2019on en faisait \u00e0 cet instant\u2026&nbsp;<\/p>\n\n\n\n<p>Mais, cela \u00e9tant, si je choisis d\u2019utiliser le mot \u00ab&nbsp;ob\u00e9ir&nbsp;\u00bb, il ne me reste plus qu\u2019une seule chose \u00e0 faire, et qui est parfaite&nbsp;: c\u2019est d\u2019\u00eatre heureux de l\u2019utiliser&nbsp;!<\/p>\n\n\n\n<p>L\u00e0 encore&nbsp;:&nbsp;<\/p>\n\n\n\n<p>\u00ab&nbsp;<em>C\u2019est la conscience qui fait toute la diff\u00e9rence<\/em>&nbsp;\u00bb \u2026<\/p>\n\n\n\n<p>\u25cf<\/p>\n\n\n\n<p>Oui, oui\u00a0! Mais je n\u2019avais pas vu ce que cela entra\u00eenait pour moi\u2026<\/p>\n\n\n\n<p>\u25a0<\/p>\n\n\n\n<p>Il ne faut pas que nous en arrivions \u00e0 nous interdire d\u2019utiliser un mot\u00a0! Si je suis totalement heureux d\u2019utiliser un mot, il est alors rendu \u00e0 la Lumi\u00e8re dont il est issu n\u00e9cessairement\u00a0!<\/p>\n\n\n\n<p>Si Dieu Est Tout\u2026 tout mot, fondamentalement, y compris le mot \u00ab\u00a0ob\u00e9ir\u00a0\u00bb, le nomme\u00a0!<\/p>\n\n\n\n<p>\u25cf<\/p>\n\n\n\n<p>Oui&nbsp;! D\u2019ailleurs, d\u2019utiliser ce mot \u00ab&nbsp;ob\u00e9ir&nbsp;\u00bb, \u00e0 cet instant, \u00e7a m\u2019a donn\u00e9 de l\u2019\u00e9lan sur le coup&nbsp;! Parce qu\u2019il faut aussi y aller et ouvrir notre conscience\u2026 et non pas se contenter d\u2019entendre\u2026&nbsp;<\/p>\n\n\n\n<p>Mais, quand m\u00eame, ce que je n\u2019avais pas vu, c\u2019est que cela sous-entendait d\u2019imaginer une distance avec l\u2019\u00c2me\u2026<\/p>\n\n\n\n<p>\u25a0<\/p>\n\n\n\n<p>C\u2019est, l\u00e0, agir selon l\u2019\u00c2me que nous sommes. C\u2019est \u00e0 dire que nous voulons simplement que notre action soit l\u2019expression instantan\u00e9e de notre \u00c2me.\u00a0<\/p>\n\n\n\n<p>Mais tout \u00e7a, \u00e7a se passe l\u00e0\u2026 en nous\u00a0! Il n\u2019y a pas quoi que ce soit qui nous commande d\u2019ailleurs\u2026 (En r\u00e9alit\u00e9, il n\u2019y a tout simplement pas, vraiment, d\u2019ailleurs\u00a0!)<\/p>\n\n\n\n<p>Mais, si tu veux, l\u00e0 tu as simplement imagin\u00e9 l\u2019\u00c2me un peu comme tu avais imagin\u00e9, au d\u00e9but de ta discussion, \u00e0 propos de la personne dont tu parlais tout \u00e0 l\u2019heure. C\u2019est le m\u00eame sch\u00e9ma, la m\u00eame id\u00e9e\u00a0: soi-disant, l\u2019\u00c2me va nous corriger\u00a0! Comme nous qui avons pu tenter de corriger l&rsquo;autre&#8230;<\/p>\n\n\n\n<p><\/p>\n\n\n\n<p class=\"has-text-align-right\"><em>L\u2019\u00c2me, la Lumi\u00e8re en nous<\/em><\/p>\n\n\n\n<p>Mais, non\u00a0! En utilisant nos concepts humains et les mots humains que nous utilisons pour parler maladroitement de ce qui nous transcende, l\u2019\u00c2me, c\u2019est la Lumi\u00e8re en nous\u00a0! l&rsquo;\u00c2me que nous sommes ne peut pas envisager de nous corriger puisque, Elle, Lumi\u00e8re en nous, ne nous voit que Lumi\u00e8re\u00a0! l&rsquo;\u00c2me voit nos actes comme la Lumi\u00e8re qu\u2019Elle est\u00a0! Elle voit nos choix comme la Lumi\u00e8re qu\u2019elle est\u2026 Elle ne voit que Sa Lumi\u00e8re\u00a0! Elle ne se voit qu\u2019Elle-m\u00eame\u00a0!<\/p>\n\n\n\n<p>Donc, elle n\u2019a m\u00eame pas l\u2019id\u00e9e, de correction. Il n\u2019y a rien \u00e0 corriger\u00a0: tout est Parfait (comme tout ce qu\u2019Elle est\u2026 et Elle Est Tout)\u00a0!\u00a0<\/p>\n\n\n\n<p>Il faut que nous revenions, sans cesse, sans arr\u00eat \u00e0 cette notion transcendantale de Lumi\u00e8re Infinie, \u00c9ternelle et qui est Absolue Omnipr\u00e9sence \u00e0 cet instant m\u00eame.\u00a0<\/p>\n\n\n\n<p>La Lumi\u00e8re, Elle, ne fait pas de cheminement&nbsp;: Elle Est&nbsp;!&nbsp;<\/p>\n\n\n\n<p>C\u2019est la conscience qui fait un cheminement \u00ab&nbsp;dans&nbsp;<em>et<\/em>&nbsp;vers&nbsp;\u00bb la Lumi\u00e8re.<\/p>\n\n\n\n<p>\u25cf<\/p>\n\n\n\n<p>Ah\u00a0! Oui\u00a0! La conscience\u2026 Un cheminement\u2026<\/p>\n\n\n\n<p>\u25a0<\/p>\n\n\n\n<p>C\u2019est un chemin comme on a dit\u2026 mais, ce n\u2019est pas un chemin entre deux points\u2026 Or, \u00e7a, c\u2019est difficile \u00e0 d\u00e9crire et \u00e0 dessiner\u2026 Pour le dessiner, par exemple sur une feuille de papier, nous sommes oblig\u00e9s de faire des concessions qui nous \u00e9loignent de la V\u00e9rit\u00e9, tout en nous permettant de L\u2019envisager\u2026 peut-\u00eatre\u00a0!<\/p>\n\n\n\n<p>\u25cf<\/p>\n\n\n\n<p>Une autre fois, tu avais fait ce sch\u00e9ma-l\u00e0\u00a0:  tu sais, avec un point \u00ab\u00a0A\u00a0\u00bb et un point \u00ab\u00a0B\u00a0\u00bb \u2026<\/p>\n\n\n\n<p>\u25a0<\/p>\n\n\n\n<p>Oui, c\u2019est cela&nbsp;! On y retrouve un chemin imaginaire, avec un soi-disant point \u00ab&nbsp;A&nbsp;\u00bb de d\u00e9part qui symbolise \u00ab&nbsp;ce que l\u2019on est&nbsp;\u00bb et un soi-disant point \u00ab&nbsp;B&nbsp;\u00bb d\u2019arriv\u00e9e qui symbolise \u00ab&nbsp;ce que l\u2019on devrait \u00eatre&nbsp;\u00bb \u2026&nbsp;<\/p>\n\n\n\n<p>\u25cf<\/p>\n\n\n\n<p>Oui\u00a0! En fait, on est format\u00e9 l\u00e0-dedans\u00a0! Et c\u2019est l\u00e0 qu\u2019est notre souffrance\u2026<\/p>\n\n\n\n<p>\u25a0<\/p>\n\n\n\n<p>Oui ! Notre souffrance, c\u2019est la s\u00e9paration pr\u00e9tendue de \u00ab\u00a0A\u00a0\u00bb et de \u00ab\u00a0B\u00a0\u00bb \u2026 Et cette souffrance est proportionnelle \u00e0 la distance ombreuse illusoire qui, comme nous l\u2019avons pr\u00e9tendu, s\u00e9parait \u00ab\u00a0A\u00a0\u00bb de \u00ab\u00a0B\u00a0\u00bb \u2026 alors que ces 2 points sont Un dans la R\u00e9alit\u00e9\u00a0!<\/p>\n\n\n\n<p>Je suis ce que je dois \u00eatre.<\/p>\n\n\n\n<p>\u25cf<\/p>\n\n\n\n<p>Oui&nbsp;! C\u2019est vrai, c\u2019est ce que l\u2019on nous dit&nbsp;: \u00ab&nbsp;<em>Cessons de vouloir devenir pour accepter \u00eatre<\/em>&nbsp;\u00bb<\/p>\n\n\n\n<p><\/p>\n\n\n\n<p class=\"has-text-align-right\"><em>Souffrance Lumi\u00e8re<\/em><\/p>\n\n\n\n<p>\u25a0<\/p>\n\n\n\n<p>Mais, heureusement, d\u00e8s que nous perdons conscience de l\u2019Unit\u00e9, il y a notre merveilleuse souffrance qui nous signale cette perte de conscience\u00a0:\u00a0\u00e0 chaque fois il y a ce message d\u2019alarme qui se d\u00e9clenche en nous.\u00a0<\/p>\n\n\n\n<p>\u2026 Nous allons essayer de le dire comme \u00e7a&nbsp;: la souffrance n\u2019a pas son origine dans l\u2019ombre, comme l\u2019ombre elle-m\u00eame a tent\u00e9 de nous le faire croire depuis des mill\u00e9naires\u2026&nbsp;<\/p>\n\n\n\n<p>Non\u00a0! La souffrance a son origine dans la Lumi\u00e8re Elle-m\u00eame qui nous signale une erreur\u00a0: Elle nous signale que nous avons perdu conscience d\u2019Elle\u00a0!\u00a0<\/p>\n\n\n\n<p>En effet, nous ne pouvons pas dire que nous pouvons nous \u00e9loigner de la Lumi\u00e8re qui est justement Omnipr\u00e9sente\u2026\u00a0<\/p>\n\n\n\n<p>Mais nous pouvons bien s\u00fbr dire simplement que nous avons pu perdre conscience d\u2019Elle, alors que l\u2019on vit \u00ab\u00a0en Elle\u00a0\u00bb, que l&rsquo;on vit d&rsquo;Elle, ici comme ailleurs, maintenant comme toujours\u00a0!\u00a0<\/p>\n\n\n\n<p>La souffrance est simplement un rappel \u00e0 la conscience\u2026 \u00ab\u00a0par\u00a0\u00bb la Lumi\u00e8re.<\/p>\n\n\n\n<p>La souffrance est une invitation de la Lumi\u00e8re \u00e0 une joie plus grande\u2026 donc, une invitation \u00e0 plus de conscience d\u2019Elle\u2026<\/p>\n\n\n\n<p>\u25cf<\/p>\n\n\n\n<p>Il faut vraiment redire cela sans arr\u00eat\u2026 Parce que c\u2019est vrai que paf\u2026paf&nbsp;! nous avons eu tendance \u00e0 associer la souffrance \u00e0 l\u2019ombre&nbsp;!&nbsp;<\/p>\n\n\n\n<p>Du fait de nos habitudes, c\u2019est rapide, et nous ne prenons pas assez souvent le temps d\u2019y r\u00e9fl\u00e9chir calmement\u2026<\/p>\n\n\n\n<p>\u25a0<\/p>\n\n\n\n<p>Oui&nbsp;! L\u00e0, on r\u00e9alise que la souffrance n\u2019a pas sa source dans l\u2019ombre\u2026<\/p>\n\n\n\n<p>La beaut\u00e9 de la souffrance c\u2019est de n\u2019\u00eatre en r\u00e9alit\u00e9 qu\u2019une expression de la Lumi\u00e8re Pure\u2026 de n&rsquo;\u00eatre \u00ab\u00a0que\u00a0\u00bb de la Lumi\u00e8re Pure\u00a0!<\/p>\n\n\n\n<p>La souffrance nous signale amoureusement notre perte de conscience de la Lumi\u00e8re&nbsp;!&nbsp;<\/p>\n\n\n\n<p>Nous pouvons le dire comme cela pour l\u2019instant\u2026 Mais peut-\u00eatre trouverons-nous une meilleure formulation plus tard\u2026 parce que, nous avan\u00e7ons, nous \u00e9voluons, notre conscience s\u2019ouvre \u00e0 la Lumi\u00e8re\u00a0que nous sommes\u00a0!\u00a0<\/p>\n\n\n\n<p>Mais, voil\u00e0&nbsp;! ce n\u2019est que de la Lumi\u00e8re ! L\u2019ombre ne produit, r\u00e9ellement, rien en fait\u2026&nbsp;!<\/p>\n\n\n\n<p><\/p>\n\n\n\n<p class=\"has-text-align-right\"><em>Deux \u00c2mes comme une seule \u00c2me<\/em><\/p>\n\n\n\n<p>\u25cf<\/p>\n\n\n\n<p>Quel jeu de ping-pong, quand m\u00eame&nbsp;!&nbsp;<\/p>\n\n\n\n<p>Nous avions pass\u00e9 notre temps \u00e0 tout interpr\u00e9ter en termes d\u2019ombre, \u00e0 nous concentrer sur l\u2019ombre au point d\u2019en avoir oubli\u00e9 la Lumi\u00e8re\u2026 qui pourtant est la seule chose qui Existe\u2026<\/p>\n\n\n\n<p>Mais, c\u2019est bien\u00a0! Il faut souvent \u00eatre deux pour pouvoir s&rsquo;entraider l\u2019un l\u2019autre \u00e0 ouvrir notre conscience\u00a0!<\/p>\n\n\n\n<p>\u25a0<\/p>\n\n\n\n<p>Ah, \u00e7a aide pour progresser\u2026 \u00e7a aide vraiment&#8230; \u00e7a aide vraiment bien pour acc\u00e9l\u00e9rer notre ouverture de conscience\u2026 Et si nous \u00e9tions 10, \u00e7a acc\u00e9l\u00e8rerait encore plus et nous le ferions encore mieux etc\u2026 et puis 100\u2026 et puis 1000\u2026 etc.\u00a0<\/p>\n\n\n\n<p>Mais bon\u00a0! Deux, pour l&rsquo;instant, c\u2019est notre s\u00e9curit\u00e9\u00a0!<\/p>\n\n\n\n<p>Et puis d&rsquo;autres \u00catres viendront, s&rsquo;ils le veulent, en s\u00e9curit\u00e9 eux aussi, lire ce que nous avons \u00e9crit&#8230;<\/p>\n\n\n\n<p>\u00c7a aide beaucoup, parce que \u00e7a nous encourage\u2026 Voil\u00e0&nbsp;!<\/p>\n\n\n\n<p>\u25cf<\/p>\n\n\n\n<p>Oui, c\u2019est s\u00fbr&nbsp;!<\/p>\n\n\n\n<p>\u25a0<\/p>\n\n\n\n<p>C\u2019est parfait, \u00e0 cet instant\u2026 parce que cela nous encourage&#8230; Il y en a un qui dit un mot\u2026 et, gr\u00e2ce \u00e0 cela, l\u2019autre rebondit d\u2019une certaine ouverture de la conscience de la Lumi\u00e8re \u00e0 une ouverture de la conscience encore plus grande\u2026\u00a0<\/p>\n\n\n\n<p>Et les deux sont heureux\u00a0!<\/p>\n\n\n\n<p>\u25cf<\/p>\n\n\n\n<p>Oui\u00a0! Parce que quand nous sommes seul dans le ralentissement que nous imposons \u00e0 notre ouverture de conscience, nous ne nous en apercevons pas tout de suite\u00a0!\u00a0<\/p>\n\n\n\n<p>Souvent, nous sommes dedans, nous sommes habitu\u00e9s \u00e0 nous-m\u00eame\u2026 et alors nous ne voyons pas tout de suite que nous freinons notre ouverture de conscience naturelle&#8230;<\/p>\n\n\n\n<p>\u25a0<\/p>\n\n\n\n<p>Mais, la cl\u00e9 de tout \u00e7a, la cl\u00e9 de cette communication unitaire que nous apprenons \u00e0 pratiquer tous les jours, c\u2019est de fonctionner comme un seul \u00catre\u2026&nbsp;<\/p>\n\n\n\n<p>Ce sont deux \u00c2mes qui fonctionnent comme elles sont dans la R\u00e9alit\u00e9, c\u2019est-\u00e0-dire comme \u00ab\u00a0\u00a0\u00bbune seule\u00a0\u00c2me\u00a0!<\/p>\n\n\n\n<p>\u25cf<\/p>\n\n\n\n<p>C\u2019est joli&nbsp;! Oui\u2026<\/p>\n\n\n\n<p>\u25a0<\/p>\n\n\n\n<p>Tu vois&nbsp;?<\/p>\n\n\n\n<p>Et \u00e0 ce moment-l\u00e0, il n\u2019y a plus aucune imagination d\u2019une s\u00e9paration\u2026\u00a0<\/p>\n\n\n\n<p>C\u2019est une \u00c2me qui est faite de deux \u00c2mes qui reconnaissent de mieux en mieux ensemble leur Unit\u00e9 Absolue en Dieu et il y a donc de moins en moins d\u2019illusion de s\u00e9paration\u2026 Et, l\u00e0, il y a communication unitaire\u00a0!<\/p>\n\n\n\n<p>En m\u00eame temps, c\u2019est deux \u00c2mes animent des corps qui se croient diff\u00e9rents, elles ont des m\u00e9moires qui se croient diff\u00e9rentes qu\u2019elles am\u00e8nent au regard de cette \u00c2me unifi\u00e9e, de cette double \u00c2me unifi\u00e9e&nbsp;!<\/p>\n\n\n\n<p>Ces deux \u00c2mes unifi\u00e9es, qui sont \u00ab&nbsp;\u00e0 la fois deux et une&nbsp;\u00bb, peuvent du coup, en tant qu\u2019unit\u00e9, retrouver une conscience plus pr\u00e9cise, plus grande et plus profonde de la Lumi\u00e8re\u2026&nbsp;<\/p>\n\n\n\n<p>\u00c9videmment, quand tout le monde sera comme cela et que nous fonctionnerons tous comme cela, en tant qu\u2019humanit\u00e9, je ne pense pas que nous puissions, aujourd\u2019hui, imaginer les cons\u00e9quences d\u2019un tel fonctionnement\u00a0!<\/p>\n\n\n\n<p><\/p>\n\n\n\n<p class=\"has-text-align-right\"><em>La R\u00e9alit\u00e9 est toujours plus Belle que ce que nous avons pu penser<\/em><\/p>\n\n\n\n<p>Nous pouvons tenter de l\u2019imaginer, mais je veux dire que, aujourd\u2019hui, notre imagination ne peut \u00eatre que pauvre par rapport \u00e0 la R\u00e9alit\u00e9 qui appara\u00eetra alors \u00e0 notre conscience&nbsp;!&nbsp;<\/p>\n\n\n\n<p>\u00ab\u00a0<em>Nul ne sait ce que peut le corps<\/em>\u00a0\u00bb nous dit Spinoza&#8230; Nul ne sait ce que peut le corps lorsqu\u2019il est \u00ab\u00a0r\u00e9ellement\u00a0\u00bb anim\u00e9, ou plut\u00f4t lorsqu\u2019il est un avec une \u00c2me qui est une avec toutes les \u00c2mes et que ce Corps, que toutes les \u00c2mes animent, est un avec tous les Corps\u2026<\/p>\n\n\n\n<p>Que va-t-il se passer, alors\u00a0?<\/p>\n\n\n\n<p>Pouvons-nous vraiment l\u2019imaginer aujourd\u2019hui&nbsp;? Pouvons-nous l\u2019imaginer alors que tant d\u2019ombres voilent encore notre vision&nbsp;?&nbsp;<\/p>\n\n\n\n<p>Alors\u00a0? Que va devenir \u00ab\u00a0la sexualit\u00e9\u00a0\u00bb\u00a0? Que va devenir \u00ab\u00a0le corps\u00a0\u00bb ? Que va devenir \u00ab\u00a0l&rsquo;\u00e9motion\u00a0\u00bb ? Que va devenir \u00ab\u00a0notre intellect\u00a0\u00bb ? Que va devenir \u00ab\u00a0notre spiritualit\u00e9\u00a0\u00bb ? <\/p>\n\n\n\n<p>Que seront tous ces v\u00e9cus communs de la vie\u00a0?\u00a0<\/p>\n\n\n\n<p>Nous ne le savons pas&nbsp;!<\/p>\n\n\n\n<p><em>Silence\u2026<\/em><\/p>\n\n\n\n<p>\u25cf<\/p>\n\n\n\n<p>Pour une fois ce qui me venait, c\u2019est que\u2026 Oui&nbsp;! Nous ne le savons pas&nbsp;!<\/p>\n\n\n\n<p>\u25a0<\/p>\n\n\n\n<p>Nous ne pouvons pas le savoir&nbsp;!<\/p>\n\n\n\n<p>\u25cf<\/p>\n\n\n\n<p>L\u00e0, j\u2019ai presque senti la joie du \u00ab\u00a0jeu\u00a0\u00bb \u00e0 cet instant\u2026<\/p>\n\n\n\n<p>\u25a0<\/p>\n\n\n\n<p>Explique-moi&nbsp;?<\/p>\n\n\n\n<p>\u25cf<\/p>\n\n\n\n<p>Hum\u00a0! Eh bien, l\u00e0, \u00e7a rejoint notre Instant Parfait\u2026\u00a0<\/p>\n\n\n\n<p>C\u2019est comme si le plus important, c\u2019\u00e9tait de \u00ab\u00a0participer\u00a0\u00bb \u00e0 ce jeu, l\u00e0, dans l\u2019instant\u2026 ce jeu qui est un jeu d\u2019ombre, de Lumi\u00e8re\u2026 ou ce que l\u2019on veut\u2026 Mais un jeu d\u2019augmentation de notre conscience\u2026 Et que, \u00e7a, c\u2019est \u00e7a l\u2019essentiel\u00a0!<\/p>\n\n\n\n<p>La limite, la fin, ou quoi que ce soit d\u2019autre, n\u2019a pas vraiment d\u2019importance\u2026<\/p>\n\n\n\n<p>\u25a0<\/p>\n\n\n\n<p>Ah oui&nbsp;! Tu as mille fois raison&nbsp;!<\/p>\n\n\n\n<p>\u25cf<\/p>\n\n\n\n<p>Ah, mais attend&nbsp;! Pour moi, \u00e7a, c\u2019est vraiment une nouveaut\u00e9&nbsp;!&nbsp;<\/p>\n\n\n\n<p>Parce que moi, j\u2019\u00e9tais plut\u00f4t du genre&nbsp;: apr\u00e8s la vie ou plut\u00f4t apr\u00e8s la mort, le bonheur&nbsp;!<\/p>\n\n\n\n<p>C\u2019est la premi\u00e8re fois que je commence \u00e0 avoir un r\u00e9flexe qui dit&nbsp;: \u00ab&nbsp;Mais pur\u00e9e&nbsp;! c\u2019est super&nbsp;! C\u2019est super de jouer \u00e0 \u00eatre heureux maintenant&nbsp;!&nbsp;\u00bb&nbsp;<\/p>\n\n\n\n<p><\/p>\n\n\n\n<p class=\"has-text-align-right\"><em>Jeu au centre de l\u2019Infini<\/em><\/p>\n\n\n\n<p>\u25a0<\/p>\n\n\n\n<p>Mais, tu as raison&nbsp;! Tu as vraiment raison\u2026 bien s\u00fbr&nbsp;!<\/p>\n\n\n\n<p>\u25cf<\/p>\n\n\n\n<p>J\u2019ai toujours \u00e9t\u00e9 admirative des gens qui aiment jouer. Je n\u2019\u00e9tais pas vraiment une joueuse\u2026<\/p>\n\n\n\n<p>\u25a0<\/p>\n\n\n\n<p>Oui l\u2019instant il est l\u00e0, c\u2019est le centre du\u00a0\u00ab\u00a08\u00a0\u00bb que nous utilisons comme symbole de l&rsquo;Infini\u00a0!<\/p>\n\n\n\n<p>Nous pouvons dire qu\u2019une boucle du 8, c\u2019est l\u2019infini pass\u00e9, l\u2019autre boucle, c\u2019est l\u2019infini avenir\u2026 et le centre du \u00ab&nbsp;8&nbsp;\u00bb ou tout se rencontre, c\u2019est l\u2019instant\u2026<\/p>\n\n\n\n<p>Et l&rsquo;instant, c&rsquo;est l&rsquo;instant du libre arbitre, c&rsquo;est l&rsquo;instant du choix\u00a0!<\/p>\n\n\n\n<p>\u25cf<\/p>\n\n\n\n<p>La joie\u00a0! c\u2019est l\u00e0 le bonheur\u00a0!<\/p>\n\n\n\n<p>\u25a0<\/p>\n\n\n\n<p>Et cet instant, le centre du \u00ab&nbsp;8&nbsp;\u00bb, contient tout&nbsp;!<\/p>\n\n\n\n<p>Et effectivement, c\u2019est logique puisque cet instant c\u2019est Dieu Lui-m\u00eame&nbsp;! Donc, cet instant, il contient Tout\u2026Il contient tout l\u2019infini pass\u00e9 et tout l\u2019infini avenir qui, bien s\u00fbr, sont Dieu Lui-m\u00eame\u2026<\/p>\n\n\n\n<p>Oui, \u00e7a c\u2019est Vrai\u2026 C\u2019est l\u2019Absolu\u2026 Il n\u2019y a pas de souci&nbsp;!&nbsp;<\/p>\n\n\n\n<p>\u00ab\u00a0C\u2019est la Belle Vie\u00a0!\u00a0\u00bb<\/p>\n\n\n\n<p>\u25cf<\/p>\n\n\n\n<p>Je commence \u00e0 trouver l\u2019envie de jouer\u2026 Je commence \u00e0 avoir envie de jouer&nbsp;! Cela commence \u00e0 venir&nbsp;! Je me rends bien compte, en fait, que pour avoir envie de jouer il faut d\u00e9j\u00e0 avoir un l\u00e2cher-prise&nbsp;! Parce que quand tu es dans la tenue, dans la ma\u00eetrise, qui est pourtant un jeu en soi aussi, il y a quand m\u00eame moins de joie\u2026<\/p>\n\n\n\n<p>\u25a0<\/p>\n\n\n\n<p>Non\u00a0! Il y a moins de \u00ab\u00a0conscience de la Joie\u00a0\u00bb.<\/p>\n\n\n\n<p>\u25cf<\/p>\n\n\n\n<p>Oui, il y a moins de conscience de la Joie\u2026 c\u2019est exact&nbsp;!<\/p>\n\n\n\n<p>\u25a0<\/p>\n\n\n\n<p>Parce que \u00ab&nbsp;la Joie&nbsp;\u00bb, Elle, Elle est absolue\u2026 C\u2019est Dieu lui-m\u00eame&nbsp;!<\/p>\n\n\n\n<p>\u25cf<\/p>\n\n\n\n<p>Alors, oui\u2026 Oui&#8230; Il y a moins de conscience de la Joie quand tu es dans la tenue que dans le jeu\u2026<\/p>\n\n\n\n<p><\/p>\n\n\n\n<p class=\"has-text-align-right\"><em>Cache-cache dans le labyrinthe&nbsp;<\/em><\/p>\n\n\n\n<p>\u25a0<\/p>\n\n\n\n<p>Oui&nbsp;! C\u2019est l\u00e0 l\u2019attitude enfantine\u2026<\/p>\n\n\n\n<p>Mais ce qu\u2019il faut peut-\u00eatre, pour l\u2019instant, c\u2019est que nous arrivions \u00e0 redevenir enfant, mais avec la conscience de l\u2019ombre sur terre pour l\u2019instant\u2026 Il faut que nous arrivions \u00e0 vivre comme un enfant, avec l\u2019ombre dont nous avons maintenant conscience\u2026\u00a0<\/p>\n\n\n\n<p>C\u2019est-\u00e0-dire avec \u00ab\u00a0la conscience de cette perte de conscience de la Lumi\u00e8re\u00a0\u00bb\u00a0!<\/p>\n\n\n\n<p>\u25cf<\/p>\n\n\n\n<p>Alors, on joue \u00e0 cache-cache ?<\/p>\n\n\n\n<p>\u25a0<\/p>\n\n\n\n<p>Oui, quelque part&nbsp;! C\u2019est un peu un jeu de cache-cache&nbsp;!<\/p>\n\n\n\n<p>\u25cf<\/p>\n\n\n\n<p>Je dis \u00e7a, parce que j\u2019ai toujours l\u2019impression qu\u2019il faut que je regarde derri\u00e8re le mot pour \u00eatre s\u00fbre que je ne me cache pas quelque chose&nbsp;!<\/p>\n\n\n\n<p>\u25a0<\/p>\n\n\n\n<p>Oui\u00a0! Je comprends&#8230; En tout cas, c\u2019est s\u00fbr, les \u00e9changes que nous avons sont des \u00e9changes qui se manifestent par beaucoup de plaisir, beaucoup de joie, beaucoup de satisfaction\u2026 beaucoup m\u00eame de fiert\u00e9, de respect, de justice, de justesse\u2026<\/p>\n\n\n\n<p>Notre espoir augmente. Notre conscience de l\u2019amour augmente, notre conscience de la foi augmente\u2026&nbsp;<\/p>\n\n\n\n<p>Si la souffrance est un message d\u2019erreur, comme nous venons de le dire, quand nous \u00e9changeons ensemble comme nous le faisons, nous n\u2019avons pas beaucoup de messages d\u2019erreur\u00a0!<\/p>\n\n\n\n<p>\u25cf<\/p>\n\n\n\n<p>Oui&nbsp;! Mais c\u2019est quand m\u00eame normal&nbsp;! On parle de choses qui nous int\u00e9ressent\u2026<\/p>\n\n\n\n<p>\u25a0<\/p>\n\n\n\n<p>Oui, mais\u2026<\/p>\n\n\n\n<p>La souffrance, ou si tu veux \u00ab&nbsp;le mot&nbsp;souffrance&nbsp;\u00bb traditionnel est entach\u00e9 d\u2019ombre \u00e9videmment&nbsp;! Mais en fait, redisons-le, la souffrance, c\u2019est la Lumi\u00e8re Pure.&nbsp;<\/p>\n\n\n\n<p>\u25cf<\/p>\n\n\n\n<p>Oui&nbsp;!<\/p>\n\n\n\n<p>\u25a0<\/p>\n\n\n\n<p>Donc cette Souffrance-Lumi\u00e8re, dont nous avons conscience en tant que Lumi\u00e8re Pure, ce n\u2019est pas une souffrance au sens ancien et ombreux du terme\u2026\u00a0<\/p>\n\n\n\n<p>Avec notre langage habituel, nous, nous n\u2019avons plus tendance \u00e0 l\u2019appeler souffrance\u00a0! Ce n\u2019est pas la souffrance \u00e7a, c\u2019est du plaisir, c\u2019est de la joie. Tu vois ce que je veux dire\u00a0?\u00a0<\/p>\n\n\n\n<p>La souffrance n\u2019a \u00e9t\u00e9 s\u00e9par\u00e9e de la joie que par l\u2019ombre, c\u2019est \u00e0 dire gr\u00e2ce \u00e0 la perte de conscience de la Lumi\u00e8re.&nbsp;<\/p>\n\n\n\n<p><\/p>\n\n\n\n<div style=\"height:40px\" aria-hidden=\"true\" class=\"wp-block-spacer\"><\/div>\n\n\n\n\n\n\n\n<div style=\"height:55px\" aria-hidden=\"true\" class=\"wp-block-spacer\"><\/div>\n\n\n\n<div style=\"height:40px\" aria-hidden=\"true\" class=\"wp-block-spacer\"><\/div>\n","protected":false},"excerpt":{"rendered":"<p>\u25cf Alors, il faut r\u00e9p\u00e9ter&nbsp;! \u25a0 Oui, c\u2019est vrai&nbsp;! Il faut r\u00e9p\u00e9ter\u2026 pour arriver un jour \u00e0 la virtuosit\u00e9,&nbsp; Et pour l\u2019instant, c\u2019est pour la parole, comme pour la pens\u00e9e&nbsp;! Nous sommes oblig\u00e9s de prendre un temps d\u2019arr\u00eat avant de parler\u2026&nbsp; Simplement le temps de v\u00e9rifier si, \u00e0 cet instant, si ce que notre \u00c2me &hellip; <a href=\"https:\/\/behappy8.org\/?p=2130\" class=\"more-link\">Continuer la lecture<span class=\"screen-reader-text\"> de &laquo;&nbsp;Les 8 entretiens (6\u00e8me Partie du 4\u00e8me Entretien)&nbsp;&raquo;<\/span><\/a><\/p>\n","protected":false},"author":1,"featured_media":0,"comment_status":"open","ping_status":"open","sticky":false,"template":"","format":"chat","meta":{"footnotes":""},"categories":[1009],"tags":[],"class_list":["post-2130","post","type-post","status-publish","format-chat","hentry","category-4eme-entretien-8","post_format-post-format-chat"],"_links":{"self":[{"href":"https:\/\/behappy8.org\/index.php?rest_route=\/wp\/v2\/posts\/2130","targetHints":{"allow":["GET"]}}],"collection":[{"href":"https:\/\/behappy8.org\/index.php?rest_route=\/wp\/v2\/posts"}],"about":[{"href":"https:\/\/behappy8.org\/index.php?rest_route=\/wp\/v2\/types\/post"}],"author":[{"embeddable":true,"href":"https:\/\/behappy8.org\/index.php?rest_route=\/wp\/v2\/users\/1"}],"replies":[{"embeddable":true,"href":"https:\/\/behappy8.org\/index.php?rest_route=%2Fwp%2Fv2%2Fcomments&post=2130"}],"version-history":[{"count":9,"href":"https:\/\/behappy8.org\/index.php?rest_route=\/wp\/v2\/posts\/2130\/revisions"}],"predecessor-version":[{"id":2139,"href":"https:\/\/behappy8.org\/index.php?rest_route=\/wp\/v2\/posts\/2130\/revisions\/2139"}],"wp:attachment":[{"href":"https:\/\/behappy8.org\/index.php?rest_route=%2Fwp%2Fv2%2Fmedia&parent=2130"}],"wp:term":[{"taxonomy":"category","embeddable":true,"href":"https:\/\/behappy8.org\/index.php?rest_route=%2Fwp%2Fv2%2Fcategories&post=2130"},{"taxonomy":"post_tag","embeddable":true,"href":"https:\/\/behappy8.org\/index.php?rest_route=%2Fwp%2Fv2%2Ftags&post=2130"}],"curies":[{"name":"wp","href":"https:\/\/api.w.org\/{rel}","templated":true}]}}