{"id":221,"date":"2024-04-24T11:09:06","date_gmt":"2024-04-24T09:09:06","guid":{"rendered":"https:\/\/behappy8.org\/?p=221"},"modified":"2024-06-22T09:17:49","modified_gmt":"2024-06-22T07:17:49","slug":"choisir-sa-foi","status":"publish","type":"post","link":"https:\/\/behappy8.org\/?p=221","title":{"rendered":"11 \u2022 Choisir sa Foi\u00a0?"},"content":{"rendered":"\n<p class=\"has-text-align-right\"><em>Mercredi 24 Avril 2024<\/em><\/p>\n\n\n\n<div style=\"height:39px\" aria-hidden=\"true\" class=\"wp-block-spacer\"><\/div>\n\n\n\n<figure class=\"wp-block-audio\"><audio controls src=\"https:\/\/behappy8.org\/wp-content\/uploads\/2024\/04\/Choisir-sa-Foi-.m4a\" loop><\/audio><\/figure>\n\n\n\n<div style=\"height:48px\" aria-hidden=\"true\" class=\"wp-block-spacer\"><\/div>\n\n\n\n<p>J\u2019ai remarqu\u00e9 que, le plus souvent, les \u00catres humains croient que \u00ab\u00a0la Foi\u00a0\u00bb est un don que l\u2019on a ou que l\u2019on a pas.<\/p>\n\n\n\n<p>Et ils vont alors, par exemple, pouvoir dire&nbsp;: \u00ab\u00a0Je n\u2019ai pas la foi\u00a0\u00bb ou bien \u00ab\u00a0Je n\u2019ai pas la chance d\u2019avoir sa foi\u00a0\u00bb etc.<\/p>\n\n\n\n<p>Mais, aujourd\u2019hui, ce que je suis le plus heureux de penser \u00e0 propos de la Foi, c\u2019est que tous les \u00catres ont la Foi.<\/p>\n\n\n\n<p>Tout ce qui existe a Foi.<\/p>\n\n\n\n<p>La Foi, c\u2019est la Vie.<\/p>\n\n\n\n<p>Un exemple tout simple : les \u00catres humains ont, en g\u00e9n\u00e9ral, la Foi que s\u2019ils ont la clef de la porte de leur maison, qu\u2019ils l\u2019introduisent dans la serrure de cette porte et la tourne, la porte va s\u2019ouvrir.<\/p>\n\n\n\n<p>La porte \u00e9tait ferm\u00e9e \u00e0 clef ! Et ils ont eu Foi qu\u2019elle allait s\u2019ouvrir\u2026 Ils ont agi selon leur Foi et elle s\u2019est ouverte. C\u2019est un Acte de Foi\u2026<\/p>\n\n\n\n<p>C\u2019est vrai que c\u2019est une Foi tr\u00e8s simple, tr\u00e8s rustique qui s\u2019exprime l\u00e0, commun\u00e9ment,  chez l\u2019\u00catre humains\u2026 Mais, pour moi, c\u2019est de la Foi&nbsp;!<\/p>\n\n\n\n<p>Oui&nbsp;! Il me pla\u00eet de penser que la Foi est un aspect essentiel, et obligatoire, de tout ce qui existe.<\/p>\n\n\n\n<p>\u00c9videmment, la Foi de chaque \u00catre s\u2019exprime diff\u00e9remment selon leur niveau d\u2019\u00e9volution et leur niveau de conscience de la Lumi\u00e8re qu\u2019ils sont.<\/p>\n\n\n\n<p>Par exemple, un \u00catre uniquement min\u00e9ral, sur la terre, a une \u00ab\u00a0Foi min\u00e9rale\u00a0\u00bb, pas une \u00ab\u00a0Foi humaine\u00a0\u00bb&nbsp;!<\/p>\n\n\n\n<p>Mais, il ne peut pas ne pas avoir sa Foi\u2026 Comme tous les \u00catres, il a une Foi obligatoire qu\u2019il va vivre et qui va lui permettre d\u2019\u00e9voluer\u2026&nbsp;<\/p>\n\n\n\n<p>Bien s\u00fbr, il ne peut pas pr\u00e9tendre la nier comme les \u00catres humains le peuvent.<\/p>\n\n\n\n<p>Cette Foi min\u00e9rale, obligatoire, inalt\u00e9rable, lui permettra des mouvements min\u00e9raux qui dureront des milliards d\u2019ann\u00e9es\u2026 <\/p>\n\n\n\n<p>Et nous, les \u00catres humains dont les corps ne vivent que bien moins de temps, nous n\u2019avons pas pu en prendre bien connaissance, pour l\u2019instant.<\/p>\n\n\n\n<p>L\u2019\u00e9chelle des temps des \u00catres min\u00e9raux est si longue par rapport \u00e0 celle des \u00catres humains, que nous n\u2019avons pas pris conscience que par leur Foi, ils ont \u00e9volu\u00e9 pendant des milliard et des milliard d\u2019ann\u00e9es\u2026&nbsp;<\/p>\n\n\n\n<p>Jusqu\u2019\u00e0 ce que certains min\u00e9raux, en participant au monde v\u00e9g\u00e9tal, puis animal et finalement humain, puissent donc se mouvoir finalement aussi rapidement que les \u00catres humains, puisque les \u00catres humains sont constitu\u00e9s ,&nbsp;essentiellement, de ces min\u00e9raux\u2026<\/p>\n\n\n\n<p>Quelle Foi a-t-il fallu \u00e0 certains de ces min\u00e9raux pour finalement constituer un Corps humain et parvenir jusqu\u2019aux degr\u00e9s les plus \u00e9lev\u00e9s de la conscience humaine&nbsp;?<\/p>\n\n\n\n<p>Et un \u00catre v\u00e9g\u00e9tal, lui aussi, il a sa Foi, une \u00ab\u00a0Foi v\u00e9g\u00e9tale\u00a0\u00bb\u2026<\/p>\n\n\n\n<p>C\u2019est un \u00catre, donc il a la Foi, comme tous les \u00catres qui existent. <\/p>\n\n\n\n<p>Lui aussi, sa Foi est obligatoire, originelle. Il ne peut pas la remettre en cause, il ne peut pas la nier, ni m\u00eame la diminuer\u2026<\/p>\n\n\n\n<p>D\u2019ailleurs, c\u2019est apr\u00e8s des milliards d\u2019ann\u00e9es d\u2019\u00e9volution que la Foi min\u00e9rale s\u2019est mu\u00e9e en une Foi v\u00e9g\u00e9tale qui, elle aussi, va permettre \u00e0 l\u2019\u00catre v\u00e9g\u00e9tal, par exemple de \u00ab\u00a0croire\u00a0\u00bb qu\u2019en orientant ses feuilles dans telle ou telle direction, il pourra mieux capter la lumi\u00e8re du soleil et ainsi continuer son \u00e9volution.<\/p>\n\n\n\n<p>Le Corps v\u00e9g\u00e9tal d\u2019un \u00catre v\u00e9g\u00e9tal est une \u00e9volution du Corps min\u00e9ral d\u2019un \u00catre min\u00e9ral\u2026 Et sa Foi v\u00e9g\u00e9tale est une \u00e9volution de la Foi min\u00e9rale\u2026 en lui.<\/p>\n\n\n\n<p>Et cette Foi se perp\u00e9tue chez les \u00catres animaux qui ont, eux aussi, h\u00e9rit\u00e9 finalement de la Foi de certains min\u00e9raux et de certains v\u00e9g\u00e9taux\u2026 Leur Foi est la continuation, l\u2019\u00e9volution, de la Foi min\u00e9rale et v\u00e9g\u00e9tale\u2026 qu\u2019ils contiennent en eux.<\/p>\n\n\n\n<p>La Foi est un mouvement unique de tout l\u2019univers, un moteur de l\u2019\u00e9volution des consciences.<\/p>\n\n\n\n<p>La Foi traverse les \u00e2ges\u2026 participant \u00e0 l\u2019ouverture de la conscience des \u00catres qu\u2019elle habite.<\/p>\n\n\n\n<p>Elle n\u2019aura pas de fin, comme elle n\u2019a pas eu de d\u00e9but.<\/p>\n\n\n\n<p>Un \u00catre animal ne peut pas nier sa foi\u2026 Il ne peut que la vivre\u2026 Elle alimente sa vie et permet son \u00e9volution.<\/p>\n\n\n\n<p>C\u2019est une aspiration, encore inconsciente peut-\u00eatre, mais toujours plus grande, du sentiment d\u2019Union avec Toi, la Lumi\u00e8re \u00c9ternelle.<\/p>\n\n\n\n<p>La Foi permet une \u00e9l\u00e9vation de la conscience toujours plus grande\u2026 et cela depuis toujours et pour toujours.<\/p>\n\n\n\n<p>Elle traverse la Vie en la tirant avec elle\u2026 Elle l\u2019aspire, toujours plus compl\u00e8te, toujours plus nuanc\u00e9e\u2026 Mais elle ne varie pas dans sa force, depuis l\u2019atome, depuis l\u2019unit\u00e9 de Planck et certainement depuis bien avant\u2026<\/p>\n\n\n\n<p>La Foi de l\u2019\u00catre humain est finalement un empilement de Foi, un peu \u00e0 la fa\u00e7on des poup\u00e9es russes\u2026 Elle est constitu\u00e9e de tous les autres aspects de la Foi, dans le min\u00e9ral, puis le v\u00e9g\u00e9tal, puis l\u2019animal et puis dans l\u2019humain\u2026&nbsp;<\/p>\n\n\n\n<p>L&rsquo;humain, lui contient toutes ces Fois en lui.<\/p>\n\n\n\n<p>L\u2019\u00catre humain a h\u00e9rit\u00e9 de la Foi de la Vie\u2026 Et l\u00e0, malgr\u00e9 l\u2019invention de l\u2019ombre, c\u2019est \u00e0 dire l\u2019invention de freins \u00e0 l\u2019ouverture de sa conscience de la Lumi\u00e8re \u00c9ternelle, la Foi chez l\u2019\u00catre humain n\u2019a jamais cess\u00e9 de s\u2019exprimer et de s\u2019approfondir.<\/p>\n\n\n\n<p>Mais alors que, jusqu\u2019\u00e0 l\u00e0, elle s\u2019affirmait de plus en plus, dans un mouvement originel, r\u00e9gulier et ininterrompu, l\u00e0, chez l\u2019\u00catre humain, depuis son presque d\u00e9but, elle varie en fonction de l\u2019usage qu\u2019il fait de son Libre Arbitre.<\/p>\n\n\n\n<p>Et chez l\u2019\u00catre humain, la Foi peut donc augmenter ou diminuer\u2026<\/p>\n\n\n\n<p>Chez lui la Foi est quasiment un autre nom de la Pens\u00e9e.<\/p>\n\n\n\n<p>L\u2019homme pense sa Foi\u2026 Il ne la subit plus, il la choisit\u2026 en pensant.<\/p>\n\n\n\n<p>Sa Foi est toujours plus belle lorsqu\u2019il pense ce qu\u2019il est le plus heureux de penser\u2026 Alors, elle augmente, elle est plus pure, plus utile \u00e0 tout l\u2019univers\u2026<\/p>\n\n\n\n<p>Chez les hommes les plus conscients de la Lumi\u00e8re, elle a pu \u00e9voluer \u00e0 une vitesse devenue exponentielle\u2026 Et r\u00e9v\u00e9ler \u00e0 tous la Perfection, l\u2019\u00c9ternit\u00e9, la V\u00e9rit\u00e9, la Beaut\u00e9, l\u2019Unit\u00e9, de Tout\u2026<\/p>\n\n\n\n<p>Mais, la Foi a pu aussi \u00eatre quasiment \u00e9teinte chez certains, par des pens\u00e9es terribles qu\u2019ils n\u2019ont jamais \u00e9t\u00e9 heureux de penser\u2026 Jamais&#8230; Et m\u00eame tr\u00e8s, tr\u00e8s, malheureux de penser !<\/p>\n\n\n\n<p>Mais, l\u00e0, aujourd\u2019hui, ce que ma Foi m\u2019oblige \u00e0 \u00eatre le plus heureux de penser, c\u2019est que la Foi ne peut jamais s\u2019\u00e9teindre.<\/p>\n\n\n\n<p>Chez ces \u00catres humains si malheureux, elle est une braise sous les cendres, une braise peut \u00eatre \u00e0 peine rougeoyante, mais qui s\u2019enflammera \u00e0 nouveau si nous y soufflons notre Amour.<\/p>\n\n\n\n<p>Alors, je choisis ma Foi.<\/p>\n\n\n\n<p>&nbsp;&nbsp;<\/p>\n\n\n\n<figure class=\"wp-block-image size-full\"><img loading=\"lazy\" decoding=\"async\" width=\"970\" height=\"225\" src=\"https:\/\/behappy8.org\/wp-content\/uploads\/2024\/04\/image-3.png\" alt=\"\" class=\"wp-image-227\" srcset=\"https:\/\/behappy8.org\/wp-content\/uploads\/2024\/04\/image-3.png 970w, https:\/\/behappy8.org\/wp-content\/uploads\/2024\/04\/image-3-300x70.png 300w, https:\/\/behappy8.org\/wp-content\/uploads\/2024\/04\/image-3-768x178.png 768w\" sizes=\"auto, (max-width: 709px) 85vw, (max-width: 909px) 67vw, (max-width: 1362px) 62vw, 840px\" \/><figcaption class=\"wp-element-caption\">La&nbsp;Foi<\/figcaption><\/figure>\n","protected":false},"excerpt":{"rendered":"<p>Mercredi 24 Avril 2024 J\u2019ai remarqu\u00e9 que, le plus souvent, les \u00catres humains croient que \u00ab\u00a0la Foi\u00a0\u00bb est un don que l\u2019on a ou que l\u2019on a pas. Et ils vont alors, par exemple, pouvoir dire&nbsp;: \u00ab\u00a0Je n\u2019ai pas la foi\u00a0\u00bb ou bien \u00ab\u00a0Je n\u2019ai pas la chance d\u2019avoir sa foi\u00a0\u00bb etc. Mais, aujourd\u2019hui, ce &hellip; <a href=\"https:\/\/behappy8.org\/?p=221\" class=\"more-link\">Continuer la lecture<span class=\"screen-reader-text\"> de &laquo;&nbsp;11 \u2022 Choisir sa Foi\u00a0?&nbsp;&raquo;<\/span><\/a><\/p>\n","protected":false},"author":1,"featured_media":0,"comment_status":"open","ping_status":"open","sticky":false,"template":"","format":"standard","meta":{"footnotes":""},"categories":[95],"tags":[147,154,160,157,38,22,144,161,65,79,149,145,155,159,143,152,150,148,153,151,103,8,24,156,158,146],"class_list":["post-221","post","type-post","status-publish","format-standard","hentry","category-blog","tag-acte-de-foi","tag-ages","tag-amour","tag-atome","tag-behappy","tag-bonheur","tag-choisir","tag-choisir-sa-foi","tag-conscience","tag-don","tag-echelle-des-temps","tag-etres","tag-evolution","tag-exponentielle","tag-foi","tag-foi-animale","tag-foi-minerale","tag-foi-obligatoire","tag-foi-originelle","tag-foi-vegetal","tag-heureux","tag-libre-arbitre","tag-mouvement","tag-planck","tag-poupees-russes","tag-vie"],"_links":{"self":[{"href":"https:\/\/behappy8.org\/index.php?rest_route=\/wp\/v2\/posts\/221","targetHints":{"allow":["GET"]}}],"collection":[{"href":"https:\/\/behappy8.org\/index.php?rest_route=\/wp\/v2\/posts"}],"about":[{"href":"https:\/\/behappy8.org\/index.php?rest_route=\/wp\/v2\/types\/post"}],"author":[{"embeddable":true,"href":"https:\/\/behappy8.org\/index.php?rest_route=\/wp\/v2\/users\/1"}],"replies":[{"embeddable":true,"href":"https:\/\/behappy8.org\/index.php?rest_route=%2Fwp%2Fv2%2Fcomments&post=221"}],"version-history":[{"count":11,"href":"https:\/\/behappy8.org\/index.php?rest_route=\/wp\/v2\/posts\/221\/revisions"}],"predecessor-version":[{"id":1282,"href":"https:\/\/behappy8.org\/index.php?rest_route=\/wp\/v2\/posts\/221\/revisions\/1282"}],"wp:attachment":[{"href":"https:\/\/behappy8.org\/index.php?rest_route=%2Fwp%2Fv2%2Fmedia&parent=221"}],"wp:term":[{"taxonomy":"category","embeddable":true,"href":"https:\/\/behappy8.org\/index.php?rest_route=%2Fwp%2Fv2%2Fcategories&post=221"},{"taxonomy":"post_tag","embeddable":true,"href":"https:\/\/behappy8.org\/index.php?rest_route=%2Fwp%2Fv2%2Ftags&post=221"}],"curies":[{"name":"wp","href":"https:\/\/api.w.org\/{rel}","templated":true}]}}