{"id":293,"date":"2024-04-29T09:29:17","date_gmt":"2024-04-29T07:29:17","guid":{"rendered":"https:\/\/behappy8.org\/?p=293"},"modified":"2024-06-23T07:17:19","modified_gmt":"2024-06-23T05:17:19","slug":"vie-ideale","status":"publish","type":"post","link":"https:\/\/behappy8.org\/?p=293","title":{"rendered":"15 \u2022 Vie Id\u00e9ale"},"content":{"rendered":"\n<p class=\"has-text-align-right\"><em>Lundi 29 Avril 2024<\/em><\/p>\n\n\n\n<p>&nbsp;&nbsp;<\/p>\n\n\n\n<figure class=\"wp-block-audio\"><audio controls src=\"https:\/\/behappy8.org\/wp-content\/uploads\/2024\/04\/Vie-Ideale.m4a\" loop><\/audio><figcaption class=\"wp-element-caption\">Vie&nbsp;Id\u00e9ale<\/figcaption><\/figure>\n\n\n\n<p>&nbsp;&nbsp;<\/p>\n\n\n\n<p>Ma Vie Id\u00e9ale, c&rsquo;est celle que je suis heureux de vivre.<\/p>\n\n\n\n<p>C&rsquo;est tout simple&#8230; Si je suis heureux de vivre quelque chose, je suis en train de vivre mon Id\u00e9al.<\/p>\n\n\n\n<p>Pour donner un petit exemple&nbsp;:<\/p>\n\n\n\n<p>Je suis un homme. Si je suis heureux d&rsquo;\u00eatre un homme, ma Vie Id\u00e9ale, c&rsquo;est bien que je sois un homme. Si je n&rsquo;\u00e9tais pas heureux d&rsquo;\u00eatre un homme, je serais toujours un homme, mais je ne vivrais pas ma vie id\u00e9ale.<\/p>\n\n\n\n<p>Ma Vie Id\u00e9ale, c&rsquo;est donc bien d'\u00a0\u00bb\u00eatre heureux de ce que je vis\u00a0\u00bb&#8230; Quoique je vive, si je n&rsquo;\u00e9tais pas heureux de le vivre, je ne vivrais plus ma vie id\u00e9ale.<\/p>\n\n\n\n<p>Je suis donc bien le seul auteur de ma Vie Id\u00e9ale. \u00c7a,&nbsp;c&rsquo;est s\u00fbr&nbsp;!<\/p>\n\n\n\n<p>C&rsquo;est bien moi qui choisit, \u00e0 chaque instant de vivre ,ou pas, ma Vie Id\u00e9ale en \u00e9tant heureux, ou pas, de vivre ce que je vis.<\/p>\n\n\n\n<p>C&rsquo;est rassurant&nbsp;! C&rsquo;est rassurant parce qu&rsquo;il suffit que \u00ab\u00a0moi\u00a0\u00bb je choisisse d&rsquo;\u00eatre heureux de vivre ce que je vis pour vivre ma Vie Id\u00e9ale.<\/p>\n\n\n\n<p>Que \u00ab\u00a0je\u00a0\u00bb le choisisse&nbsp;? Mais, il y a tellement de conditions qui ne d\u00e9pendent pas de \u00ab\u00a0moi\u00a0\u00bb&#8230;<\/p>\n\n\n\n<p>Oui, c&rsquo;est vrai, l&rsquo;ombre nous a beaucoup, beaucoup, \u00ab\u00a0conditionn\u00e9s\u00a0\u00bb&#8230; Et il est n\u00e9cessaire maintenant de nous \u00ab\u00a0d\u00e9conditionner\u00a0\u00bb, jusqu&rsquo;au bout, pour pouvoir vivre de plus en plus notre Vie Id\u00e9ale&#8230; et puis finalement que nous ne vivions \u00ab\u00a0que\u00a0\u00bb notre vie id\u00e9ale.<\/p>\n\n\n\n<p style=\"font-size:16px\">Ce que je suis vraiment heureux de penser, et depuis longtemps, c&rsquo;est que la Lumi\u00e8re, est \u00ab\u00a0la seule condition\u00a0\u00bb de ma vie&#8230; Elle seule doit la rester.<\/p>\n\n\n\n<p style=\"font-size:16px;line-height:1.6\">La Lumi\u00e8re&nbsp;?<\/p>\n\n\n\n<p>Oui, la Lumi\u00e8re, c&rsquo;est le nom que je choisis \u00e0 cet instant, parmi tous ses noms, pour nommer ce qui est Tout\u00a0: L&rsquo;Infini, l&rsquo;\u00c9ternel, l&rsquo;Absolu, l&rsquo;Amour, la Beaut\u00e9 etc. Bref, ce que le plus souvent les \u00catres humains ont appel\u00e9 Dieu.<\/p>\n\n\n\n<p>Mais j&rsquo;h\u00e9site un peu \u00e0 utiliser, l\u00e0, le mot \u00ab\u00a0Dieu\u00a0\u00bb, parce que ce mot est trop souvent charg\u00e9 de tant de m\u00e9moires douloureuses qu&rsquo;il en est insupportable pour l&rsquo;instant pour beaucoup d&rsquo;entre nous.<\/p>\n\n\n\n<p>Mais, ce n&rsquo;est pas grave&nbsp;! Ce n&rsquo;est par grave du tout pour moi, puisque tous les mots qui existent ne nomment que ce Tout, cette Lumi\u00e8re Infinie&#8230;<\/p>\n\n\n\n<p>Par exemple, l\u00e0, \u00e0 cette instant, je ne sais pas pourquoi, mais le mot \u00ab\u00a0cuill\u00e8re\u00a0\u00bb me vient \u00e0 l&rsquo;esprit&#8230; Mais, si tout est Tout, est-ce que le mot \u00ab\u00a0cuill\u00e8re\u00a0\u00bb n&rsquo;est pas un des noms de ce Tout&nbsp;? Est-ce que la cuill\u00e8re elle-m\u00eame n&rsquo;est pas \u00ab\u00a0que\u00a0\u00bb ce Tout&nbsp;?<\/p>\n\n\n\n<p>Notre Vie Id\u00e9ale, c&rsquo;est celle que nous sommes heureux de vivre&#8230; Si, \u00e0 cet instant, nous sommes heureux de Tout, nous vivons, \u00e0 cet instant, notre Vie Id\u00e9ale.<\/p>\n\n\n\n<p style=\"line-height:1.7\">Notre Vie Id\u00e9ale, c&rsquo;est notre Vraie Vie&#8230; C&rsquo;est tout ce que nous sommes heureux de vivre. <\/p>\n\n\n\n<p style=\"line-height:1.7\">Et qui choisit d&rsquo;\u00eatre heureux de ce que nous vivons&#8230; ou pas\u00a0? Quelle condition ext\u00e9rieure d\u00e9cide, \u00e0 notre place, que nous soyons heureux ou pas\u00a0?<\/p>\n\n\n\n<p style=\"text-decoration:none;text-transform:none\">Il n&rsquo;y a rien, bien s\u00fbr, en dehors de nous-m\u00eame, qui pense \u00e0 notre place. Et si nous observons calmement les choses, nous voyons bien que nous vivons ce que nous pensons.<\/p>\n\n\n\n<p>Nous vivons ce que nous pensons.<\/p>\n\n\n\n<p>Nous sommes oblig\u00e9s de reconna\u00eetre que nous sommes toujours heureux lorsque nous pensons ce que nous sommes les plus heureux de penser&#8230;<\/p>\n\n\n\n<p>Et que nous sommes toujours malheureux, lorsque nous pensons une pens\u00e9e que nous ne sommes pas heureux de penser.<\/p>\n\n\n\n<p>Si nous voulons vivre, un instant, notre Vie Id\u00e9ale, alors, il va bien falloir, \u00e0 cet instant, oser penser ce que nous sommes les plus heureux de penser.<\/p>\n\n\n\n<p>Et qui pense en nous\u00a0? C&rsquo;est bien s\u00fbr nous-m\u00eame, n&rsquo;est-ce pas\u00a0?<\/p>\n\n\n\n<p>Et l\u00e0, \u00e0 cet instant que nous venons de vivre, avons-nous pens\u00e9 ce que nous \u00e9tions les plus heureux de penser&nbsp;? Ou bien, par habitude, nous sommes-nous content\u00e9s de ne penser que ce que nous n&rsquo;\u00e9tions pas heureux de penser&#8230;<\/p>\n\n\n\n<p>C&rsquo;est l\u00e0 la question la plus importante que nous invite \u00e0 nous poser le jeu du BeHappy qui est la raison d&rsquo;\u00eatre de ce site&nbsp;web BeHappy8 et qui&nbsp;a&nbsp;pour but de nous&nbsp;entrainer&nbsp;\u00e0&nbsp;\u00eatre&nbsp;toujours&nbsp;plus&nbsp;heureux en osant penser ce que nous sommes les plus heureux de penser.<\/p>\n\n\n\n<p>C&rsquo;est l\u00e0 la r\u00e8gle num\u00e9ro 3 de ce jeu qui est une question, la question la plus importante que nous pouvons nous poser : \u00ab\u00a0Est-ce que j&rsquo;ai pens\u00e9\u00a0l\u00e0\u00a0ce\u00a0que\u00a0j&rsquo;\u00e9tais\u00a0le\u00a0plus\u00a0heureux\u00a0de\u00a0penser\u00a0?\u00a0OUI\u00a0ou\u00a0NON\u00a0?\u00a0\u00bb<\/p>\n\n\n\n<p>Mais reprenons maintenant le fil de notre entretien d&rsquo;aujourd&rsquo;hui&nbsp;: notre Vie Id\u00e9ale&#8230;<\/p>\n\n\n\n<p><mark style=\"background-color:rgba(0, 0, 0, 0)\" class=\"has-inline-color has-dark-gray-color\">Tout ce que nous ne sommes pas heureux de vivre n&rsquo;est pas notre \u00ab\u00a0Vraie Vie\u00a0\u00bb&#8230; Ce n&rsquo;est pas notre Vie Id\u00e9ale.<\/mark><\/p>\n\n\n\n<p>Oui, c&rsquo;est cela&nbsp;! D\u00e8s que je ne suis pas heureux de quelque chose, je perd conscience de la Lumi\u00e8re qui est Tout, la Lumi\u00e8re dont je suis fait (ou bien la Lumi\u00e8re que je suis).<\/p>\n\n\n\n<p>Et lorsque je perd conscience de la Lumi\u00e8re Pure que je suis, alors l\u00e0, je vis \u00e0 cet instant ce que l&rsquo;on appelle souvent \u00ab\u00a0l&rsquo;ombre\u00a0\u00bb, ou \u00ab\u00a0le mal\u00a0\u00bb&#8230;<\/p>\n\n\n\n<p>L&rsquo;ombre n&rsquo;est que la Lumi\u00e8re, lorsque j&rsquo;en perd conscience.<\/p>\n\n\n\n<p>L&rsquo;ombre, le mal, n&rsquo;est que ma perte de conscience du Tout, ma perte de conscience de la Lumi\u00e8re Infinie, de l&rsquo;Amour, de la Perfection&#8230;<\/p>\n\n\n\n<p>Mais est-ce que cette ombre, ce mal, va avoir une fin&nbsp;?<\/p>\n\n\n\n<p>Alors, l\u00e0, ce que je suis vraiment, mais vraiment, le plus heureux de r\u00e9pondre, c&rsquo;est : \u00ab\u00a0Oui ! Le mal aura une fin. Oui\u00a0! le mal aura une fin&#8230; L&rsquo;ombre a eu un d\u00e9but et elle aura une fin\u00a0\u00bb.<\/p>\n\n\n\n<p>Seule la Lumi\u00e8re est \u00c9ternelle.<\/p>\n\n\n\n<p>Qui a jamais \u00e9t\u00e9 heureux de penser que le mal ne finirait jamais, que l&rsquo;ombre serait \u00e9ternelle&nbsp;? Qui&nbsp;a \u00e9t\u00e9 heureux de penser cela ? Personne&#8230; sur toute la terre&nbsp;!<\/p>\n\n\n\n<p>Je ne dis pas que personne ne l&rsquo;a pens\u00e9, bien s\u00fbr. Je dis simplement que personne n&rsquo;a \u00e9t\u00e9 \u00ab\u00a0heureux\u00a0\u00bb de le penser. Et l\u00e0, quand je dis personne, je dis \u00ab\u00a0personne\u00a0\u00bb. C&rsquo;est vraiment, l\u00e0, ce que je suis le plus heureux de penser.<\/p>\n\n\n\n<p>Mais alors, comment ce mal va-t-il finir&nbsp;?<\/p>\n\n\n\n<p>Pour que ce mal finisse, il suffit que nous reprenions conscience de la Lumi\u00e8re en Tout&#8230; Alors l\u00e0, nous vivons notre Vie Id\u00e9ale, notre Vie Lumi\u00e8re&#8230;<\/p>\n\n\n\n<p>En Tout&nbsp;! En Tout&nbsp;? Mais comment&nbsp;? Comment voir la Lumi\u00e8re dans l&rsquo;ombre&nbsp;? L&rsquo;ombre est partout&nbsp;!<\/p>\n\n\n\n<p>Non, l&rsquo;ombre n&rsquo;est pas partout. La Lumi\u00e8re, Elle, est partout. Elle est discr\u00e8tement partout, Infinie, \u00c9ternelle&#8230; Et donc Omnipr\u00e9sente.<\/p>\n\n\n\n<p>L&rsquo;ombre, elle, elle fait beaucoup de bruit, ce qui nous fait croire qu&rsquo;elle est partout, alors que, dans la Vraie R\u00e9alit\u00e9, c&rsquo;est \u00e0 dire dans la Lumi\u00e8re qui est Tout, elle n&rsquo;est nul part\u2026<\/p>\n\n\n\n<p>Mais, l\u00e0, le probl\u00e8me pour la plupart d&rsquo;entre nous, c&rsquo;est que ce qui est le plus simple, c&rsquo;est en m\u00eame temps ce que nous avons rendu le plus compliqu\u00e9 pour nous&nbsp;!<\/p>\n\n\n\n<p>Notre Vie Id\u00e9ale, c&rsquo;est ce qui est le plus simple \u00e0 vivre, puisqu&rsquo;il suffit pour la vivre de reconna\u00eetre la Lumi\u00e8re l\u00e0 o\u00f9 Elle est, c&rsquo;est \u00e0 dire en Tout. Cela ne peut pas \u00eatre plus simple&nbsp;!<\/p>\n\n\n\n<p>Mais, en m\u00eame temps, nous l&rsquo;avons rendu si compliqu\u00e9 ! Parce que l&rsquo;ombre, c&rsquo;est \u00e0 dire le mal, depuis que nous avons cru la faire exister, c&rsquo;est \u00e0 dire depuis le presque d\u00e9but de l&rsquo;humanit\u00e9, l&rsquo;ombre donc, nous a interdit la conscience de la Lumi\u00e8re&#8230; Et cela, en particulier, \u00ab\u00a0dans l&rsquo;ombre\u00a0\u00bb.<\/p>\n\n\n\n<p>Depuis que nous avons choisi, il y a bien longtemps, de perdre conscience de la Lumi\u00e8re, l&rsquo;ombre, que nous avons imagin\u00e9e alors, n&rsquo;a jamais aim\u00e9 rien du Tout, ni la Lumi\u00e8re, ni l&rsquo;ombre&#8230; Nous avons donc une tr\u00e8s, tr\u00e8s forte tradition multi-mill\u00e9naire qui est de combattre la Lumi\u00e8re&#8230; et surtout de combattre l&rsquo;ombre\u00a0!<\/p>\n\n\n\n<p>Vivant dans l&rsquo;illusion de la s\u00e9paration, l&rsquo;ombre a toujours combattu l&rsquo;ombre&nbsp;! Qu&rsquo;elle soit en nous ou autour de nous, elle a&nbsp;toujours pr\u00e9tendu qu&rsquo;il fallait combattre l&rsquo;ombre en nous et autour de nous.<\/p>\n\n\n\n<p>Finalement, les \u00catres humains ont fait de l&rsquo;ombre un v\u00e9ritable labyrinthe qui, en plus, s&rsquo;est auto-labyrinthiser, sans cesse,\u00a0depuis quelques centaines de mill\u00e9naires&#8230;<\/p>\n\n\n\n<p>Et alors, l\u00e0, comment faire pour sortir de ce labyrinthe de l&rsquo;ombre&nbsp;?<\/p>\n\n\n\n<p>Eh bien, l\u00e0, il faut enfin se d\u00e9cider \u00e0 suivre un conseil qui nous a \u00e9t\u00e9 donn\u00e9, \u00e0 nouveau, il y a environ 2000 ans. Ce conseil, c&rsquo;est, tout simplement : \u00ab\u00a0Aimez votre ennemi\u00a0\u00bb.<\/p>\n\n\n\n<p>Notre \u00ab\u00a0ennemi\u00a0\u00bb, c&rsquo;est tout ce que nous n&rsquo;avons pas aim\u00e9, tout ce dont nous n&rsquo;avons pas \u00e9t\u00e9 heureux.<\/p>\n\n\n\n<p>Notre \u00ab\u00a0ennemi\u00a0\u00bb, c&rsquo;est tout simplement l&rsquo;ombre elle-m\u00eame&#8230; C&rsquo;est notre perte de conscience de la Lumi\u00e8re Infini, notre perte de conscience du Tout Infini.<\/p>\n\n\n\n<p>Notre \u00ab\u00a0Vie Id\u00e9ale\u00a0\u00bb, c&rsquo;est d&rsquo;\u00eatre heureux de Tout, \u00ab\u00a0<mark style=\"background-color:rgba(0, 0, 0, 0)\" class=\"has-inline-color has-dark-gray-color\">y compris de l&rsquo;ombre<\/mark>\u00ab\u00a0&#8230; C&rsquo;est de Tout aimer, \u00ab\u00a0y compris le mal\u00a0\u00bb.<\/p>\n\n\n\n<p>Alors, \u00e7a, pour l&rsquo;instant, cela a \u00e9t\u00e9 difficile \u00e0 admettre, vu notre \u00ab\u00a0d\u00e9formation ombreuse\u00a0\u00bb&#8230;<\/p>\n\n\n\n<p>Pour l&rsquo;instant&#8230; Et pour un bon moment encore, il faut que nous apprenions, de mieux en mieux, \u00e0 reconna\u00eetre la Lumi\u00e8re \u00ab\u00a0dans\u00a0\u00bb l&rsquo;ombre&#8230;<\/p>\n\n\n\n<p>Dans l&rsquo;ombre&nbsp;?<\/p>\n\n\n\n<p>Oui&nbsp;! \u00ab\u00a0Dans\u00a0\u00bb l&rsquo;ombre.<\/p>\n\n\n\n<p>Et, pour cela, il faut, sans cesse, nous aider les uns les autres \u00e0 nous rappeler que Tout est Parfait&#8230; Et cela, au-del\u00e0 de toutes les illusions ombreuses que nous avons accumul\u00e9es au cours du temps.<\/p>\n\n\n\n<p>\u00ab\u00a0Ce Tout qui est Parfait\u00a0\u00bb inclut, bien s\u00fbr, tout notre pass\u00e9&#8230;<\/p>\n\n\n\n<p>En effet, \u00e0 force d&rsquo;avoir \u00ab\u00a0pens\u00e9\u00a0\u00bb, pendant si longtemps, que nous n&rsquo;aimions pas l&rsquo;ombre, comme elle-m\u00eame nous l&rsquo;a appris pendant des dizaines de mill\u00e9naires, alors, nous n&rsquo;avons pas aim\u00e9 l&rsquo;ombre en pratique.<\/p>\n\n\n\n<p>Mais, maintenant, \u00e0 force de penser, de plus en plus, que nous aimons l&rsquo;ombre, nous allons finir par aimer l&rsquo;ombre dans les faits et par n&rsquo;y reconna\u00eetre que la Lumi\u00e8re \u00c9ternelle.<\/p>\n\n\n\n<p>C&rsquo;est exactement le m\u00eame merveilleux m\u00e9canisme de la \u00ab\u00a0Pens\u00e9e\u00a0\u00bb, dont nous avons depuis trop longtemps m\u00e9sus\u00e9e pour imaginer l&rsquo;ombre, que nous allons utiliser maintenant pour reconna\u00eetre simplement la Lumi\u00e8re en Toute Chose, y compris dans l&rsquo;ombre.<\/p>\n\n\n\n<p>Et lorsque nous aimerons totalement l&rsquo;ombre et que nous n&rsquo;y reconna\u00eetrons que la Lumi\u00e8re, la Lumi\u00e8re Seule restera dans notre conscience comme Elle a toujours exist\u00e9 en Tout.<\/p>\n\n\n\n<p>Et l\u00e0, nous aimerons tout notre Pass\u00e9 Merveilleux&nbsp;!<\/p>\n\n\n\n<p>Et nous cr\u00e9erons \u00e0 chaque instant, \u00e0 partir de la Lumi\u00e8re en nous, notre Vie Id\u00e9ale \u00c9ternelle.<\/p>\n\n\n\n<p>&nbsp;&nbsp;<\/p>\n\n\n\n<p>Qu&rsquo;en pensez-vous&nbsp;?<\/p>\n\n\n\n<p>&nbsp;&nbsp;<\/p>\n\n\n\n<p class=\"has-text-align-right\"><em>(\u00c0 suivre)<\/em><\/p>\n\n\n\n<figure class=\"wp-block-image size-large\"><img loading=\"lazy\" decoding=\"async\" width=\"842\" height=\"1024\" src=\"https:\/\/behappy8.org\/wp-content\/uploads\/2024\/04\/IMG_0806-1-842x1024.jpeg\" alt=\"\" class=\"wp-image-305\" srcset=\"https:\/\/behappy8.org\/wp-content\/uploads\/2024\/04\/IMG_0806-1-842x1024.jpeg 842w, https:\/\/behappy8.org\/wp-content\/uploads\/2024\/04\/IMG_0806-1-247x300.jpeg 247w, https:\/\/behappy8.org\/wp-content\/uploads\/2024\/04\/IMG_0806-1-768x934.jpeg 768w, https:\/\/behappy8.org\/wp-content\/uploads\/2024\/04\/IMG_0806-1-1263x1536.jpeg 1263w, https:\/\/behappy8.org\/wp-content\/uploads\/2024\/04\/IMG_0806-1-1684x2048.jpeg 1684w, https:\/\/behappy8.org\/wp-content\/uploads\/2024\/04\/IMG_0806-1-1200x1459.jpeg 1200w\" sizes=\"auto, (max-width: 709px) 85vw, (max-width: 909px) 67vw, (max-width: 1362px) 62vw, 840px\" \/><\/figure>\n","protected":false},"excerpt":{"rendered":"<p>Lundi 29 Avril 2024 &nbsp;&nbsp; &nbsp;&nbsp; Ma Vie Id\u00e9ale, c&rsquo;est celle que je suis heureux de vivre. C&rsquo;est tout simple&#8230; Si je suis heureux de vivre quelque chose, je suis en train de vivre mon Id\u00e9al. Pour donner un petit exemple&nbsp;: Je suis un homme. Si je suis heureux d&rsquo;\u00eatre un homme, ma Vie Id\u00e9ale, &hellip; <a href=\"https:\/\/behappy8.org\/?p=293\" class=\"more-link\">Continuer la lecture<span class=\"screen-reader-text\"> de &laquo;&nbsp;15 \u2022 Vie Id\u00e9ale&nbsp;&raquo;<\/span><\/a><\/p>\n","protected":false},"author":1,"featured_media":0,"comment_status":"open","ping_status":"open","sticky":false,"template":"","format":"standard","meta":{"footnotes":"[]"},"categories":[95],"tags":[209,223,222,160,196,38,99,22,213,144,220,205,204,211,206,135,15,208,26,103,47,212,52,217,214,138,8,163,218,207,136,66,216,215,221,219,16,54,203,210],"class_list":["post-293","post","type-post","status-publish","format-standard","hentry","category-blog","tag-absolu","tag-aimer-lombre","tag-aimez-votre-ennemi","tag-amour","tag-beaute","tag-behappy","tag-behappy8","tag-bonheur","tag-cest-moi-qui-pense","tag-choisir","tag-complique","tag-conditionne","tag-conditions","tag-conditions-exterieures","tag-deconditionner","tag-dieu","tag-entrainement","tag-eternel","tag-habitude","tag-heureux","tag-infini","tag-je-vis-ce-que-je-pense","tag-joie","tag-la-fin-du-mal","tag-la-question","tag-labyrinthe","tag-libre-arbitre","tag-lumiere","tag-lumiere-omnipresente","tag-mal","tag-ombre","tag-pensee","tag-personne","tag-perte-de-conscience","tag-separation","tag-simple","tag-tradition","tag-verite","tag-vie-ideale","tag-vraie-vie"],"_links":{"self":[{"href":"https:\/\/behappy8.org\/index.php?rest_route=\/wp\/v2\/posts\/293","targetHints":{"allow":["GET"]}}],"collection":[{"href":"https:\/\/behappy8.org\/index.php?rest_route=\/wp\/v2\/posts"}],"about":[{"href":"https:\/\/behappy8.org\/index.php?rest_route=\/wp\/v2\/types\/post"}],"author":[{"embeddable":true,"href":"https:\/\/behappy8.org\/index.php?rest_route=\/wp\/v2\/users\/1"}],"replies":[{"embeddable":true,"href":"https:\/\/behappy8.org\/index.php?rest_route=%2Fwp%2Fv2%2Fcomments&post=293"}],"version-history":[{"count":11,"href":"https:\/\/behappy8.org\/index.php?rest_route=\/wp\/v2\/posts\/293\/revisions"}],"predecessor-version":[{"id":1294,"href":"https:\/\/behappy8.org\/index.php?rest_route=\/wp\/v2\/posts\/293\/revisions\/1294"}],"wp:attachment":[{"href":"https:\/\/behappy8.org\/index.php?rest_route=%2Fwp%2Fv2%2Fmedia&parent=293"}],"wp:term":[{"taxonomy":"category","embeddable":true,"href":"https:\/\/behappy8.org\/index.php?rest_route=%2Fwp%2Fv2%2Fcategories&post=293"},{"taxonomy":"post_tag","embeddable":true,"href":"https:\/\/behappy8.org\/index.php?rest_route=%2Fwp%2Fv2%2Ftags&post=293"}],"curies":[{"name":"wp","href":"https:\/\/api.w.org\/{rel}","templated":true}]}}