{"id":334,"date":"2021-05-17T12:28:00","date_gmt":"2021-05-17T10:28:00","guid":{"rendered":"https:\/\/behappy8.org\/?p=334"},"modified":"2024-07-27T08:57:36","modified_gmt":"2024-07-27T06:57:36","slug":"8-entretiens-1-1","status":"publish","type":"post","link":"https:\/\/behappy8.org\/?p=334","title":{"rendered":"Les 8 Entretiens\u00a0(1\u00e8re\u00a0Partie\u00a0du\u00a01er\u00a0Entretien)"},"content":{"rendered":"\n<div style=\"height:29px\" aria-hidden=\"true\" class=\"wp-block-spacer\"><\/div>\n\n\n\n\n\n<div style=\"height:26px\" aria-hidden=\"true\" class=\"wp-block-spacer\"><\/div>\n\n\n\n<p class=\"has-text-align-center\"><strong>Deux petits artisans de la Lumi\u00e8re parmi tant d\u2019autres,&nbsp;petit (\u25a0) et petit (\u25cf),&nbsp;communiquent&nbsp;sur bien des sujets qui n\u2019ont peut-\u00eatre pas tant d\u2019importances\u2026<\/strong><\/p>\n\n\n\n<div style=\"height:34px\" aria-hidden=\"true\" class=\"wp-block-spacer\"><\/div>\n\n\n\n<p class=\"has-text-align-right\" style=\"font-size:19px\"><\/p>\n\n\n\n<p class=\"has-text-align-center has-medium-font-size\"><\/p>\n\n\n\n<figure class=\"wp-block-audio\"><audio controls src=\"https:\/\/behappy8.org\/wp-content\/uploads\/2024\/05\/8-Entretiens-18-18.m4a\" loop><\/audio><\/figure>\n\n\n\n<p class=\"has-text-align-center\"><\/p>\n\n\n\n<div style=\"height:54px\" aria-hidden=\"true\" class=\"wp-block-spacer\"><\/div>\n\n\n\n<p class=\"has-text-align-right\"><em>Bonjour&nbsp;!<\/em><\/p>\n\n\n\n<p>\u25a0\u00a0<\/p>\n\n\n\n<p>Alors&nbsp;? On avait bien travaill\u00e9 lors de notre 1<sup>\u00e8re<\/sup> rencontre, \u2026<\/p>\n\n\n\n<p>Et quand j\u2019y ai r\u00e9fl\u00e9chi, je me suis dit&nbsp;: \u00ab&nbsp;Quel dommage que l\u2019on n\u2019ait pas enregistr\u00e9&nbsp;! Cela nous aurait donn\u00e9 de la mati\u00e8re&nbsp;!&nbsp;\u00bb<\/p>\n\n\n\n<p>\u25cf<\/p>\n\n\n\n<p>Oui&nbsp;! L\u00e0, il y avait de la mati\u00e8re&nbsp;! On peut le dire\u2026<\/p>\n\n\n\n<p>\u25a0<\/p>\n\n\n\n<p>Mais, tout est parfait&nbsp;: cette mati\u00e8re, on va la retrouver parce que de toutes les fa\u00e7ons, on va y revenir encore et encore&nbsp;! Ce ne sont l\u00e0 que des notions classiques. Ce sont de bons outils simples et utiles, qui sont inscrits en nous\u2026 mais dont il faut reparler sans cesse pour les utiliser de mieux en mieux\u2026<\/p>\n\n\n\n<p>Alors&nbsp;! Depuis la derni\u00e8re fois o\u00f9 nous avons bien travaill\u00e9, qu\u2019est-ce que tu as r\u00e9fl\u00e9chi&nbsp;? Qu\u2019est-ce que tu as observ\u00e9 au point de vue de cette discussion que nous avons eu&nbsp;? De cet \u00e9change&nbsp;? De ce travail que nous avons fait ensemble&nbsp;? Est-ce que tu as eu des r\u00e9actions premi\u00e8res&nbsp;?<\/p>\n\n\n\n<p>\u25cf<\/p>\n\n\n\n<p>Alors&nbsp;! \u2026 Ce qui est int\u00e9ressant, et c\u2019est un sch\u00e9ma un peu r\u00e9current chez moi\u2026 C\u2019est \u00e0 dire, d\u00e9j\u00e0, lorsque je suis parti d\u2019ici, j\u2019\u00e9tais sur un petit nuage&nbsp;!<\/p>\n\n\n\n<p>\u25a0<\/p>\n\n\n\n<p>C\u2019est normal&nbsp;!<\/p>\n\n\n\n<p class=\"has-text-align-left\"><em>\u00ab&nbsp;C\u2019est la conscience qui fait toute la diff\u00e9rence&nbsp;\u00bb<\/em><\/p>\n\n\n\n<p>\u25cf<\/p>\n\n\n\n<p>Notre \u00e9change avait r\u00e9veill\u00e9 toute mon \u00e9nergie vitale\u2026 \u00c7a avait r\u00e9veill\u00e9 mon optimisme qui m\u2019appartient\u2026 et que, parfois, je perds&nbsp;!<\/p>\n\n\n\n<p>\u25a0<\/p>\n\n\n\n<p>Que tu ne perds \u00ab&nbsp;que de vue&nbsp;\u00bb&nbsp;! Tu ne le \u00ab&nbsp;perd&nbsp;\u00bb pas\u2026<\/p>\n\n\n\n<p>\u25cf<\/p>\n\n\n\n<p>Oui, tu as raison. \u00ab&nbsp;Je ne le perds que de vue&nbsp;!&nbsp;\u00bb<\/p>\n\n\n\n<p>\u25a0<\/p>\n\n\n\n<p>&nbsp;Tu ne peux en perdre \u00ab&nbsp;que la conscience&nbsp;\u00bb&nbsp;\u2026<\/p>\n\n\n\n<p>\u25cf<\/p>\n\n\n\n<p>Oui&nbsp;! C\u2019est vrai&nbsp;!&nbsp;<\/p>\n\n\n\n<p>Donc \u00e7a, c\u2019\u00e9tait tr\u00e8s bien\u2026 et \u00e7a a dur\u00e9 quelques jours\u2026 Pas de soucis&nbsp;!&nbsp;<\/p>\n\n\n\n<p>Ensuite, cela s\u2019est un peu att\u00e9nu\u00e9\u2026 Mais, tout de m\u00eame, je l\u2019avais toujours en t\u00eate et \u00e7a m\u2019a beaucoup aid\u00e9 dans les moments difficiles\u2026 Enfin&nbsp;! \u2026 pas vraiment difficiles&nbsp;! Mais, il y a eu des moments o\u00f9 \u00e7a m\u2019a permis de relancer la machine\u2026<\/p>\n\n\n\n<p>\u25a0<\/p>\n\n\n\n<p>Tr\u00e8s bien&nbsp;!<\/p>\n\n\n\n<p>\u25cf<\/p>\n\n\n\n<p>Je l\u2019ai toujours sous le coude, parce que si j\u2019ai un souci, je sais que je l\u2019ai\u2026 Je ne me suis pas inqui\u00e9t\u00e9e de mon probl\u00e8me donc\u2026&nbsp;<\/p>\n\n\n\n<p>Mais progressivement, en revanche je n\u2019avais plus la m\u00eame\u2026 vitalit\u00e9&nbsp;!<\/p>\n\n\n\n<p>\u25a0<\/p>\n\n\n\n<p>Tu veux dire cette luminosit\u00e9, cette clart\u00e9, ce piquant&nbsp;!<\/p>\n\n\n\n<p>\u25cf<\/p>\n\n\n\n<p>Oui, ce c\u00f4t\u00e9 qui m\u2019obs\u00e8de depuis toujours, en fait&nbsp;! C\u2019est vrai&nbsp;! C\u2019est vraiment\u2026<\/p>\n\n\n\n<p>&nbsp;&nbsp;<\/p>\n\n\n\n<p class=\"has-text-align-right\"><em>La Lumi\u00e8re est notre obsession depuis toujours<\/em><\/p>\n\n\n\n<p>\u25a0<\/p>\n\n\n\n<p>Qui t\u2019obs\u00e8de&nbsp;? \u2026 Tu veux dire&nbsp;: que tu veux vivre \u00e7a&nbsp;? Tu veux vivre cette clart\u00e9&nbsp;?<\/p>\n\n\n\n<p>\u25cf<\/p>\n\n\n\n<p>Oui&nbsp;!<\/p>\n\n\n\n<p>\u25a0<\/p>\n\n\n\n<p>Oui&nbsp;? Alors, c\u2019est normal que \u00e7a t\u2019obs\u00e8de&nbsp;!<\/p>\n\n\n\n<p>\u25cf<\/p>\n\n\n\n<p>Je veux trouver \u00ab&nbsp;\u00e7a&nbsp;\u00bb&nbsp;! Pour moi, exister, c\u2019est \u00ab&nbsp;\u00e7a&nbsp;\u00bb&nbsp;! Il faut que je vive \u00ab&nbsp;\u00e7a&nbsp;\u00bb \u2026<\/p>\n\n\n\n<p>\u25a0<\/p>\n\n\n\n<p>Tu as raison, bien s\u00fbr&nbsp;! Moi aussi, c\u2019est ce que je veux vivre\u2026 Et tout le monde ne veut vivre que \u201c\u00e7a\u201d&nbsp;!<\/p>\n\n\n\n<p>&nbsp;&nbsp;<\/p>\n\n\n\n<p class=\"has-text-align-right\"><em>Pourquoi&nbsp;?<\/em><\/p>\n\n\n\n<p>\u25cf<\/p>\n\n\n\n<p>&nbsp;Donc\u2026 Je sentais que c\u2019\u00e9tait l\u00e0 et du coup, je me suis dit&nbsp;: \u00ab&nbsp;Je suis en face d\u2019un m\u00e9canisme assez curieux&nbsp;: c\u2019est que j\u2019ai tout ce qu\u2019il faut\u2026 et pourquoi, pourquoi, mais pourquoi je ne le prends pas&nbsp;? Pourquoi je ne l\u2019utilise pas&nbsp;?&nbsp;\u00bb<\/p>\n\n\n\n<p>\u25a0<\/p>\n\n\n\n<p>Alors, \u00e7a, c\u2019est tr\u00e8s important ce que tu dis l\u00e0&nbsp;! Parce que, tant que nous n\u2019avons pas solutionn\u00e9 ce \u00ab&nbsp;Pourquoi&nbsp;?&nbsp;\u00bb, tant que nous ne l\u2019avons pas valid\u00e9, tant que nous n\u2019avons pas trouv\u00e9 \u00ab&nbsp;la belle raison&nbsp;\u00bb pour laquelle nous faisons comme \u00e7a\u2026 nous nous en voulons de faire comme \u00e7a\u2026<\/p>\n\n\n\n<p>&nbsp;&nbsp;<\/p>\n\n\n\n<p class=\"has-text-align-right\"><em>Apprendre, c\u2019est r\u00e9p\u00e9ter&nbsp;!<\/em><\/p>\n\n\n\n<p>\u25cf<\/p>\n\n\n\n<p>Mais du coup, je suis retomb\u00e9 direct l\u00e0-dedans&nbsp;! Je m\u2019en suis voulu\u2026<\/p>\n\n\n\n<p>\u25a0<\/p>\n\n\n\n<p>Et du coup, en s\u2019en voulant de \u00ab&nbsp;ne pas y arriver&nbsp;\u00bb \u2026 nous nous obligeons, \u00ab&nbsp;merveilleusement&nbsp;\u00bb, \u00e0 ne pas y arriver \u00e0 nouveau&nbsp;! C\u2019est tr\u00e8s, tr\u00e8s, important de r\u00e9aliser cela&nbsp;!<\/p>\n\n\n\n<p>\u25cf<\/p>\n\n\n\n<p>Oui, c\u2019est vrai&nbsp;! C\u2019est tr\u00e8s important pour moi, parce que c\u2019est toute \u00ab&nbsp;ma probl\u00e9matique&nbsp;\u00bb de l\u2019instant par rapport \u00e0 plein de choses\u2026<\/p>\n\n\n\n<p>\u25a0<\/p>\n\n\n\n<p>Eh oui&nbsp;! C\u2019est la probl\u00e9matique de chacun de nous&nbsp;! Parce que c\u2019est l\u2019histoire dont nous avons parl\u00e9 la derni\u00e8re fois, mais dont nous allons reparler de nombreuses autres fois, si tu le veux bien&nbsp;!&nbsp;<\/p>\n\n\n\n<p>C\u2019est parce qu\u2019il faut absolument \u00ab&nbsp;r\u00e9p\u00e9ter&nbsp;\u00bb&nbsp;!&nbsp;<\/p>\n\n\n\n<p>Moi-m\u00eame, je suis oblig\u00e9 de me le r\u00e9p\u00e9ter\u2026&nbsp; Je dis qu\u2019il est utile d\u2019\u00e9crire\u2026 Et moi-m\u00eame, j\u2019\u00e9crit, mais mes \u00e9crits, c\u2019est 99 % de r\u00e9p\u00e9titions\u2026&nbsp;<\/p>\n\n\n\n<p>Tu vois&nbsp;? Je r\u00e9p\u00e8te des choses depuis des ann\u00e9es\u2026 des phrases, les m\u00eames phrases que je suis heureux de penser et qui reviennent\u2026 et qui reviennent\u2026 et que je r\u00e9installe pour la centi\u00e8me fois&nbsp;!&nbsp;<\/p>\n\n\n\n<p>Ce n\u2019est vraiment pas parce que tu le penses une fois, que tu l\u2019\u00e9cris une fois, que c\u2019est termin\u00e9, que c\u2019est dans la poche&nbsp;!<\/p>\n\n\n\n<p>\u25cf<\/p>\n\n\n\n<p>Oui&nbsp;! Je le comprends\u2026<\/p>\n\n\n\n<p>\u25a0<\/p>\n\n\n\n<p>Non&nbsp;! C\u2019est un travail constant&nbsp;! C\u2019est \u00ab&nbsp;un entrainement&nbsp;\u00bb\u2026 comme un entrainement de danse, comme un entra\u00eenement pour apprendre n\u2019importe quelle chose que nous voulons apprendre\u2026&nbsp;<\/p>\n\n\n\n<p>Pour apprendre, il nous faut sans arr\u00eat r\u00e9p\u00e9ter&nbsp;!&nbsp;<\/p>\n\n\n\n<p>Et pour s\u2019am\u00e9liorer, il faut encore, sans cesse, encore plus que nous r\u00e9p\u00e9tions\u2026<\/p>\n\n\n\n<p>\u25cf<\/p>\n\n\n\n<p>C\u2019est logique&nbsp;!<\/p>\n\n\n\n<p>&nbsp;&nbsp;<\/p>\n\n\n\n<p class=\"has-text-align-right\"><em>Qu\u2019est-ce que l\u2019instant&nbsp;?<\/em><\/p>\n\n\n\n<p>\u25a0<\/p>\n\n\n\n<p>Oui&nbsp;! Les danseurs les plus grands n\u2019arr\u00eatent pas de danser\u2026 Ils travaillent pendant des semaines pour leur spectacle. Et tout \u00e7a, nous reconnaissons que c\u2019est tout \u00e0 fait normal&nbsp;!&nbsp;<\/p>\n\n\n\n<p>Mais, il y a un truc&nbsp;! c\u2019est que : en fait il y a plusieurs choses dont il faut se souvenir \u00e0 la base et qui sont plus qu\u2019int\u00e9ressantes\u2026<\/p>\n\n\n\n<p>Et la premi\u00e8re, c\u2019est que \u00ab&nbsp;L\u2019Instant, c\u2019est toujours Dieu Lui-m\u00eame&nbsp;\u00bb.&nbsp;<\/p>\n\n\n\n<p>\u25cf<\/p>\n\n\n\n<p>Oui&nbsp;!<\/p>\n\n\n\n<p>\u25a0<\/p>\n\n\n\n<p>Un instant est donc Sacr\u00e9, il est Divin, il est Parfait&nbsp;!<\/p>\n\n\n\n<p>Voil\u00e0&nbsp;! L\u2019instant, c\u2019est le B.A. BA : \u00ab&nbsp;Dieu est Tout&nbsp;!&nbsp;\u00bb<\/p>\n\n\n\n<p>Si nous sommes d\u2019accord avec \u00e7a, c\u2019est \u00e0 dire si nous avons cette foi que \u00ab&nbsp;Dieu est tout&nbsp;\u00bb, alors, l\u00e0, ensuite, nous sommes oblig\u00e9s, et c\u2019est logique, de reconna\u00eetre que cet instant, quel qu\u2019il soit, c\u2019est du Divin Pur&nbsp;!&nbsp;<\/p>\n\n\n\n<p>Parce que \u00ab&nbsp;Il est tout&nbsp;\u00bb, il n\u2019y a pas d\u2019autres places, il n\u2019y a personne d\u2019autre, il n\u2019y a rien d\u2019autre que Lui&nbsp;!<\/p>\n\n\n\n<p>Mais attention&nbsp;! Ce que je nomme l\u00e0 \u00ab&nbsp;Dieu&nbsp;\u00bb, nous pouvons le nommer de millier d\u2019autres noms\u2026 C\u2019est simplement le nom que chacun choisi pour d\u00e9signer ce qui est \u00ab&nbsp;Tout&nbsp;\u00bb&nbsp;\u2026 \u00ab&nbsp;Absolument Tout&nbsp;\u00bb&nbsp;! C\u2019est la Lumi\u00e8re, l\u2019Infini, l\u2019Absolue, l\u2019\u00c9ternelle, la V\u00e9rit\u00e9, l\u2019Universel\u2026 etc\u2026 etc\u2026<\/p>\n\n\n\n<p>\u25cf<\/p>\n\n\n\n<p>D\u2019accord&nbsp;! Oui, \u00e7a c\u2019est vrai&nbsp;!<\/p>\n\n\n\n<p>\u25a0<\/p>\n\n\n\n<p>Voil\u00e0, d\u00e9j\u00e0 c\u2019est tr\u00e8s important de se rappeler de \u00e7a et de se le redire sans arr\u00eat&nbsp;:&nbsp;<\/p>\n\n\n\n<p>\u00ab&nbsp;Cet instant que je suis en train de vivre, quoi que j\u2019en pense, quelque conscience que j\u2019en ai, c\u2019est Dieu Lui-m\u00eame&nbsp;!&nbsp;Je suis en train de vivre la Lumi\u00e8re&nbsp;!&nbsp;\u00bb<\/p>\n\n\n\n<p>&nbsp;&nbsp;<\/p>\n\n\n\n<p class=\"has-text-align-right\"><em>La culpabilit\u00e9&nbsp;et l\u2019incroyance<\/em><\/p>\n\n\n\n<p>\u25cf<\/p>\n\n\n\n<p>Nous sommes d\u2019accord&nbsp;! C\u2019est ce que j\u2019avais bien entendu l\u2019autre fois\u2026 Et du coup, quand m\u00eame, cela m\u2019a aid\u00e9, lorsque j\u2019ai exp\u00e9riment\u00e9 cette \u00ab&nbsp;culpabilit\u00e9 de ne pas y arriver&nbsp;\u00bb&nbsp;!&nbsp;<\/p>\n\n\n\n<p>Alors, je me suis dit&nbsp;: Attention&nbsp;! Cet instant c\u2019est Dieu, celui-l\u00e0 aussi, et tous les autres instants \u00e9galement\u2026&nbsp;<\/p>\n\n\n\n<p>Mais, j\u2019ai continu\u00e9 quand m\u00eame \u00e0 souffrir de ma \u00ab&nbsp;culpabilit\u00e9&nbsp;\u00bb&nbsp;!<\/p>\n\n\n\n<p>\u25a0<\/p>\n\n\n\n<p>Oui&nbsp;! Parce que, si tu veux, pour l\u2019instant encore, quand tu as ce sentiment de \u00ab&nbsp;culpabilit\u00e9&nbsp;\u00bb, tout d\u2019un coup, tu retombes dans \u00ab&nbsp;l\u2019incroyance&nbsp;\u00bb&nbsp;!&nbsp;<\/p>\n\n\n\n<p>\u25cf<\/p>\n\n\n\n<p>L\u2019incroyance&nbsp;?<\/p>\n\n\n\n<p>\u25a0<\/p>\n\n\n\n<p>C\u2019est \u00e0 dire que tu pr\u00e9tends que la culpabilit\u00e9 n\u2019est pas Dieu, qu\u2019elle n\u2019est pas faite de Dieu Lui-m\u00eame, qu\u2019elle est faite d\u2019autres choses que de Dieu\u2026 et l\u00e0 tu es bien dans l\u2019incroyance, puisque tu ne crois plus que \u00ab&nbsp;Dieu est Tout&nbsp;\u00bb&nbsp;!<\/p>\n\n\n\n<p>Tu as imagin\u00e9 une s\u00e9paration entre, d\u2019une part \u00ab&nbsp;Dieu&nbsp;\u00bb et d\u2019autre part \u00ab&nbsp;la culpabilit\u00e9&nbsp;\u00bb \u2026 Et l\u00e0, nous avons perdu notre foi en \u00ab&nbsp;Dieu Absolu&nbsp;\u00bb&nbsp;!<\/p>\n\n\n\n<p>Et cela est bien compr\u00e9hensible, parce que la culpabilit\u00e9 a \u00e9t\u00e9 travaill\u00e9e tr\u00e8s fort par l\u2019ombre que nous avons imagin\u00e9e, pendant des mill\u00e9naires, comme un outil de manipulation&nbsp;!<\/p>\n\n\n\n<p>Et donc, \u00e0 partir de l\u00e0, il a \u00e9t\u00e9 tr\u00e8s difficile, pour les gens en g\u00e9n\u00e9ral, d\u2019envisager la culpabilit\u00e9 comme \u00e9tant un sentiment valeureux, comme \u00e9tant Dieu Lui-m\u00eame, comme \u00e9tant tiss\u00e9e du Divin Pur\u2026&nbsp;<\/p>\n\n\n\n<p>Alors, on a pens\u00e9 que la culpabilit\u00e9, c\u2019\u00e9tait mauvais et que c\u2019\u00e9tait l\u2019ombre. Voil\u00e0&nbsp;! \u00ab&nbsp;Culpabilit\u00e9&nbsp;\u00bb \u00e9tait \u00e9gale \u00e0 \u00ab&nbsp;ombre&nbsp;\u00bb&nbsp;!&nbsp;<\/p>\n\n\n\n<p>\u25cf<\/p>\n\n\n\n<p>C\u2019est s\u00fbr que c\u2019est la tendance\u2026 et que cela a \u00e9t\u00e9 \u00ab&nbsp;ma&nbsp;\u00bb tendance&nbsp;!<\/p>\n\n\n\n<p>&nbsp;&nbsp;<\/p>\n\n\n\n<p class=\"has-text-align-right\"><em>Merveilleuse Culpabilit\u00e9&nbsp;!<\/em><\/p>\n\n\n\n<p>\u25a0<\/p>\n\n\n\n<p>Oui, cela a \u00e9t\u00e9 la tendance ombreuse&nbsp;! Mais voil\u00e0&nbsp;! C\u2019est faux&nbsp;! Nous avons \u00e9t\u00e9 d\u00e9form\u00e9s, ou d\u00e9sinform\u00e9s, comme \u00e7a\u2026 depuis des vies&nbsp;!<\/p>\n\n\n\n<p>Alors, qu\u2019en r\u00e9alit\u00e9, la culpabilit\u00e9, c\u2019est simplement un merveilleux et lumineux message d\u2019erreur, c\u2019est tout&nbsp;!&nbsp;<\/p>\n\n\n\n<p>Chaque fois que nous perdons conscience du Divin, de la Lumi\u00e8re, en quelque chose, nous allons avoir, cette \u00ab&nbsp;culpabilit\u00e9&nbsp;\u00bb qui va appara\u00eetre et qui nous signale\u2026 amoureusement&nbsp;: \u00ab&nbsp;Tiens, tu viens de perdre conscience de Moi&nbsp;!&nbsp;\u00bb<\/p>\n\n\n\n<p>\u25cf<\/p>\n\n\n\n<p>&nbsp;Ah&nbsp;! Je commence \u00e0 comprendre le m\u00e9canisme\u2026<\/p>\n\n\n\n<p>\u25a0<\/p>\n\n\n\n<p>Cette culpabilit\u00e9 qui est apparue et qui nous dit \u00ab&nbsp;Tiens, l\u00e0, en ceci, \u00e0 cet instant, tu viens de perdre conscience de la V\u00e9ritable R\u00e9alit\u00e9, c\u2019est \u00e0 dire de Dieu&nbsp;\u00bb \u2026 C\u2019est un des aspects que peut prendre ce que nous avons appel\u00e9 parfois notre barom\u00e8tre int\u00e9rieur&nbsp;!<\/p>\n\n\n\n<p>\u25cf<\/p>\n\n\n\n<p>Notre barom\u00e8tre int\u00e9rieur&nbsp;?<\/p>\n\n\n\n<p>\u25a0<\/p>\n\n\n\n<p>Oui, un barom\u00e8tre qui nous signale, par exemple par un sentiment de culpabilit\u00e9&nbsp;:<\/p>\n\n\n\n<p>&nbsp;\u00ab&nbsp;L\u00e0, tu viens de perdre conscience du Divin&nbsp;!&nbsp;\u00bb&nbsp;\u2026 Voil\u00e0&nbsp;! c\u2019est tout&nbsp;!&nbsp;<\/p>\n\n\n\n<p>Et l\u00e0, maintenant nous avons l\u2019occasion de choisir \u00e0 nouveau&nbsp;: soit nous allons d\u00e9cider de continuer \u00e0 perdre notre conscience du Divin, soit nous allons d\u00e9cider de reprendre conscience du Divin dans Tout\u2026 et donc \u00e9galement \u00ab&nbsp;dans cette merveilleuse culpabilit\u00e9&nbsp;\u00bb qui vient de nous \u00eatre offerte\u2026<\/p>\n\n\n\n<p>\u25cf<\/p>\n\n\n\n<p>Ah Non&nbsp;! Mais c\u2019est super important&nbsp;! Parce que la culpabilit\u00e9, c\u2019\u00e9tait un truc terrible&nbsp;!<\/p>\n\n\n\n<p>\u25a0<\/p>\n\n\n\n<p>Cela a \u00e9t\u00e9 pour tout le monde pareil\u2026 parce que nous avons \u00e9t\u00e9 form\u00e9s comme \u00e7a\u2026 ou plut\u00f4t parce que nous avons \u00e9t\u00e9 d\u00e9form\u00e9s comme \u00e7a :&nbsp;<\/p>\n\n\n\n<p>\u00ab&nbsp;Nous ne sommes pas heureux parce que tu ne travailles pas bien \u00e0 l\u2019\u00e9cole&nbsp;!&nbsp;\u00bb \u00ab&nbsp;Nous ne sommes pas heureux, parce que tu ne fais pas ceci&nbsp;!&nbsp;\u00bb \u00ab&nbsp;Dieu est en col\u00e8re parce que tu agis comme cela&nbsp;!&nbsp;\u00bb \u2026 etc. etc. etc.<\/p>\n\n\n\n<p>Nos parents, nos \u00e9ducateurs et nos chefs ont remis \u00e7a sur le tapis, sans cesse&nbsp;! Mais nos parents d\u2019avant \u00e9galement\u2026 et puis, nous-m\u00eames, nous l\u2019avons \u00e9galement fait \u00e0 nos enfants de nombreuses fois\u2026 et ainsi de suite\u2026 Le dicton dit que \u00ab&nbsp;L\u2019enfer est pav\u00e9 de bonnes intentions&nbsp;\u00bb.<\/p>\n\n\n\n<p>\u25cf<\/p>\n\n\n\n<p>C\u2019est r\u00e9current&nbsp;!<\/p>\n\n\n\n<p>\u25a0<\/p>\n\n\n\n<p>Eh oui&nbsp;! Par exemple, si tu voulais des soldats, il fallait qu\u2019ils soient sans culpabilit\u00e9&nbsp;! Il fallait qu\u2019ils te tuent quelqu\u2019un comme \u00e7a, les doigts dans le nez&nbsp;! En r\u00e9alit\u00e9, ils n\u2019y sont jamais arriv\u00e9 vraiment, mais le but c\u2019\u00e9tait d\u2019aller vers \u00e7a\u2026 Et donc depuis des mill\u00e9naires nous avons \u00e9t\u00e9 form\u00e9s, par toutes les autorit\u00e9s, \u00e0 combattre la culpabilit\u00e9 en nous et non pas \u00e0 l\u2019\u00e9couter comme une amie&nbsp;!<\/p>\n\n\n\n<p>&nbsp;&nbsp;<\/p>\n\n\n\n<p class=\"has-text-align-right\"><em>\u00c9coutons le message d\u2019erreur<\/em><\/p>\n\n\n\n<p>\u25cf<\/p>\n\n\n\n<p>Ah oui&nbsp;! M\u00eame encore maintenant, je ne l\u2019avais pas vu&nbsp;! parce que je croyais encore que la culpabilit\u00e9, c\u2019\u00e9tait un truc \u00e0 combattre\u2026<\/p>\n\n\n\n<p>\u25a0<\/p>\n\n\n\n<p>Si je t\u2019appelle au t\u00e9l\u00e9phone et que tu n\u2019\u00e9coutes pas la sonnerie, tu ne me r\u00e9pondras pas&nbsp;!&nbsp;<\/p>\n\n\n\n<p>Et le message ne sert \u00e0 rien\u2026<\/p>\n\n\n\n<p>\u25cf<\/p>\n\n\n\n<p>Un message d\u2019erreur&nbsp;?<\/p>\n\n\n\n<p>\u25a0<\/p>\n\n\n\n<p>Oui, la culpabilit\u00e9, c\u2019est simplement un message d\u2019erreur&nbsp;! C\u2019est un signal d\u2019erreur de la Lumi\u00e8re en moi qui me dit : \u00ab&nbsp;Ah&nbsp;! Attention&nbsp;! L\u00e0, je viens de perdre conscience, de la Lumi\u00e8re.&nbsp;\u00bb<\/p>\n\n\n\n<p>&nbsp;&nbsp;<\/p>\n\n\n\n<p class=\"has-text-align-right\"><em>Reconna\u00eetre la Lumi\u00e8re en tout<\/em><\/p>\n\n\n\n<p>\u25cf<\/p>\n\n\n\n<p>Mais alors, cela me fait penser que \u00e7a fait pareil que de \u00ab&nbsp;voir la Lumi\u00e8re dans l\u2019ombre&nbsp;\u00bb.<\/p>\n\n\n\n<p>\u25a0<\/p>\n\n\n\n<p>Oui, c\u2019est ce que nous voulons r\u00e9ellement&nbsp;! Au-del\u00e0 de toutes les manipulations de l\u2019ombre, qui ont agi sur notre pens\u00e9e, en tant qu\u2019\u00c2me, nous voulons voir la Lumi\u00e8re \u00ab&nbsp;dans&nbsp;\u00bb l\u2019ombre.&nbsp;<\/p>\n\n\n\n<p>Reconna\u00eetre la Lumi\u00e8re en tout, c\u2019est notre but&nbsp;! C\u2019est aussi notre v\u00e9ritable nature\u2026<\/p>\n\n\n\n<p>\u25cf<\/p>\n\n\n\n<p>Le fait de voir que c\u2019est un message d\u2019erreur et non une culpabilit\u00e9 mauvaise&nbsp;?<\/p>\n\n\n\n<p>\u25a0<\/p>\n\n\n\n<p>&nbsp;Oui&nbsp;! \u2026 Alors, nous allons dans ce sens&nbsp;: Nous allons vers l\u2019id\u00e9e, vers la r\u00e9alisation, qu\u2019effectivement cette ombre, si Dieu est Tout, elle n\u2019a pu \u00eatre faite que de Lumi\u00e8re\u2026 et que nous en avions simplement perdu la conscience&nbsp;!<\/p>\n\n\n\n<p>&nbsp;Et \u00e0 partir de l\u00e0, d\u00e8s que nous avions donn\u00e9 \u00e0 l\u2019ombre certains noms comme, par exemple, \u00ab&nbsp;culpabilit\u00e9&nbsp;\u00bb, ou bien \u00ab&nbsp;injustice&nbsp;\u00bb, ou bien \u00ab&nbsp;d\u00e9valorisation&nbsp;\u00bb \u2026 cela avait automatiquement d\u00e9clench\u00e9 en nous la perte de conscience de la Lumi\u00e8re, dans ce que d\u00e9crivait ce mot\u2026&nbsp;<\/p>\n\n\n\n<p>Et \u00e7a, c\u2019est ce qu\u2019il faut retrouver&nbsp;: \u00ab&nbsp;La conscience du Divin en Tout&nbsp;!&nbsp;\u00bb<\/p>\n\n\n\n<p>Il faut r\u00e9cup\u00e9rer notre jouissance du Divin, ce Divin qui a \u00e9t\u00e9, depuis longtemps, cach\u00e9 par nous sous ces mots\u2026<\/p>\n\n\n\n<p>\u00c7a ne veut pas dire que nous sommes favorables \u00e0 la culpabilit\u00e9, ou que nous voulons de l\u2019injustice etc\u2026 Pas du tout&nbsp;! Mais, c\u2019est la seule vraie solution \u00e0 l\u2019injustice, \u00e0 la culpabilit\u00e9 ou \u00e0 la d\u00e9valorisation\u2026 C\u2019est \u00e0 dire \u00e0 tous ces \u00ab&nbsp;mots&nbsp;\u00bb et \u00ab&nbsp;maux&nbsp;\u00bb dont nous souffrions&nbsp;!<\/p>\n\n\n\n<p>&nbsp;La seule solution, c\u2019est de r\u00e9ussir \u00e0 y reconna\u00eetre, enfin, le Divin\u2026 L\u00e0 aussi&nbsp;!<\/p>\n\n\n\n<p>&nbsp;&nbsp;<\/p>\n\n\n\n<p class=\"has-text-align-right\"><em>La Lumi\u00e8re est Inconditionnelle<\/em><\/p>\n\n\n\n<p>Parce que, en effet, je trouve qu\u2019il y a une deuxi\u00e8me chose tr\u00e8s importante, et qui a des cons\u00e9quence pratique quotidienne&nbsp;: c\u2019est que nous devons bien prendre conscience que&nbsp;Nous n\u2019accepterons jamais qu\u2019il y ait \u00ab&nbsp;une condition \u00e0 notre Bonheur&nbsp;\u00bb \u2026&nbsp;<\/p>\n\n\n\n<p>\u2026 Attends&nbsp;! Je cherche mes mots&nbsp;: personne d\u2019entre nous n\u2019accepte le bonheur conditionnel\u2026 Ce que nous voulons tous, c\u2019est \u00ab&nbsp;le Bonheur Inconditionnel&nbsp;\u00bb&nbsp;!&nbsp;<\/p>\n\n\n\n<p>Alors, d\u00e8s que, avec notre pens\u00e9e, nous avons pr\u00e9tendu mettre une condition \u00e0 notre bonheur\u2026 imm\u00e9diatement, l\u2019\u00c2me, que nous sommes \u00e9galement, refuse instantan\u00e9ment, cette m\u00eame condition&nbsp;! Notre \u00c2me en nous dit&nbsp;: \u00ab&nbsp;Stop&nbsp;! Ce n\u2019est pas \u00e7a que nous voulons&nbsp;!&nbsp;\u00bb&nbsp;<\/p>\n\n\n\n<p>Si, par exemple, nous sommes heureux \u00ab&nbsp;parce qu\u2019il fait beau&nbsp;\u00bb,&nbsp;l\u2019\u00c2me dit tout de suite \u00ab&nbsp;stop&nbsp;\u00bb&nbsp;!&nbsp;<\/p>\n\n\n\n<p>Et en effet, si notre joie est inconditionnelle, nous sommes heureux qu\u2019il fasse beau ou qu\u2019il pleuve&nbsp;!&nbsp;<\/p>\n\n\n\n<p>Nous ne voulons pas \u00eatre heureux \u00ab&nbsp;\u00e0 condition&nbsp;\u00bb qu\u2019il fasse beau&nbsp;!&nbsp;<\/p>\n\n\n\n<p>Tant que nous sommes heureux \u00e0 la condition qu\u2019il fasse beau, en r\u00e9alit\u00e9, nous ne sommes jamais vraiment heureux&nbsp;!&nbsp;<\/p>\n\n\n\n<p>\u25cf<\/p>\n\n\n\n<p>Ah oui&nbsp;? Mais, comment cela se peut-il&nbsp;?<\/p>\n\n\n\n<p>\u25a0<\/p>\n\n\n\n<p>Eh bien, effectivement, s\u2019il ne faisait pas beau, nous avions d\u00e9cid\u00e9 d\u2019\u00eatre malheureux&nbsp;: nous avions d\u00e9cid\u00e9 de perdre conscience de la Lumi\u00e8re \u00ab&nbsp;dans le mauvais temps&nbsp;\u00bb&nbsp;\u2026 Et s\u2019il faisait beau nous avions pr\u00e9tendu \u00eatre heureux, alors qu\u2019en fait ce bonheur avait une condition&nbsp;: c\u2019est qu\u2019il fasse beau&nbsp;! Donc ce n\u2019est pas une joie \u00ab&nbsp;inconditionnelle&nbsp;\u00bb&nbsp;\u2026&nbsp;<\/p>\n\n\n\n<p>En plus, cette condition, elle \u00e9tait totalement fragile, puisque nous savions bien qu\u2019il avait d\u00e9j\u00e0 plu et nous savions \u00e9galement qu\u2019il pleuvrait, alors nous vivions une joie bancale dans la crainte qu\u2019elle ne dure pas\u2026 et en effet, elle ne durait pas&nbsp;!<\/p>\n\n\n\n<p>Un bonheur \u00ab&nbsp;\u00e0 condition&nbsp;\u00bb a toujours eu un d\u00e9but et une fin\u2026 Seul le Bonheur sans condition est \u00c9ternel&nbsp;! Et c\u2019est bien compr\u00e9hensible, puisque l\u2019Inconditionnel, c\u2019est Dieu Lui-m\u00eame\u2026<\/p>\n\n\n\n<p>Ce que nous voulons, tous, absolument, c\u2019est la Joie Inconditionnelle, l\u2019Amour Inconditionnel&nbsp;!&nbsp;<\/p>\n\n\n\n<p>Par exemple, nous ne voulons pas \u00eatre aim\u00e9 parce que nous sommes gentil\u2026 ou parce que nous sommes beau\u2026 ou pour n\u2019importe quoi d\u2019autre&nbsp;!<\/p>\n\n\n\n<p>\u25cf<\/p>\n\n\n\n<p>C\u2019est vrai&nbsp;!<\/p>\n\n\n\n<div class=\"wp-block-columns is-layout-flex wp-container-core-columns-is-layout-9d6595d7 wp-block-columns-is-layout-flex\">\n<div class=\"wp-block-column is-layout-flow wp-block-column-is-layout-flow\" style=\"flex-basis:100%\"><\/div>\n<\/div>\n\n\n","protected":false},"excerpt":{"rendered":"<p>Deux petits artisans de la Lumi\u00e8re parmi tant d\u2019autres,&nbsp;petit (\u25a0) et petit (\u25cf),&nbsp;communiquent&nbsp;sur bien des sujets qui n\u2019ont peut-\u00eatre pas tant d\u2019importances\u2026 Bonjour&nbsp;! \u25a0\u00a0 Alors&nbsp;? On avait bien travaill\u00e9 lors de notre 1\u00e8re rencontre, \u2026 Et quand j\u2019y ai r\u00e9fl\u00e9chi, je me suis dit&nbsp;: \u00ab&nbsp;Quel dommage que l\u2019on n\u2019ait pas enregistr\u00e9&nbsp;! Cela nous aurait donn\u00e9 &hellip; <a href=\"https:\/\/behappy8.org\/?p=334\" class=\"more-link\">Continuer la lecture<span class=\"screen-reader-text\"> de &laquo;&nbsp;Les 8 Entretiens\u00a0(1\u00e8re\u00a0Partie\u00a0du\u00a01er\u00a0Entretien)&nbsp;&raquo;<\/span><\/a><\/p>\n","protected":false},"author":1,"featured_media":0,"comment_status":"open","ping_status":"open","sticky":false,"template":"","format":"standard","meta":{"footnotes":""},"categories":[567],"tags":[261,269,22,273,65,262,135,265,259,250,15,267,260,263,256,272,163,253,266,268,136,251,271,258,252,254,255,257],"class_list":["post-334","post","type-post","status-publish","format-standard","hentry","category-1er-entretien-8","tag-absolumenttout","tag-barometre-interieur","tag-bonheur","tag-bonheur-inconditionnel","tag-conscience","tag-culpabilite","tag-dieu","tag-dieu-absolu","tag-divin-pur","tag-enregistrement","tag-entrainement","tag-erreur","tag-il-est-tout","tag-incroyance","tag-linstant","tag-la-lumiere-dans-lombre","tag-lumiere","tag-luminosite","tag-merveilleuse-culpabilite","tag-message-derreur","tag-ombre","tag-outils","tag-perdre-conscience","tag-perfection","tag-petit-nuage","tag-pourquoi","tag-repeter","tag-sacre"],"_links":{"self":[{"href":"https:\/\/behappy8.org\/index.php?rest_route=\/wp\/v2\/posts\/334","targetHints":{"allow":["GET"]}}],"collection":[{"href":"https:\/\/behappy8.org\/index.php?rest_route=\/wp\/v2\/posts"}],"about":[{"href":"https:\/\/behappy8.org\/index.php?rest_route=\/wp\/v2\/types\/post"}],"author":[{"embeddable":true,"href":"https:\/\/behappy8.org\/index.php?rest_route=\/wp\/v2\/users\/1"}],"replies":[{"embeddable":true,"href":"https:\/\/behappy8.org\/index.php?rest_route=%2Fwp%2Fv2%2Fcomments&post=334"}],"version-history":[{"count":33,"href":"https:\/\/behappy8.org\/index.php?rest_route=\/wp\/v2\/posts\/334\/revisions"}],"predecessor-version":[{"id":1611,"href":"https:\/\/behappy8.org\/index.php?rest_route=\/wp\/v2\/posts\/334\/revisions\/1611"}],"wp:attachment":[{"href":"https:\/\/behappy8.org\/index.php?rest_route=%2Fwp%2Fv2%2Fmedia&parent=334"}],"wp:term":[{"taxonomy":"category","embeddable":true,"href":"https:\/\/behappy8.org\/index.php?rest_route=%2Fwp%2Fv2%2Fcategories&post=334"},{"taxonomy":"post_tag","embeddable":true,"href":"https:\/\/behappy8.org\/index.php?rest_route=%2Fwp%2Fv2%2Ftags&post=334"}],"curies":[{"name":"wp","href":"https:\/\/api.w.org\/{rel}","templated":true}]}}