{"id":569,"date":"2017-03-17T13:29:00","date_gmt":"2017-03-17T12:29:00","guid":{"rendered":"https:\/\/behappy8.org\/?p=569"},"modified":"2025-02-22T21:22:43","modified_gmt":"2025-02-22T20:22:43","slug":"consciences","status":"publish","type":"post","link":"https:\/\/behappy8.org\/?p=569","title":{"rendered":"2017\/1 \u2022 Consciences"},"content":{"rendered":"\n\n\n<div style=\"height:49px\" aria-hidden=\"true\" class=\"wp-block-spacer\"><\/div>\n\n\n\n<figure class=\"wp-block-audio\"><audio controls src=\"https:\/\/behappy8.org\/wp-content\/uploads\/2024\/05\/Conscience.m4a\"><\/audio><\/figure>\n\n\n\n<div style=\"height:32px\" aria-hidden=\"true\" class=\"wp-block-spacer\"><\/div>\n\n\n\n<p class=\"has-text-align-center has-medium-font-size\"><strong>Consciences<\/strong><\/p>\n\n\n\n<div style=\"height:27px\" aria-hidden=\"true\" class=\"wp-block-spacer\"><\/div>\n\n\n\n<p class=\"has-text-align-left\"><\/p>\n\n\n\n<p><\/p>\n\n\n\n<p style=\"line-height:0.2\">Qu\u2019est-ce qui, \u00ab&nbsp;en moi&nbsp;\u00bb, serait plus pr\u00e8s de Toi&nbsp;?<\/p>\n\n\n\n<p style=\"line-height:0.2\">Ma main&nbsp;? Mon pied&nbsp;? Ma bouche ou mon cerveau&nbsp;?&nbsp;<\/p>\n\n\n\n<p style=\"line-height:0.2\">Mon c\u0153ur ou mon genou&nbsp;? Ma pens\u00e9e&nbsp;?&nbsp;<\/p>\n\n\n\n<p style=\"line-height:0.2\">Mon action&nbsp;? Mon \u00e9motion&nbsp;? Mon regard&nbsp;?&nbsp;<\/p>\n\n\n\n<p>L\u2019autre ou moi&nbsp;?<\/p>\n\n\n\n<p style=\"line-height:0.2\">N\u2019est-ce pas une simple h\u00e9sitation \u00e0 \u00eatre plus conscients,&nbsp;<\/p>\n\n\n\n<p style=\"line-height:0.2\">Que de pr\u00e9tendre que nous serions plus pr\u00e8s de Toi&nbsp;<\/p>\n\n\n\n<p style=\"line-height:0.2\">Quand nous pensons \u00e0 Toi que quand nous n\u2019y pensons pas&nbsp;?<\/p>\n\n\n\n<p>Si Tu es Tout (vraiment Tout&nbsp;!) \u2026&nbsp;<\/p>\n\n\n\n<p>Alors\u2026&nbsp;<\/p>\n\n\n\n<p style=\"line-height:0.2\">Que n\u2019es-Tu pas&nbsp;?&nbsp;<\/p>\n\n\n\n<p style=\"line-height:0.2\">O\u00f9 n\u2019es-Tu pas&nbsp;?&nbsp;<\/p>\n\n\n\n<p style=\"line-height:0.2\">Quand n\u2019es-Tu pas&nbsp;?<\/p>\n\n\n\n<p style=\"line-height:0.2\">Quand sommes-nous plus proches de Toi&nbsp;?&nbsp;<\/p>\n\n\n\n<p style=\"line-height:0.2\">O\u00f9 sommes-nous plus proches de Toi&nbsp;?<\/p>\n\n\n\n<p style=\"line-height:0.2\">Pouvons-nous \u00eatre plus proche de Toi que les autres&nbsp;?&nbsp;<\/p>\n\n\n\n<p style=\"line-height:0.2\">Ou bien l\u2019inverse&nbsp;?<\/p>\n\n\n\n<p>Alors que Tu es tout (vraiment tout)&nbsp;?<\/p>\n\n\n\n<p style=\"line-height:0.2\">D\u00e8s que nous avons pens\u00e9 que ceci serait plus Toi que cela,&nbsp;<\/p>\n\n\n\n<p style=\"line-height:0.2\">N\u2019avons-nous pas ferm\u00e9, un instant,&nbsp;<\/p>\n\n\n\n<p style=\"line-height:0.2\">Les paupi\u00e8res sur les yeux de notre conscience&nbsp;?<\/p>\n\n\n\n<p style=\"line-height:0.2\">Nous avons h\u00e9sit\u00e9, mais, par notre science&nbsp;<\/p>\n\n\n\n<p style=\"line-height:0.2\">Nous r\u00e9alisons toujours plus que nous sommes des \u00ab&nbsp;libres consciences de Toi&nbsp;\u00bb.<\/p>\n\n\n\n<p style=\"line-height:0.2\">Mais l\u2019h\u00e9sitation s\u2019oppose-t-elle vraiment \u00e0 la certitude&nbsp;?&nbsp;<\/p>\n\n\n\n<p style=\"line-height:1.2\">Ou bien la nourrit-elle&nbsp;?<\/p>\n\n\n\n<p style=\"line-height:0.2\">Toutes les lois que nous d\u00e9couvrons&nbsp;<\/p>\n\n\n\n<p style=\"line-height:0.2\">Nous confirment, toujours plus,&nbsp;<\/p>\n\n\n\n<p style=\"line-height:0.2\">Cette Unit\u00e9 en nous du lien et de la libert\u00e9,&nbsp;<\/p>\n\n\n\n<p style=\"line-height:0.2\">Cette Unit\u00e9 en nous du doute et de la foi\u2026&nbsp;<\/p>\n\n\n\n<p style=\"line-height:0.2\">Cette Unit\u00e9 en nous de Tout&nbsp;!<\/p>\n\n\n\n<p>Gr\u00e2ce \u00e0 tous ces \u00catres&nbsp;<\/p>\n\n\n\n<p style=\"line-height:0.2\">Qui ont os\u00e9 mettre leurs pens\u00e9es les plus \u00e9lev\u00e9es \u00e0 l\u2019\u00e9preuve des faits,&nbsp;<\/p>\n\n\n\n<p style=\"line-height:0.2\">Il est toujours plus clair que nous sommes&nbsp;<\/p>\n\n\n\n<p style=\"line-height:0.2\">\u00c0 la fois \u00ab&nbsp;un&nbsp;\u00bb et \u00ab&nbsp;libres&nbsp;\u00bb,&nbsp;<\/p>\n\n\n\n<p style=\"line-height:1.2\">Que nous sommes \u00e0 la fois \u00ab&nbsp;doute&nbsp;\u00bb et \u00ab&nbsp;certitude&nbsp;\u00bb \u2026&nbsp;<\/p>\n\n\n\n<p style=\"line-height:0.2\">Ce que nous avions pens\u00e9 \u00e0 un moment s\u00e9par\u00e9, oppos\u00e9,&nbsp;<\/p>\n\n\n\n<p style=\"line-height:1.6\">Est en fait Un dans le Tout.<\/p>\n\n\n\n<p style=\"line-height:0.2\">C\u2019est l\u2019Unit\u00e9, Ton unit\u00e9, qui donne la libert\u00e9,&nbsp;<\/p>\n\n\n\n<p style=\"line-height:0.2\">\u00c0 chaque aspect de Toi que nous sommes\u2026<\/p>\n\n\n\n<div style=\"height:6px\" aria-hidden=\"true\" class=\"wp-block-spacer\"><\/div>\n\n\n\n<p style=\"line-height:0.2\">N\u2019es-Tu pas le paradoxe infini\u00a0?<\/p>\n\n\n\n<p style=\"line-height:0.2\">Le paradoxe total\u00a0?\u00a0<\/p>\n\n\n\n<p style=\"line-height:0.2\">Le un-multiple\u00a0?<\/p>\n\n\n\n<p style=\"line-height:0.2\">L\u2019ici-l\u00e0-bas\u00a0?<\/p>\n\n\n\n<p style=\"line-height:0.2\">Le moi-toi&nbsp;?<\/p>\n\n\n\n<p>N\u2019es-Tu pas Tout,&nbsp;<\/p>\n\n\n\n<p style=\"line-height:0.2\">Quelques soient les noms que chacun de nous Te donnons&nbsp;<\/p>\n\n\n\n<p style=\"line-height:0.2\">\u00c0 chacun de nos instants&nbsp;?<\/p>\n\n\n\n<div style=\"height:47px\" aria-hidden=\"true\" class=\"wp-block-spacer\"><\/div>\n\n\n\n<p class=\"has-text-align-right\"><em>Lundi 27 Mars 2017&nbsp;&nbsp;&nbsp;&nbsp;&nbsp;&nbsp;&nbsp;<\/em><\/p>\n\n\n\n\n\n<p><\/p>\n","protected":false},"excerpt":{"rendered":"<p>Consciences Qu\u2019est-ce qui, \u00ab&nbsp;en moi&nbsp;\u00bb, serait plus pr\u00e8s de Toi&nbsp;? Ma main&nbsp;? Mon pied&nbsp;? Ma bouche ou mon cerveau&nbsp;?&nbsp; Mon c\u0153ur ou mon genou&nbsp;? Ma pens\u00e9e&nbsp;?&nbsp; Mon action&nbsp;? Mon \u00e9motion&nbsp;? Mon regard&nbsp;?&nbsp; L\u2019autre ou moi&nbsp;? N\u2019est-ce pas une simple h\u00e9sitation \u00e0 \u00eatre plus conscients,&nbsp; Que de pr\u00e9tendre que nous serions plus pr\u00e8s de Toi&nbsp; Quand &hellip; <a href=\"https:\/\/behappy8.org\/?p=569\" class=\"more-link\">Continuer la lecture<span class=\"screen-reader-text\"> de &laquo;&nbsp;2017\/1 \u2022 Consciences&nbsp;&raquo;<\/span><\/a><\/p>\n","protected":false},"author":1,"featured_media":0,"comment_status":"open","ping_status":"open","sticky":false,"template":"","format":"chat","meta":{"footnotes":""},"categories":[612],"tags":[623,1223,1047,2312,2314,2313,107],"class_list":["post-569","post","type-post","status-publish","format-chat","hentry","category-poesies-2017","tag-conscient","tag-hesitation","tag-moi","tag-pretendre","tag-proche","tag-si-tu-est-tout","tag-toi","post_format-post-format-chat"],"_links":{"self":[{"href":"https:\/\/behappy8.org\/index.php?rest_route=\/wp\/v2\/posts\/569","targetHints":{"allow":["GET"]}}],"collection":[{"href":"https:\/\/behappy8.org\/index.php?rest_route=\/wp\/v2\/posts"}],"about":[{"href":"https:\/\/behappy8.org\/index.php?rest_route=\/wp\/v2\/types\/post"}],"author":[{"embeddable":true,"href":"https:\/\/behappy8.org\/index.php?rest_route=\/wp\/v2\/users\/1"}],"replies":[{"embeddable":true,"href":"https:\/\/behappy8.org\/index.php?rest_route=%2Fwp%2Fv2%2Fcomments&post=569"}],"version-history":[{"count":10,"href":"https:\/\/behappy8.org\/index.php?rest_route=\/wp\/v2\/posts\/569\/revisions"}],"predecessor-version":[{"id":2352,"href":"https:\/\/behappy8.org\/index.php?rest_route=\/wp\/v2\/posts\/569\/revisions\/2352"}],"wp:attachment":[{"href":"https:\/\/behappy8.org\/index.php?rest_route=%2Fwp%2Fv2%2Fmedia&parent=569"}],"wp:term":[{"taxonomy":"category","embeddable":true,"href":"https:\/\/behappy8.org\/index.php?rest_route=%2Fwp%2Fv2%2Fcategories&post=569"},{"taxonomy":"post_tag","embeddable":true,"href":"https:\/\/behappy8.org\/index.php?rest_route=%2Fwp%2Fv2%2Ftags&post=569"}],"curies":[{"name":"wp","href":"https:\/\/api.w.org\/{rel}","templated":true}]}}