{"id":631,"date":"2021-05-17T12:23:00","date_gmt":"2021-05-17T10:23:00","guid":{"rendered":"https:\/\/behappy8.org\/?p=631"},"modified":"2024-05-24T21:34:20","modified_gmt":"2024-05-24T19:34:20","slug":"8-entretiens-1er-entretien-6eme-partie","status":"publish","type":"post","link":"https:\/\/behappy8.org\/?p=631","title":{"rendered":"Les 8 Entretiens\u00a0(6\u00e8me\u00a0Partie du\u00a01er\u00a0Entretien)"},"content":{"rendered":"\n\n\n\n\n<div style=\"height:21px\" aria-hidden=\"true\" class=\"wp-block-spacer\"><\/div>\n\n\n\n<p class=\"has-text-align-center\" id=\"block-f35ef01a-d3ab-48ff-9ea9-447f1cd3b7a7\"><strong>Deux petits artisans de la Lumi\u00e8re parmi tant d\u2019autres,&nbsp;petit (\u25a0) et petit (\u25cf),&nbsp;communiquent&nbsp;sur bien des sujets qui n\u2019ont peut-\u00eatre pas tant d\u2019importances\u2026<\/strong><\/p>\n\n\n\n<div style=\"height:29px\" aria-hidden=\"true\" class=\"wp-block-spacer\"><\/div>\n\n\n\n<figure class=\"wp-block-audio\"><audio controls src=\"https:\/\/behappy8.org\/wp-content\/uploads\/2024\/05\/8-Entretiens-18-68.m4a\" loop><\/audio><\/figure>\n\n\n\n<div style=\"height:35px\" aria-hidden=\"true\" class=\"wp-block-spacer\"><\/div>\n\n\n\n<p>&#8230;&#8230;&#8230;.<\/p>\n\n\n\n<p class=\"has-text-align-right\"><em>Nous \u00ab&nbsp;sommes&nbsp;\u00bb Amour<\/em><\/p>\n\n\n\n<p>\u25a0<\/p>\n\n\n\n<p>Non&nbsp;!<\/p>\n\n\n\n<p>L\u2019Amour, ce n\u2019est pas quelque chose que nous avons ou que nous n\u2019avons pas&nbsp;!&nbsp;<\/p>\n\n\n\n<p>L\u2019Amour,&nbsp;c\u2019est quelque chose que nous sommes, depuis toujours et pour toujours\u2026&nbsp;<\/p>\n\n\n\n<p>Nous sommes \u00ab&nbsp;Amour&nbsp;\u00bb par nature&nbsp;! Nous sommes Amour, par d\u00e9cret Divin\u2026&nbsp;<\/p>\n\n\n\n<p>Cela ne d\u00e9pend absolument pas de nous&nbsp;!&nbsp;<\/p>\n\n\n\n<p>Ce que nous pouvons appeler Dieu, nous cr\u00e9\u00e9 comme \u00e7a \u00e0 chaque instant&nbsp;! Nous ne pouvons rien y changer\u2026&nbsp;<\/p>\n\n\n\n<p>Nous ne pouvons pas changer la Cr\u00e9ation Parfaite\u2026 Nous ne pouvons qu\u2019en avoir de plus en plus conscience\u2026 comme tout le reste de la cr\u00e9ation&nbsp;!<\/p>\n\n\n\n<p>\u25cf<\/p>\n\n\n\n<p>Pourquoi je le dis comme \u00e7a&nbsp;? Pourquoi je dis \u00ab&nbsp;j\u2019ai&nbsp;\u00bb ou \u00ab&nbsp;je n\u2019ai pas l\u2019Amour&nbsp;\u00bb&nbsp;?<\/p>\n\n\n\n<p>\u25a0<\/p>\n\n\n\n<p>Mais, simplement parce que tu en as pris l\u2019habitude&nbsp;! C\u2019est normal\u2026 m\u00eame si ce n\u2019est pas vrai&nbsp;!<\/p>\n\n\n\n<p>Parce que, si tu veux, nous avons \u00e9t\u00e9 form\u00e9s \u00e0 s\u00e9parer l\u2019Amour et nous,! Nous avons \u00e9t\u00e9 habitu\u00e9s \u00e0 penser et \u00e0 dire que l\u2019Amour, c\u2019\u00e9tait un but \u00e0 atteindre.<\/p>\n\n\n\n<p>Toi, tu \u00e9tais ici\u2026 et l\u00e0-bas, loin de toi, il y avait l\u2019Amour\u2026<\/p>\n\n\n\n<p>Et toi tu esp\u00e9rais, de toute tes forces, atteindre cet Amour.<\/p>\n\n\n\n<p>Mais, la R\u00e9alit\u00e9 c\u2019est que l\u2019Amour et toi\u2026 c\u2019est \u00ab&nbsp;Un&nbsp;\u00bb&nbsp;!<\/p>\n\n\n\n<p>\u25cf<\/p>\n\n\n\n<p>Alors, c\u2019est comme les vertus&nbsp;? C\u2019est comme quand on nous dit que nous avons toutes les vertus en nous&nbsp;?<\/p>\n\n\n\n<p>\u25a0<\/p>\n\n\n\n<p>\u00c9videmment&nbsp;! Exactement&nbsp;!<\/p>\n\n\n\n<p>\u25cf<\/p>\n\n\n\n<p>Et comment pouvons-nous exprimer \u00e7a alors&nbsp;?<\/p>\n\n\n\n<p>\u25a0<\/p>\n\n\n\n<p>\u00ab\u00a0C&rsquo;est la conscience qui fait toute la diff\u00e9rence\u00a0\u00bb&#8230;<\/p>\n\n\n\n<p>&nbsp;&nbsp;<\/p>\n\n\n\n<p class=\"has-text-align-right\">\u00ab&nbsp;<em>C\u2019est la conscience qui fait toute la diff\u00e9rence<\/em>&nbsp;\u00bb \u2026&nbsp;<\/p>\n\n\n\n<p>\u25cf<\/p>\n\n\n\n<p>Oui, c\u2019est vrai, c\u2019est tout&nbsp;!<\/p>\n\n\n\n<p>\u25a0<\/p>\n\n\n\n<p>C\u2019est \u00ab&nbsp;ta&nbsp;\u00bb conscience qui fait toute la diff\u00e9rence\u2026<\/p>\n\n\n\n<p>C\u2019est ta conscience qui fait toute \u00ab&nbsp;ta&nbsp;\u00bb diff\u00e9rence\u2026<\/p>\n\n\n\n<p>&nbsp;&nbsp;<\/p>\n\n\n\n<p class=\"has-text-align-right\"><em>Dedans et dehors, deux facettes de l\u2019Unit\u00e9<\/em><\/p>\n\n\n\n<p>\u25cf<\/p>\n\n\n\n<p>Alors, l\u00e0\u2026 effectivement, \u00e0 un moment donn\u00e9, \u00e7a m\u2019est rentr\u00e9 dedans&nbsp;! J\u2019ai pris conscience\u2026 que j\u2019\u00e9tais Amour\u2026<\/p>\n\n\n\n<p>\u25a0<\/p>\n\n\n\n<p>Eh bien oui&nbsp;!&nbsp;<\/p>\n\n\n\n<p>Mais, nous avons encore un petit travers\u2026 Ce qui est tout \u00e0 fait normal&nbsp;!<\/p>\n\n\n\n<p>Tu as dit&nbsp;: \u00ab&nbsp;\u00c7a m\u2019est rentr\u00e9 dedans&nbsp;\u00bb, comme si, jusqu\u2019\u00e0 la, c\u2019\u00e9tait dehors&nbsp;!<\/p>\n\n\n\n<p>\u25cf<\/p>\n\n\n\n<p>Eh bien oui\u2026<\/p>\n\n\n\n<p>\u25a0<\/p>\n\n\n\n<p>Eh bien non&nbsp;! \u00c7a n\u2019\u00e9tait pas dehors\u2026 C\u2019\u00e9tait dedans depuis toujours\u2026 C\u2019\u00e9tait dedans et dehors&nbsp;! C\u2019\u00e9tait partout&nbsp;!<\/p>\n\n\n\n<p>\u25cf<\/p>\n\n\n\n<p>Oui, mais attention, je ne parlais pas de l\u2019Amour quand je disais \u00ab&nbsp;\u00c7a m\u2019est rentr\u00e9 dedans&nbsp;\u00bb&nbsp;: j\u2019ai cette impression que c\u2019est \u00ab&nbsp;la conscience&nbsp;\u00bb qui me rentre dedans&nbsp;!<\/p>\n\n\n\n<p>\u25a0<\/p>\n\n\n\n<p>Ah pardon&nbsp;! Mais, la conscience ne te rentre pas dedans non plus, tu la choisis&nbsp;!<\/p>\n\n\n\n<p>Tu choisis d\u2019avoir conscience ou pas, mais cela ne change rien \u00e0 la R\u00e9alit\u00e9\u2026 \u00c7a change tout au niveau de ta conscience.&nbsp;<\/p>\n\n\n\n<p>Tu n\u2019as pas augment\u00e9 l\u2019Amour sur la plan\u00e8te parce que tu en as pris conscience&nbsp;!&nbsp;<\/p>\n\n\n\n<p>\u2026 Nous aurions parfois cette pr\u00e9tention\u2026 un petit peu&nbsp;!&nbsp;<\/p>\n\n\n\n<p>\u25cf<\/p>\n\n\n\n<p>Oui&nbsp;! C\u2019est vrai\u2026<\/p>\n\n\n\n<p>&nbsp;&nbsp;<\/p>\n\n\n\n<p class=\"has-text-align-right\"><em>Est-ce que l\u2019Amour grandit&nbsp;?<\/em><\/p>\n\n\n\n<p>\u25a0<\/p>\n\n\n\n<p>Tromp\u00e9 par l\u2019ombre que nous avons imagin\u00e9 en perdant conscience de la Lumi\u00e8re, nous aurions parfois cette pr\u00e9tention&nbsp;: \u00ab&nbsp;Gr\u00e2ce \u00e0 moi, l\u2019amour sur la terre va grandir&nbsp;!&nbsp;\u00bb<\/p>\n\n\n\n<p>Mais non&nbsp;! L\u2019Amour, c\u2019est Dieu Lui-m\u00eame&nbsp;! Il ne va pas grandir&nbsp;: Il est Infini, Il est Absolu\u2026&nbsp; Il n\u2019a pas besoin de \u00ab&nbsp;grandir&nbsp;\u00bb&nbsp;!<\/p>\n\n\n\n<p>Mais, c\u2019est nous, c\u2019est vrai, qui allons simplement prendre conscience, toujours plus, de cet Amour Infini qui est partout\u2026 Nous allons prendre conscience, toujours plus, qu\u2019il n\u2019y a \u00ab\u00a0que\u00a0\u00bb Lui&nbsp;!&nbsp;<\/p>\n\n\n\n<p>Je viens effectivement d\u2019en prendre un peu plus conscience et, de ce fait, je sens la joie de cette ouverture de conscience\u2026 Tout \u00e7a oui&nbsp;! C\u2019est vrai&nbsp;!<\/p>\n\n\n\n<p>\u25cf<\/p>\n\n\n\n<p>C\u2019est vrai que c\u2019\u00e9tait une expression que j\u2019avais souvent&nbsp;: \u00ab&nbsp;\u00c7a me rentre dedans&nbsp;!&nbsp;\u00bb.<\/p>\n\n\n\n<p>\u25a0<\/p>\n\n\n\n<p>C\u2019est un d\u00e9tail&nbsp;! Ce n\u2019est pas essentiel\u2026 Je te l\u2019ai fait remarquer juste pour te montrer que, dans notre syst\u00e8me de pens\u00e9e, il y avait, tr\u00e8s souvent encore, un dehors et un dedans qui s\u2019opposaient\u2026 Alors qu\u2019il n\u2019y a pas de \u00ab&nbsp;dedans&nbsp;\u00bb et de \u00ab&nbsp;dehors&nbsp;\u00bb s\u00e9par\u00e9s, dans la R\u00e9alit\u00e9\u2026&nbsp;<\/p>\n\n\n\n<p>Mais nous sommes l\u00e0, \u00e0 communiquer ensemble, pour affiner, sans arr\u00eat\u2026<\/p>\n\n\n\n<p>\u25cf<\/p>\n\n\n\n<p>D\u2019accord&nbsp;! Donc nous n\u2019augmentons pas l\u2019Amour, mais nous en augmentons la conscience, \u00e0 ce moment-l\u00e0.<\/p>\n\n\n\n<p>Et l\u00e0, c\u2019est vrai&nbsp;! J\u2019ai eu une augmentation de conscience de cet Amour\u2026 ou une prise de conscience, simplement, que l\u2019Amour \u00e9tait en moi&nbsp;!<\/p>\n\n\n\n<p>\u25a0<\/p>\n\n\n\n<p>Voil\u00e0&nbsp;: que tu es Amour\u2026 comme Dieu l\u2019a pr\u00e9vu depuis toujours&nbsp;!<\/p>\n\n\n\n<p>\u25cf<\/p>\n\n\n\n<p>Donc\u2026 Donc, \u00e7a, \u00e7a veut dire que je suis\u2026 tout \u00e0 fait capable de faire le travail d\u2019ouverture de conscience vis \u00e0 vis de quoi que ce soit\u2026 Que je suis tout \u00e0 fait capable\u2026 d\u2019aimer\u2026 d\u2019aimer l\u2019ombre\u2026 normalement&nbsp;! C\u2019est faisable\u2026&nbsp;!<\/p>\n\n\n\n<p>\u25a0<\/p>\n\n\n\n<p>Oui, tout \u00e0 fait&nbsp;! Sous tel aspect\u2026 ou tel autre&nbsp;! Oui&nbsp;! Bien s\u00fbr&nbsp;!<\/p>\n\n\n\n<p>\u25cf<\/p>\n\n\n\n<p>Parce que, aimer l\u2019ombre, c\u2019est prendre conscience de la Lumi\u00e8re \u00ab&nbsp;dans&nbsp;\u00bb l\u2019ombre\u2026<\/p>\n\n\n\n<p>\u25a0<\/p>\n\n\n\n<p>C\u2019est tout&nbsp;! Oui&nbsp;! Tu as raison&nbsp;! En d\u2019autres termes cela ne nous a-t-il pas \u00e9t\u00e9 dit, il y a 2000 ans par le Christ, lorsqu\u2019Il a dit&nbsp;: \u00ab&nbsp;<em>Aimez votre ennemi&nbsp;<\/em>\u00bb \u2026&nbsp;<\/p>\n\n\n\n<p>Est-ce que cela ne signifie pas&nbsp;: \u00ab&nbsp;Aimez ce (ou ceux) que vous n\u2019avez pas aim\u00e9&nbsp;\u00bb&nbsp;? Ou bien \u00e9galement, cela ne peut-il pas signifier&nbsp;tout simplement&nbsp;: \u00ab&nbsp;Aimez l\u2019ombre&nbsp;\u00bb&nbsp;? Ou bien encore&nbsp;: \u00ab&nbsp;Aimez vos pertes de conscience de la Lumi\u00e8re&nbsp;\u00bb&nbsp;? Est-ce que tout cela n\u2019est pas la m\u00eame chose&nbsp;? Est-ce que ce n\u2019est pas \u00e7a \u00ab&nbsp;Aimez notre ennemi&nbsp;\u00bb&nbsp;?<\/p>\n\n\n\n<p>\u25cf<\/p>\n\n\n\n<p>Oui&nbsp;! Donc simplement le fait, d\u00e9j\u00e0, de voir par exemple que \u00ab&nbsp;je me sens coupable en ce moment&nbsp;\u00bb et de me dire \u00ab&nbsp;Ah, mais au fait oui&nbsp;! Cette culpabilit\u00e9 que je ressens, c\u2019est simplement un merveilleux message d\u2019erreur qui me pr\u00e9vient que je viens de ne pas augmenter ma conscience de la Lumi\u00e8re comme je l\u2019aurai pu&nbsp;!&nbsp;\u00bb <\/p>\n\n\n\n<p>\u00c7a, c\u2019est d\u00e9j\u00e0 reconna\u00eetre l\u2019Amour \u00ab&nbsp;dans&nbsp;\u00bb ma culpabilit\u00e9\u2026<\/p>\n\n\n\n<p>\u25a0<\/p>\n\n\n\n<p>Ah ben d\u00e9j\u00e0, l\u00e0 tu vois, tu commences \u00e0 adoucir ta relation avec la culpabilit\u00e9 ombreuse et tu es en train de commencer \u00e0 en reconna\u00eetre la Lumi\u00e8re! Oui&nbsp;! C\u2019est nettement un moment d\u2019\u00e9claircissement\u2026 de notre conscience&nbsp;!<\/p>\n\n\n\n<p>\u25cf<\/p>\n\n\n\n<p>Oui&nbsp;! \u00c7a met en route quelque chose\u2026 Alors, je me dis \u00ab&nbsp;Tiens, un message d\u2019erreur&nbsp;! Mais, l\u2019erreur elle est o\u00f9&nbsp;?&nbsp;\u00bb<\/p>\n\n\n\n<p>&nbsp;&nbsp;<\/p>\n\n\n\n<p class=\"has-text-align-right\"><em>Je pr\u00e9f\u00e8re \u00eatre heureux que comprendre\u2026<\/em><\/p>\n\n\n\n<p>\u25a0<\/p>\n\n\n\n<p>Alors, apr\u00e8s bien s\u00fbr, si tu veux, nous aimons comprendre&nbsp;! <\/p>\n\n\n\n<p>Le mental est tr\u00e8s important\u2026 Il est tr\u00e8s utile et tr\u00e8s beau\u2026 Le mental humain est magnifique&nbsp;!&nbsp;<\/p>\n\n\n\n<p>C\u2019est l\u2019usage que nous en avons fait depuis des dizaines de milliers d\u2019ann\u00e9es qui, trop souvent, a donn\u00e9 l\u2019impression qu\u2019il \u00e9tait compliqu\u00e9\u2026 et m\u00eame dangereux&nbsp;!<\/p>\n\n\n\n<p>Originellement, notre mental est fait pour \u00ab&nbsp;Penser la Lumi\u00e8re&nbsp;\u00bb, pour exprimer la Lumi\u00e8re&nbsp;!&nbsp;<\/p>\n\n\n\n<p>C\u2019est \u00e0 dire, d\u2019une part, pour jouir de toutes les m\u00e9moires, que ce soit nos m\u00e9moires naturelles Lumineuses&#8230; ou bien nos m\u00e9moires ombreuses que, depuis le presque d\u00e9but de l\u2019humanit\u00e9, nous avons mises en place en perdant conscience de la Lumi\u00e8re\u2026 <\/p>\n\n\n\n<p>Et, d\u2019autre part imaginer, \u00e0 cet instant, l\u2019avenir le plus lumineux que nous soyons capables d\u2019imaginer\u2026<\/p>\n\n\n\n<p>&nbsp;Donc, nous n\u2019avons pas \u00e0 nous m\u00e9fier de notre mental\u2026. Nous avons juste \u00e0 y reconna\u00eetre la Lumi\u00e8re dont il est r\u00e9ellement la v\u00e9ritable expression, \u00e0 chaque instant&nbsp;!<\/p>\n\n\n\n<p>\u25cf<\/p>\n\n\n\n<p>Finalement, tu es en train de me dire que \u00ab&nbsp;Mon mental n\u2019est que Lumi\u00e8re&nbsp;\u00bb \u2026 L\u00e0, je sens d\u00e9j\u00e0 les nouvelles connexions qui se mettent en place dans mon cerveau pour que je puisse penser \u00e7a\u2026 <\/p>\n\n\n\n<p>Parce que je ne l\u2019avais jamais pens\u00e9 jusqu\u2019\u00e0 ce jour&nbsp;!<\/p>\n\n\n\n<p>&nbsp;&nbsp;<\/p>\n\n\n\n<p class=\"has-text-align-right\"><em>Je pr\u00e9f\u00e8re \u00eatre heureux que comprendre&#8230;<\/em><\/p>\n\n\n\n<p class=\"has-text-align-right\"><em>\u2026 mais plus je suis heureux, mieux je comprends<\/em><\/p>\n\n\n\n<p>\u25a0<\/p>\n\n\n\n<p>Oui&nbsp;! \u00c9tudions les raisonnements ombreux de notre Pens\u00e9e pour pouvoir y reconna\u00eetre la Lumi\u00e8re&nbsp;!&nbsp;<\/p>\n\n\n\n<p>Ces raisonnements ombreux, nous les avions depuis des milliers d\u2019ann\u00e9es peut-\u00eatre\u2026 et, l\u00e0, \u00e0 cet instant, nous choisissons d\u2019y reconna\u00eetre la Lumi\u00e8re, du mieux que nous pouvons\u2026<\/p>\n\n\n\n<p>Et, tout d\u2019un coup, cela entra\u00eene, n\u00e9cessairement, une suite&nbsp;!<\/p>\n\n\n\n<p>Chaque fois que nous sommes heureux de quelque chose, nous nous pr\u00e9parons \u00e0 \u00eatre heureux d\u2019autres choses&nbsp;!<\/p>\n\n\n\n<p>Donc, nous nous entra\u00eenons \u00e0 \u00eatre heureux d\u2019une chose&#8230; Et d\u00e8s que nous le r\u00e9ussissons, il y a une autre chose qui va se pr\u00e9senter \u00e0 nous dont, dor\u00e9navant, nous sommes plus capables d\u2019\u00eatre heureux\u2026&nbsp;<\/p>\n\n\n\n<p>Maintenant, si nous arrivons \u00e0 \u00eatre \u00e9galement capable d\u2019\u00eatre heureux de cette deuxi\u00e8me chose, alors notre capacit\u00e9 \u00e0 \u00eatre heureux augmente encore\u2026 Et alors, il y a un circuit un peu plus solide, inscrit dans notre cerveau, qui nous permet de le faire&nbsp;!<\/p>\n\n\n\n<p>Et alors, l\u00e0, une troisi\u00e8me chose se pr\u00e9sente \u00e0 notre conscience pour que nous en soyons heureux, c\u2019est \u00e0 dire pour que nous l\u2019aimions\u2026 Et c\u2019est encore un peu plus facile\u2026 Et ainsi de suite\u2026&nbsp;<\/p>\n\n\n\n<p>Et donc, petit \u00e0 petit, si nous sommes fid\u00e8les \u00e0 toujours aimer les m\u00e9moires qui se pr\u00e9sentent \u00e0 notre conscience, et si nous sommes toujours, de plus en plus, capables de les aimer, au fur et \u00e0 mesure, la somme des m\u00e9moires que nous n\u2019aimons pas va diminuer sans cesse et la somme des m\u00e9moires que nous aimons va augmenter sans cesse.<\/p>\n\n\n\n<p>Et nous allons donc avoir des m\u00e9moires de plus en plus l\u00e9g\u00e8res, de plus en plus \u00ab&nbsp;aimables&nbsp;\u00bb par nous. <\/p>\n\n\n\n<p>Ainsi, nous allons avoir une quantit\u00e9 de m\u00e9moire dont nous sommes heureux de plus en plus \u00e9lev\u00e9e par rapport \u00e0 la quantit\u00e9 des m\u00e9moires dont nous n\u2019avons pas su encore \u00eatre heureux\u2026<\/p>\n\n\n\n<p>Et de ce fait, cela va \u00eatre de moins en moins dangereux que nous fassions l\u2019erreur de nous fier \u00e0 nos m\u00e9moires, puisque de plus en plus, elles seront Lumineuses\u2026 et ainsi de suite\u2026&nbsp; <\/p>\n\n\n\n<p>Tu vois&nbsp;? C\u2019est un cercle vertueux&nbsp;! Ou plut\u00f4t une spirale ascendante vertueuse&nbsp;!<\/p>\n\n\n\n<p><em>Un silence\u2026<\/em><\/p>\n\n\n\n<p>\u25cf<\/p>\n\n\n\n<p>Il y a une chose un peu\u2026&nbsp;<\/p>\n\n\n\n<p>C\u2019est que \u00e0 chaque fois que l\u2019on revient sur ce principe d\u2019aimer\u2026 Aimer la culpabilit\u00e9&#8230; Aimer\u2026 Bon d\u2019accord, c\u2019est prendre conscience de la Lumi\u00e8re qu\u2019elle est\u2026 Mais\u2026\u2026.&nbsp;<\/p>\n\n\n\n<p>J\u2019ai l\u2019impression que c\u2019est \u00e7a, en fait, de donner un sens\u2026 C\u2019est \u00e0 dire que\u2026 nous parlons d\u2019une m\u00e9moire \u00e0 aimer, de chose \u00e0 aimer\u2026 Bon&nbsp;!&nbsp; Mais, aimer, par exemple, le fait que j\u2019ai massacr\u00e9\u2026 \u00c7a para\u00eet difficile&nbsp;! Si ce n\u2019est de donner un sens&nbsp;!<\/p>\n\n\n\n<p>&nbsp;&nbsp;<\/p>\n\n\n\n<p class=\"has-text-align-right\"><em>Nul ne sait ce que peut l\u2019Amour<\/em><\/p>\n\n\n\n<p>\u25a0<\/p>\n\n\n\n<p>Aimer, a \u00e9t\u00e9 interdit par l\u2019ombre&nbsp;! <\/p>\n\n\n\n<p>Cela a \u00e9t\u00e9 interdit, sinon celle-ci se serait imm\u00e9diatement r\u00e9v\u00e9l\u00e9e \u00e0 elle-m\u00eame \u00eatre la Lumi\u00e8re qu\u2019elle est en R\u00e9alit\u00e9\u2026 et elle aurait disparu en tant qu\u2019ombre, c\u2019est \u00e0 dire en tant que perte de conscience de la Lumi\u00e8re\u2026<\/p>\n\n\n\n<p>L\u2019ombre, la couleur de l\u2019ombre, l\u2019ambiance de l\u2019ombre&nbsp;: c\u2019\u00e9tait que nous pr\u00e9tendions ne pas aimer\u2026 Nous ignorions que nous \u00e9tions totalement Amour&nbsp;!<\/p>\n\n\n\n<p>Nous calculions, nous r\u00e9fl\u00e9chissions, mais nous avons cru que nous n\u2019aimions pas\u2026 C\u2019\u00e9tait le probl\u00e8me de l\u2019ombre\u2026 La personne qui a imagin\u00e9 l\u2019ombre a beaucoup perdu conscience de la Lumi\u00e8re \u00c9ternelle\u2026&nbsp;<\/p>\n\n\n\n<p>Mais pas compl\u00e8tement&nbsp;!&nbsp;<\/p>\n\n\n\n<p>Elle a perdu une \u00ab&nbsp;certaine conscience&nbsp;\u00bb de l\u2019Amour Inconditionnel\u2026&nbsp;<\/p>\n\n\n\n<p>Mais pas compl\u00e8tement&nbsp;!<\/p>\n\n\n\n<p>Car, c\u2019est impossible&nbsp;!<\/p>\n\n\n\n<p>Elle n\u2019a pu perdre que \u00ab&nbsp;partiellement&nbsp;\u00bb conscience de la Lumi\u00e8re \u00c9ternelle\u2026<\/p>\n\n\n\n<p>Bien s\u00fbr, l\u2019\u00catre qui a perdu une certaine conscience de la Lumi\u00e8re a tiss\u00e9 un voile d\u2019ombre plus ou moins \u00e9pais, plus ou moins large, plus ou moins sophistiqu\u00e9, pour cacher la Lumi\u00e8re qui Existe \u00c9ternellement derri\u00e8re ce voile illusoire\u2026 et m\u00eame dans ce voile lui-m\u00eame\u2026&nbsp;<\/p>\n\n\n\n<p>Tout ceci n\u2019est pas facile \u00e0 exprimer, puisque l\u2019ombre, que nous avons imagin\u00e9, a tent\u00e9 d\u2019envahir tous les aspects de la vie humaine et m\u00eame terrestre&nbsp;!&nbsp;<\/p>\n\n\n\n<p>Tous les mots, dans toutes les langues, ont \u00e9t\u00e9 m\u00e9sus\u00e9s pendant des mill\u00e9naires, sous la pression de notre ombre\u2026<\/p>\n\n\n\n<p><em>Silence \u2026\u2026\u2026<\/em><\/p>\n\n\n\n<p>Mais l\u2019ombre n\u2019est \u00ab&nbsp;jamais&nbsp;\u00bb absolue, jamais\u2026 Seule la Lumi\u00e8re est Absolue&nbsp;!<\/p>\n\n\n\n<p>L\u2019ombre a toujours eu un d\u00e9but et elle aura une fin.<\/p>\n\n\n\n<p>L\u2019ombre ne peut voiler qu\u2019une infiniment petite partie de la Lumi\u00e8re Infinie\u2026<\/p>\n\n\n\n<p>Nous ne pouvons perdre conscience que d\u2019une infiniment petite partie de la Lumi\u00e8re Absolue\u2026<\/p>\n\n\n\n<p><em>Silence \u2026\u2026\u2026.&nbsp;<\/em><\/p>\n\n\n\n<p>L\u2019ombre veut voir plein de choses, sauf voir plus la Lumi\u00e8re. C\u2019est le probl\u00e8me de l\u2019ombre&nbsp;! C\u2019est le probl\u00e8me de la perte de conscience, toujours partielle, de la Lumi\u00e8re.&nbsp;<\/p>\n\n\n\n<p>Mais chacun de nous, gr\u00e2ce \u00e0 notre libre arbitre, nous pouvons penser ce que nous voulons\u2026 Et, courageusement, nous allons \u00e9mettre des mots, des phrases, des raisonnements, qui expriment toujours mieux notre \u00c2me\u2026 et donc notre conscience de la Lumi\u00e8re \u00c9ternelle.<\/p>\n\n\n\n<p>Mais, il est vrai que ces pens\u00e9es, exprim\u00e9es \u00e0 partir de notre \u00c2me, Parcelle de la Lumi\u00e8re que nous sommes, ces pens\u00e9es lumineuses vont \u00eatre en g\u00e9n\u00e9ral bien diff\u00e9rentes de celles que la soci\u00e9t\u00e9&#8230; ombreuse, que nous avons cr\u00e9\u00e9e, nous a enseign\u00e9es depuis longtemps.&nbsp;<\/p>\n\n\n\n<p>Au fur et \u00e0 mesure o\u00f9 nous pensons \u00e0 partir de la Lumi\u00e8re en nous, nous allons, bien s\u00fbr, commencer \u00e0 penser des concepts marginaux par rapport \u00e0 ce qui, pour l\u2019instant, se pensent habituellement dans notre soci\u00e9t\u00e9 actuelle.&nbsp;<\/p>\n\n\n\n<p>&nbsp;&nbsp;<\/p>\n\n\n\n<p class=\"has-text-align-right\"><em>La Lumi\u00e8re ouvrent un chemin dans les hautes herbes qu\u2019Elle est<\/em><\/p>\n\n\n\n<p>Mais, en m\u00eame temps nous enrichissons la m\u00e9moire humanitaire de ces pens\u00e9es nouvelles que nous sommes heureux de penser. Nous y amenons une conscience plus grande de la Lumi\u00e8re.<\/p>\n\n\n\n<p>\u25cf<\/p>\n\n\n\n<p>Oui, c\u2019est vrai&nbsp;! Je le comprends de mieux en mieux\u2026<\/p>\n\n\n\n<p>\u25a0<\/p>\n\n\n\n<p>Cela revient au symbole du chemin dont nous avons d\u00e9j\u00e0 parl\u00e9 et que l\u2019on trace dans les herbes hautes et vierges&nbsp;: nous l\u2019ouvrons une premi\u00e8re fois, puis nous le reprenons une deuxi\u00e8me fois, puis une troisi\u00e8me fois\u2026 Et \u00e0 un moment donn\u00e9, il y a, l\u00e0, un v\u00e9ritable chemin de plus en plus nettement trac\u00e9\u2026<\/p>\n\n\n\n<p>Et, ce qui est maintenant devenu un sentier va \u00eatre de plus en plus facile \u00e0 emprunter par d\u2019autres personnes\u2026 Et sans aucun doute, finalement, elles vont l&#8217;emprunter&nbsp;!<\/p>\n\n\n\n<p>Eh bien&nbsp;! L\u00e0, c\u2019est la m\u00eame chose pour les pens\u00e9es les plus belles que nous pensons \u00e0 partir de l\u2019\u00c2me, une premi\u00e8re fois, puis une deuxi\u00e8me fois, puis une troisi\u00e8me fois etc\u2026<\/p>\n\n\n\n<p>Ces pens\u00e9es vont \u00eatre de plus en plus faciles \u00e0 penser, aussi bien par nous-m\u00eame que par tous les autres \u00eatres humains, o\u00f9 qu\u2019ils se trouvent sur notre plan\u00e8te&nbsp;!<\/p>\n\n\n\n<p>C\u2019est comme \u00e7a que les \u00eatres ayant les plus belles pens\u00e9es vont aider le plus ceux qui ont de moins belles pens\u00e9es\u2026&nbsp;<\/p>\n\n\n\n<p>Si eux ne font pas \u00e7a\u2026 Si les \u00eatres les plus capables de penser les plus belles pens\u00e9es ne les pensent pas de fa\u00e7on courageuse, toutes les actions, pourtant logiques, que ces belles \u00c2mes m\u00e8neront au niveau mat\u00e9riel rencontreront un probl\u00e8me.<\/p>\n\n\n\n<p>Si, lorsque nous agissons, nous n\u2019avons pas appris \u00e0 aimer les m\u00e9moires de l\u2019humanit\u00e9, \u00e7a va toujours mettre en place un nouveau probl\u00e8me&nbsp;d&rsquo;ombre&nbsp;! Et cela dans tous les domaines aussi vari\u00e9s que l\u2019\u00e9cologie, la politiques, la spiritualit\u00e9, l\u2019enseignement, les relations personnelles\u2026 etc.<\/p>\n\n\n\n<p>&nbsp;&nbsp;<\/p>\n\n\n\n<p class=\"has-text-align-right\"><em>Tous nos mots L\u2019expriment<\/em><\/p>\n\n\n\n<p>\u25cf<\/p>\n\n\n\n<p>Il y a une autre attitude qui est de dire&nbsp;: \u00ab&nbsp;Ce n\u2019est pas moi qui Aime, c\u2019est Lui\u2026&nbsp;\u00bb<\/p>\n\n\n\n<p>\u25a0<\/p>\n\n\n\n<p>Oui, c\u2019est vrai aussi\u2026 et c\u2019est beau&nbsp;!<\/p>\n\n\n\n<p>\u25cf<\/p>\n\n\n\n<p>Ce n\u2019est peut-\u00eatre pas aussi beau\u2026 mais cela me para\u00eet plus facile&nbsp;!<\/p>\n\n\n\n<p>\u25a0<\/p>\n\n\n\n<p>Non&nbsp;! C\u2019est aussi beau&nbsp;! C\u2019est une fa\u00e7on totalement int\u00e9ressante&nbsp;!<\/p>\n\n\n\n<p>C\u2019est une fa\u00e7on int\u00e9ressante d\u2019exprimer la Lumi\u00e8re\u2026<\/p>\n\n\n\n<p>\u25cf<\/p>\n\n\n\n<p>Ah oui&nbsp;?<\/p>\n\n\n\n<p>\u25a0<\/p>\n\n\n\n<p>Mais oui, c\u2019est tr\u00e8s bien&nbsp;! Nous sommes le vecteur du Divin\u2026 C\u2019est le m\u00eame genre de pens\u00e9e que&nbsp;:<\/p>\n\n\n\n<p>\u00ab&nbsp;Mon P\u00e8re que Ta Volont\u00e9 soit faite et non la mienne&nbsp;\u00bb par exemple\u2026 Oui, c\u2019est parfait&nbsp;! Pas de probl\u00e8me\u2026<\/p>\n\n\n\n<p>Quand on dit \u00e7a&nbsp;\u00ab&nbsp;Mon P\u00e8re que Ta Volont\u00e9 soit faite et non la mienne&nbsp;\u00bb, on dit&nbsp;: \u00ab&nbsp;Lumi\u00e8re, je Te reconnais comme \u00e9tant mon guide, plut\u00f4t que mes m\u00e9moires&nbsp;\u00bb \u2026 &nbsp;<\/p>\n\n\n\n<p>\u25cf<\/p>\n\n\n\n<p>Oui&nbsp;!<\/p>\n\n\n\n<p>\u25a0<\/p>\n\n\n\n<p>Parce que le probl\u00e8me des m\u00e9moires, si tu veux, c\u2019est que bien s\u00fbr, dans nos m\u00e9moires, nous n\u2019avons pas que de l\u2019ombre\u2026&nbsp;<\/p>\n\n\n\n<p>C\u2019est vrai que nous avons accumul\u00e9 pas mal d\u2019ombre dans nos m\u00e9moires, pendant des si\u00e8cles et des si\u00e8cles\u2026 des m\u00e9moires personnelles, des m\u00e9moires des autres etc\u2026<\/p>\n\n\n\n<p>Et donc, quand nous pensons \u00e0 partir des m\u00e9moires, nous prenons un grand risque&nbsp;: le risque de penser \u00ab&nbsp;gris&nbsp;\u00bb, voir \u00ab&nbsp;noir&nbsp;\u00bb \u2026 <\/p>\n\n\n\n<p>Et parfois, trop rarement encore, nous allons pourtant penser \u00ab&nbsp;blanc&nbsp;\u00bb&nbsp;!<\/p>\n\n\n\n<p><em>(Rire\u2026)<\/em><\/p>\n\n\n\n<p>Et voil\u00e0&nbsp;! Pour l\u2019instant, c\u2019est un trop grand risque de penser \u00e0 partir des m\u00e9moires&nbsp;!<\/p>\n\n\n\n<p>Tandis qu\u2019en pensant directement \u00e0 partir de l\u2019\u00c2me, c\u2019est \u00ab&nbsp;blanc pur&nbsp;\u00bb garanti, c\u2019est&nbsp;\u00ab&nbsp;Lumi\u00e8re Pure&nbsp;\u00bb \u2026&nbsp;<\/p>\n\n\n\n<p>&nbsp;<\/p>\n\n\n\n<p class=\"has-text-align-right\"><em>On ne peut pas laver plus blanc que Dieu&nbsp;!<\/em><\/p>\n\n\n\n<p>Il n\u2019y a pas d\u2019autres options pour \u00eatre s\u00fbr de penser \u00ab&nbsp;blanc&nbsp;\u00bb que de penser \u00e0 partir de l\u2019\u00c2me\u2026 C\u2019est ce que nous appelons souvent \u00ab&nbsp;Penser ce que nous sommes le plus heureux de penser&nbsp;\u00bb&nbsp;!<\/p>\n\n\n\n<p>Quand nous pensons \u00e0 partir de l\u2019\u00c2me, c\u2019est \u00e0 dire \u00e0 partir de la Lumi\u00e8re Pure que nous sommes, alors, la Lumi\u00e8re nous guide, Elle choisit nos mots, Elle choisit nos actions\u2026<\/p>\n\n\n\n<p>\u25cf<\/p>\n\n\n\n<p>C\u2019est simple&nbsp;!<\/p>\n\n\n\n<p>\u25a0<\/p>\n\n\n\n<p>Mais, oui&nbsp;! Bien s\u00fbr que c\u2019est simple&nbsp;!<\/p>\n\n\n\n<p>\u25cf<\/p>\n\n\n\n<p>Nous ne pouvons nous lib\u00e9rer de l&rsquo;ombre que si nous partons de la pens\u00e9e qui prends sa source dans l\u2019\u00c2me\u2026 dans la Lumi\u00e8re.<\/p>\n\n\n\n<p>\u25a0<\/p>\n\n\n\n<p>D\u00e8s que nous partons de l\u2019\u00c2me, nous sommes heureux, nous sommes d\u00e9tendus \u00e0 l\u2019instant\u2026 et nous mettons en place des m\u00e9moires de qualit\u00e9 pour l\u2019avenir de l\u2019humanit\u00e9\u2026<\/p>\n\n\n\n<p>\u25cf<\/p>\n\n\n\n<p>C\u2019est ce que j\u2019ai senti tout \u00e0 l\u2019heure&nbsp;et la derni\u00e8re fois&nbsp;!&nbsp; C\u2019est qu\u2019en fait, c\u2019est beaucoup plus puissant&nbsp;!&nbsp;\u2026 Parce que, jusqu\u2019\u00e0 maintenant j\u2019essayais de \u00ab&nbsp;changer&nbsp;\u00bb \u2026<\/p>\n\n\n\n<p>\u25a0<\/p>\n\n\n\n<p>\u00ab&nbsp;Rien n\u2019est \u00e0 changer, tout est \u00e0 Aimer&nbsp;!&nbsp;\u00bb<\/p>\n\n\n\n<p>\u25cf<\/p>\n\n\n\n<p>C\u2019est fou, cette habitude de vouloir \u00ab&nbsp;changer&nbsp;\u00bb \u2026<\/p>\n\n\n\n<p>\u25a0<\/p>\n\n\n\n<p>Rien n\u2019est \u00e0 changer&nbsp;! \u2026 Le fait de vouloir changer quelque chose, complique notre vie et la vie des autres\u2026<\/p>\n\n\n\n<p>Non\u2026 Rien n\u2019est \u00e0 changer, tout est \u00e0 aimer&nbsp;! C\u2019est tout.<\/p>\n\n\n\n<p>Ne nourrissons plus cette id\u00e9e, inefficace, de vouloir changer le monde, au lieu de l\u2019aimer tel qu\u2019il est\u2026<\/p>\n\n\n\n<p>Nous ne pouvons pas changer les faits\u2026 Mais nous pouvons les aimer\u2026 et c\u2019est tout \u00e0 fait diff\u00e9rent&nbsp;!<\/p>\n\n\n\n<p>Mais, il faut que nous arr\u00eations de vouloir les changer&nbsp;!<\/p>\n\n\n\n<p>Dieu est Amour\u2026 Donc, il nous Aime\u2026 Est-ce qu\u2019il nous Aime comme nous sommes ou comme nous pourrions \u00eatre&nbsp;?<\/p>\n\n\n\n<p>\u25cf<\/p>\n\n\n\n<p>\u00c7a d\u00e9pend&nbsp;: Si tu l\u2019imagines comme un homme, Il n\u2019est pas content de toi&nbsp;!<\/p>\n\n\n\n<p><em>Rire\u2026<\/em><\/p>\n\n\n\n<p>\u25a0<\/p>\n\n\n\n<p>Tu comprends bien&nbsp;! Mais, toi, \u00e0 ton niveau, tu sais tr\u00e8s bien qu\u2019Il t\u2019Aime comme tu es\u2026 point \u00e0 la ligne&nbsp;!<\/p>\n\n\n\n<p>Il nous Aime comme nous sommes\u2026 Il ne nous demande pas de changer pour qu\u2019Il puisse nous Aimer&nbsp;!<\/p>\n\n\n\n<p>\u25cf<\/p>\n\n\n\n<p>Oui, bien s\u00fbr&nbsp;! \u2026<\/p>\n\n\n\n<p>\u25a0<\/p>\n\n\n\n<p>Tu prends ton plus v\u00e9ritable ami, si tu es claire, tu es oblig\u00e9 de voir qu\u2019il t\u2019aime sans condition, m\u00eame si tu parts \u00e0 droite ou \u00e0 gauche\u2026 Et tu peux toujours le ressentir&nbsp;: Il est l\u00e0&nbsp;! C\u2019est tout&nbsp;! Et \u00e7a, \u00e7a te rassure\u2026 C\u2019est bien ce que tu vis&nbsp;?<\/p>\n\n\n\n<p>\u25cf<\/p>\n\n\n\n<p>Oui, bien s\u00fbr&nbsp;!<\/p>\n\n\n\n<p>\u25a0<\/p>\n\n\n\n<p>\u2026 Alors, nous retournerons vers la conscience de cet ami, c\u2019est s\u00fbr\u2026 Parce que \u00e7a, nous voulons le sentir\u2026 Nous voulons le vivre&nbsp;! Nous voulons vivre ce type de relation\u2026 <\/p>\n\n\n\n<p>Nous voulons vivre un Amour Inconditionnel&nbsp;de la part de notre meilleur ami et un amour quasi-inconditionnel de la part de nos autres amis\u2026 qui, eux, grandissent comme nous&nbsp;!<\/p>\n\n\n\n<p>\u2026<\/p>\n\n\n\n<p><\/p>\n\n\n\n<p class=\"has-text-align-right\"><em>Ce n\u2019est jamais la premi\u00e8re fois, ni la derni\u00e8re fois, que nous nous rencontrons<\/em><\/p>\n\n\n\n<div style=\"height:54px\" aria-hidden=\"true\" class=\"wp-block-spacer\"><\/div>\n\n\n\n\n","protected":false},"excerpt":{"rendered":"<p>Deux petits artisans de la Lumi\u00e8re parmi tant d\u2019autres,&nbsp;petit (\u25a0) et petit (\u25cf),&nbsp;communiquent&nbsp;sur bien des sujets qui n\u2019ont peut-\u00eatre pas tant d\u2019importances\u2026 &#8230;&#8230;&#8230;. Nous \u00ab&nbsp;sommes&nbsp;\u00bb Amour \u25a0 Non&nbsp;! L\u2019Amour, ce n\u2019est pas quelque chose que nous avons ou que nous n\u2019avons pas&nbsp;!&nbsp; L\u2019Amour,&nbsp;c\u2019est quelque chose que nous sommes, depuis toujours et pour toujours\u2026&nbsp; Nous sommes &hellip; <a href=\"https:\/\/behappy8.org\/?p=631\" class=\"more-link\">Continuer la lecture<span class=\"screen-reader-text\"> de &laquo;&nbsp;Les 8 Entretiens\u00a0(6\u00e8me\u00a0Partie du\u00a01er\u00a0Entretien)&nbsp;&raquo;<\/span><\/a><\/p>\n","protected":false},"author":1,"featured_media":0,"comment_status":"open","ping_status":"open","sticky":false,"template":"","format":"chat","meta":{"footnotes":""},"categories":[567],"tags":[396,160,374,22,386,389,391,65,392,376,262,387,388,135,330,15,103,52,397,8,320,382,329,384,66,395,394,390],"class_list":["post-631","post","type-post","status-publish","format-chat","hentry","category-1er-entretien-8","tag-ami","tag-amour","tag-amour-infini","tag-bonheur","tag-but","tag-choix","tag-communication","tag-conscience","tag-coupabe","tag-creation","tag-culpabilite","tag-dedans","tag-dehors","tag-dieu","tag-ennemi","tag-entrainement","tag-heureux","tag-joie","tag-le-meilleur-ami","tag-libre-arbitre","tag-memoires","tag-nous-sommes-amour","tag-ouverture","tag-par-nature-2","tag-pensee","tag-perte-de-conscience-partielle","tag-raisonnement-ombreux","tag-realite","post_format-post-format-chat"],"_links":{"self":[{"href":"https:\/\/behappy8.org\/index.php?rest_route=\/wp\/v2\/posts\/631","targetHints":{"allow":["GET"]}}],"collection":[{"href":"https:\/\/behappy8.org\/index.php?rest_route=\/wp\/v2\/posts"}],"about":[{"href":"https:\/\/behappy8.org\/index.php?rest_route=\/wp\/v2\/types\/post"}],"author":[{"embeddable":true,"href":"https:\/\/behappy8.org\/index.php?rest_route=\/wp\/v2\/users\/1"}],"replies":[{"embeddable":true,"href":"https:\/\/behappy8.org\/index.php?rest_route=%2Fwp%2Fv2%2Fcomments&post=631"}],"version-history":[{"count":17,"href":"https:\/\/behappy8.org\/index.php?rest_route=\/wp\/v2\/posts\/631\/revisions"}],"predecessor-version":[{"id":884,"href":"https:\/\/behappy8.org\/index.php?rest_route=\/wp\/v2\/posts\/631\/revisions\/884"}],"wp:attachment":[{"href":"https:\/\/behappy8.org\/index.php?rest_route=%2Fwp%2Fv2%2Fmedia&parent=631"}],"wp:term":[{"taxonomy":"category","embeddable":true,"href":"https:\/\/behappy8.org\/index.php?rest_route=%2Fwp%2Fv2%2Fcategories&post=631"},{"taxonomy":"post_tag","embeddable":true,"href":"https:\/\/behappy8.org\/index.php?rest_route=%2Fwp%2Fv2%2Ftags&post=631"}],"curies":[{"name":"wp","href":"https:\/\/api.w.org\/{rel}","templated":true}]}}