{"id":672,"date":"2021-05-17T12:21:00","date_gmt":"2021-05-17T10:21:00","guid":{"rendered":"https:\/\/behappy8.org\/?p=672"},"modified":"2024-06-16T16:23:34","modified_gmt":"2024-06-16T14:23:34","slug":"8-entretiens-1er-entretien-8eme-partie","status":"publish","type":"post","link":"https:\/\/behappy8.org\/?p=672","title":{"rendered":"Les 8 Entretiens\u00a0(8\u00e8me\u00a0Partie\u00a0du\u00a01er\u00a0Entretien)"},"content":{"rendered":"\n<div style=\"height:32px\" aria-hidden=\"true\" class=\"wp-block-spacer\"><\/div>\n\n\n\n\n\n<div style=\"height:40px\" aria-hidden=\"true\" class=\"wp-block-spacer\"><\/div>\n\n\n\n<figure class=\"wp-block-audio\"><audio controls src=\"https:\/\/behappy8.org\/wp-content\/uploads\/2024\/05\/Les-8-Entretiens-1er-Entretien-8eme-partie.m4a\" loop><\/audio><\/figure>\n\n\n\n<div style=\"height:37px\" aria-hidden=\"true\" class=\"wp-block-spacer\"><\/div>\n\n\n\n<p class=\"has-text-align-center\" id=\"block-de1a876f-1e2d-40d5-a612-7d5064b3ada2\"><strong>Deux petits artisans de la Lumi\u00e8re parmi tant d\u2019autres,&nbsp;petit (\u25a0) et petit (\u25cf),&nbsp;communiquent&nbsp;sur bien des sujets qui n\u2019ont peut-\u00eatre pas tant d\u2019importances\u2026<\/strong><\/p>\n\n\n\n<div style=\"height:30px\" aria-hidden=\"true\" class=\"wp-block-spacer\"><\/div>\n\n\n\n<p>&#8230;..<\/p>\n\n\n\n<p class=\"has-text-align-right\"><em>Tout est Lumi\u00e8re<\/em><\/p>\n\n\n\n<p>Non&nbsp;! Les oppos\u00e9s sont toujours, en r\u00e9alit\u00e9, des compl\u00e9ments.<\/p>\n\n\n\n<p>Le \u00ab&nbsp;monde animal&nbsp;\u00bb et le \u00ab&nbsp;monde humain&nbsp;\u00bb&nbsp;: compl\u00e9ments&nbsp;! Le \u00ab&nbsp;monde v\u00e9g\u00e9tal&nbsp;\u00bb&nbsp;: compl\u00e9ment des autres mondes min\u00e9raux, animaux et humain, <\/p>\n\n\n\n<p>\u00ab&nbsp;l\u2019homme et la femme&nbsp;\u00bb&nbsp;: non pas oppos\u00e9s, mais compl\u00e9ment\u2026 etc.<\/p>\n\n\n\n<p>Eh bien l\u00e0, c\u2019est la m\u00eame chose&nbsp;: la notion de \u00ab&nbsp;chemin&nbsp;\u00bb avec la dur\u00e9e et la notion \u00ab&nbsp;d\u2019instant&nbsp;\u00bb sans dur\u00e9e, c\u2019est en r\u00e9alit\u00e9 une seule et m\u00eame chose, comme tout&nbsp;: ce sont des expressions de la m\u00eame Lumi\u00e8re Unique&nbsp;!<\/p>\n\n\n\n<p><em>\u2026 Silence\u2026<\/em><\/p>\n\n\n\n<p>\u25cf<\/p>\n\n\n\n<p>C\u2019est beau&nbsp;! Ce concept-l\u00e0, d\u2019Unit\u00e9 de Tout&nbsp;! Le vivre dans notre vie quotidienne, c\u2019est une v\u00e9ritable aventure&nbsp;!<\/p>\n\n\n\n<p>\u25a0<\/p>\n\n\n\n<p>Toi&nbsp;! C\u2019est s\u00fbr&nbsp;! Tu es aventureuse\u2026<\/p>\n\n\n\n<p>\u25cf<\/p>\n\n\n\n<p>Dans la marche, je l\u00e8ve le pied l\u00e0 et je le repose l\u00e0\u2026<\/p>\n\n\n\n<p>\u25a0<\/p>\n\n\n\n<p>C\u2019est le m\u00eame mouvement\u2026 Attention&nbsp;! Quand tu marches, tu as deux pieds qui se posent sur le sol alternativement\u2026<\/p>\n\n\n\n<p>\u25cf<\/p>\n\n\n\n<p>C\u2019est plus facile de poser le pied devant\u2026 Mais de lever le pied de derri\u00e8re, c\u2019est plus difficile\u2026<\/p>\n\n\n\n<p>\u25a0<\/p>\n\n\n\n<p>Alors\u2026 L\u00e0, tu vois&nbsp;: tu \u00e9mets une pens\u00e9e\u2026 Tu es d\u2019accord&nbsp;? <\/p>\n\n\n\n<p>Tu viens de penser et de dire&nbsp;: \u00ab&nbsp;Il est plus facile de poser le pied de devant que de lever celui qui est derri\u00e8re&nbsp;\u00bb \u2026<\/p>\n\n\n\n<p>\u25cf<\/p>\n\n\n\n<p>Oui, c&rsquo;est vrai.<\/p>\n\n\n\n<p>\u25a0<\/p>\n\n\n\n<p>Mais, dis-moi&nbsp;: As-tu \u00e9t\u00e9, oui ou non, heureuse de penser cette pens\u00e9e&nbsp;? <\/p>\n\n\n\n<p>Ou, pour te poser la question autrement&nbsp;: La source de cette pens\u00e9es a-t-elle \u00e9t\u00e9 ton \u00c2me ou tes m\u00e9moires&nbsp;?<\/p>\n\n\n\n<p>\u25cf<\/p>\n\n\n\n<p>Mes m\u00e9moires&nbsp;! Bien s\u00fbr&nbsp;!<\/p>\n\n\n\n<p>\u25a0<\/p>\n\n\n\n<p>Tu en es s\u00fbre&nbsp;?<\/p>\n\n\n\n<p>\u25cf<\/p>\n\n\n\n<p>Oui, c\u2019est s\u00fbr&nbsp;!<\/p>\n\n\n\n<p>\u25a0<\/p>\n\n\n\n<p>Dans ce cas, n\u2019h\u00e9site pas&nbsp;! Maintenant que tu en as conscience&nbsp;! Maintenant que \u00ab&nbsp;tu as ouvert les yeux&nbsp;\u00bb, tu as vu&nbsp;! <\/p>\n\n\n\n<p>Alors l\u00e0, maintenant, tu peux \u00ab&nbsp;prendre le volant&nbsp;\u00bb \u2026 C\u2019est \u00e0 dire que, \u00e0 partir de l\u00e0, tu peux oser penser, maintenant, ce que tu es la plus heureuse de penser, ce que ton \u00c2me te souffle&nbsp;!<\/p>\n\n\n\n<p>Tu vas lui donner une forme\u2026 Il faut simplement l\u2019exprimer&nbsp;!<\/p>\n\n\n\n<p>&nbsp;&nbsp;<\/p>\n\n\n\n<p class=\"has-text-align-right\"><em>Osons<\/em><\/p>\n\n\n\n<p>Donc, si tu le veux, tu vas choisir de prendre conscience de l\u2019ombre en toi, dans tes pens\u00e9es, ou autour de toi, dans les pens\u00e9es des autres\u2026 Et ensuite, tu vas choisir de penser \u00e0 partir de la Lumi\u00e8re en toi, c\u2019est \u00e0 dire \u00e0 partir de l\u2019\u00c2me\u2026 Et tac&nbsp;!<\/p>\n\n\n\n<p>Je pourrais te dire : \u00ab\u00a0Et ensuite, tu vas choisir de penser ce que tu es la plus heureuse de penser\u00a0\u00bb&#8230; Cela veut dire exactement la m\u00eame chose&#8230;<\/p>\n\n\n\n<p>Et chaque fois que nous osons faire ce mouvement naturel, nous vivons un instant de joie&nbsp;! Chaque fois que nous augmentons notre conscience de la Lumi\u00e8re, nous ressentons un mieux-\u00eatre&nbsp;! Toujours.<\/p>\n\n\n\n<p>Il faut simplement cr\u00e9er une petite phrase qui va exprimer cette nouvelle vision que nous sommes en train d\u2019imaginer, de choisir, \u00e0 partir de notre conscience augment\u00e9e de la Lumi\u00e8re\u2026 <\/p>\n\n\n\n<p>Et, \u00e0 partir de l\u00e0, cela va maintenant faire partie de nos m\u00e9moires, maintenant plus lumineuses&#8230; D&rsquo;une part, notre m\u00e9moire personnelle et d&rsquo;autre part, la m\u00e9moire de l\u2019humanit\u00e9 sont alors plus \u00e9lev\u00e9es, plus belles.<\/p>\n\n\n\n<p>\u25cf<\/p>\n\n\n\n<p>Alors, je choisis de penser&nbsp;: \u00ab&nbsp;C\u2019est vraiment une grande joie de mettre un pied devant l\u2019autre, sans appr\u00e9hension&nbsp;!&nbsp;\u00bb<\/p>\n\n\n\n<p>\u25a0<\/p>\n\n\n\n<p>C\u2019est parfait comme exemple\u2026 Voil\u00e0&nbsp;!&nbsp;Bravo&nbsp;!<\/p>\n\n\n\n<p>Il n\u2019y a pas de contradiction de pieds\u2026 C\u2019est un seul corps&nbsp;! C\u2019est un seul mouvement et le pied de devant va passer derri\u00e8re et le pied de derri\u00e8re va passer devant\u2026 Et le corps entier avance parce que c\u2019est complet&nbsp;! L\u00e0, il y a le mouvement\u2026<\/p>\n\n\n\n<p>Il n\u2019y a pas un pied de devant qui n\u2019est que devant tout le temps et un pied de derri\u00e8re qui n\u2019est que derri\u00e8re tout le temps, sinon tu n\u2019avances pas harmonieusement\u2026<\/p>\n\n\n\n<p>Sinon, tu sautilles&nbsp;! Et nous ne pouvons pas sautiller tr\u00e8s longtemps\u2026<\/p>\n\n\n\n<p>Ce sont des concepts \u00e9vidents quand on les regarde avec l\u2019\u00c2me, mais ce sont des concepts qui contredisent des ann\u00e9es et des ann\u00e9es d\u2019habitude de pens\u00e9e que nous avions v\u00e9cu dans la s\u00e9paration, l\u2019opposition, la comparaison, le combat etc\u2026&nbsp;<\/p>\n\n\n\n<p>Nous avons v\u00e9cu dans ce combat permanent de deux oppos\u00e9s\u2026 Moi et l\u2019autre\u2026 le f\u00e9minin et le masculin\u2026 Prendre et donner\u2026 Offrir et recevoir\u2026 Justice et injustice\u2026 et bien s\u00fbr le bien et le mal&nbsp;! Alors que tout cela n\u2019est que la Lumi\u00e8re Parfaite&nbsp;!<\/p>\n\n\n\n<p>&nbsp;&nbsp;<\/p>\n\n\n\n<p class=\"has-text-align-right\"><em>Croire<\/em>&nbsp;!<\/p>\n\n\n\n<p>Et l\u00e0, c\u2019est fini&nbsp;: \u00ab&nbsp;Dieu est Tout&nbsp;\u00bb&nbsp;! Nous en avons une conscience plus grande\u2026 Nous sommes \u00ab&nbsp;plus croyant&nbsp;\u00bb en un Dieu Unique, Infini, \u00c9ternel, Omnipr\u00e9sent, dont l\u2019aspect est infiniment multiple&nbsp;!<\/p>\n\n\n\n<p>Nous avons pu passer \u00e0 cet instant d\u2019une certaine incroyance que \u00ab&nbsp;Dieux n\u2019est pas tout&nbsp;\u00bb \u2026 \u00e0 une certaine croyance plus grande en \u00ab&nbsp;Dieu Un&nbsp;\u00bb.<\/p>\n\n\n\n<p>C\u2019est le miracle de la foi&nbsp;!<\/p>\n\n\n\n<p><em>Silence\u2026<\/em><\/p>\n\n\n\n<p><em>\u00c0 partir de l\u00e0, pendant un moment, la conversation est difficile \u00e0 entendre, car le bruit du ventilateur de l\u2019ordinateur s\u2019est fait trop puissant et occupe parfois tout l\u2019espace sonore de l&rsquo;enregistrement.<\/em><\/p>\n\n\n\n<p><em>Alors ce ne sont, pour un moment, que des bribes plus ou moins longues, s\u00e9par\u00e9es par des absences de compr\u00e9hension plus ou moins longues&nbsp;:<\/em><\/p>\n\n\n\n<p>&#8230;&#8230;&#8230;&#8230;&#8230;..<\/p>\n\n\n\n<p>Mais ensuite, \u00e7a fait boule de neige.&nbsp;<\/p>\n\n\n\n<p>Et \u00e9volue tr\u00e8s vite\u2026 Mais, tu sais, c\u2019est au d\u00e9but\u2026 Alors nous avons encore l\u2019impression que \u00e7a ne bouge pas trop\u2026&nbsp;<\/p>\n\n\n\n<p>\u2026\u2026\u2026\u2026\u2026\u2026.<\/p>\n\n\n\n<p>L\u00e0, le cerveau fonctionne d\u2019une fa\u00e7on qui lui a \u00e9t\u00e9 inhabituelle jusqu\u2019\u00e0 l\u00e0\u2026 Il est oblig\u00e9 de cr\u00e9er de nouveaux circuits pour ces nouvelles pens\u00e9es\u2026 C\u2019est comme si tu apprends une danse que tu n\u2019as jamais dans\u00e9&nbsp;: tout le corps doit arriver \u00e0 faire de nouveaux mouvements\u2026<\/p>\n\n\n\n<p>\u2026\u2026\u2026\u2026\u2026\u2026.<\/p>\n\n\n\n<p>Penser, c\u2019est aussi \u00ab&nbsp;physique&nbsp;\u00bb bien s\u00fbr\u2026 Penser c&rsquo;est \u00ab\u00a0corporel\u00a0\u00bb&#8230; Pour penser, il y a donc un effort agr\u00e9able \u00e0 faire qui est \u00e9galement physique&nbsp;! <\/p>\n\n\n\n<p>Et c\u2019est parce que les gens ne voulaient pas faire cet effort physique de penser, qu\u2019ils n\u2019y arrivaient pas\u2026<\/p>\n\n\n\n<p>En tous cas, on peut dire que le chef d\u2019orchestre, c\u2019est le Divin Lui-m\u00eame, c\u2019est \u00e0 dire l\u2019\u00c2me en nous\u2026<\/p>\n\n\n\n<p>\u2026\u2026\u2026\u2026\u2026\u2026.<\/p>\n\n\n\n<p>\u00c7a, c\u2019est le chemin, c\u2019est constant\u2026 Mais o\u00f9 est-ce un probl\u00e8me&nbsp;? Est-ce que c\u2019est un probl\u00e8me d\u2019\u00eatre en train d\u2019avancer&nbsp;? Est-ce que \u00ab&nbsp;avancer&nbsp;\u00bb, ce n\u2019est pas \u00ab&nbsp;arriver&nbsp;\u00bb&nbsp;?<\/p>\n\n\n\n<p>Avancer, c\u2019est bien arriver d\u2019instant en instant\u2026<\/p>\n\n\n\n<p>\u2026\u2026\u2026\u2026\u2026\u2026<\/p>\n\n\n\n<p>Mais, c\u2019est \u00e9vident&nbsp;: si on exige d\u2019un b\u00e9b\u00e9 qu\u2019il apprenne \u00e0 marcher en une seule fois, il ne pourra pas le faire&nbsp;!&nbsp;<\/p>\n\n\n\n<p>La r\u00e9p\u00e9tition, c\u2019est une Loi Divine&nbsp;! Ce n\u2019est donc pas une erreur humaine de r\u00e9p\u00e9ter\u2026 Depuis toujours l\u2019univers r\u00e9p\u00e8te pour ouvrir sa conscience \u00e0 la Lumi\u00e8re&nbsp;!<\/p>\n\n\n\n<p>Nous, les \u00catres humains, nous ne faisons que continuer \u00e0 vivre selon cette Loi Divine de la R\u00e9p\u00e9tition.<\/p>\n\n\n\n<p>\u2026\u2026\u2026\u2026\u2026\u2026.<\/p>\n\n\n\n<p>Nous avons pris le temps que Dieu nous donne \u00e0 chaque instant, en Lui, pour arriver \u00e0 cet instant actuel.<\/p>\n\n\n\n<p>Personne n\u2019a jamais v\u00e9cu un instant en dehors de Dieu&nbsp;! Si Dieu est Tout, ce n&rsquo;est pas possible&#8230; Quelqu&rsquo;un peut vivre, \u00e0 chaque instant, avec une certaine conscience et une certaine inconscience de Dieu, mais pas un instant en dehors de Dieu !<\/p>\n\n\n\n<p>\u2026\u2026\u2026\u2026\u2026\u2026.<\/p>\n\n\n\n<p>Ce n\u2019est pas compliqu\u00e9, puisque nous arrivons \u00e0 aujourd\u2019hui&nbsp;:<\/p>\n\n\n\n<p>Nous avons donc bien avanc\u00e9, nous avons donc bien \u00e9volu\u00e9\u2026&nbsp;comme tout l\u2019univers&nbsp;!<\/p>\n\n\n\n<p>\u2026\u2026\u2026\u2026\u2026\u2026.<\/p>\n\n\n\n<p>C\u2019est cette id\u00e9e d&rsquo;une \u00ab\u00a0fin\u00a0\u00bb que l\u2019on retrouve dans toutes les religions et les d\u00e9marches soi-disant spirituelles\u2026 avec le Paradis final, le Samadhi total etc\u2026 Cette id\u00e9e, c\u2019est que \u00e0 un moment, nous pouvons arriver au bout de Dieu\u2026 <\/p>\n\n\n\n<p>Mais ce que l&rsquo;on appelle habituellement Dieu n\u2019a pas de bout\u2026 Cette d\u00e9marche d&rsquo;ouverture de la conscience est donc \u00c9ternelle\u2026<\/p>\n\n\n\n<p>Bien s\u00fbr que tous les \u00ab&nbsp;bouts&nbsp;\u00bb sont en Dieu \u00e9galement\u2026 mais Dieu Infini n\u2019a pas de bout, il contient tous les bouts que les hommes ont pu imaginer\u2026<\/p>\n\n\n\n<p>Il n\u2019y a pas de bout \u00e0 notre ouverture de conscience\u2026 Pour avoir conscience de l\u2019Infini, il nous faut tout simplement l\u2019\u00c9ternit\u00e9.<\/p>\n\n\n\n<p>\u2026\u2026\u2026\u2026\u2026\u2026<\/p>\n\n\n\n<p>Le mouvement, c\u2019est une prise de conscience toujours accrue de la Lumi\u00e8re\u2026 Et quand est-ce que l\u2019on va arriver au bout de Dieu&nbsp;?<\/p>\n\n\n\n<p>Jamais&nbsp;!<\/p>\n\n\n\n<p>\u2026\u2026\u2026\u2026\u2026\u2026<\/p>\n\n\n\n<p>&nbsp;&nbsp;<\/p>\n\n\n\n<p class=\"has-text-align-right\"><em>La conjugaison n\u2019est pas un d\u00e9tail<\/em><\/p>\n\n\n\n<p>L\u00e0, il faut faire attention \u00e0 la conjugaison&nbsp;! Les conjugaisons que les \u00catres \u00e9lev\u00e9s nous ont l\u00e9gu\u00e9es, \u00e0 un moment, dans leur sagesse a une grande importance pour pouvoir fonctionner harmonieusement&#8230; Ainsi&nbsp;:<\/p>\n\n\n\n<p>Il faut conjuguer au temps pass\u00e9, ce dont nous parlons et qui est une m\u00e9moire du pass\u00e9\u2026 Et le pass\u00e9, c&rsquo;est tout le pass\u00e9 depuis l&rsquo;infini pass\u00e9, jusqu&rsquo;au dernier instant que l&rsquo;on vient de vivre.<\/p>\n\n\n\n<p>Il faut conjuguer au futur, ce dont nous parlons et qui n\u2019est pas encore arriv\u00e9, mais dont nous avons une vision.<\/p>\n\n\n\n<p>Il faut conjuguer au pr\u00e9sent ce que nous vivons \u00e0 cet instant. C&rsquo;est \u00e0 cet instant pr\u00e9sent que s\u2019exerce notre libre arbitre\u2026 <\/p>\n\n\n\n<p>Notre conception du pr\u00e9sent s\u2019exprime au temps pr\u00e9sent\u2026 Nous la choisissons au pr\u00e9sent\u2026 avec notre libre pens\u00e9e&nbsp;!<\/p>\n\n\n\n<p>En effet, l\u2019instant du choix, c\u2019est tout de suite&nbsp;!<\/p>\n\n\n\n<p>Nous choisissons au pr\u00e9sent la pens\u00e9e que nous choisissons d\u2019avoir au pr\u00e9sent\u2026 Nous ne pouvons pas faire autrement\u2026 Et cette libert\u00e9 de conscience est merveilleuse&nbsp;!<\/p>\n\n\n\n<p>Nous avons \u00e9t\u00e9 enseign\u00e9s autrement et nous-m\u00eame nous avons enseign\u00e9 aux autres autrement\u2026 C\u2019est donc normal que cela nous soit pr\u00e9sent\u00e9, \u00e0 nous, de cette fa\u00e7on\u2026<\/p>\n\n\n\n<p>Ce que nous pensons \u00e0 cet instant, ce que nous disons \u00e0 cet instant, ce que nous faisons \u00e0 cet instant d\u00e9fini seul ce que nous vivons \u00e0 cet instant\u2026<\/p>\n\n\n\n<p>La libre conscience, ou libre arbitre, ne s\u2019exerce qu\u2019\u00e0 cet instant\u2026 Elle ne peut s\u2019exercer sur le pass\u00e9 ou sur le futur qu\u2019en passant par le pr\u00e9sent\u2026 <\/p>\n\n\n\n<p>Elle s\u2019exerce sur le v\u00e9cu que je choisis d\u2019avoir, \u00ab&nbsp;\u00e0 cet instant&nbsp;\u00bb, de mon pass\u00e9&nbsp;: est-ce que je choisis de l\u2019\u00e9lever ou pas&nbsp;?&nbsp;C&rsquo;est \u00e0 dire, est-ce que je choisis d&rsquo;en \u00eatre heureux ou pas&nbsp;?<\/p>\n\n\n\n<p>De m\u00eame, c&rsquo;est \u00e0 cet instant pr\u00e9sent que je choisis la relation que j&rsquo;\u00e9tablis avec le futur. Suis-je heureux du futur dont j&rsquo;ai la vision ou pas&nbsp;?<\/p>\n\n\n\n<p>Et tout cela, je ne peux le faire qu\u2019\u00e0 cet instant, l\u2019instant du libre arbitre&nbsp;!<\/p>\n\n\n\n<p>&nbsp;&nbsp;<\/p>\n\n\n\n<p class=\"has-text-align-right\"><em>Le libre arbitre ne se conjugue qu\u2019au pr\u00e9sent<\/em><\/p>\n\n\n\n<p>Le Libre arbitre ne se conjugue qu\u2019au pr\u00e9sent&nbsp;!<\/p>\n\n\n\n<p>Notre libre arbitre, \u00e0 cet instant, nous permet de choisir notre m\u00e9moire du pass\u00e9 ou notre vision du futur\u2026&nbsp;<\/p>\n\n\n\n<p>Et, \u00e0 chaque instant, nous pouvons changer la m\u00e9moire que nous avons de notre pass\u00e9 ou la vision que nous avons de notre futur\u2026<\/p>\n\n\n\n<p>Le pr\u00e9sent, c\u2019est le plus important&nbsp;! C\u2019est l\u00e0 que je peux \u00ab&nbsp;choisir&nbsp;\u00bb&nbsp;!<\/p>\n\n\n\n<p>\u00ab&nbsp;Maintenant&nbsp;\u00bb, c\u2019est l\u2019instant du choix&nbsp;!<\/p>\n\n\n\n<p>Seul le pr\u00e9sent permet de transcender le pass\u00e9 et l\u2019avenir.&nbsp;<\/p>\n\n\n\n<p>\u2026\u2026\u2026\u2026\u2026\u2026<\/p>\n\n\n\n<p>&nbsp;&nbsp;<\/p>\n\n\n\n<p class=\"has-text-align-right\"><em>Qu\u2019est-ce qui n\u2019est pas Dieu&nbsp;?<\/em><\/p>\n\n\n\n<p>Tu as faim, c\u2019est l\u2019exp\u00e9rience de Dieu\u2026 Tu manges, c\u2019est l\u2019exp\u00e9rience de Dieu\u2026 Tu d\u00e9lires, c\u2019est l\u2019exp\u00e9rience de Dieu\u2026 Tu es sage, c\u2019est l\u2019exp\u00e9rience de Dieu\u2026 Tu regardes une poussi\u00e8re, c&rsquo;est l&rsquo;exp\u00e9rience de Dieu, etc.<\/p>\n\n\n\n<p>\u2026\u2026\u2026\u2026\u2026\u2026<\/p>\n\n\n\n<p>Nous voulons Le reconna\u00eetre de mieux en mieux, dans toutes les circonstances\u2026<\/p>\n\n\n\n<p>Alors, toi, tu as certainement acc\u00e9l\u00e9r\u00e9 beaucoup.<\/p>\n\n\n\n<p>Sinon, tu n\u2019aurais pas pu. En tout cas, si tu l\u2019avais fait \u00e0 un rythme \u00ab\u00a0normal\u00a0\u00bb, c&rsquo;est \u00e0 dire \u00e0 un rythme moyen, comme presque 8 milliards d\u2019habitants de la plan\u00e8te, nous ne serions pas l\u00e0, ensemble, \u00e0 parler comme nous le faisons\u2026 Tu serais \u00ab&nbsp;normale&nbsp;\u00bb \u2026 Donc, tu vois bien\u2026<\/p>\n\n\n\n<p>\u25cf<\/p>\n\n\n\n<p>Cela existait d\u00e9j\u00e0\u2026<\/p>\n\n\n\n<p>\u25a0<\/p>\n\n\n\n<p>\u00c9videmment, que cela existait d\u00e9j\u00e0, sinon, nous ne serions pas l\u00e0&nbsp;!&nbsp;<\/p>\n\n\n\n<p>Nous sommes en mouvement, comme tous les \u00catres depuis toujours\u2026 La vie est en mouvement d\u2019ouverture de conscience, depuis les min\u00e9raux, les v\u00e9g\u00e9taux, les animaux et puis depuis peu les humains\u2026 et donc nous\u2026&nbsp;<\/p>\n\n\n\n<p>Tu as choisis d\u2019acc\u00e9l\u00e9rer ta prise de conscience\u2026 tu as fait plus de pas \u00e0 la seconde ou \u00e0 la minute\u2026Oui&nbsp;! et cela n\u2019est pas nouveau\u2026 Dans cette vie-ci, tu sais tr\u00e8s bien, depuis ton enfance, que tu n\u2019\u00e9tais pas comme la majorit\u00e9 des autres, mais un peu d\u00e9cal\u00e9e&nbsp;!<\/p>\n\n\n\n<p>Il faut bien que certains d\u2019entre nous avancent d\u2019abord pour que les autres puissent avancer ensuite.<\/p>\n\n\n\n<p>Mais, est-ce qu&rsquo;un petit enfant a moins de valeur qu&rsquo;un \u00catre humain plus ag\u00e9&nbsp;?<\/p>\n\n\n\n<p>Non, bien s\u00fbr !<\/p>\n\n\n\n<p>\u25cf<\/p>\n\n\n\n<p>En tous les cas, c\u2019est quand m\u00eame un concept tr\u00e8s nouveau.<\/p>\n\n\n\n<p>&nbsp;<\/p>\n\n\n\n<p class=\"has-text-align-right\"><em>La nouveaut\u00e9 de toujours<\/em><\/p>\n\n\n\n<p>\u25a0<\/p>\n\n\n\n<p>Non&nbsp;! Ce concept est \u00c9ternel\u2026<\/p>\n\n\n\n<p>\u25cf<\/p>\n\n\n\n<p>La conscience du concept est nouvelle\u2026<\/p>\n\n\n\n<p>\u25a0<\/p>\n\n\n\n<p>Oui&nbsp;! Tout ce concept \u00e9tait \u00e0 la bonne place depuis toujours\u2026 Il ne nous a pas attendu pour exister depuis l&rsquo;\u00c9ternit\u00e9&nbsp;!<\/p>\n\n\n\n<p>Et il fonctionnait parfaitement\u2026 et il continue \u00e0 fonctionner parfaitement\u2026 Mais juste, \u00e0 chaque instant, notre conscience nouvelle cr\u00e9e de nouveaux circuits neurologiques qui permettent cette nouvelle conscience en mouvement du m\u00eame Concept \u00c9ternel\u2026<\/p>\n\n\n\n<p>Mais, \u00e7a ne fonctionne pas plus parfaitement maintenant que \u00e7a ne l\u2019a toujours fait&nbsp;! Car Dieu ne peut pas \u00ab&nbsp;dysfonctionner&nbsp;\u00bb \u2026 C\u2019est notre conscience qui a pu soi-disant dysfonctionner&nbsp;! Dieu, Lui a toujours \u00e9t\u00e9 Parfait&nbsp;!<\/p>\n\n\n\n<p>Il ne sera jamais plus Parfait qu\u2019Il ne l\u2019a jamais \u00e9t\u00e9.<\/p>\n\n\n\n<p>\u25cf<\/p>\n\n\n\n<p>La nourriture de cette conscience n\u2019a-t-elle pas chang\u00e9&nbsp;?<\/p>\n\n\n\n<p>\u25a0<\/p>\n\n\n\n<p>Sa nourriture a toujours \u00e9t\u00e9 Parfaite\u2026 Sa seule nourriture est la Lumi\u00e8re Elle-m\u00eame\u2026 Il n\u2019y a rien d\u2019autre pour nourrir notre conscience\u2026<\/p>\n\n\n\n<p>\u25cf<\/p>\n\n\n\n<p>Qu\u2019est-ce qui peut changer, alors&nbsp;?<\/p>\n\n\n\n<p>&nbsp;&nbsp;<\/p>\n\n\n\n<p class=\"has-text-align-right\"><em>\u00c0 vraie question, vraie r\u00e9ponse<\/em><\/p>\n\n\n\n<p>\u25a0<\/p>\n\n\n\n<p>C\u2019est la question&nbsp;! Quelle question va-t-on se poser&nbsp;?<\/p>\n\n\n\n<p>Va-t-on se poser la question de l\u2019origine de notre pens\u00e9e&nbsp;? Sa source est-elle notre \u00c2me ou nos m\u00e9moires&nbsp;?<\/p>\n\n\n\n<p>Est-ce que l\u2019on va \u00eatre assez courageux pour choisir nos concepts d\u2019apr\u00e8s notre \u00c2me&nbsp;? Ou bien est-ce que l\u2019on va choisir de garder nos concepts d\u2019apr\u00e8s nos m\u00e9moires&nbsp;?&nbsp;<\/p>\n\n\n\n<p>Mais, c\u2019est le m\u00eame cerveau qui pensera et Tout est Parfait\u2026<\/p>\n\n\n\n<p>\u25cf<\/p>\n\n\n\n<p>Mais alors, pourquoi tant de gens souffrent-ils en choisissant leurs concepts \u00e0 partir de le leurs m\u00e9moires&nbsp;?<\/p>\n\n\n\n<p>\u25a0<\/p>\n\n\n\n<p>Mais sont-ils moins parfaits que nous&nbsp;? Sont-ils moins faits de la Lumi\u00e8re que nous&nbsp;?<\/p>\n\n\n\n<p>\u25cf<\/p>\n\n\n\n<p>Non&nbsp;! Bien s\u00fbr&nbsp;!<\/p>\n\n\n\n<p>\u25a0<\/p>\n\n\n\n<p>Leur conscience est juste&nbsp;: c\u2019est la conscience qui est la bonne pour eux, \u00e0 cet instant.<\/p>\n\n\n\n<p>Chacun de nous a la conscience juste pour soi, \u00e0 cet instant.<\/p>\n\n\n\n<p>\u25cf<\/p>\n\n\n\n<p>Ce regard, port\u00e9\u2026 Alors, tout est bon&nbsp;?<\/p>\n\n\n\n<p>\u25a0<\/p>\n\n\n\n<p>Oui&nbsp;! Tout est Lumi\u00e8re.<\/p>\n\n\n\n<p>\u25cf<\/p>\n\n\n\n<p>Mais, \u00e7a c\u2019est nouveau&nbsp;!<\/p>\n\n\n\n<p>\u25a0<\/p>\n\n\n\n<p>Non&nbsp;! Ce n\u2019est pas nouveau du tout\u2026 \u00e7a a \u00e9t\u00e9 enseign\u00e9, r\u00e9-enseign\u00e9\u2026 depuis que l\u2019homme existe<\/p>\n\n\n\n<p>\u25cf&nbsp;<\/p>\n\n\n\n<p>Mais, moi, c\u2019est la premi\u00e8re fois que je l\u2019entends&nbsp;!<\/p>\n\n\n\n<p>\u25a0<\/p>\n\n\n\n<p>C\u2019est s\u00fbr que tu l\u2019entends pour la premi\u00e8re fois comme tu l\u2019entends aujourd\u2019hui&nbsp;!&nbsp;<\/p>\n\n\n\n<p>Chaque instant \u00e9tant unique, on n\u2019a jamais pu entendre, dans notre pass\u00e9, ce que l\u2019on entend aujourd\u2019hui comme on l\u2019entend aujourd\u2019hui\u2026 \u00c7a, oui&nbsp;!<\/p>\n\n\n\n<p>Mais ils l\u2019ont dit, \u00e0 l\u2019\u00e9poque de Pythagore, \u00e0 l\u2019\u00e9poque de Socrate et de Platon et \u00e0 de tr\u00e8s nombreuses autres occasions\u2026 Nous l\u2019avons entendu sous toutes les formes et dans toutes les langues\u2026 en \u00e9gyptien, en grec, en latin, en fran\u00e7ais, en chinois \u2026<\/p>\n\n\n\n<p>\u25cf&nbsp;<\/p>\n\n\n\n<p>Mais qu\u2019est-ce qui fait qu\u2019on ne l\u2019a pas entendu aussi bien&nbsp;?<\/p>\n\n\n\n<p>&nbsp;&nbsp;<\/p>\n\n\n\n<p class=\"has-text-align-right\"><em>C\u2019est la conscience qui fait toute la diff\u00e9rence<\/em><\/p>\n\n\n\n<p>\u25a0<\/p>\n\n\n\n<p>Notre conscience&nbsp;!<\/p>\n\n\n\n<p>La conscience dont nous parlons, c\u2019est la conscience de la Lumi\u00e8re&nbsp;! N\u2019est-ce pas&nbsp;?<\/p>\n\n\n\n<p>Il n\u2019y a que deux positionnements possibles&nbsp;: soit j\u2019augmente la vitesse d\u2019ouverture de ma conscience de la Lumi\u00e8re \u00e0 cet instant, soit je la diminue\u2026<\/p>\n\n\n\n<p>\u25cf&nbsp;<\/p>\n\n\n\n<p>Tu veux dire, \u00ab&nbsp;soit je l\u2019arr\u00eate&nbsp;\u00bb&nbsp;?<\/p>\n\n\n\n<p>\u25a0<\/p>\n\n\n\n<p>Non&nbsp;! Je ne peux jamais arr\u00eater compl\u00e8tement l\u2019ouverture de ma conscience&nbsp;: les min\u00e9raux n\u2019y sont pas arriv\u00e9s, les v\u00e9g\u00e9taux et les animaux non plus et bien s\u00fbr l\u2019homme n\u2019y est jamais arriv\u00e9 et n\u2019y arrivera jamais&nbsp;!<\/p>\n\n\n\n<p>La conscience s\u2019est toujours ouverte et elle s\u2019ouvrira toujours, quelques erreurs que l\u2019humain fasse pour en ralentir l\u2019ouverture. <\/p>\n\n\n\n<p>Les corps ont chang\u00e9, mais l\u2019ouverture de la conscience de la cr\u00e9ation a continu\u00e9 et continuera toujours&nbsp;!<\/p>\n\n\n\n<p>L\u2019ouverture de la conscience est une Loi \u00c9ternelle que l\u2019on ne peut pas ne pas respecter&nbsp;!<\/p>\n\n\n\n<p>Notre libre conscience, notre libre arbitre ne nous donne de pouvoir que sur \u00ab&nbsp;la vitesse d\u2019ouverture de conscience&nbsp;\u00bb \u2026 mais pas sur l\u2019ouverture de conscience elle-m\u00eame&nbsp;: elle s\u2019ouvrira de toutes les fa\u00e7ons, comme elle s\u2019est toujours ouverte depuis le d\u00e9but de cet univers&nbsp;!<\/p>\n\n\n\n<p>&nbsp;&nbsp;<\/p>\n\n\n\n<p class=\"has-text-align-right\"><em>Exister, c\u2019est \u00eatre une conscience qui s\u2019ouvre&nbsp;!<\/em><\/p>\n\n\n\n<p>Soit elle s\u2019ouvre \u00e0 sa vitesse naturelle, originelle, comme elle l\u2019a toujours fait, sur la terre, avant que la libre conscience humaine n\u2019apparaisse, il y a peut-\u00eatre 150.000 \u00e0 400.000 ans\u2026&nbsp;<\/p>\n\n\n\n<p>Pour que cela continue chez nous, il suffit que l\u2019homme pense toujours \u00e0 partir de son \u00c2me, c\u2019est \u00e0 dire de la Lumi\u00e8re en lui\u2026&nbsp;<\/p>\n\n\n\n<p>Au niveau b\u00eatement pratique, il suffit que nous pensions toujours ce que nous sommes les plus heureux de penser\u2026 et rien d\u2019autre&nbsp;! C\u2019est ainsi que la nature a toujours \u00e9volu\u00e9 et c\u2019est ainsi qu\u2019elle continuera \u00e0 \u00e9voluer\u2026<\/p>\n\n\n\n<p>Soit la conscience de l\u2019homme ne s\u2019ouvre pas \u00e0 sa vitesse naturelle, mais \u00e0 une vitesse inf\u00e9rieure\u2026 et ce ph\u00e9nom\u00e8ne n\u2019a pu exister que depuis que la libre conscience est apparue et que nous en avons fait un usage erron\u00e9\u2026&nbsp;<\/p>\n\n\n\n<p>Ce n\u2019est donc que depuis le presque d\u00e9but de l\u2019humanit\u00e9 que nous avons pu, librement, nous mettre \u00e0 penser \u00e0 partir de nos m\u00e9moires\u2026&nbsp;<\/p>\n\n\n\n<p>Et l\u00e0, au niveau pratique, cela signifie que nous ne pensions pas ce que nous \u00e9tions le plus heureux de penser, ou m\u00eame que nous pensions carr\u00e9ment ce que nous n\u2019\u00e9tions pas du tout heureux de penser&nbsp;!&nbsp;<\/p>\n\n\n\n<p>Et l\u00e0, nous avons vu le r\u00e9sultat&nbsp;: beaucoup, beaucoup, de souffrance pour toute la terre&nbsp;!&nbsp;<\/p>\n\n\n\n<p>Mais cette souffrance, n\u2019est pas le signe d\u2019un arr\u00eat de l\u2019ouverture de conscience, mais seulement d\u2019un ralentissement de cette ouverture de conscience \u00e0 une vitesse inf\u00e9rieure \u00e0 la vitesse \u00ab&nbsp;naturelle&nbsp;\u00bb ou \u00ab&nbsp;originelle&nbsp;\u00bb&nbsp;\u2026<\/p>\n\n\n\n<p>&nbsp;&nbsp;<\/p>\n\n\n\n<p class=\"has-text-align-right\"><em>Reprenons notre libre arbitre en main<\/em><\/p>\n\n\n\n<p>D\u2019o\u00f9 l\u2019int\u00e9r\u00eat de reprendre un usage sain de notre libre arbitre\u2026 il s\u2019agit simplement de l\u2019utiliser pour penser, librement, \u00e0 partir de notre \u00c2me\u2026 de l\u2019utiliser pour penser de mieux en mieux ce que nous sommes les plus heureux de penser\u2026&nbsp;<\/p>\n\n\n\n<p>Faisons actes de foi sur actes de foi pour rendre \u00e0 notre libre conscience son fonctionnement originel.<\/p>\n\n\n\n<p>Il s\u2019agit d\u2019agir d\u2019une fa\u00e7on qui nous semble nouvelle, sans l\u2019\u00eatre r\u00e9ellement&nbsp;: pensons \u00e0 partir de notre \u00c2me et non pas pouss\u00e9s par nos m\u00e9moires\u2026<\/p>\n\n\n\n<p>Pensons humblement \u00e0 partir de notre \u00c2me, comme nous le faisions lorsque nous \u00e9tions min\u00e9raux, puis lorsque nous \u00e9tions v\u00e9g\u00e9taux, puis animaux&#8230;<\/p>\n\n\n\n<p>L\u00e0, nous avions une conscience (min\u00e9rale, v\u00e9g\u00e9tale, puis animal) mais pas encore une \u00ab\u00a0libre conscience\u00a0\u00bb.<\/p>\n\n\n\n<p>&nbsp;&nbsp;<\/p>\n\n\n\n<p class=\"has-text-align-right\"><em>Choisissons notre vie<\/em><\/p>\n\n\n\n<p>Si nous ne reconnaissons pas en nous le libre arbitre pour faire cela, nous ne pouvons pas le faire\u2026 C\u2019est le facteur essentiel\u2026&nbsp;<\/p>\n\n\n\n<p>Bien s\u00fbr, il y a des conditions mat\u00e9rielles, il y a des conditions mentales et il y a des conditions spirituelles \u00e0 l\u2019exercices de notre libre conscience\u2026 mais, m\u00eame ces conditions sont soumises \u00e0 notre libre arbitre\u2026&nbsp;<\/p>\n\n\n\n<p>Et il faut que tout se mette en place pour que l\u2019ouverture de notre conscience reprenne son \u00ab&nbsp;pas&nbsp;\u00bb naturel d\u2019origine&nbsp;!<\/p>\n\n\n\n<p>La vie est une ouverture de conscience depuis toujours\u2026 et, plus r\u00e9cemment, depuis le d\u00e9but de la cr\u00e9ation de cet univers&nbsp;!&nbsp;<\/p>\n\n\n\n<p>C\u2019est \u00e0 dire que la vie est une ouverture de conscience depuis le Big Bang, qui est le nom que nous donnons pour l\u2019instant au soi-disant d\u00e9but de cet univers qui est le n\u00f4tre\u2026 et \u00e0 la conscience duquel nous avons de plus en plus acc\u00e8s\u2026<\/p>\n\n\n\n<div style=\"height:41px\" aria-hidden=\"true\" class=\"wp-block-spacer\"><\/div>\n\n\n\n<hr class=\"wp-block-separator has-alpha-channel-opacity is-style-wide\"\/>\n\n\n\n<div style=\"height:28px\" aria-hidden=\"true\" class=\"wp-block-spacer\"><\/div>\n\n\n\n<p>Voil\u00e0, c&rsquo;est la fin de ce 1er entretien qui avait dur\u00e9 2 heure et que j&rsquo;ai divis\u00e9 en 8 parties, pour des raisons pratiques de lecture ou d&rsquo;\u00e9coute.<\/p>\n\n\n\n<p>Et si tout cela vous int\u00e9resse vraiment, alors vous pourrez bient\u00f4t, lire ou \u00e9couter le 2\u00e8me entretien que je diviserai probablement \u00e9galement en 8 parties&#8230;<\/p>\n\n\n\n<p>Et puis viendra le 3\u00e8me entretien&#8230; et ainsi de suite, jusqu&rsquo;au 8\u00e8me et derniers de cette 1\u00e8re s\u00e9rie de 8 entretiens.<\/p>\n\n\n\n<p>Merci de votre int\u00e9r\u00eat&#8230; Et n&rsquo;h\u00e9sitez pas \u00e0 faire vos commentaires, il seront sans aucun doute tr\u00e8s utiles pour tous. Je les mod\u00e8rerai le mieux que je peux avant de les publier avec plaisir.<\/p>\n\n\n\n<div style=\"height:63px\" aria-hidden=\"true\" class=\"wp-block-spacer\"><\/div>\n\n\n","protected":false},"excerpt":{"rendered":"<p>Deux petits artisans de la Lumi\u00e8re parmi tant d\u2019autres,&nbsp;petit (\u25a0) et petit (\u25cf),&nbsp;communiquent&nbsp;sur bien des sujets qui n\u2019ont peut-\u00eatre pas tant d\u2019importances\u2026 &#8230;.. Tout est Lumi\u00e8re Non&nbsp;! Les oppos\u00e9s sont toujours, en r\u00e9alit\u00e9, des compl\u00e9ments. Le \u00ab&nbsp;monde animal&nbsp;\u00bb et le \u00ab&nbsp;monde humain&nbsp;\u00bb&nbsp;: compl\u00e9ments&nbsp;! Le \u00ab&nbsp;monde v\u00e9g\u00e9tal&nbsp;\u00bb&nbsp;: compl\u00e9ment des autres mondes min\u00e9raux, animaux et humain, \u00ab&nbsp;l\u2019homme &hellip; <a href=\"https:\/\/behappy8.org\/?p=672\" class=\"more-link\">Continuer la lecture<span class=\"screen-reader-text\"> de &laquo;&nbsp;Les 8 Entretiens\u00a0(8\u00e8me\u00a0Partie\u00a0du\u00a01er\u00a0Entretien)&nbsp;&raquo;<\/span><\/a><\/p>\n","protected":false},"author":1,"featured_media":0,"comment_status":"open","ping_status":"open","sticky":false,"template":"","format":"chat","meta":{"footnotes":""},"categories":[567],"tags":[147,170,553,536,554,544,547,557,539,552,389,540,529,420,65,550,142,549,238,551,208,542,527,143,558,534,47,546,52,8,555,163,559,207,531,543,320,338,538,24,545,562,548,136,530,422,226,561,177,535,564,532,176,560,563,556,537,565,78,541,178],"class_list":["post-672","post","type-post","status-publish","format-chat","hentry","category-1er-entretien-8","tag-acte-de-foi","tag-ame","tag-arriver","tag-avancer","tag-bebe","tag-bien","tag-boule-de-neige","tag-bout-de-dieu","tag-cerveau","tag-chef-dorchestre","tag-choix","tag-circuit","tag-complements","tag-conjugaison","tag-conscience","tag-corporel","tag-croire","tag-danse","tag-difference","tag-effort","tag-eternel","tag-feminin","tag-fin","tag-foi","tag-futur","tag-humanite","tag-infini","tag-infiniment-multiple","tag-joie","tag-libre-arbitre","tag-loi-divine","tag-lumiere","tag-maintenant","tag-mal","tag-marche","tag-masculin","tag-memoires","tag-mieux-etre","tag-miracle","tag-mouvement","tag-multiple","tag-nouveau","tag-nouveaux-circuits","tag-ombre","tag-opposes","tag-ouvrir-les-yeux","tag-paradis","tag-parfait","tag-passe","tag-pied","tag-platon","tag-prendre-le-volant","tag-present","tag-prise-de-conscience","tag-pythagore","tag-samadhi","tag-sautiller","tag-socrate","tag-tout","tag-vision","tag-vitesse","post_format-post-format-chat"],"_links":{"self":[{"href":"https:\/\/behappy8.org\/index.php?rest_route=\/wp\/v2\/posts\/672","targetHints":{"allow":["GET"]}}],"collection":[{"href":"https:\/\/behappy8.org\/index.php?rest_route=\/wp\/v2\/posts"}],"about":[{"href":"https:\/\/behappy8.org\/index.php?rest_route=\/wp\/v2\/types\/post"}],"author":[{"embeddable":true,"href":"https:\/\/behappy8.org\/index.php?rest_route=\/wp\/v2\/users\/1"}],"replies":[{"embeddable":true,"href":"https:\/\/behappy8.org\/index.php?rest_route=%2Fwp%2Fv2%2Fcomments&post=672"}],"version-history":[{"count":17,"href":"https:\/\/behappy8.org\/index.php?rest_route=\/wp\/v2\/posts\/672\/revisions"}],"predecessor-version":[{"id":882,"href":"https:\/\/behappy8.org\/index.php?rest_route=\/wp\/v2\/posts\/672\/revisions\/882"}],"wp:attachment":[{"href":"https:\/\/behappy8.org\/index.php?rest_route=%2Fwp%2Fv2%2Fmedia&parent=672"}],"wp:term":[{"taxonomy":"category","embeddable":true,"href":"https:\/\/behappy8.org\/index.php?rest_route=%2Fwp%2Fv2%2Fcategories&post=672"},{"taxonomy":"post_tag","embeddable":true,"href":"https:\/\/behappy8.org\/index.php?rest_route=%2Fwp%2Fv2%2Ftags&post=672"}],"curies":[{"name":"wp","href":"https:\/\/api.w.org\/{rel}","templated":true}]}}