{"id":838,"date":"2021-05-17T12:18:00","date_gmt":"2021-05-17T10:18:00","guid":{"rendered":"https:\/\/behappy8.org\/?p=838"},"modified":"2024-06-01T13:06:09","modified_gmt":"2024-06-01T11:06:09","slug":"les-8-entretiens-2eme-entretien-1ere-partie","status":"publish","type":"post","link":"https:\/\/behappy8.org\/?p=838","title":{"rendered":"Les 8 Entretiens (1\u00e8re Partie\u00a0du\u00a02\u00e8me Entretien)"},"content":{"rendered":"\n<p class=\"has-text-align-right\"><em>Le 7 juin 2021<\/em><\/p>\n\n\n\n\n\n<div style=\"height:55px\" aria-hidden=\"true\" class=\"wp-block-spacer\"><\/div>\n\n\n\n<figure class=\"wp-block-audio\"><audio controls src=\"https:\/\/behappy8.org\/wp-content\/uploads\/2024\/05\/Les-8-Entretiens-1ere-Partie-du-2eme-Entretien.m4a\" loop><\/audio><\/figure>\n\n\n\n<div style=\"height:55px\" aria-hidden=\"true\" class=\"wp-block-spacer\"><\/div>\n\n\n\n<p class=\"has-text-align-center\"><strong>Deux petits artisans de la Lumi\u00e8re parmi tant d\u2019autres,&nbsp;petit (\u25a0) et petit (\u25cf),&nbsp;communiquent&nbsp;sur bien des sujets qui n\u2019ont peut-\u00eatre pas tant d\u2019importances\u2026<\/strong><\/p>\n\n\n\n<div style=\"height:57px\" aria-hidden=\"true\" class=\"wp-block-spacer\"><\/div>\n\n\n\n<p><em>\u2026 Click&nbsp;! Nous commen\u00e7ons l\u2019enregistrement&nbsp;!<\/em><\/p>\n\n\n\n<div style=\"height:29px\" aria-hidden=\"true\" class=\"wp-block-spacer\"><\/div>\n\n\n\n<p class=\"has-text-align-right\"><em>Compliments et encouragements, c\u2019est tout&nbsp;!<\/em><\/p>\n\n\n\n<p>\u25cf<\/p>\n\n\n\n<p>\u2026 Je l\u2019ai fait toute&nbsp;seule,&nbsp;pour moi\u2026<\/p>\n\n\n\n<p>\u25a0<\/p>\n\n\n\n<p>C\u2019est bien&nbsp;! Comme \u00e7a&nbsp;? \u00c0 l\u2019arrache&nbsp;?<\/p>\n\n\n\n<p>\u25cf<\/p>\n\n\n\n<p>Je voulais acheter un encadrement pour un tableau que j\u2019avais fait\u2026 J\u2019en avais vu un beau,&nbsp;qui&nbsp;me&nbsp;plaisait, sur Internet. Il coutait environ&nbsp;200 \u20ac avec le montage et tout\u2026 Je me suis dit \u00ab&nbsp;Non, quand m\u00eame&nbsp;!&nbsp;\u00bb<\/p>\n\n\n\n<p>Et puis, du coup, je me suis d\u00e9cid\u00e9 \u00e0 le faire moi-m\u00eame&#8230; Tout moi-m\u00eame&nbsp;! \u2026 Eh bien&nbsp;! Finalement, ce&nbsp;n&rsquo;\u00e9tait pas mal du tout&nbsp;!<\/p>\n\n\n\n<p>\u25a0<\/p>\n\n\n\n<p>Eh oui&nbsp;! Bravo&nbsp;! Cela t\u2019a plu&nbsp;?<\/p>\n\n\n\n<p>\u25cf<\/p>\n\n\n\n<p>Oui&nbsp;! J\u2019ai eu une sensation agr\u00e9able, et puis je l\u2019ai accroch\u00e9 au mur\u2026 J\u2019ai dit cela \u00e0 mon meilleur ami l\u2019autre jour\u2026 Je lui ai dit&nbsp;: \u00ab&nbsp;Tu sais, je me suis m\u00eame affich\u00e9 un de mes dessins, il y a du progr\u00e8s&nbsp;!&nbsp;\u00bb<\/p>\n\n\n\n<p><em>Nous rions\u2026<\/em><\/p>\n\n\n\n<p>\u25a0<\/p>\n\n\n\n<p>Oui, parce que, au d\u00e9but, on doute beaucoup, on a pens\u00e9 que l\u2019on dessinait mal et tout \u00e7a\u2026 Mais, en r\u00e9alit\u00e9, personne ne dessine mal&nbsp;! Chacun pratique son art \u00e0 sa mani\u00e8re, naturelle, \u00e0 lui.<\/p>\n\n\n\n<p>\u25cf<\/p>\n\n\n\n<p>D\u2019abord, personne ne m\u2019a appris \u00e0 dessiner\u2026 Au d\u00e9but, tu sais, \u00e0 l\u2019\u00e9cole\u2026<\/p>\n\n\n\n<p>\u25a0<\/p>\n\n\n\n<p>Cela ne s\u2019apprend pas, le dessin&nbsp;! C\u2019est naturel\u2026 Les enfants,&nbsp;eux, dessinent sans l\u2019avoir appris&nbsp;! C\u2019est bien plus naturel que d\u2019apprendre \u00e0 \u00e9crire\u2026<\/p>\n\n\n\n<p>\u25cf<\/p>\n\n\n\n<p>Oui&nbsp;! Mais moi, on m\u2019a dit, d\u00e8s le d\u00e9part, que je ne savais pas chanter, que je ne savais pas dessiner\u2026&nbsp;<\/p>\n\n\n\n<p>Et d&rsquo;ailleurs, pour mon fr\u00e8re qui venait apr\u00e8s moi, on n\u2019a pas cherch\u00e9&#8230; Et on lui a dit&nbsp;: \u00ab&nbsp;Ah&nbsp;! Eh bien, vous \u00eates comme votre s\u0153ur&nbsp;!&nbsp;\u00bb<\/p>\n\n\n\n<p>\u25a0<\/p>\n\n\n\n<p>Trop souvent, encore, les enseignants, comme beaucoup d&rsquo;\u00catres humains, pensent et disent des choses qu\u2019ils ne sont pas heureux de penser, et encore moins de dire\u2026 Mais, cependant, ils peuvent&nbsp;continuer \u00e0 les penser et \u00e0 les dire&nbsp;!<\/p>\n\n\n\n<p>Et trop souvent encore, nous nous sommes faits pi\u00e9g\u00e9s\u2026 Et ensuite, nous avons adh\u00e9r\u00e9 \u00e0 ces pens\u00e9es ombreuses sans m\u00eame nous en rendre compte, d\u00e8s notre enfance\u2026<\/p>\n\n\n\n<p>Et nous nous sommes amput\u00e9s finalement de la jouissance d\u2019un tas de qualit\u00e9s\u2026 qui sont pourtant totalement naturelles et originelles&nbsp;pour tous les \u00catres&nbsp;humains&nbsp;!<\/p>\n\n\n\n<p>\u25cf<\/p>\n\n\n\n<p>Moi, je n\u2019aurais m\u00eame pas os\u00e9 contredire ce qui m\u2019\u00e9tait dit\u2026 Parce que, toute petite, j\u2019ai \u00e9t\u00e9 critiqu\u00e9e et compar\u00e9e\u2026<\/p>\n\n\n\n<p>\u25a0<\/p>\n\n\n\n<p>Un enfant ne devrait recevoir que des compliments et des encouragements, c\u2019est tout&nbsp;!<\/p>\n\n\n\n<p>Des compliments sur la Beaut\u00e9 Naturelle des trois aspects de son \u00catre que sont son Corps, ses Pens\u00e9es et son \u00c2me.<\/p>\n\n\n\n<p>Des encouragements permanents \u00e0 prendre toujours plus conscience de cette Beaut\u00e9 en toute chose.<\/p>\n\n\n\n<p>\u25cf<\/p>\n\n\n\n<p>Eh bien, moi, j\u2019ai entendu, depuis la maternel&nbsp;: \u00ab&nbsp;Peut mieux faire&nbsp;!&nbsp;\u00bb<\/p>\n\n\n\n<p>Cela m\u2019a choqu\u00e9, parce que c\u2019est une remarque que mon p\u00e8re me faisait ensuite, sans arr\u00eat, au cours de mon enfance&nbsp;! Et cela m\u2019a format\u00e9&nbsp;! C\u2019est terrible&nbsp;!<\/p>\n\n\n\n<p>&nbsp;&nbsp;<\/p>\n\n\n\n<p class=\"has-text-align-right\"><em>La transmission de l\u2019ombre<\/em><\/p>\n\n\n\n<p>\u25a0<\/p>\n\n\n\n<p>Bien s\u00fbr&nbsp;! Moi, \u00e9galement, j\u2019ai re\u00e7u, beaucoup plus tard, de mon ma\u00eetre d\u2019\u00e9cole, dans la derni\u00e8re classe avant la 6<sup>\u00e8me<\/sup>, comme commentaire dans mon carnet de note&nbsp;: \u00ab&nbsp;Agiter avant l\u2019usage&nbsp;!&nbsp;\u00bb, c\u2019est \u00e0 dire, me frapper.<\/p>\n\n\n\n<p>\u25cf<\/p>\n\n\n\n<p>Ce n\u2019est pas vrai&nbsp;! \u00ab&nbsp;Agiter avant l\u2019usage&nbsp;?&nbsp;\u00bb<\/p>\n\n\n\n<p>\u25a0<\/p>\n\n\n\n<p>Oui, mon p\u00e8re \u00e9tait d\u2019accord&#8230;. Et&nbsp;mon p\u00e8re adh\u00e9rait \u00e0 \u00e7a&nbsp;: \u00ab&nbsp;Agiter avant l\u2019usage&nbsp;!&nbsp;\u00bb&nbsp;\u2026 Et il me l\u2019a r\u00e9p\u00e9t\u00e9 ensuite de nombreuses fois&nbsp;! Et je suis absolument s\u00fbr qu&rsquo;il pensait que c&rsquo;\u00e9tait pour mon bien&#8230; Car mes parents aimaient leurs enfants\u2026<\/p>\n\n\n\n<p><em>Rires<\/em>\u2026<\/p>\n\n\n\n<p>\u25cf<\/p>\n\n\n\n<p>En fait, nous sommes d\u2019une g\u00e9n\u00e9ration diff\u00e9rente\u2026&nbsp;! Maintenant, on ne touche plus un enfant&nbsp;!<\/p>\n\n\n\n<p>\u25a0<\/p>\n\n\n\n<p>Oui&nbsp;! Mais il reste les paroles&nbsp;!<\/p>\n\n\n\n<p>\u25cf<\/p>\n\n\n\n<p>C\u2019est vrai&nbsp;! Il y a les paroles qui ont pu \u00eatre encore pires\u2026<\/p>\n\n\n\n<p>\u25a0<\/p>\n\n\n\n<p>Parfois, il valait mieux un geste\u2026 Tu sais, je ne suis pas favorable du tout \u00e0 ce que l\u2019on frappe les enfants, mais une parole que l&rsquo;on n&rsquo;est ni heureux de dire, ni heureux d&rsquo;entendre&#8230;<\/p>\n\n\n\n<p>\u25cf<\/p>\n\n\n\n<p>Oui, cela peut te poursuivre toute ta vie&nbsp;!<\/p>\n\n\n\n<p>\u25a0<\/p>\n\n\n\n<p>Il faut que nous rendions toutes ces m\u00e9moires \u00e0 la Lumi\u00e8re&#8230; C&rsquo;est, en particulier, la raison pour laquelle nous nous rencontrons aujourd&rsquo;hui&#8230;<\/p>\n\n\n\n<p><em>Un silence s&rsquo;installe&#8230;<\/em><\/p>\n\n\n\n<p>\u25cf<\/p>\n\n\n\n<p>Tiens, je change de sujet, regarde, j\u2019ai pens\u00e9 \u00e0 amener une clef USB.<\/p>\n\n\n\n<p>&nbsp;&nbsp;<\/p>\n\n\n\n<p class=\"has-text-align-right\"><em>\u00c9crire&nbsp;?<\/em><\/p>\n\n\n\n<p>\u25a0<\/p>\n\n\n\n<p>Tr\u00e8s bien&nbsp;! Eh bien, nous l\u2019utiliserons tout \u00e0 l\u2019heure, puisque nous y mettrons \u00e9galement, si tu le veux, cet entretien d\u2019aujourd\u2019hui et ainsi, tu auras les deux\u2026 On y pensera. <\/p>\n\n\n\n<p>On va la mettre l\u00e0 pour la voir. Ainsi, on y pensera avec plaisir&nbsp;!&nbsp;<\/p>\n\n\n\n<p>Alors&nbsp;? Tu es toujours int\u00e9ress\u00e9 \u00e0 essayer d\u2019\u00e9crire quelque chose ensemble&nbsp;? de mettre un texte progressivement en place&nbsp;? C\u2019est comme un jeu&nbsp;!<\/p>\n\n\n\n<p>&nbsp;&nbsp;<\/p>\n\n\n\n<p class=\"has-text-align-right\"><em>Tout change<\/em><\/p>\n\n\n\n<p>\u25cf<\/p>\n\n\n\n<p>Oui&nbsp;! Tout \u00e0 fait. Pour moi, cela fait partie de ma recherche\u2026 Mais, j\u2019ai un souci \u2026 Les choses ont chang\u00e9\u2026 Et je ne peux manifestement plus travailler et fonctionner comme je le faisais avant&nbsp;!<\/p>\n\n\n\n<p>\u25a0<\/p>\n\n\n\n<p>Heureusement&nbsp;! \u00c7a, c\u2019est bien&nbsp;!<\/p>\n\n\n\n<p>\u25cf<\/p>\n\n\n\n<p>Oui, c\u2019est bien&nbsp;! Mais effectivement, je te l\u2019ai d\u00e9j\u00e0 dit&nbsp;: du coup, tout est bon pour que je puisse essayer de sortir un peu de ce que j\u2019ai appel\u00e9 mon \u00ab&nbsp;no man\u2019s land&nbsp;\u00bb. Tu sais&nbsp;?&nbsp;<\/p>\n\n\n\n<p>Je sens bien qu\u2019il faut que je sois \u00ab\u00a0dans\u00a0\u00bb la vie, mais je ne peux plus bosser intellectuellement de la m\u00eame fa\u00e7on\u2026 Donc, il faut que je trouve des trucs&nbsp;!<\/p>\n\n\n\n<p>\u25a0<\/p>\n\n\n\n<p>Bien s\u00fbr&nbsp;! Bien s\u00fbr&nbsp;!<\/p>\n\n\n\n<p>\u25cf<\/p>\n\n\n\n<p>Et cela en fait partie\u2026<\/p>\n\n\n\n<p>\u25a0<\/p>\n\n\n\n<p>C\u2019est ce que tu vis aujourd\u2019hui\u2026 et voil\u00e0&nbsp;! Nous bougeons, nous sommes vivants&nbsp;!<\/p>\n\n\n\n<p>\u25cf<\/p>\n\n\n\n<p>Ouais&nbsp;! Mais j\u2019ai toujours ce\u2026<\/p>\n\n\n\n<p>&nbsp;&nbsp;<\/p>\n\n\n\n<p class=\"has-text-align-right\"><em>M\u00e9moires de Lumi\u00e8re, m\u00e9moires d\u2019ombre\u2026C<\/em>a\u00efn<\/p>\n\n\n\n<p>\u25a0<\/p>\n\n\n\n<p>Mais, nous avons de vieilles pens\u00e9es\u2026 Des pens\u00e9es qui viennent des m\u00e9moires&#8230; Des pens\u00e9es m\u00e9morielles, qui ne nous viennent pas de l\u2019\u00c2me&#8230; Ce sont des pens\u00e9es qui ne sont pas du tout venues de notre \u00c2me lorsqu\u2019elles sont apparues dans notre vie d&rsquo;aujourd&rsquo;hui\u2026&nbsp;<\/p>\n\n\n\n<p>Elles ne sont pas non plus venues de l\u2019\u00c2me des gens qui nous les ont propos\u00e9es \u00e0 nouveau\u2026 Ils n\u2019ont, eux non plus, pas pens\u00e9 \u00e0 parler \u00e0 partir de leur \u00c2me&#8230; Mais ils ont parl\u00e9, eux aussi, \u00e0 partir de leurs m\u00e9moires\u2026<\/p>\n\n\n\n<p>Car eux-m\u00eames avaient re\u00e7u ces m\u00eames pens\u00e9es qui venaient des m\u00e9moires des personnes qui leur avaient \u00e9galement parl\u00e9 \u00e0 eux aussi\u2026 et ainsi de suite\u2026&nbsp;!<\/p>\n\n\n\n<p>Et de cette fa\u00e7on, nous nous sommes transmis ce qui a \u00e9t\u00e9 appel\u00e9 par&nbsp;le christianisme religieux \u00ab&nbsp;le p\u00e9ch\u00e9 originel&nbsp;\u00bb&#8230; Et&nbsp;cela, jusqu\u2019\u00e0 aujourd\u2019hui&nbsp;!&nbsp;<\/p>\n\n\n\n<p>C\u2019est, tout simplement, l\u2019ombre qui s\u2019est transmise des parents aux enfants, depuis Ca\u00efn\u2026 J\u2019appelle cela le \u00ab&nbsp;ca\u00efnisme&nbsp;\u00bb \u2026<\/p>\n\n\n\n<p>Depuis Ca\u00efn, le premier homme qui a perdu conscience de la Lumi\u00e8re, cela s\u2019est transmis, comme \u00e7a, de g\u00e9n\u00e9ration en g\u00e9n\u00e9ration\u2026<\/p>\n\n\n\n<p>Et ainsi, les parents ont \u00e9duqu\u00e9 leurs enfants avec des pens\u00e9es qu\u2019ils n\u2019ont pas \u00e9t\u00e9 heureux de penser eux-m\u00eames\u2026 Mais, ces pens\u00e9es leur avaient \u00e9t\u00e9 transmises par leurs parents qui, eux non plus, n\u2019\u00e9taient pas heureux de les penser, ni de les transmettre\u2026 mais qui les avaient tout de m\u00eame transmis\u2026 etc\u2026<\/p>\n\n\n\n<p>\u25cf<\/p>\n\n\n\n<p>Oui&nbsp;! Et m\u00eame nous, nous avons fait pareil&nbsp;! \u2026 Je vois bien ce que j\u2019ai transmis \u00e0 mes enfants pendant des ann\u00e9es,&nbsp;moi-m\u00eame\u2026&nbsp;!<\/p>\n\n\n\n<p>&nbsp;&nbsp;<\/p>\n\n\n\n<p class=\"has-text-align-right\"><em>Soyons patient avec notre impatience<\/em><\/p>\n\n\n\n<p>\u25a0<\/p>\n\n\n\n<p>Oui mais, pour l\u2019instant, c\u2019est normal&nbsp;! Nous n\u2019avons pas pu faire autrement, \u00e0 ce point&nbsp;!&nbsp;<\/p>\n\n\n\n<p>Tant que nous n\u2019avions pas suffisamment pris conscience de la Lumi\u00e8re Pure et que nous n&rsquo;avons pas su nous fier \u00e0 cette Lumi\u00e8re, tant que nous ne nous sommes pas exclusivement nourris de cette Lumi\u00e8re, nous nous sommes nourris de la perte de conscience de cette Lumi\u00e8re, donc de l\u2019ombre\u2026 <\/p>\n\n\n\n<p>Et, depuis, c\u2019est cette ombre qui a dirig\u00e9, trop souvent, certains plans de notre vie\u2026<\/p>\n\n\n\n<p>Mais, malgr\u00e9 \u00e7a, nous voyons bien que l\u2019ombre n\u2019a pas gagn\u00e9&nbsp;! Nous voyons bien que la Lumi\u00e8re a augment\u00e9 dans notre vie&nbsp;! <\/p>\n\n\n\n<p>Enfin&nbsp;! Pardon&nbsp;! Je voulais dire plut\u00f4t nous voyons bien que \u00ab&nbsp;la conscience de la Lumi\u00e8re a augment\u00e9 dans notre vie&nbsp;\u00bb.<\/p>\n\n\n\n<p>Car j\u2019ai bien dit, l\u00e0, une b\u00eatise&nbsp;: la Lumi\u00e8re, Elle, Elle n\u2019augmente pas&nbsp;! <\/p>\n\n\n\n<p>La Lumi\u00e8re ne peut pas augmenter&nbsp;: Elle est Infinie&nbsp;! Mais c\u2019est \u00ab&nbsp;notre conscience de la Lumi\u00e8re&nbsp;\u00bb qui, seule, augmente&nbsp;!&nbsp;<\/p>\n\n\n\n<p>&nbsp;&nbsp;<\/p>\n\n\n\n<p class=\"has-text-align-right\"><em>La conscience de la Lumi\u00e8re<\/em><\/p>\n\n\n\n<p>\u25cf<\/p>\n\n\n\n<p>Oui, c\u2019est vrai, c\u2019est notre conscience de la Lumi\u00e8re qui augmente depuis toujours&nbsp;!<\/p>\n\n\n\n<p>\u25a0<\/p>\n\n\n\n<p>Eh oui&nbsp;! Tu vois, ce sont encore \u00ab\u00a0mes\u00a0\u00bb habitudes \u00e0 moi de langages\u2026 Et, l\u00e0, je n\u2019y ait pas \u00e9chapp\u00e9\u2026 et il faut sans arr\u00eat y revenir et nous corriger, gentiment&nbsp;!&nbsp;<\/p>\n\n\n\n<p>Parce que ces habitudes de langages transportaient notre erreur, c\u2019est \u00e0 dire \u00ab&nbsp;notre perte de conscience de la Lumi\u00e8re&nbsp;\u00bb \u2026 Elles lui donnaient une forme\u2026<\/p>\n\n\n\n<p>Trop souvent, nous avons dit  \u00ab&nbsp;augmenter la Lumi\u00e8re&nbsp;\u00bb&nbsp;! Mais c\u2019est ridicule quand on sait ce que l\u2019on sait&nbsp;! Cela n\u2019a aucun sens&nbsp;!&nbsp;<\/p>\n\n\n\n<p>Puisque la Lumi\u00e8re est Absolue, \u00c9ternelle, Omnipr\u00e9sente, comment va-t-on L\u2019augmenter&nbsp;? Nous ne pouvons pas L\u2019augmenter, C\u2019est notre \u00ab&nbsp;conscience&nbsp;\u00bb qui seule peut augmenter\u2026 Et ce n\u2019est pas rien&nbsp;!<\/p>\n\n\n\n<p>C\u2019est pour cela que l\u2019un de nos amis de toujours a pu nous dire&nbsp;:&nbsp;<\/p>\n\n\n\n<p>\u00ab&nbsp;<em>C\u2019est la conscience qui fait toute la diff\u00e9rence&nbsp;!&nbsp;<\/em>\u00bb&nbsp;<\/p>\n\n\n\n<p>Car oui&nbsp;! C\u2019est la conscience qui fait toute la diff\u00e9rence\u2026 Et c\u2019est \u00e7a, la clef\u2026 Notre clef, c\u2019est notre conscience&nbsp;! C&rsquo;est&nbsp;notre libre conscience.<\/p>\n\n\n\n<p>En fait, nous sommes des \u00eatres de conscience, des \u00catres libres de leur consciences&nbsp;: notre Corps ne sert qu\u2019\u00e0 \u00e7a, notre Pens\u00e9e ne sert qu\u2019\u00e0 \u00e7a, notre \u00c2me ne sert qu\u2019\u00e0 \u00e7a&nbsp;: ouvrir librement la conscience de notre \u00catre&nbsp;!<\/p>\n\n\n\n<p>\u25cf<\/p>\n\n\n\n<p>Alors, l\u00e0, il y a une chose que j\u2019ai entendue&nbsp;: c\u2019est que tu as parl\u00e9 de \u00ab&nbsp;se soumettre&nbsp;\u00bb \u00e0 notre \u00c2me\u2026 et \u00e7a, j\u2019\u00e9tais venue un peu avec ce type de travail en t\u00eate\u2026 Cela faisait quelque temps que je m&rsquo;\u00e9tais rendu compte \u00e0 quel point, il y avait un travail d\u2019humilit\u00e9 \u00e0 faire\u2026&nbsp;<\/p>\n\n\n\n<p>\u25a0<\/p>\n\n\n\n<p>Oui\u2026<\/p>\n\n\n\n<p>\u25cf<\/p>\n\n\n\n<p>Et je me suis rendu compte que cela ne m\u2019\u00e9tait pas seulement personnel&nbsp;: c\u2019\u00e9tait vraiment le cas de tout le monde&nbsp;!<\/p>\n\n\n\n<p>Et ce n\u2019\u00e9tait pas seulement une question d\u2019orgueil\u2026 Je ne me prenais pas pour une personne intelligente\u2026 Tout \u00e7a, ce n\u2019\u00e9tait pas vrai&nbsp;! Non, c\u2019\u00e9tait vraiment une sensation de ne pas savoir vraiment ce que c\u2019\u00e9tait que \u00ab&nbsp;l\u2019humilit\u00e9&nbsp;\u00bb \u2026 C\u2019est toute notre soci\u00e9t\u00e9 qui a \u00e9t\u00e9 comme \u00e7a.&nbsp;<\/p>\n\n\n\n<p>\u25a0<\/p>\n\n\n\n<p>Oui&nbsp;! c\u2019\u00e9tait le \u00ab\u00a0Ca\u00efnisme\u00a0\u00bb\u2026&nbsp;<\/p>\n\n\n\n<p>\u25cf<\/p>\n\n\n\n<p class=\"has-text-align-left\">Oui, c\u2019est \u00e7a&nbsp;! C\u2019\u00e9tait cette sensation d\u2019\u00eatre un individu seulement \u00ab\u00a0individuel\u00a0\u00bb\u2026 Et \u00e7a c\u2019est difficile \u00e0 faire \u00e9voluer\u2026 C\u2019est vraiment un concept diff\u00e9rent\u2026<\/p>\n\n\n\n<p><\/p>\n\n\n\n<p class=\"has-text-align-right\"><em>Conjuguer un verbe, c\u2019est choisir<\/em><\/p>\n\n\n\n<p>\u25a0<\/p>\n\n\n\n<p>Tout d\u2019abord, si tu le veux bien, nous allons mettre cette phrase au pass\u00e9 et nous allons oser dire, par exemple&nbsp;: \u00ab&nbsp;C\u2019\u00e9tait difficile\u2026 Mais cela devient de plus en plus facile&nbsp;\u00bb&nbsp;! C\u2019est notre but, n\u2019est-ce pas&nbsp;?<\/p>\n\n\n\n<p>Penser&nbsp;ce&nbsp;que&nbsp;nous&nbsp;sommes&nbsp;les&nbsp;plus&nbsp;heureux&nbsp;de&nbsp;penser&#8230;&nbsp;C&rsquo;est&nbsp;bien&nbsp;notre&nbsp;but&nbsp;?<\/p>\n\n\n\n<p>\u25cf<\/p>\n\n\n\n<p>Oui, tu as raison&nbsp;: \u00ab&nbsp;c\u2019\u00e9tait&nbsp;\u00bb difficile.<\/p>\n\n\n\n<p>\u25a0<\/p>\n\n\n\n<p>Je ne veux pas t\u2019\u00e9nerver en te faisant cette remarque sur la conjugaison des verbes. Mais, nous sommes l\u00e0, ensemble, pour mettre les points sur les \u00ab&nbsp;i&nbsp;\u00bb, et devenir tr\u00e8s attentifs et peut-\u00eatre m\u00eame, pointilleux\u2026 au moins pendant le temps o\u00f9 nous conversons ensemble\u2026&nbsp;<\/p>\n\n\n\n<p>Et ensuite, cela se diffusera dans nos vies quotidiennes&nbsp;! Apr\u00e8s, dans notre vie, \u00e9videmment, chacun repart de son c\u00f4t\u00e9\u2026 et nous commettrons encore des erreurs\u2026 <\/p>\n\n\n\n<p>Mais ensuite, nous les corrigerons \u00e0 nouveau et cela autant de fois que n\u00e9cessaire&nbsp;!<\/p>\n\n\n\n<p>\u25cf<\/p>\n\n\n\n<p>Oui, c\u2019est vrai, je pr\u00e9f\u00e8re penser&nbsp;: \u00ab&nbsp;C\u2019\u00e9tait difficile&nbsp;\u00bb que \u00ab&nbsp;C\u2019est difficile&nbsp;\u00bb&nbsp;!<\/p>\n\n\n\n<p>Et l\u00e0, comme dans toute conception, quand tu vois cela, en toute conscience, c\u2019est d\u00e9j\u00e0 une clef pour changer quelque chose.<\/p>\n\n\n\n<p>&nbsp;&nbsp;<\/p>\n\n\n\n<p class=\"has-text-align-right\"><em>Face \u00e0 l\u2019Infini, nous sommes tous toujours au d\u00e9but<\/em><\/p>\n\n\n\n<p>\u25a0<\/p>\n\n\n\n<p>Cette clef, elle est d\u00e9pendante de la clef absolue qui est que \u00ab&nbsp;Dieu est Infini&nbsp;\u00bb \u2026&nbsp;<\/p>\n\n\n\n<p>Et face \u00e0 l\u2019Infini, nous ne pouvons \u00eatre que \u00ab&nbsp;humble&nbsp;\u00bb&nbsp;! Quand on croit \u00e0 l\u2019Infini, on ne peut pas \u00eatre orgueilleux, parce qu\u2019il y a cet \u00ab&nbsp;Infini&nbsp;\u00bb dont nous sommes conscients un peu plus chaque jour\u2026&nbsp;<\/p>\n\n\n\n<p>Et l\u00e0, nous avons un rapport avec l\u2019Infini qui nous rappelle toujours que nous sommes infiniment au d\u00e9but de Lui&nbsp;!<\/p>\n\n\n\n<p>Tandis que lorsque j\u2019oubliais cette dimension, qui est au-del\u00e0 de toute dimension\u2026 l\u2019orgueil pouvait appara\u00eetre&nbsp;!<\/p>\n\n\n\n<p>Beaucoup de gens avait ni\u00e9,&nbsp;jusqu\u2019\u00e0 aujourd\u2019hui, l\u2019\u00c2me ou le Divin, c\u2019est \u00e0 dire l\u2019Infini en nous&#8230; et ils s\u2019attachaient \u00e0 la mati\u00e8re, \u00e0 leur quotidien mat\u00e9riel que ces gens croyaient limit\u00e9\u2026&nbsp;<\/p>\n\n\n\n<p>Mais \u00e0 ce moment-l\u00e0, nous n\u2019avions plus conscience de cet \u00ab&nbsp;Infini&nbsp;\u00bb pour nous comparer et savoir ainsi que nous \u00e9tions infiniment petits par rapport \u00e0 cet \u00ab&nbsp;Infini Absolu&nbsp;\u00bb.<\/p>\n\n\n\n<p>\u25cf<\/p>\n\n\n\n<p>Oui&nbsp;! Cependant, m\u00eame quand tu le sais, ce n&rsquo;est pas fini&nbsp;! \u2026 Mais, il y a eu heureusement des exp\u00e9riences de transcendance\u2026 Une exp\u00e9rience de transcendance, c\u2019est bien \u00e7a&nbsp;?<\/p>\n\n\n\n<p>\u25a0<\/p>\n\n\n\n<p>Oui.<\/p>\n\n\n\n<p>\u25cf<\/p>\n\n\n\n<p>\u00c0 un moment donn\u00e9, tu es dans l\u2019Infini\u2026 Mais, m\u00eame quand tu le sais, m\u00eame quand tu l\u2019as v\u00e9cu une fois de temps en temps, car ce n\u2019est pas quotidien\u2026 Ce n\u2019est pas\u2026<\/p>\n\n\n\n<p>\u25a0<\/p>\n\n\n\n<p>Alors, l\u00e0, attends&nbsp;! L\u00e0, es-tu en train de me dire que, \u00e0 un moment donn\u00e9, tu as pu avoir une conscience totale de l\u2019Infini&nbsp;?<\/p>\n\n\n\n<p>\u25cf<\/p>\n\n\n\n<p>Ouais&nbsp;!<\/p>\n\n\n\n<p>\u25a0<\/p>\n\n\n\n<p>Alors&nbsp;\u00e7a, pour moi, c\u2019est impossible&nbsp;! Je ne peux pas le croire&nbsp;!<\/p>\n\n\n\n<p>\u25cf<\/p>\n\n\n\n<p>Enfin\u2026 J\u2019ai v\u00e9cu ce que l\u2019on appelle un moment fort de conscience de l\u2019Infini\u2026<\/p>\n\n\n\n<p>&nbsp;&nbsp;<\/p>\n\n\n\n<p class=\"has-text-align-right\"><em>Des crises r\u00e9p\u00e9t\u00e9es d\u2019ouverture de conscience<\/em><\/p>\n\n\n\n<p>\u25a0<\/p>\n\n\n\n<p>Ah&nbsp;! L\u00e0, j\u2019aime que tu modifies ton langage\u2026&nbsp;<\/p>\n\n\n\n<p>Oui&nbsp;! Alors, ce moment, a donc \u00e9t\u00e9 \u00ab&nbsp;un moment d\u2019ouverture de ta conscience&nbsp;\u00bb&nbsp;&#8230; Une ouverture peut-\u00eatre tr\u00e8s importante, peut-\u00eatre soudaine, inattendue&#8230;<\/p>\n\n\n\n<p>Un tel moment nous a \u00e9poustoufl\u00e9, puisque nous avons d\u00e9couvert, tout d\u2019un coup, une immensit\u00e9 bien au-del\u00e0 de ce que nous connaissions auparavant&nbsp;!&nbsp;<\/p>\n\n\n\n<p>\u00c7a oui&nbsp;!<\/p>\n\n\n\n<p>Mais\u2026 d\u00e8s l\u2019instant d\u2019apr\u00e8s, ou le lendemain, \u00ab&nbsp;paf&nbsp;!&nbsp;\u00bb \u00e7a a pu recommencer, parce que l\u2019Infini, il est \u00ab&nbsp;vraiment&nbsp;\u00bb Infini, donc, quelle qu\u2019ait \u00e9t\u00e9 cette explosion de conscience de notre part, c\u2019\u00e9tait une ouverture de conscience qui nous a donn\u00e9, une fois de plus \u00ab&nbsp;l\u2019impression&nbsp;\u00bb de d\u00e9couvrir l\u2019Infini.&nbsp;<\/p>\n\n\n\n<p>Mais, en r\u00e9alit\u00e9, nous n\u2019avons d\u00e9couvert qu\u2019une partie nouvelle de l\u2019Infini, encore plus grande que ce dont nous avions conscience jusqu\u2019\u00e0 l\u00e0&nbsp;!&nbsp;<\/p>\n\n\n\n<p>Mais, l\u2019Infini, Lui, Il reste, bien s\u00fbr, Infini, depuis toujours et pour toujours&nbsp;!<\/p>\n\n\n\n<p>\u25cf<\/p>\n\n\n\n<p>Oui&nbsp;! Alors, c\u2019\u00e9tait une \u00ab&nbsp;erreur de frappe&nbsp;\u00bb, parce que, dans ces moments-l\u00e0, je me suis sentie, par rapport \u00e0 cette histoire d\u2019humilit\u00e9, \u00e0 ma place&nbsp;: un \u00e9lectron au milieu de l\u2019Univers&nbsp;!<\/p>\n\n\n\n<p>\u25a0<\/p>\n\n\n\n<p>Chaque fois que, pour nous, cela s\u2019est ouvert, comme cela, tout d\u2019un coup beaucoup plus, nous avons vu qu\u2019il y avait \u00ab&nbsp;nous&nbsp;\u00bb, notre conscience,&nbsp;avec notre connaissance, notre pass\u00e9, notre exp\u00e9rience etc\u2026 et au m\u00eame instant, nous avons vu un espace qui nous d\u00e9passait largement\u2026&nbsp;Infiniment&nbsp;!<\/p>\n\n\n\n<p>\u00c9videmment, cela nous a remis, une fois de plus, les pendules \u00e0 l\u2019heure\u2026 Tic-Tac&nbsp;!<\/p>\n\n\n\n<p>Mais l\u00e0, comme \u00e0 chaque fois, nous avons d\u00e9couvert un aspect plus grand de l\u2019Infini que nous ne connaissions pas auparavant\u2026 Mais nous ne venions pas de d\u00e9couvrir \u00ab&nbsp;l\u2019Infini&nbsp;\u00bb&nbsp;dans sa Totalit\u00e9&nbsp;!<\/p>\n\n\n\n<p>\u25cf<\/p>\n\n\n\n<p>Non, bien s\u00fbr&nbsp;! Non, non, non&nbsp;! Je venais alors de sentir un peu ce que je pouvais sentir, plus loin qu\u2019auparavant\u2026<\/p>\n\n\n\n<div style=\"height:67px\" aria-hidden=\"true\" class=\"wp-block-spacer\"><\/div>\n\n\n","protected":false},"excerpt":{"rendered":"<p>Le 7 juin 2021 Deux petits artisans de la Lumi\u00e8re parmi tant d\u2019autres,&nbsp;petit (\u25a0) et petit (\u25cf),&nbsp;communiquent&nbsp;sur bien des sujets qui n\u2019ont peut-\u00eatre pas tant d\u2019importances\u2026 \u2026 Click&nbsp;! Nous commen\u00e7ons l\u2019enregistrement&nbsp;! Compliments et encouragements, c\u2019est tout&nbsp;! \u25cf \u2026 Je l\u2019ai fait toute&nbsp;seule,&nbsp;pour moi\u2026 \u25a0 C\u2019est bien&nbsp;! Comme \u00e7a&nbsp;? \u00c0 l\u2019arrache&nbsp;? \u25cf Je voulais acheter un &hellip; <a href=\"https:\/\/behappy8.org\/?p=838\" class=\"more-link\">Continuer la lecture<span class=\"screen-reader-text\"> de &laquo;&nbsp;Les 8 Entretiens (1\u00e8re Partie\u00a0du\u00a02\u00e8me Entretien)&nbsp;&raquo;<\/span><\/a><\/p>\n","protected":false},"author":1,"featured_media":0,"comment_status":"open","ping_status":"open","sticky":false,"template":"","format":"chat","meta":{"footnotes":""},"categories":[568],"tags":[584,196,363,591,578,579,597,65,577,574,586,583,570,580,345,575,488,587,581,585,594,596,47,320,589,588,370,136,595,601,470,592,590,215,573,576,599,572,571,602,600,582,146,598],"class_list":["post-838","post","type-post","status-publish","format-chat","hentry","category-2eme-entretien","tag-agiter","tag-beaute","tag-cain","tag-cainisme","tag-comparaison","tag-compliments","tag-conjuguer","tag-conscience","tag-critique","tag-dessin","tag-dire","tag-education","tag-encadrement","tag-encouragements","tag-enfants","tag-enseignant","tag-entendre","tag-entretien","tag-formatage","tag-frapper","tag-humilite","tag-individuel","tag-infini","tag-memoires","tag-memoires-dombre","tag-memoires-de-lumiere","tag-naturel","tag-ombre","tag-orgueil","tag-ouverture-de-conscience","tag-paroles","tag-peche-originel","tag-pensees","tag-perte-de-conscience","tag-progres","tag-qualite-naturelle","tag-quotidien-materiel","tag-sensation","tag-tableau","tag-totalite","tag-transcendance","tag-transmission","tag-vie","tag-vie-quotidienne","post_format-post-format-chat"],"_links":{"self":[{"href":"https:\/\/behappy8.org\/index.php?rest_route=\/wp\/v2\/posts\/838","targetHints":{"allow":["GET"]}}],"collection":[{"href":"https:\/\/behappy8.org\/index.php?rest_route=\/wp\/v2\/posts"}],"about":[{"href":"https:\/\/behappy8.org\/index.php?rest_route=\/wp\/v2\/types\/post"}],"author":[{"embeddable":true,"href":"https:\/\/behappy8.org\/index.php?rest_route=\/wp\/v2\/users\/1"}],"replies":[{"embeddable":true,"href":"https:\/\/behappy8.org\/index.php?rest_route=%2Fwp%2Fv2%2Fcomments&post=838"}],"version-history":[{"count":15,"href":"https:\/\/behappy8.org\/index.php?rest_route=\/wp\/v2\/posts\/838\/revisions"}],"predecessor-version":[{"id":1024,"href":"https:\/\/behappy8.org\/index.php?rest_route=\/wp\/v2\/posts\/838\/revisions\/1024"}],"wp:attachment":[{"href":"https:\/\/behappy8.org\/index.php?rest_route=%2Fwp%2Fv2%2Fmedia&parent=838"}],"wp:term":[{"taxonomy":"category","embeddable":true,"href":"https:\/\/behappy8.org\/index.php?rest_route=%2Fwp%2Fv2%2Fcategories&post=838"},{"taxonomy":"post_tag","embeddable":true,"href":"https:\/\/behappy8.org\/index.php?rest_route=%2Fwp%2Fv2%2Ftags&post=838"}],"curies":[{"name":"wp","href":"https:\/\/api.w.org\/{rel}","templated":true}]}}