{"id":998,"date":"2024-06-01T09:53:00","date_gmt":"2024-06-01T07:53:00","guid":{"rendered":"https:\/\/behappy8.org\/?p=998"},"modified":"2025-08-30T10:57:00","modified_gmt":"2025-08-30T08:57:00","slug":"22-peur-vitale","status":"publish","type":"post","link":"https:\/\/behappy8.org\/?p=998","title":{"rendered":"22\u00a0.\u00a0Peur Vitale ? Merci l&rsquo;ego !"},"content":{"rendered":"\n<p class=\"has-text-align-right\"><em>Samedi 1er Juillet 2024<\/em><\/p>\n\n\n\n<div style=\"height:38px\" aria-hidden=\"true\" class=\"wp-block-spacer\"><\/div>\n\n\n\n\n\n\n\n<div style=\"height:66px\" aria-hidden=\"true\" class=\"wp-block-spacer\"><\/div>\n\n\n\n<figure class=\"wp-block-audio\"><audio controls src=\"https:\/\/behappy8.org\/wp-content\/uploads\/2024\/06\/22-\u2022-Peur-Vitale-.m4a\" loop><\/audio><\/figure>\n\n\n\n<div style=\"height:74px\" aria-hidden=\"true\" class=\"wp-block-spacer\"><\/div>\n\n\n\n<p>J&rsquo;aime ma Peur&#8230; Elle est mon amie&#8230; <\/p>\n\n\n\n<p>En effet, ma Peur me permet de garder mon Corps en vie&#8230; Et ainsi de permettre \u00e0 mon \u00c2me de rester incarn\u00e9e&#8230; Et \u00e0 mon \u00catre de pouvoir continuer \u00e0 penser \u00e0 partir d&rsquo;Elle.<\/p>\n\n\n\n<p>Ma Peur me permet, tout simplement, de vivre.<\/p>\n\n\n\n<p>Je veux donc la respecter&#8230; Et mieux, je veux l&rsquo;aimer&nbsp;!<\/p>\n\n\n\n<p>Rien qu&rsquo;aujourd&rsquo;hui, sans ma Peur, je&nbsp;serais&nbsp;mort&nbsp;plusieurs&nbsp;fois&nbsp;!&nbsp;<\/p>\n\n\n\n<p>C&rsquo;est \u00e0 dire que mon Corps, mon \u00c2me et ma Pens\u00e9e se&nbsp;seraient s\u00e9par\u00e9s,&nbsp;si&nbsp;je&nbsp;n&rsquo;avais&nbsp;pas&nbsp;eu&nbsp;une&nbsp;saine&nbsp;Peur&#8230;&nbsp;\u00e0&nbsp;chaque&nbsp;fois.<\/p>\n\n\n\n<p>C&rsquo;est&nbsp;elle&nbsp;qui&nbsp;a&nbsp;fait&nbsp;que&nbsp;j&rsquo;ai,&nbsp;tout&nbsp;le&nbsp;temps,&nbsp;gard\u00e9&nbsp;les&nbsp;yeux&nbsp;ouverts&nbsp;et&nbsp;tenu&nbsp;le&nbsp;volant,&nbsp;sur&nbsp;l&rsquo;autoroute&#8230;&nbsp;C&rsquo;est&nbsp;ma&nbsp;saine&nbsp;Peur&nbsp;de&nbsp;mourir&nbsp;!<\/p>\n\n\n\n<p>Sinon, pourquoi ne pas fermer les yeux  une petite minute et l\u00e2cher le volant, tout en continuant \u00e0 appuyer sur l&rsquo;acc\u00e9l\u00e9rateur&nbsp;?<\/p>\n\n\n\n<p>Bien s\u00fbr, c&rsquo;est parce qu&rsquo;il y a la Peur-Lumi\u00e8re, la&nbsp;Peur&nbsp;Vitale, qui est, fondamentalement, la Peur que&nbsp;tous&nbsp;les&nbsp;\u00catres&nbsp;ont&nbsp;de ralentir l&rsquo;ouverture de leur conscience&nbsp;de&nbsp;la&nbsp;Lumi\u00e8re. Nous pouvons dire aussi que c&rsquo;est la saine Peur de ne pas \u00eatre heureux, la saine Peur de souffrir&#8230;<\/p>\n\n\n\n<p>Mais, depuis le presque d\u00e9but de l&rsquo;humanit\u00e9, les&nbsp;\u00catres&nbsp;humains&nbsp;ont,&nbsp;eux,&nbsp;invent\u00e9 la peur-ombre qui, elle, r\u00e9sulte simplement de la perte de conscience de la Lumi\u00e8re.<\/p>\n\n\n\n<p>Alors, l\u00e0, pour&nbsp;aujourd&rsquo;hui, je m&rsquo;amuse \u00e0 \u00e9crire la Peur-Lumi\u00e8re avec un grand \u00ab\u00a0P\u00a0\u00bb majuscule et la peur-ombre avec un petit \u00ab\u00a0p\u00a0\u00bb minuscule&#8230; C&rsquo;est la convention, que&nbsp;je m&rsquo;amuse \u00e0 mettre en place pour aujourd&rsquo;hui&nbsp;!<\/p>\n\n\n\n<p>Je ne veux pas,&nbsp;en&nbsp;effet, oublier que le jeu de BeHappy que je propose dans ce site \u00ab\u00a0BeHappy8\u00a0\u00bb est un jeu&#8230; C&rsquo;est seulement un jeu&nbsp;! Un jeu-plaisir.<\/p>\n\n\n\n<p>C&rsquo;est un jeu de pens\u00e9e qui consiste, il faut que je me le rappelle de temps en temps&nbsp;\u00e0&nbsp;moi-m\u00eame, \u00e0 penser ce que je suis le plus heureux de penser&#8230; Simplement&nbsp;! C&rsquo;est \u00e0 dire, \u00e0&nbsp;m&rsquo;amuser \u00e0 penser, par simple&nbsp;plaisir&#8230;<\/p>\n\n\n\n<p>Bon&nbsp;! Ceci \u00e9tant dit, alors, pourquoi \u00ab\u00a0Peur Vitale\u00a0\u00bb&nbsp;? Eh bien, c&rsquo;est pour&nbsp;cela&nbsp;: c&rsquo;est&nbsp;parce que, \u00e0 chaque instant de notre vie, cette merveilleuse Peur nous permet de garder notre Corps en vie et en bonne sant\u00e9&#8230;<\/p>\n\n\n\n<p>C&rsquo;est donc notre Peur Vitale.<\/p>\n\n\n\n<p>Cette&nbsp;peur,&nbsp;c&rsquo;est pour que&nbsp;ce&nbsp;Corps puisse, ainsi, rester uni \u00e0 notre \u00c2me et \u00e0 notre Pens\u00e9e&#8230; Et que nous puissions \u00eatre l&rsquo;\u00catre que nous sommes sur cette terre, aujourd&rsquo;hui.<\/p>\n\n\n\n<p>En effet, imaginez-vous sur le balcon d&rsquo;un immeuble&#8230;<\/p>\n\n\n\n<p>Bien ! Dans ce&nbsp;type&nbsp;de situation, c&rsquo;est notre merveilleuse Peur qui nous rend,&nbsp;tous, prudents et sages&nbsp;!<\/p>\n\n\n\n<p>C&rsquo;est Elle qui fait que nous ne sautons pas dans le vide&#8230; C&rsquo;est Elle qui fait que, parfois m\u00eame, nous v\u00e9rifions que la rambarde du balcon est bien solide&#8230; et que nous&nbsp;pouvons, en toute s\u00e9curit\u00e9 nous&nbsp;appuyer dessus pour regarder tranquillement ce qui se passe en bas&#8230; Pour le plaisir de le voir, bien s\u00fbr&nbsp;!<\/p>\n\n\n\n<p>En effet, si nous n&rsquo;avions pas assez d&rsquo;ego, ou trop d&rsquo;ego, et que nous n&rsquo;\u00e9coutions pas notre Amie la Peur et que nous sautions&#8230;&nbsp;Eh bien, quelques secondes plus tard notre \u00c2me quitterait probablement ce Corps qui est le n\u00f4tre actuellement.<\/p>\n\n\n\n<p>Cependant, remarquons que, en g\u00e9n\u00e9ral, si notre ego est harmonieux, notre Peur est proportionnelle \u00e0 la hauteur du balcon.<\/p>\n\n\n\n<p>En effet, au premier \u00e9tage, ma peur est mod\u00e9r\u00e9e parce que le danger est mod\u00e9r\u00e9. Si je saute et que je ne suis pas un expert, la chance est que j&rsquo;abime mon corps effectivement, mais probablement pas que je le tue&#8230;<\/p>\n\n\n\n<p>Mais cependant, peut-\u00eatre que, si sauter \u00e9tait vital&#8230; si, par exemple, l&rsquo;appartement derri\u00e8re moi \u00e9tait en train de bruler violemment. Alors, l\u00e0, probablement que mon amie la Peur diminuerait au point que je sauterais, pour continuer \u00e0 vivre&nbsp;!<\/p>\n\n\n\n<p>Merci ma Peur, qui s&rsquo;adapte parfaitement au besoin de mon Corps et me prot\u00e8ge&nbsp;!<\/p>\n\n\n\n<p>Mais si, par exemple, je suis au 20\u00e8me \u00e9tage&#8230; L\u00e0, ma peur m&rsquo;interdit compl\u00e8tement de sauter, car sinon, sans aucun doute, mon Corps s&rsquo;\u00e9craserait quelque secondes plus tard et mon \u00c2me serait oblig\u00e9e de le quitter.<\/p>\n\n\n\n<p>J&rsquo;ai en effet, en, moi la m\u00e9moires de toutes ces chutes o\u00f9, depuis des millions et des millions d&rsquo;ann\u00e9es, mes Corps sont morts ou bien ont \u00e9t\u00e9 gravement bless\u00e9s, avec toutes les douleurs que cela a entrain\u00e9es.<\/p>\n\n\n\n<p>Alors, enrichie de ses m\u00e9moires&nbsp;de&nbsp;chutes violentes, ma Peur-Lumi\u00e8re permet donc \u00e0 mon Corps, \u00e0 mon \u00c2me et \u00e0 ma Pens\u00e9e de rester unis pour pouvoir continuer l&rsquo;expansion naturelle de la conscience de la Lumi\u00e8re de l&rsquo;\u00catre que je suis.<\/p>\n\n\n\n<p>Merci ma Peur&nbsp;! Car sans Elle, mon \u00c2me retournerait de suite \u00e0 la Lumi\u00e8re, bien plus t\u00f4t que n\u00e9cessaire, puis serait oblig\u00e9e de se r\u00e9incarner, dans un autre Corps pour pouvoir continuer l&rsquo;\u00e9volution de la conscience de l&rsquo;\u00catre que je suis.<\/p>\n\n\n\n<p>Ce nouveau Corps serait, certainement, aussi performant que celui que j&rsquo;ai aujourd&rsquo;hui, peut-\u00eatre m\u00eame plus performant, mais je serais \u00e0 nouveau un b\u00e9b\u00e9, alors que le&nbsp;corps que j&rsquo;ai aujourd&rsquo;hui fonctionne parfaitement bien pour permettre, tout de suite, l&rsquo;ouverture de la conscience de l&rsquo;\u00catre que je suis&#8230;<\/p>\n\n\n\n<p>Cela me ferait tout simplement prendre un retard dans l&rsquo;\u00e9volution de ma conscience.<\/p>\n\n\n\n<p>Et, l\u00e0, n&rsquo;oublions pas que, depuis toujours, le but de nos existences, c&rsquo;est la Joie, c&rsquo;est \u00e0 dire l&rsquo;ouverture de notre conscience \u00e0 la Lumi\u00e8re&#8230;<\/p>\n\n\n\n<p>Et cette Joie que nous pouvons vivre tout de suite, dans \u00ab\u00a0ce\u00a0\u00bb Corps, pourquoi la remettre \u00e0 plus tard, dans un autre Corps&nbsp;?<\/p>\n\n\n\n<p>Un Corps, c&rsquo;est un investissement important. Et notre amie la Peur est charg\u00e9e, parmi de nombreuses autres belles choses, de prot\u00e9ger cet investissement, n\u00e9cessaire pour l&rsquo;expansion de notre conscience&nbsp;!<\/p>\n\n\n\n<p>Oui&nbsp;! Parce que pour que la conscience de l&rsquo;\u00catre que nous sommes continue sa croissance naturelle, originelle, il est n\u00e9cessaire d&rsquo;\u00eatre, au m\u00eame instant, cet instant, une \u00c2me, un Corps et une Pens\u00e9e unis par un ego harmonieux.<\/p>\n\n\n\n<div style=\"height:41px\" aria-hidden=\"true\" class=\"wp-block-spacer\"><\/div>\n\n\n\n<p>Mais, l\u00e0, nous pouvons nous demander ce qu&rsquo;est un \u00ab\u00a0ego harmonieux\u00a0\u00bb.<\/p>\n\n\n\n<p>Eh bien, souvent, j&rsquo;imagine mon ego comme une sorte de \u00ab\u00a0colle\u00a0\u00bb, une sorte de colle qui maintient ensemble mon \u00c2me, mon Corps et ma Pens\u00e9e pour que je sois l&rsquo;\u00catre incarn\u00e9 que je suis \u00e0 cet instant et qui peut ainsi ouvrir, en permanence, sa conscience.<\/p>\n\n\n\n<p>La juste quantit\u00e9 de colle de mon ego me permet \u00ab\u00a0d&rsquo;exister\u00a0\u00bb, tout simplement, harmonieusement&#8230; c&rsquo;est \u00e0 dire d&rsquo;\u00eatre \u00ab\u00a0l&rsquo;\u00catre\u00a0\u00bb de plus en plus heureux que je suis \u00e0 cet instant&#8230; tout naturellement.<\/p>\n\n\n\n<p>En effet, l\u00e0, gr\u00e2ce \u00e0 mon ego harmonieux, gr\u00e2ce \u00e0 la quantit\u00e9 de colle juste n\u00e9cessaire, je n&#8217;empi\u00e8te jamais sur le Corps des autres \u00catres, ni sur leurs Pens\u00e9es, ni sur leurs \u00c2mes.<\/p>\n\n\n\n<p>J&rsquo;existe, heureux et les autres existent, heureux&#8230; s&rsquo;ils le veulent. <\/p>\n\n\n\n<p>En tous cas, je les respecte dans leur libre conscience, lorsqu&rsquo;ils en ont une, comme c&rsquo;est le cas de tous les \u00catres humains&#8230; et dans leur simple conscience, lorsqu&rsquo;ils n&rsquo;ont pas encore de libre conscience, comme c&rsquo;est le cas de tous les autres \u00catres sur cette terre.<\/p>\n\n\n\n<p>Mais, s&rsquo;il y a trop de colle, c&rsquo;est \u00e0 dire si mon ego est trop important&nbsp;? Alors, l\u00e0, cette colle, elle d\u00e9borde de mon \u00catre et je colle tous les autres \u00catres : je consid\u00e8re alors qu&rsquo;ils m&rsquo;appartiennent, et que je suis leur propri\u00e9taire&#8230;<\/p>\n\n\n\n<p>Dans ce type de situation ombreuse, trop fr\u00e9quente actuellement, je vis comme si leurs Corps \u00e9taient \u00e0 moi, comme si leurs Pens\u00e9es m&rsquo;appartenaient, comme si leurs \u00c2mes m&rsquo;appartenaient..<\/p>\n\n\n\n<p>J&rsquo;englue alors tous les aspects de tous les \u00catres autour de moi&#8230;<\/p>\n\n\n\n<p>Eh oui&nbsp;! Tous les \u00catres humains qui ont des egos d\u00e9s\u00e9quilibr\u00e9s, c&rsquo;est \u00e0 dire qui collent trop tout ce qui existe, nous pouvons observer facilement qu&rsquo;ils engluent tous les \u00catres de notre terre, que ce soit les \u00catres min\u00e9raux, bien s\u00fbr, mais \u00e9galement les \u00catres v\u00e9g\u00e9taux, les \u00catres animaux et aussi les \u00catres humains&#8230; Ils vivent, vraiment, comme s&rsquo;ils \u00e9taient les propri\u00e9taires exclusifs de la terre et de tous les \u00catres qui la constituent&nbsp;!<\/p>\n\n\n\n<p>Trop de colle, trop d&rsquo;ego, c&rsquo;est beaucoup de souffrance, pour eux-m\u00eames bien s\u00fbr, mais c&rsquo;est \u00e9galement beaucoup de probl\u00e8mes \u00e0 r\u00e9soudre pour tous les autres \u00catres qui les entourent et qui se laissent, trop souvent actuellement encore, engluer.<\/p>\n\n\n\n<p>\u00c9videmment, ayant une conscience, mais pas encore une libre conscience, les \u00catres min\u00e9raux, les \u00catres v\u00e9g\u00e9taux et les \u00catres animaux ne peuvent pas \u00e9chapper \u00e0 ces \u00e9gos d\u00e9mesur\u00e9s qui collent tout sur leur passage&#8230; Et c&rsquo;est l\u00e0, depuis toujours, la seule cause de tout les probl\u00e8mes \u00e9cologiques&nbsp;!<\/p>\n\n\n\n<p>Mais, ces egos malades, malheureux qu&rsquo;ils sont, tentent, sans en avoir conscience, d&rsquo;engluer \u00e9galement tous les \u00cates humains&#8230; Et, comme trop souvent encore, ils r\u00e9ussissent,&nbsp;c&rsquo;est l\u00e0 la seule cause de tous les probl\u00e8mes sociologiques.<\/p>\n\n\n\n<p>Je dis, \u00ab\u00a0sans en avoir conscience\u00a0\u00bb, parce que, bien s\u00fbr, lorsqu&rsquo;ils reprendront le rythme naturel d&rsquo;ouverture de leur conscience, leurs egos reviendront vers leurs \u00e9quilibres naturels&#8230; Et alors, ces \u00catres ne pourront s&#8217;emp\u00eacher d&rsquo;\u00eatre attentifs \u00e0 ne plus coller \u00ab\u00a0que\u00a0\u00bb ce qu&rsquo;ils doivent coller&#8230; c&rsquo;est dire leur Corps, leur \u00c2me et leur Pens\u00e9e&#8230; Et cela dans leur int\u00e9r\u00eat et dans celui de tous les autres \u00catres&#8230;<\/p>\n\n\n\n<p>C&rsquo;est \u00e0 dire que leurs egos r\u00e9uniront harmonieusement leurs propres \u00c2mes, leurs propres Corps et leurs propres Pens\u00e9es&#8230; Et ils ne colleront plus rien d&rsquo;autre !<\/p>\n\n\n\n<p>Eh oui&nbsp;! C&rsquo;est la conscience qui fait toute la diff\u00e9rence&nbsp;!<\/p>\n\n\n\n<p>Et depuis toujours, la conscience de tous les \u00catres qui existent, s&rsquo;ouvre de plus en plus&#8230; Et de plus en plus vite \u00e9galement ! <\/p>\n\n\n\n<p>Cela se manifeste pas la Joie que beaucoup ressentent de plus en plus&#8230; Et aussi par une saine Peur Vitale qui permet \u00e0 leur Corps de vivre et donc \u00e0 leur \u00c2me d&rsquo;\u00e9voluer sainement, avec une Pens\u00e9e harmonieuse.<\/p>\n\n\n\n<p>Je choisis donc d&rsquo;\u00eatre de plus en plus heureux, en pensant toujours mieux ce que je suis le plus heureux de penser&#8230; Et je souhaite \u00e0 chacun d&rsquo;oser faire de m\u00eame, ou m\u00eame de le faire mieux encore que moi&#8230;<\/p>\n\n\n\n<p>Ceci pour vivre le plus efficacement possible la crise d&rsquo;ouverture des consciences que nous abordons&#8230; <\/p>\n\n\n\n<p>Une crise de gu\u00e9rison des \u00e9gos&nbsp;?<\/p>\n\n\n\n<p>Penser, c&rsquo;est voter.<\/p>\n\n\n\n<p>Courage&nbsp;!&nbsp;Ayons&nbsp;Peur&nbsp;!&nbsp;<\/p>\n\n\n\n<p>Votons pour le Paradis.<\/p>\n\n\n\n<div style=\"height:48px\" aria-hidden=\"true\" class=\"wp-block-spacer\"><\/div>\n\n\n\n\n","protected":false},"excerpt":{"rendered":"<p>Samedi 1er Juillet 2024 J&rsquo;aime ma Peur&#8230; Elle est mon amie&#8230; En effet, ma Peur me permet de garder mon Corps en vie&#8230; Et ainsi de permettre \u00e0 mon \u00c2me de rester incarn\u00e9e&#8230; Et \u00e0 mon \u00catre de pouvoir continuer \u00e0 penser \u00e0 partir d&rsquo;Elle. Ma Peur me permet, tout simplement, de vivre. Je veux &hellip; <a href=\"https:\/\/behappy8.org\/?p=998\" class=\"more-link\">Continuer la lecture<span class=\"screen-reader-text\"> de &laquo;&nbsp;22\u00a0.\u00a0Peur Vitale ? Merci l&rsquo;ego !&nbsp;&raquo;<\/span><\/a><\/p>\n","protected":false},"author":1,"featured_media":0,"comment_status":"open","ping_status":"open","sticky":false,"template":"","format":"chat","meta":{"footnotes":""},"categories":[95],"tags":[170,712,38,99,719,65,710,169,729,724,720,721,723,722,726,705,728,718,31,711,52,706,8,708,163,320,716,413,303,136,730,66,302,707,703,702,714,228,717,704,715,725,709,713,727],"class_list":["post-998","post","type-post","status-publish","format-chat","hentry","category-blog","tag-ame","tag-balcon","tag-behappy","tag-behappy8","tag-colle","tag-conscience","tag-convention","tag-corps","tag-crise-de-guerison","tag-ecologie","tag-ego","tag-egos","tag-egos-desequilibres","tag-engluer","tag-equilibre-naturel","tag-fermer-les-yeux","tag-guerison","tag-investissement","tag-jeu","tag-jeu-plaisir","tag-joie","tag-lacher-le-volant","tag-libre-arbitre","tag-libre-conscience","tag-lumiere","tag-memoires","tag-merci","tag-mort","tag-mourir","tag-ombre","tag-oser","tag-pensee","tag-peur","tag-peur-lumiere","tag-peur-amicale","tag-peur-vitale","tag-rambarde","tag-reincarnation","tag-retard","tag-saine-peur","tag-sauter","tag-sociologie","tag-souffrir","tag-vide","tag-vote","post_format-post-format-chat"],"_links":{"self":[{"href":"https:\/\/behappy8.org\/index.php?rest_route=\/wp\/v2\/posts\/998","targetHints":{"allow":["GET"]}}],"collection":[{"href":"https:\/\/behappy8.org\/index.php?rest_route=\/wp\/v2\/posts"}],"about":[{"href":"https:\/\/behappy8.org\/index.php?rest_route=\/wp\/v2\/types\/post"}],"author":[{"embeddable":true,"href":"https:\/\/behappy8.org\/index.php?rest_route=\/wp\/v2\/users\/1"}],"replies":[{"embeddable":true,"href":"https:\/\/behappy8.org\/index.php?rest_route=%2Fwp%2Fv2%2Fcomments&post=998"}],"version-history":[{"count":31,"href":"https:\/\/behappy8.org\/index.php?rest_route=\/wp\/v2\/posts\/998\/revisions"}],"predecessor-version":[{"id":2609,"href":"https:\/\/behappy8.org\/index.php?rest_route=\/wp\/v2\/posts\/998\/revisions\/2609"}],"wp:attachment":[{"href":"https:\/\/behappy8.org\/index.php?rest_route=%2Fwp%2Fv2%2Fmedia&parent=998"}],"wp:term":[{"taxonomy":"category","embeddable":true,"href":"https:\/\/behappy8.org\/index.php?rest_route=%2Fwp%2Fv2%2Fcategories&post=998"},{"taxonomy":"post_tag","embeddable":true,"href":"https:\/\/behappy8.org\/index.php?rest_route=%2Fwp%2Fv2%2Ftags&post=998"}],"curies":[{"name":"wp","href":"https:\/\/api.w.org\/{rel}","templated":true}]}}